{"id":375,"date":"2012-09-20T09:17:51","date_gmt":"2012-09-20T09:17:51","guid":{"rendered":"http:\/\/blogs.lasprovincias.es\/elsindromededarrin\/?p=375"},"modified":"2012-09-20T09:17:51","modified_gmt":"2012-09-20T09:17:51","slug":"anne-igartiburu-y-otros-presentadores-oxidados","status":"publish","type":"post","link":"https:\/\/blogs.lasprovincias.es\/elsindromededarrin\/2012\/09\/20\/anne-igartiburu-y-otros-presentadores-oxidados\/","title":{"rendered":"Anne Igartiburu y otros presentadores oxidados"},"content":{"rendered":"<p style=\"text-align: right;\"><strong><span style=\"font-size: small;\">&#8220;Hasta ma\u00f1ana corazones&#8221;<\/span><\/strong><\/p>\n<p style=\"text-align: right;\"><span style=\"font-size: small;\">Anne Igartiburu<\/span><\/p>\n<p>&nbsp;<\/p>\n<p><span style=\"font-size: medium;\"><a href=\"\/elsindromededarrin\/wp-content\/uploads\/sites\/21\/2012\/09\/32581_anne-igartiburu-presentadora-mas-gente.jpg\"><img loading=\"lazy\" class=\"alignleft  wp-image-376\" title=\"32581_anne-igartiburu-presentadora-mas-gente\" src=\"\/elsindromededarrin\/wp-content\/uploads\/sites\/21\/2012\/09\/32581_anne-igartiburu-presentadora-mas-gente.jpg\" alt=\"\" width=\"274\" height=\"411\" srcset=\"https:\/\/static-blogs.lasprovincias.es\/wp-content\/uploads\/sites\/21\/2012\/09\/32581_anne-igartiburu-presentadora-mas-gente.jpg 882w, https:\/\/static-blogs.lasprovincias.es\/wp-content\/uploads\/sites\/21\/2012\/09\/32581_anne-igartiburu-presentadora-mas-gente-200x300.jpg 200w, https:\/\/static-blogs.lasprovincias.es\/wp-content\/uploads\/sites\/21\/2012\/09\/32581_anne-igartiburu-presentadora-mas-gente-768x1152.jpg 768w, https:\/\/static-blogs.lasprovincias.es\/wp-content\/uploads\/sites\/21\/2012\/09\/32581_anne-igartiburu-presentadora-mas-gente-683x1024.jpg 683w\" sizes=\"(max-width: 274px) 100vw, 274px\" \/><\/a>Va a ser verdad que <strong>Anne Igartiburu<\/strong> est\u00e1 oxidada, porque la audiencia de su nuevo programa no despega. Igual no estaba desencaminada Maril\u00f3 Montero cuando le pregunt\u00f3 (con muy mala baba) si no se sent\u00eda enmohecida tras 15 a\u00f1os pasando a v\u00eddeos en \u2018Coraz\u00f3n, coraz\u00f3n\u2019. El caso es que el \u2018+Gente\u2019 de Anne en sus primeros d\u00edas apenas supera el 5% de <em>share<\/em>.<\/span><\/p>\n<p><span style=\"font-size: medium;\">Ni siquiera el lunes, con el morbo a\u00f1adido de la visita de Maril\u00f3 a su plat\u00f3 consigui\u00f3 llegar a ese raqu\u00edtico 5. Y es que d\u00f3nde se ha visto un reencuentro m\u00e1s soso. La presentadora de las ma\u00f1anas apareci\u00f3 por all\u00ed como un corderito (estirado, pero corderito) y la de las tardes se plant\u00f3 una sonrisa tan forzada que no hab\u00eda quien se la creyese. Incluso se atrevi\u00f3 a imitar a Mourinho en plan Chiquito. Tranquila Mar\u00eda Teresa, el trono de las <a href=\"https:\/\/blogs.lasprovincias.es\/elsindromededarrin\/2012\/06\/25\/los-conflictos-de-maria-teresa-campos\/\" target=\"_blank\">peleas cat\u00f3dicas<\/a> lo sigues ocupando t\u00fa.<\/span><\/p>\n<p>&nbsp;<\/p>\n<p><span style=\"font-size: medium;\">El caso es que el nuevo espacio vespertino de La 1 no despunta. Le gana por goleada \u2018S\u00e1lvame\u2019, que ha empezado septiembre fuerte rozando un 18% de media en cuota de pantalla.<\/span><\/p>\n<p><span style=\"font-size: medium;\"><strong>Maril\u00f3<\/strong>\u00a0tampoco es que est\u00e9 como para dar botes de alegr\u00eda con sus audiencias. En sus dos primeras semanas ha logrado un 7% de audiencia frente al 16,5 de Ana Rosa y el 15,5 de Susana Griso. Aunque es cierto que la tendencia del magac\u00edn matinal de la tele p\u00fablica es al alza. Comenz\u00f3 con un 6,3 y el lunes llegaba al 10.<\/span><\/p>\n<p>&nbsp;<\/p>\n<p><span style=\"font-size: medium;\"><a href=\"\/elsindromededarrin\/wp-content\/uploads\/sites\/21\/2012\/09\/11315_marta-fernandez.jpg\"><img loading=\"lazy\" class=\"alignleft size-medium wp-image-377\" title=\"11315_marta-fernandez\" src=\"\/elsindromededarrin\/wp-content\/uploads\/sites\/21\/2012\/09\/11315_marta-fernandez.jpg\" alt=\"\" width=\"252\" height=\"300\" srcset=\"https:\/\/static-blogs.lasprovincias.es\/wp-content\/uploads\/sites\/21\/2012\/09\/11315_marta-fernandez.jpg 837w, https:\/\/static-blogs.lasprovincias.es\/wp-content\/uploads\/sites\/21\/2012\/09\/11315_marta-fernandez-252x300.jpg 252w, https:\/\/static-blogs.lasprovincias.es\/wp-content\/uploads\/sites\/21\/2012\/09\/11315_marta-fernandez-768x914.jpg 768w\" sizes=\"(max-width: 252px) 100vw, 252px\" \/><\/a>Otra que parece oxidada en las ma\u00f1anas es <strong>Marta Fern\u00e1ndez<\/strong>. Su programa de debate en Cuatro se ha quedado estancado. Ferreras en La Sexta con &#8216;Al rojo vivo&#8217; se est\u00e1 llevando todo el pastel de las tertulias. La primera ha conseguido un 5% de \u2018share\u2019 en el arranque de temporada y el segundo ya alcanza el 8.<\/span><\/p>\n<p><span style=\"font-size: medium;\">Tampoco <strong>Mar\u00eda Casado<\/strong> ha heredado los datos que consegu\u00eda Ana Pastor en \u2018Los desayunos\u2019. El programa de debate de TVE cerr\u00f3 el curso pasado con un 16,5 de media. En su regreso no roza ni el 13. Pero Casado no se tiene por qu\u00e9 desanimar, ya que su antecesora tambi\u00e9n comenz\u00f3 en 2011 con datos bajos y fue remontando poco a poco.<\/span><\/p>\n<p>&nbsp;<\/p>\n<p><span style=\"font-size: medium;\">Los informativos del ente p\u00fablico no atraviesan de todos modos su mejor momento. <\/span><\/p>\n<p><span style=\"font-size: medium;\">El cambio de caras no ha sentado bien a<a href=\"\/elsindromededarrin\/wp-content\/uploads\/sites\/21\/2012\/09\/32576_marta-jaumandreu-presentadora-telediario-2.jpg\"><img loading=\"lazy\" class=\"size-medium wp-image-378 alignright\" title=\"32576_marta-jaumandreu-presentadora-telediario-2\" src=\"\/elsindromededarrin\/wp-content\/uploads\/sites\/21\/2012\/09\/32576_marta-jaumandreu-presentadora-telediario-2.jpg\" alt=\"\" width=\"223\" height=\"300\" srcset=\"https:\/\/static-blogs.lasprovincias.es\/wp-content\/uploads\/sites\/21\/2012\/09\/32576_marta-jaumandreu-presentadora-telediario-2.jpg 882w, https:\/\/static-blogs.lasprovincias.es\/wp-content\/uploads\/sites\/21\/2012\/09\/32576_marta-jaumandreu-presentadora-telediario-2-223x300.jpg 223w, https:\/\/static-blogs.lasprovincias.es\/wp-content\/uploads\/sites\/21\/2012\/09\/32576_marta-jaumandreu-presentadora-telediario-2-768x1032.jpg 768w, https:\/\/static-blogs.lasprovincias.es\/wp-content\/uploads\/sites\/21\/2012\/09\/32576_marta-jaumandreu-presentadora-telediario-2-762x1024.jpg 762w\" sizes=\"(max-width: 223px) 100vw, 223px\" \/><\/a> los Telediarios, mientras Ana Blanco permanece imbatible al mediod\u00eda (pese a que en septiembre ha perdido 243.000 espectadores con respecto a junio), <strong>Marta Jaumandreu<\/strong> no ha conseguido conectar con la audiencia. El Telediario 2, tradicionalmente el m\u00e1s visto de la peque\u00f1a pantalla, atraviesa horas bajas y ha empezado la temporada sin llegar ni siquiera al 14% de cuota de pantalla. Esta situaci\u00f3n la est\u00e1 aprovechando muy bien Pedro Piqueras, que supera a sus competidores pr\u00e1cticamente todos los d\u00edas. Apocal\u00edptico, dantesco, impresionante\u2026 que dir\u00eda Piqueras para dar paso a una de sus noticias y que no podamos despegar el ojo de la pantalla.<\/span><\/p>\n<p>&nbsp;<\/p>\n<p>&nbsp;<\/p>\n<p><span style=\"font-size: medium;\"><a href=\"\/elsindromededarrin\/wp-content\/uploads\/sites\/21\/2012\/09\/30732_carlos-sobera-plato-avanti.jpg\"><img loading=\"lazy\" class=\"alignleft  wp-image-379\" title=\"30732_carlos-sobera-plato-avanti\" src=\"\/elsindromededarrin\/wp-content\/uploads\/sites\/21\/2012\/09\/30732_carlos-sobera-plato-avanti.jpg\" alt=\"\" width=\"240\" height=\"234\" srcset=\"https:\/\/static-blogs.lasprovincias.es\/wp-content\/uploads\/sites\/21\/2012\/09\/30732_carlos-sobera-plato-avanti.jpg 738w, https:\/\/static-blogs.lasprovincias.es\/wp-content\/uploads\/sites\/21\/2012\/09\/30732_carlos-sobera-plato-avanti-300x294.jpg 300w\" sizes=\"(max-width: 240px) 100vw, 240px\" \/><\/a>No s\u00f3lo ellas se oxidan en este comienzo de curso. <strong>Carlos Sobera<\/strong> se ha quedado definitivamente atrapado entre tanto mill\u00f3n. El concurso de la tarde de Antena 3 no logra, con un 12%, atrapar al &#8216;Pasapalabra&#8217; de Telecinco, que se lleva el rosco de las tardes (15%). Por si esto fuera poco, su programa de los viernes, \u2018Avanti\u2019, se despidi\u00f3 hace dos semanas por la puerta de atr\u00e1s con 5,9% de <em>share<\/em> en su \u00faltima emisi\u00f3n. Esta semana llega Paula V\u00e1zquez con los buenos prop\u00f3sitos de &#8216;Te lo mereces&#8217; a intentar ganar terreno a la jaur\u00eda &#8216;Deluxe&#8217;.<\/span><\/p>\n<p>&nbsp;<\/p>\n<p>&nbsp;<\/p>\n<p><span style=\"font-size: medium;\">Con mejor tino han regresado otros rostros populares de la peque\u00f1a pantalla. Jordi Evole bati\u00f3 su r\u00e9cord el pasado domingo con un 15% para su primer \u2018Salvados\u2019 del curso. Pablo Motos y sus hormigas tambi\u00e9n contin\u00faan en forma. El lunes, con la visita de Ana Pastor (en su tour televisivo preCNN), obtuvo su segunda mejor cuota de la nueva temporada, un 14.1% y 2.655.000 espectadores. Jes\u00fas V\u00e1zquez arras\u00f3 con un 30% en su regreso a Telecinco con &#8216;La Voz&#8217;.<\/span><\/p>\n<p><span style=\"font-size: medium;\">Ha comenzado un curso duro en el que las estrellas de la tele deber\u00e1n esforzarse para ir superando los ex\u00e1menes de la audiencia y no quedarse oxidados. Que nunca se sabe, que lo mismo los coge por banda Maril\u00f3 en una entrevista y los pone firmes. Mira que da miedo. Yo en la pol\u00e9mica entrevista con Anne Igartiburu estaba temblando, pensando que en cualquier momento iba a preguntarle a Anne por todos los bulos y leyendas que sobre ella circulan por internet. Y no es plan, claro.<\/span><\/p>\n<p>&nbsp;<\/p>\n<p><em>T\u00edtulos de cr\u00e9dito: Para quejas, sugerencias y otras necesidades humanas mi correo es mlabastida@lasprovincias.es<\/em><\/p>\n<p>&nbsp;<\/p>\n<!-- AddThis Advanced Settings generic via filter on the_content --><!-- AddThis Share Buttons generic via filter on the_content -->","protected":false},"excerpt":{"rendered":"<p>&#8220;Hasta ma\u00f1ana corazones&#8221; Anne Igartiburu &nbsp; Va a ser verdad que Anne Igartiburu est\u00e1 oxidada, porque la audiencia de su nuevo programa no despega. Igual no estaba desencaminada Maril\u00f3 Montero cuando le pregunt\u00f3 (con muy mala baba) si no se sent\u00eda enmohecida tras 15 a\u00f1os pasando a v\u00eddeos en \u2018Coraz\u00f3n, coraz\u00f3n\u2019. El caso es que [&hellip;]<!-- AddThis Advanced Settings generic via filter on get_the_excerpt --><!-- AddThis Share Buttons generic via filter on get_the_excerpt --><\/p>\n","protected":false},"author":29,"featured_media":0,"comment_status":"open","ping_status":"closed","sticky":false,"template":"","format":"standard","meta":[],"categories":[2],"tags":[46,51,140,495,500,639,786],"_links":{"self":[{"href":"https:\/\/blogs.lasprovincias.es\/elsindromededarrin\/wp-json\/wp\/v2\/posts\/375"}],"collection":[{"href":"https:\/\/blogs.lasprovincias.es\/elsindromededarrin\/wp-json\/wp\/v2\/posts"}],"about":[{"href":"https:\/\/blogs.lasprovincias.es\/elsindromededarrin\/wp-json\/wp\/v2\/types\/post"}],"author":[{"embeddable":true,"href":"https:\/\/blogs.lasprovincias.es\/elsindromededarrin\/wp-json\/wp\/v2\/users\/29"}],"replies":[{"embeddable":true,"href":"https:\/\/blogs.lasprovincias.es\/elsindromededarrin\/wp-json\/wp\/v2\/comments?post=375"}],"version-history":[{"count":0,"href":"https:\/\/blogs.lasprovincias.es\/elsindromededarrin\/wp-json\/wp\/v2\/posts\/375\/revisions"}],"wp:attachment":[{"href":"https:\/\/blogs.lasprovincias.es\/elsindromededarrin\/wp-json\/wp\/v2\/media?parent=375"}],"wp:term":[{"taxonomy":"category","embeddable":true,"href":"https:\/\/blogs.lasprovincias.es\/elsindromededarrin\/wp-json\/wp\/v2\/categories?post=375"},{"taxonomy":"post_tag","embeddable":true,"href":"https:\/\/blogs.lasprovincias.es\/elsindromededarrin\/wp-json\/wp\/v2\/tags?post=375"}],"curies":[{"name":"wp","href":"https:\/\/api.w.org\/{rel}","templated":true}]}}