{"id":380,"date":"2012-09-25T00:14:47","date_gmt":"2012-09-25T00:14:47","guid":{"rendered":"http:\/\/blogs.lasprovincias.es\/elsindromededarrin\/?p=380"},"modified":"2012-09-25T00:14:47","modified_gmt":"2012-09-25T00:14:47","slug":"quien-quiere-casarse-con-esto-que-me-ha-tocado-por-hijo","status":"publish","type":"post","link":"https:\/\/blogs.lasprovincias.es\/elsindromededarrin\/2012\/09\/25\/quien-quiere-casarse-con-esto-que-me-ha-tocado-por-hijo\/","title":{"rendered":"\u00bfQui\u00e9n quiere casarse con esto que me ha tocado por hijo?"},"content":{"rendered":"<p>&nbsp;<\/p>\n<p style=\"text-align: center;\"><a href=\"\/elsindromededarrin\/wp-content\/uploads\/sites\/21\/2012\/09\/33065_principe-ojos-madre-gabriel.jpg\"><img loading=\"lazy\" class=\" wp-image-382 aligncenter\" title=\"33065_principe-ojos-madre-gabriel\" src=\"\/elsindromededarrin\/wp-content\/uploads\/sites\/21\/2012\/09\/33065_principe-ojos-madre-gabriel.jpg\" alt=\"\" width=\"559\" height=\"275\" srcset=\"https:\/\/static-blogs.lasprovincias.es\/wp-content\/uploads\/sites\/21\/2012\/09\/33065_principe-ojos-madre-gabriel.jpg 931w, https:\/\/static-blogs.lasprovincias.es\/wp-content\/uploads\/sites\/21\/2012\/09\/33065_principe-ojos-madre-gabriel-300x148.jpg 300w, https:\/\/static-blogs.lasprovincias.es\/wp-content\/uploads\/sites\/21\/2012\/09\/33065_principe-ojos-madre-gabriel-768x378.jpg 768w\" sizes=\"(max-width: 559px) 100vw, 559px\" \/><\/a><\/p>\n<p><span style=\"font-size: medium;\">Perm\u00edtanme que comience este post con algunas citas:<\/span><\/p>\n<p><span style=\"font-size: medium;\"><strong>\u201cA las chavalas hay que verlas reci\u00e9n levantadas, te acuestas creyendo que es un Bar\u00e7a y luego por la ma\u00f1ana descubres que es un Logro\u00f1\u00e9s\u201d <\/strong>(Isidoro)<\/span><\/p>\n<p><span style=\"font-size: medium;\"><strong>\u201cLas lagartas las cojo por el pelo y las mo\u00f1eo\u201d <\/strong>(Isabel)<\/span><\/p>\n<p><span style=\"font-size: medium;\"><strong>\u201cEstoy a dos velas, abro las piernas y me salen murci\u00e9lagos\u201d <\/strong>(Johana)<\/span><\/p>\n<p>&nbsp;<\/p>\n<p><span style=\"font-size: medium;\"><a href=\"\/elsindromededarrin\/wp-content\/uploads\/sites\/21\/2012\/09\/33075_foto-promocional-pedrino-quien-quiere-casarse-con-mi-hijo.jpg\"><img loading=\"lazy\" class=\"alignleft size-medium wp-image-383\" title=\"\u00c2\u00a9 Roberto Garver\" src=\"\/elsindromededarrin\/wp-content\/uploads\/sites\/21\/2012\/09\/33075_foto-promocional-pedrino-quien-quiere-casarse-con-mi-hijo.jpg\" alt=\"\" width=\"236\" height=\"300\" srcset=\"https:\/\/static-blogs.lasprovincias.es\/wp-content\/uploads\/sites\/21\/2012\/09\/33075_foto-promocional-pedrino-quien-quiere-casarse-con-mi-hijo.jpg 882w, https:\/\/static-blogs.lasprovincias.es\/wp-content\/uploads\/sites\/21\/2012\/09\/33075_foto-promocional-pedrino-quien-quiere-casarse-con-mi-hijo-236x300.jpg 236w, https:\/\/static-blogs.lasprovincias.es\/wp-content\/uploads\/sites\/21\/2012\/09\/33075_foto-promocional-pedrino-quien-quiere-casarse-con-mi-hijo-768x976.jpg 768w, https:\/\/static-blogs.lasprovincias.es\/wp-content\/uploads\/sites\/21\/2012\/09\/33075_foto-promocional-pedrino-quien-quiere-casarse-con-mi-hijo-806x1024.jpg 806w\" sizes=\"(max-width: 236px) 100vw, 236px\" \/><\/a>Ustedes se preguntar\u00e1n de d\u00f3nde he sacado yo semejantes frases. \u00bfDe alg\u00fan libro de Douglas Coupland o de Jaime Bayly? No, nada que ver. \u00bfDe alguna pel\u00edcula de John Waters protagonizada por Divine? Ya le hubiese gustado, pero no es el caso. Las sentencias pertenecen a \u2018<a href=\"http:\/\/www.cuatro.com\/quien-quiere-casarse-con-mi-hijo\/\" target=\"_blank\" rel=\"external nofollow\">\u00bfQui\u00e9n quiere casarse con mi hijo?<\/a>\u2019 (en adelante QQCCMH). \u00bfNo sabe lo que es? No le creo. Si de verdad, no lo sabe, no sabe lo que se pierde.<\/span><\/p>\n<p><span style=\"font-size: medium;\">\u2018QQCCMH\u2019 es uno de esos programas que ha parido la televisi\u00f3n para que el ser humano se reconcilie con s\u00ed mismo, se regodee de la dicha que tiene por ser como es, y se muestre plet\u00f3rico porque hay espec\u00edmenes peores que uno mismo, aunque parezca dif\u00edcil.<\/span><\/p>\n<p>&nbsp;<\/p>\n<p><span style=\"font-size: medium;\">Dentro del g\u00e9nero de la ficci\u00f3n hay un apartado del que me considero fan absoluto, el de la realidad ficcionada, que ha engendrado espacios tan sobresalientes como \u2018<a href=\"http:\/\/www.mtv.es\/programas\/destacados\/alaska-y-mario\/\" target=\"_blank\" rel=\"external nofollow\">Alaska y Mario<\/a>\u2019, \u2018<a href=\"http:\/\/www.lasexta.com\/sextatv\/princesasdebarrio\" target=\"_blank\" rel=\"external nofollow\">Princesas de barrio<\/a>\u2019 o \u2018<a href=\"http:\/\/www.lasexta.com\/sextatv\/mujeresricas\" target=\"_blank\" rel=\"external nofollow\">Mujeres ricas<\/a>\u2019 (cuant\u00edsimo echo de menos los pensamientos de Mar Segura: \u201cel arte me persigue\u201d, \u201ctiene que haber una sinfon\u00eda entre el artista y t\u00fa\u201d).<\/span><\/p>\n<p><span style=\"font-size: medium;\">Para los que nos quedamos hu\u00e9rfanos de todos aquellos ya est\u00e1 aqu\u00ed la segunda edici\u00f3n de \u2018QQCCMH\u2019, que Cuatro emite todos los jueves. El curso pasado ya lograron ser un fen\u00f3meno de masas gracias, en parte, al seguimiento y comentarios por twitter, bajo el hastag #tr\u00f3spidos, tan bien inventado por el blogger <a href=\"http:\/\/elhematocritico.blogspot.com.es\/\" target=\"_blank\" rel=\"external nofollow\">Hematocr\u00edtico<\/a>, al que recomiendo fervientemente seguir y leer.<\/span><\/p>\n<p><span style=\"font-size: medium;\">Si te perdiste el primer cap\u00edtulo de \u2018QQCCMH\u2019 a continuaci\u00f3n dejo una gu\u00eda b\u00e1sica para ponerse al d\u00eda:<\/span><\/p>\n<p>&nbsp;<\/p>\n<p><span style=\"font-size: medium;\"><strong>Grados de heterosexualidad<\/strong>: \u2018QQCCMH\u2019 nos ha descubierto que existen et\u00e9reos y heteros, y que dentro de la heterosexualidad hay grados. Est\u00e1n los muy heterosexuales, los heterosexuales al uso, los poco heterosexuales y los heterosexuales con pron\u00f3stico reservado. Pues bien, Javi, un escupe fuego que llega en busca de novia, se define como muy heterosexual. Lo m\u00e1s de lo m\u00e1s. Eso s\u00ed, \u00e9l se depila todo, hasta el culo, con ayuda de su madre, siempre y cuando no est\u00e9 haci\u00e9ndole la merienda.<\/span><br \/>\n<iframe loading=\"lazy\" src=\"\/\/www.cuatro.com\/video\/video-embed.html?contentId=CUAVID20120620_0033&#038;width=444&#038;height=250\" frameborder=\"0\" width=\"469\" height=\"270\"><\/iframe><\/p>\n<p>&nbsp;<\/p>\n<p><span style=\"font-size: medium;\"><strong>Gay no, mariquita<\/strong>: Si hay grados de heterosexualidad suponemos que tambi\u00e9n los hay de homosexualidad. Pedri\u00f1o no nos aclar\u00f3 el suyo, \u00e9l prefiere definirse como mariquita. Pero ojo, no le gustan ni los marilicras, ni las musculocas, ni los escotazos, ni los verg\u00fcenzas ajenas (esto son, tunos que acuden a una cita cantando el Clavelito).<\/span><br \/>\n<iframe loading=\"lazy\" src=\"\/\/www.cuatro.com\/video\/video-embed.html?contentId=CUAVID20120920_0026&#038;width=444&#038;height=250\" frameborder=\"0\" width=\"469\" height=\"270\"><\/iframe><\/p>\n<p>&nbsp;<\/p>\n<p><span style=\"font-size: medium;\"><strong>Si te interesa la cultura no te presentes a este programa<\/strong>. Una de las pretendientas de Isidoro, un vendedor ambulante, le habl\u00f3 de Dal\u00ed, \u201cuno que hac\u00eda cosas muy raras y muy chulas\u201d. \u00bfDal\u00ed? \u00bfMande? Isidoro, como no pod\u00eda ser de otra manera, la elimin\u00f3 a las primeras de cambio. Semejante atrevimiento. Pedri\u00f1o s\u00f3lo ha le\u00eddo un libro en su vida. \u00bf\u2019Rayuela\u2019 de Cort\u00e1zar? , \u00bf\u2019Un mundo feliz\u2019 de Huxley? Fr\u00edo, fr\u00edo. La biograf\u00eda de Ana Obreg\u00f3n. Emilio, uno de sus pretendientes, le ley\u00f3 una frase de \u2018El principito\u2019, de la que es fan Anita. Gabi hizo, por su parte, una referencia velada a Neruda: \u201cLas mujeres no me gusta que llamen la atenci\u00f3n por su presencia, sino por su ausencia\u201d. Pues eso. Me gusta cuando callas porque est\u00e1s como ausente.<\/span><\/p>\n<p>&nbsp;<\/p>\n<p><iframe loading=\"lazy\" src=\"\/\/www.cuatro.com\/video\/video-embed.html?contentId=CUAVID20120920_0050&#038;width=444&#038;height=250\" frameborder=\"0\" width=\"469\" height=\"270\"><\/iframe><\/p>\n<p>&nbsp;<\/p>\n<p><span style=\"font-size: medium;\"><strong>Madre s\u00f3lo hay una.<\/strong> Y menos mal. Cada pretendiente tiene la suya y cada una se merece un programa para ella sola. La de Isidoro llega al hotel de s\u00faper lujo y empieza a poner sus cositas (o sea, ganchillos y santos) por todos los lados. La de Javi lo tiene claro: \u201cen mi co\u00f1o y en mi jaranda nadie manda\u201d. Vamos, que se agarre los machos la que quiera de novio a su hijo. La de Gabi es celiaca, as\u00ed que regalarle un pastel no es una buena idea. Y la de Pedri\u00f1o pasa de todo y dice lo primero que le viene a la cabeza. \u201c\u00bfMe puedo levantar? Tengo todas las lentejuelas clavadas en el culo\u201d. Pese a todo, Gabi lo tiene claro. \u201c\u00bfEst\u00e1s de acuerdo con que la familia es lo m\u00e1s importante del mundo?\u201d, pregunta. A lo que una de sus pretendientas le responde: \u201cImpoluto\u201d. Nada m\u00e1s que a\u00f1adir.<\/span><br \/>\n<iframe loading=\"lazy\" src=\"\/\/www.cuatro.com\/video\/video-embed.html?contentId=CUAVID20120920_0042&#038;width=444&#038;height=250\" frameborder=\"0\" width=\"469\" height=\"270\"><\/iframe><\/p>\n<p>&nbsp;<\/p>\n<p><span style=\"font-size: medium;\"><strong>L@s pretendient@s<\/strong>. Aqu\u00ed hay de todo, como en botica. Un enfermero vestido de tuno, un modelo al que no le gustan las etiquetas, una terapeuta que en realidad es actriz porno y no puede dejar la lengua quieta, una administrativa a la que no le gusta que los hombres le tiren la basura ni le limpien, una friki que habla con su borrego, y una china que lleva un cartel de virgen en la cara y que es buena persona porque nunca ha tenido problemas con los polic\u00edas. Por citar algunos.<\/span><br \/>\n<iframe loading=\"lazy\" src=\"\/\/www.cuatro.com\/video\/video-embed.html?contentId=CUAVID20120920_0031&#038;width=444&#038;height=250\" frameborder=\"0\" width=\"469\" height=\"270\"><\/iframe><\/p>\n<p>&nbsp;<\/p>\n<p><span style=\"font-size: medium;\"><strong>Idiomas<\/strong>. Zamara, pretendienta de Isidoro, sabe ingl\u00e9s. Lo cual, con los tiempos que corren est\u00e1 muy bien. \u00c9l le pide que, sin anestesia ni nada, le diga una frase bonita en ese idioma. \u201cI love you\u201d, le suelta ella. Nivel avanzado, sin duda. \u00a0<\/span><br \/>\n<iframe loading=\"lazy\" src=\"\/\/www.cuatro.com\/video\/video-embed.html?contentId=CUAVID20120920_0054&#038;width=444&#038;height=250\" frameborder=\"0\" width=\"469\" height=\"270\"><\/iframe><\/p>\n<p>&nbsp;<\/p>\n<p><span style=\"font-size: medium;\"><strong>Luj\u00e1n<\/strong>. La presentadora de \u2018QQCCMH\u2019 es Luj\u00e1n Arg\u00fcelles, que sigue encantada de haberse conocido. La madre de Pedri\u00f1o es m\u00e1s de Jes\u00fas V\u00e1zquez, ya ves. A ella le gustar\u00eda que su hijo (adoptado) vistiese como \u00e9l porque son iguales. \u201c\u00bfC\u00f3mo yo? \u00bfPorque es de Ferrol? \u00bfPor marica?\u201d, pregunta el estilista. \u201cPor todo\u201d, responde Mary. Claro que s\u00ed. Mary for president(a).<\/span><\/p>\n<p>&nbsp;<\/p>\n<p><span style=\"font-size: medium;\">R\u00edete t\u00fa de Godard, Michel Brault, Cassavetes o Koenig. Esto s\u00ed que es Cin\u00e9ma v\u00e9rit\u00e9. Seguiremos informando.\u00a0<\/span><\/p>\n<p>&nbsp;<\/p>\n<p><em>T\u00edtulos de cr\u00e9dito: Para quejas, sugerencias y otras necesidades humanas mi correo es mlabastida@lasprovincias.es<\/em><\/p>\n<p><span style=\"font-size: small;\"><br \/>\n<\/span><\/p>\n<!-- AddThis Advanced Settings generic via filter on the_content --><!-- AddThis Share Buttons generic via filter on the_content -->","protected":false},"excerpt":{"rendered":"<p>&nbsp; Perm\u00edtanme que comience este post con algunas citas: \u201cA las chavalas hay que verlas reci\u00e9n levantadas, te acuestas creyendo que es un Bar\u00e7a y luego por la ma\u00f1ana descubres que es un Logro\u00f1\u00e9s\u201d (Isidoro) \u201cLas lagartas las cojo por el pelo y las mo\u00f1eo\u201d (Isabel) \u201cEstoy a dos velas, abro las piernas y me [&hellip;]<!-- AddThis Advanced Settings generic via filter on get_the_excerpt --><!-- AddThis Share Buttons generic via filter on get_the_excerpt --><\/p>\n","protected":false},"author":29,"featured_media":0,"comment_status":"open","ping_status":"closed","sticky":false,"template":"","format":"standard","meta":[],"categories":[2],"tags":[206,662,853],"_links":{"self":[{"href":"https:\/\/blogs.lasprovincias.es\/elsindromededarrin\/wp-json\/wp\/v2\/posts\/380"}],"collection":[{"href":"https:\/\/blogs.lasprovincias.es\/elsindromededarrin\/wp-json\/wp\/v2\/posts"}],"about":[{"href":"https:\/\/blogs.lasprovincias.es\/elsindromededarrin\/wp-json\/wp\/v2\/types\/post"}],"author":[{"embeddable":true,"href":"https:\/\/blogs.lasprovincias.es\/elsindromededarrin\/wp-json\/wp\/v2\/users\/29"}],"replies":[{"embeddable":true,"href":"https:\/\/blogs.lasprovincias.es\/elsindromededarrin\/wp-json\/wp\/v2\/comments?post=380"}],"version-history":[{"count":0,"href":"https:\/\/blogs.lasprovincias.es\/elsindromededarrin\/wp-json\/wp\/v2\/posts\/380\/revisions"}],"wp:attachment":[{"href":"https:\/\/blogs.lasprovincias.es\/elsindromededarrin\/wp-json\/wp\/v2\/media?parent=380"}],"wp:term":[{"taxonomy":"category","embeddable":true,"href":"https:\/\/blogs.lasprovincias.es\/elsindromededarrin\/wp-json\/wp\/v2\/categories?post=380"},{"taxonomy":"post_tag","embeddable":true,"href":"https:\/\/blogs.lasprovincias.es\/elsindromededarrin\/wp-json\/wp\/v2\/tags?post=380"}],"curies":[{"name":"wp","href":"https:\/\/api.w.org\/{rel}","templated":true}]}}