{"id":413,"date":"2012-10-11T04:21:40","date_gmt":"2012-10-11T04:21:40","guid":{"rendered":"http:\/\/blogs.lasprovincias.es\/elsindromededarrin\/?p=413"},"modified":"2012-10-11T04:21:40","modified_gmt":"2012-10-11T04:21:40","slug":"regreso-a-melrose-place-20-anos-despues","status":"publish","type":"post","link":"https:\/\/blogs.lasprovincias.es\/elsindromededarrin\/2012\/10\/11\/regreso-a-melrose-place-20-anos-despues\/","title":{"rendered":"Regreso a Melrose Place 20 a\u00f1os despu\u00e9s"},"content":{"rendered":"<p style=\"text-align: right;\"><strong><span style=\"font-size: small;\">&#8220;Una gran inversi\u00f3n, unos grandes amigos. S\u00ed, creo que me va a encantar vivir aqu\u00ed&#8221;<\/span><\/strong><\/p>\n<p style=\"text-align: right;\"><span style=\"font-size: small;\">Amanda Woodward<\/span><\/p>\n<p>&nbsp;<\/p>\n<p style=\"text-align: center;\"><a href=\"\/elsindromededarrin\/wp-content\/uploads\/sites\/21\/2012\/10\/c3be0b36-c4b3-4cbe-8467-e0e1f568d79fwallpaper.jpg\"><img loading=\"lazy\" class=\"aligncenter  wp-image-414\" title=\"c3be0b36-c4b3-4cbe-8467-e0e1f568d79fwallpaper\" src=\"\/elsindromededarrin\/wp-content\/uploads\/sites\/21\/2012\/10\/c3be0b36-c4b3-4cbe-8467-e0e1f568d79fwallpaper.jpg\" alt=\"\" width=\"581\" height=\"392\" srcset=\"https:\/\/static-blogs.lasprovincias.es\/wp-content\/uploads\/sites\/21\/2012\/10\/c3be0b36-c4b3-4cbe-8467-e0e1f568d79fwallpaper.jpg 1024w, https:\/\/static-blogs.lasprovincias.es\/wp-content\/uploads\/sites\/21\/2012\/10\/c3be0b36-c4b3-4cbe-8467-e0e1f568d79fwallpaper-300x202.jpg 300w, https:\/\/static-blogs.lasprovincias.es\/wp-content\/uploads\/sites\/21\/2012\/10\/c3be0b36-c4b3-4cbe-8467-e0e1f568d79fwallpaper-768x518.jpg 768w\" sizes=\"(max-width: 581px) 100vw, 581px\" \/><\/a><\/p>\n<p>&nbsp;<\/p>\n<p><span style=\"font-size: large;\">Lo malo no es que nos hagamos mayores sino que algunos se empe\u00f1en en record\u00e1rnoslo. Qu\u00e9 falta hac\u00eda que alguien nos dijese que han pasado 20 a\u00f1os desde que ve\u00edamos a los vecinos del edificio de &#8216;<a href=\"http:\/\/www.tv.com\/shows\/melrose-place\/\" target=\"_blank\" rel=\"external nofollow\">Melrose Place<\/a>&#8216; salidos y li\u00e1ndose los unos con los otros por todas las esquinas, dej\u00e1ndose las u\u00f1as en la piscina y no precisamente en ba\u00f1ador, o poniendo bombas como quien tira un petardo. El reparto de la popular serie de los noventa se ha reunido, por obra y gracia de la revista <a href=\"http:\/\/insidetv.ew.com\/2012\/10\/08\/melrose-place-cast-reunion\/?utm_source=feedburner&#038;utm_medium=feed&#038;utm_campaign=Feed%3A+entertainmentweekly%2Flatest+(Entertainment+Weekly%3A++Today's+Latest\" target=\"_blank\" rel=\"external nofollow\">Entertainment Weekly<\/a>, para recordarnos que el tiempo pasa y que ya no somos unos ni\u00f1os. Pues ya estamos enterados.<\/span><\/p>\n<p><span style=\"font-size: large;\">A la reuni\u00f3n asistieron pr\u00e1cticamente todos los actores principales, aunque se ech\u00f3 de menos a Michael Mancini, el c\u00e1ndido m\u00e9dico que fue convirti\u00e9ndose, a medida que el gui\u00f3n lo requer\u00eda, en un ser maquiav\u00e9lico sin escr\u00fapulos. No falt\u00f3 la dulce Alison ni su enamorado Billy Campbell; la p\u00e9rfida Amanda Woodward, que acab\u00f3 como due\u00f1a del edificio, o la desquiciada Kimberly Shaw, que comenz\u00f3 como un personaje secundario y termin\u00f3 propiciando algunos de los momentos m\u00e1s c\u00e9lebres de la serie en las siete temporadas que dur\u00f3.<\/span><\/p>\n<p><span style=\"font-size: large;\">Como el de su resurrecci\u00f3n. A la amante del doctor Mancini se la supon\u00eda muerta, pero no. No estaba muerta, estaba de parranda. Ella reapareci\u00f3 aparentemente sin secuelas. Aunque nada m\u00e1s lejos de la realidad. Bajo su cabellera escond\u00eda una horrible cicatriz causada por el accidente de coche que conduc\u00eda borracho el m\u00e9dico. Verla quitarse la peluca fue casi m\u00e1s impactante que descubrir que Diana com\u00eda ratones en &#8216;<a href=\"http:\/\/www.tv.com\/shows\/v\/\" target=\"_blank\" rel=\"external nofollow\">V<\/a>&#8216;.<\/span><\/p>\n<p>&nbsp;<\/p>\n<p><iframe loading=\"lazy\" src=\"\/\/www.youtube.com\/embed\/ICyYiJiDGN0\" frameborder=\"0\" width=\"420\" height=\"315\"><\/iframe><\/p>\n<p>&nbsp;<\/p>\n<p><span style=\"font-size: large;\">Pero Kimberly guardaba artiller\u00eda pesada. Tras regresar del m\u00e1s all\u00e1 se encargaba de realizar toda clase de tropel\u00edas a los vecinos a los que ella consideraba culpables de su amarga existencia. Un drama. Su locura alcanz\u00f3 sus cotas m\u00e1ximas cuando hizo estallar el popular inmueble de Los \u00c1ngeles. \u201cNo es lo que pens\u00e1is&#8230;\u201d, dec\u00eda. \u201cEs peor&#8230;\u201d. Presten atenci\u00f3n a los efectos especiales&#8230;<\/span><\/p>\n<p>&nbsp;<\/p>\n<p><iframe loading=\"lazy\" src=\"\/\/www.youtube.com\/embed\/nVTsPpKbS3U\" frameborder=\"0\" width=\"420\" height=\"315\"><\/iframe><\/p>\n<p>&nbsp;<\/p>\n<p><span style=\"font-size: large;\">Todo era posible en &#8216;<a href=\"http:\/\/www.tv.com\/shows\/melrose-place\/\" target=\"_blank\" rel=\"external nofollow\">Melrose Place<\/a>&#8216;. Hijos secretos que surg\u00edan de la nada, esposas fallecidas que se reaparec\u00edan en forma de esp\u00edritu, personajes que iban cambiando su opci\u00f3n sexual seg\u00fan conven\u00eda, hermanas que llegaban de visita y terminaban en la cama de su cu\u00f1ado. Y es que no hay nada como la familia. Que se lo pregunten a Jane, la c\u00e1ndida dise\u00f1adora de moda, que acog\u00eda en su hogar a Sydney, su d\u00edscola hermana peque\u00f1a. Y aquello termin\u00f3 peor que &#8216;Mujer blanca soltera busca&#8217;. Una buena pelea en la piscina siempre vende mucho.<\/span><\/p>\n<p>&nbsp;<\/p>\n<p><iframe loading=\"lazy\" src=\"\/\/www.youtube.com\/embed\/YUHu1SQGYp0\" frameborder=\"0\" width=\"420\" height=\"315\"><\/iframe><\/p>\n<p>&nbsp;<\/p>\n<p><span style=\"font-size: large;\">Lo de los reencuentros de series m\u00edticas se ha convertido en una tendencia. Sentimos curiosidad por saber qu\u00e9 ocurri\u00f3 con Steve Urkel, c\u00f3mo habr\u00e1n envejecido los abogados de &#8216;<a href=\"http:\/\/www.tv.com\/shows\/la-law\/\" target=\"_blank\" rel=\"external nofollow\">La ley de los \u00c1ngeles<\/a>&#8216;, qu\u00e9 ser\u00e1 de los hijos de Bill Cosby. Para saciar intereses de este tipo hace unos d\u00edas regresaron al bar de Sam los protagonistas de &#8216;<a href=\"http:\/\/www.tv.com\/shows\/cheers\/\" target=\"_blank\" rel=\"external nofollow\">Cheers<\/a>&#8216;. Y brindaron casi todos. Faltaron algunos tan carism\u00e1ticos como Diana, Woody y Frasier, entre otros.<\/span><\/p>\n<p>&nbsp;<\/p>\n<p><a href=\"\/elsindromededarrin\/wp-content\/uploads\/sites\/21\/2012\/10\/7.jpg\"><img loading=\"lazy\" class=\"aligncenter size-full wp-image-415\" title=\"7\" src=\"\/elsindromededarrin\/wp-content\/uploads\/sites\/21\/2012\/10\/7.jpg\" alt=\"\" width=\"530\" height=\"299\" srcset=\"https:\/\/static-blogs.lasprovincias.es\/wp-content\/uploads\/sites\/21\/2012\/10\/7.jpg 530w, https:\/\/static-blogs.lasprovincias.es\/wp-content\/uploads\/sites\/21\/2012\/10\/7-300x169.jpg 300w\" sizes=\"(max-width: 530px) 100vw, 530px\" \/><\/a><\/p>\n<p>&nbsp;<\/p>\n<p><span style=\"font-size: large;\">Del final de &#8216;<a href=\"http:\/\/www.tv.com\/shows\/arrested-development\/\" target=\"_blank\" rel=\"external nofollow\">Arrested Development<\/a>&#8216; hace menos, apenas seis a\u00f1os. Aunque no fue definitivo. Los que echan de menos las andanzas de la disfuncional familia Bluth podr\u00e1n disfrutarlas de nuevo a trav\u00e9s de la plataforma NetFlix. Dada su obsesi\u00f3n por todo lo excesivo su reencuentro no pod\u00eda ser com\u00fan y vulgar y se ataviaron con sus mejores galas para el evento. No esper\u00e1bamos menos.<\/span><\/p>\n<p>&nbsp;<\/p>\n<p style=\"text-align: center;\"><a href=\"\/elsindromededarrin\/wp-content\/uploads\/sites\/21\/2012\/10\/arrested-development_810x516.jpg\"><img loading=\"lazy\" class=\"aligncenter  wp-image-416\" title=\"arrested-development_810x516\" src=\"\/elsindromededarrin\/wp-content\/uploads\/sites\/21\/2012\/10\/arrested-development_810x516.jpg\" alt=\"\" width=\"567\" height=\"361\" srcset=\"https:\/\/static-blogs.lasprovincias.es\/wp-content\/uploads\/sites\/21\/2012\/10\/arrested-development_810x516.jpg 810w, https:\/\/static-blogs.lasprovincias.es\/wp-content\/uploads\/sites\/21\/2012\/10\/arrested-development_810x516-300x191.jpg 300w, https:\/\/static-blogs.lasprovincias.es\/wp-content\/uploads\/sites\/21\/2012\/10\/arrested-development_810x516-768x489.jpg 768w\" sizes=\"(max-width: 567px) 100vw, 567px\" \/><\/a><\/p>\n<p>&nbsp;<\/p>\n<p><span style=\"font-size: large;\">La imaginaci\u00f3n se dispara al pensar en c\u00f3mo se desarrollaron algunas de estas reuniones. Nuestro punto m\u00e1s cotilla se pregunta si resurgir\u00edan las rivalidades y las viejas rencillas. Algo nada desencamino cuando se trata de juntar a viejas glorias. En 2006 volvieron a verse las caras Blake, Alexis y Krystle. Eran otras caras, eso s\u00ed. Cirug\u00edas aparte, el tiempo pasa para todos. Por cierto que al poco tiempo las dos grandes damas de &#8216;<a href=\"http:\/\/www.tv.com\/shows\/dynasty\/\" target=\"_blank\" rel=\"external nofollow\">Dinast\u00eda<\/a>&#8216; decidieron protagonizar una obra teatral y casi se <a href=\"http:\/\/www.lagaceta.com.ar\/nota\/218083\/Espectaculos\/Pelea_reencuentro_actrices_\u201cDinastia\u201d.html\" target=\"_blank\" rel=\"external nofollow\">cargan hasta el tel\u00f3n<\/a>. Ya se sabe que hay elementos qu\u00edmicos que es mejor no mezclar. No dejen de ver este v\u00eddeo con el antes y el despu\u00e9s de todos los integrantes del clan Carrington.<\/span><\/p>\n<p>&nbsp;<\/p>\n<p><iframe loading=\"lazy\" src=\"\/\/www.youtube.com\/embed\/z2o9VCyj4Lw\" frameborder=\"0\" width=\"420\" height=\"315\"><\/iframe><\/p>\n<p>&nbsp;<\/p>\n<p><span style=\"font-size: large;\">Hay casos en que la diferencia en las carreras de los diferentes actores marca estos actos. No es igual acudir a un reencuentro de estas caracter\u00edsticas tras haber triunfado en otras series o en el cine que si apenas has encontrado espacio en telefilmes baratos. Es decir, no es lo mismo revivir los viejos tiempos de &#8216;<a href=\"http:\/\/www.tv.com\/shows\/the-fresh-prince-of-belair\/\" target=\"_blank\" rel=\"external nofollow\">El pr\u00edncipe de Bel Air<\/a>&#8216; siendo Will Smith que siendo el actor que daba vida a Carlton, del que s\u00f3lo recordamos su baile al ritmo de Tom Jones. Por cierto, a la t\u00eda Vivian ni estaba ni se la esperaba en esta cita. Dijo textualmente que ella &#8220;<a href=\"http:\/\/www.laverdad.es\/murcia\/v\/20111228\/gente\/vivian-odia-will-smith-20111228.html\" target=\"_blank\" rel=\"external nofollow\">nunca har\u00eda nada con un imb\u00e9cil como Will Smith<\/a>&#8220;. Vamos, traducido, que conservaba magn\u00edficos recuerdos de la ficci\u00f3n.<\/span><\/p>\n<p>&nbsp;<\/p>\n<p style=\"text-align: center;\"><a href=\"\/elsindromededarrin\/wp-content\/uploads\/sites\/21\/2012\/10\/3f2ff967-c96a-43d1-a4c4-d77cbce734fewallpaper.jpg\"><img loading=\"lazy\" class=\"aligncenter  wp-image-417\" title=\"3f2ff967-c96a-43d1-a4c4-d77cbce734fewallpaper\" src=\"\/elsindromededarrin\/wp-content\/uploads\/sites\/21\/2012\/10\/3f2ff967-c96a-43d1-a4c4-d77cbce734fewallpaper.jpg\" alt=\"\" width=\"574\" height=\"387\" srcset=\"https:\/\/static-blogs.lasprovincias.es\/wp-content\/uploads\/sites\/21\/2012\/10\/3f2ff967-c96a-43d1-a4c4-d77cbce734fewallpaper.jpg 1024w, https:\/\/static-blogs.lasprovincias.es\/wp-content\/uploads\/sites\/21\/2012\/10\/3f2ff967-c96a-43d1-a4c4-d77cbce734fewallpaper-300x202.jpg 300w, https:\/\/static-blogs.lasprovincias.es\/wp-content\/uploads\/sites\/21\/2012\/10\/3f2ff967-c96a-43d1-a4c4-d77cbce734fewallpaper-768x518.jpg 768w\" sizes=\"(max-width: 574px) 100vw, 574px\" \/><\/a><\/p>\n<p>&nbsp;<\/p>\n<p><span style=\"font-size: large;\">Hay quien vive de las rentas de un gran \u00e9xito. \u00bfEn qu\u00e9 han destacado despu\u00e9s de &#8216;<a href=\"http:\/\/www.tv.com\/shows\/beverly-hills-90210\/\" target=\"_blank\" rel=\"external nofollow\">Sensaci\u00f3n de vivir<\/a>&#8216; Dylan, Brandon o Kelly? En nada. Si se les sigue recordando es precisamente por aquellos personajes de ni\u00f1os bien. Algunos (todos tenemos que comer) volvieron a reinterpretarse en la nueva versi\u00f3n de la serie que ahora se emite en la cadena americana CW, e incluso en anuncios de televisi\u00f3n.<\/span><\/p>\n<p>&nbsp;<\/p>\n<p><iframe loading=\"lazy\" src=\"\/\/www.youtube.com\/embed\/QYQ0yxwYqG4\" frameborder=\"0\" width=\"560\" height=\"315\"><\/iframe><\/p>\n<p>&nbsp;<\/p>\n<p><span style=\"font-size: large;\">Los reencuentros cat\u00f3dicos sirven adem\u00e1s para observar la evoluci\u00f3n de algunos int\u00e9rpretes. Hay ni\u00f1os, por ejemplo, que de peque\u00f1os son muy graciosos, pero que a medida que cumplen a\u00f1os van perdiendo brillo. Otros se estrellan y algunos consiguen ser estrellas. Toda una constelaci\u00f3n de posibilidades. Y luego est\u00e1n las gemelas Olsen, que no est\u00e1 muy claro en qu\u00e9 categor\u00eda meterlas. Por cierto, aunque ellas no fueron, hace poco vimos creciditos para un reportaje a muchos de los reto\u00f1os de &#8216;<a href=\"http:\/\/www.tv.com\/shows\/full-house\/\" target=\"_blank\" rel=\"external nofollow\">Padres forzosos<\/a>&#8216;.<\/span><\/p>\n<p>&nbsp;<\/p>\n<p><a href=\"\/elsindromededarrin\/wp-content\/uploads\/sites\/21\/2012\/10\/1348409840_full-house-cast-reunion_1.jpg\"><img loading=\"lazy\" class=\"aligncenter size-full wp-image-418\" title=\"1348409840_full-house-cast-reunion_1\" src=\"\/elsindromededarrin\/wp-content\/uploads\/sites\/21\/2012\/10\/1348409840_full-house-cast-reunion_1.jpg\" alt=\"\" width=\"467\" height=\"335\" srcset=\"https:\/\/static-blogs.lasprovincias.es\/wp-content\/uploads\/sites\/21\/2012\/10\/1348409840_full-house-cast-reunion_1.jpg 467w, https:\/\/static-blogs.lasprovincias.es\/wp-content\/uploads\/sites\/21\/2012\/10\/1348409840_full-house-cast-reunion_1-300x215.jpg 300w\" sizes=\"(max-width: 467px) 100vw, 467px\" \/><\/a><\/p>\n<p>&nbsp;<\/p>\n<p><span style=\"font-size: large;\">Cada reencuentro cumple una funci\u00f3n. En el de &#8216;<a href=\"http:\/\/www.tv.com\/shows\/saved-by-the-bell\/\" target=\"_blank\" rel=\"external nofollow\">Salvados por la campana<\/a>&#8216; descubrimos, por ejemplo, que Zack Morris, el guaperas del grupo, hab\u00eda dejado de ser rubio. En el de &#8216;<a href=\"http:\/\/www.tv.com\/shows\/star-trek\/\" target=\"_blank\" rel=\"external nofollow\">Star Trek<\/a>&#8216; que hasta para ser trekkie hay una edad. Y en el de &#8216;<a href=\"http:\/\/www.tv.com\/shows\/malcolm-in-the-middle\/\" target=\"_blank\" rel=\"external nofollow\">Malcolm in the middle<\/a>&#8216; que Bryan Cranston, pese haber tomado tanta droga azul, a\u00fan es capaz de sonre\u00edr.<\/span><\/p>\n<p>&nbsp;<\/p>\n<p style=\"text-align: center;\"><a href=\"\/elsindromededarrin\/wp-content\/uploads\/sites\/21\/2012\/10\/28f41586-94c5-4379-9f74-1729a8e83f36wallpaper.jpg\"><img loading=\"lazy\" class=\"aligncenter  wp-image-419\" title=\"28f41586-94c5-4379-9f74-1729a8e83f36wallpaper\" src=\"\/elsindromededarrin\/wp-content\/uploads\/sites\/21\/2012\/10\/28f41586-94c5-4379-9f74-1729a8e83f36wallpaper.jpg\" alt=\"\" width=\"711\" height=\"508\" srcset=\"https:\/\/static-blogs.lasprovincias.es\/wp-content\/uploads\/sites\/21\/2012\/10\/28f41586-94c5-4379-9f74-1729a8e83f36wallpaper.jpg 1016w, https:\/\/static-blogs.lasprovincias.es\/wp-content\/uploads\/sites\/21\/2012\/10\/28f41586-94c5-4379-9f74-1729a8e83f36wallpaper-300x214.jpg 300w, https:\/\/static-blogs.lasprovincias.es\/wp-content\/uploads\/sites\/21\/2012\/10\/28f41586-94c5-4379-9f74-1729a8e83f36wallpaper-768x549.jpg 768w\" sizes=\"(max-width: 711px) 100vw, 711px\" \/><\/a><\/p>\n<p>&nbsp;<\/p>\n<p><span style=\"font-size: large;\">En fin, pues eso, que nos hacemos mayores. Ya os llegar\u00e1.<\/span><\/p>\n<p>&nbsp;<\/p>\n<p><span style=\"font-size: small;\"><em>T\u00edtulos de cr\u00e9dito: Para quejas, sugerencias y otras necesidades humanas mi correo es mlabastida@lasprovincias.es<\/em>\u00a0<\/span><\/p>\n<!-- AddThis Advanced Settings generic via filter on the_content --><!-- AddThis Share Buttons generic via filter on the_content -->","protected":false},"excerpt":{"rendered":"<p>&#8220;Una gran inversi\u00f3n, unos grandes amigos. S\u00ed, creo que me va a encantar vivir aqu\u00ed&#8221; Amanda Woodward &nbsp; &nbsp; Lo malo no es que nos hagamos mayores sino que algunos se empe\u00f1en en record\u00e1rnoslo. Qu\u00e9 falta hac\u00eda que alguien nos dijese que han pasado 20 a\u00f1os desde que ve\u00edamos a los vecinos del edificio de [&hellip;]<!-- AddThis Advanced Settings generic via filter on get_the_excerpt --><!-- AddThis Share Buttons generic via filter on get_the_excerpt --><\/p>\n","protected":false},"author":29,"featured_media":0,"comment_status":"open","ping_status":"closed","sticky":false,"template":"","format":"standard","meta":[],"categories":[2],"tags":[64,87,156,235,484,512,588,714,727],"_links":{"self":[{"href":"https:\/\/blogs.lasprovincias.es\/elsindromededarrin\/wp-json\/wp\/v2\/posts\/413"}],"collection":[{"href":"https:\/\/blogs.lasprovincias.es\/elsindromededarrin\/wp-json\/wp\/v2\/posts"}],"about":[{"href":"https:\/\/blogs.lasprovincias.es\/elsindromededarrin\/wp-json\/wp\/v2\/types\/post"}],"author":[{"embeddable":true,"href":"https:\/\/blogs.lasprovincias.es\/elsindromededarrin\/wp-json\/wp\/v2\/users\/29"}],"replies":[{"embeddable":true,"href":"https:\/\/blogs.lasprovincias.es\/elsindromededarrin\/wp-json\/wp\/v2\/comments?post=413"}],"version-history":[{"count":0,"href":"https:\/\/blogs.lasprovincias.es\/elsindromededarrin\/wp-json\/wp\/v2\/posts\/413\/revisions"}],"wp:attachment":[{"href":"https:\/\/blogs.lasprovincias.es\/elsindromededarrin\/wp-json\/wp\/v2\/media?parent=413"}],"wp:term":[{"taxonomy":"category","embeddable":true,"href":"https:\/\/blogs.lasprovincias.es\/elsindromededarrin\/wp-json\/wp\/v2\/categories?post=413"},{"taxonomy":"post_tag","embeddable":true,"href":"https:\/\/blogs.lasprovincias.es\/elsindromededarrin\/wp-json\/wp\/v2\/tags?post=413"}],"curies":[{"name":"wp","href":"https:\/\/api.w.org\/{rel}","templated":true}]}}