{"id":422,"date":"2012-10-31T11:45:11","date_gmt":"2012-10-31T11:45:11","guid":{"rendered":"http:\/\/blogs.lasprovincias.es\/elsindromededarrin\/?p=422"},"modified":"2012-10-31T11:45:11","modified_gmt":"2012-10-31T11:45:11","slug":"la-muerte-retransmitida-por-television","status":"publish","type":"post","link":"https:\/\/blogs.lasprovincias.es\/elsindromededarrin\/2012\/10\/31\/la-muerte-retransmitida-por-television\/","title":{"rendered":"La muerte retransmitida por televisi\u00f3n"},"content":{"rendered":"<p style=\"text-align: right;\"><strong><span style=\"font-size: small;\">&#8220;No puedo morir, a\u00fan no he comprendido nada&#8221;<\/span><\/strong><\/p>\n<p style=\"text-align: right;\"><span style=\"font-size: small;\">George Christopher<\/span><\/p>\n<p>&nbsp;<\/p>\n<p style=\"text-align: center;\"><a href=\"\/elsindromededarrin\/wp-content\/uploads\/sites\/21\/2012\/10\/claires-art-16-01-1024.jpg\"><img loading=\"lazy\" class=\"aligncenter  wp-image-423\" title=\"claires-art-16-01-1024\" src=\"\/elsindromededarrin\/wp-content\/uploads\/sites\/21\/2012\/10\/claires-art-16-01-1024.jpg\" alt=\"\" width=\"645\" height=\"363\" srcset=\"https:\/\/static-blogs.lasprovincias.es\/wp-content\/uploads\/sites\/21\/2012\/10\/claires-art-16-01-1024.jpg 1024w, https:\/\/static-blogs.lasprovincias.es\/wp-content\/uploads\/sites\/21\/2012\/10\/claires-art-16-01-1024-300x169.jpg 300w, https:\/\/static-blogs.lasprovincias.es\/wp-content\/uploads\/sites\/21\/2012\/10\/claires-art-16-01-1024-768x432.jpg 768w\" sizes=\"(max-width: 645px) 100vw, 645px\" \/><\/a><\/p>\n<p>&nbsp;<\/p>\n<p><span style=\"font-size: large;\">Estar\u00eda bien que hoy leyesen el blog con esta canci\u00f3n de fondo.<\/span><\/p>\n<p><iframe loading=\"lazy\" src=\"https:\/\/embed.spotify.com\/?uri=spotify:track:7jqzZyJJLrpkRFYGpkqSK6\" frameborder=\"0\" width=\"270\" height=\"86\"><\/iframe><\/p>\n<p>&nbsp;<\/p>\n<p><span style=\"font-size: large;\"><a href=\"\/elsindromededarrin\/wp-content\/uploads\/sites\/21\/2012\/10\/936full-lauren-ambrose.jpg\"><img loading=\"lazy\" class=\"alignleft  wp-image-433\" title=\"936full-lauren-ambrose\" src=\"\/elsindromededarrin\/wp-content\/uploads\/sites\/21\/2012\/10\/936full-lauren-ambrose.jpg\" alt=\"\" width=\"415\" height=\"540\" srcset=\"https:\/\/static-blogs.lasprovincias.es\/wp-content\/uploads\/sites\/21\/2012\/10\/936full-lauren-ambrose.jpg 936w, https:\/\/static-blogs.lasprovincias.es\/wp-content\/uploads\/sites\/21\/2012\/10\/936full-lauren-ambrose-230x300.jpg 230w, https:\/\/static-blogs.lasprovincias.es\/wp-content\/uploads\/sites\/21\/2012\/10\/936full-lauren-ambrose-768x1001.jpg 768w, https:\/\/static-blogs.lasprovincias.es\/wp-content\/uploads\/sites\/21\/2012\/10\/936full-lauren-ambrose-786x1024.jpg 786w\" sizes=\"(max-width: 415px) 100vw, 415px\" \/><\/a>Tomen asiento. Lo que van a ver ustedes en su pantalla es la muerte. Se van a re\u00edr, van a llorar, se van a desesperar, reflexionar\u00e1n, dudar\u00e1n, se emocionar\u00e1n, se sentir\u00e1n identificados. Pero no nos enga\u00f1emos este espect\u00e1culo que van a presenciar es la muerte. Todo acabar\u00e1 ah\u00ed. Habr\u00e1n disfrutado. Habr\u00e1n aprovechado oportunidades o las habr\u00e1n dejado escapar. Habr\u00e1n sentido. Se habr\u00e1n equivocado. Habr\u00e1n amado. Habr\u00e1n follado. Incluso habr\u00e1n follado amando. Habr\u00e1n tomado decisiones dif\u00edciles. Habr\u00e1n dejado trenes pasar. Esos ya no volver\u00e1n. Porque todo termina ah\u00ed. En la muerte. <\/span><\/p>\n<p><span style=\"font-size: large;\">\u00bfY despu\u00e9s? No sabemos. Nadie ha venido a hacer una serie sobre lo que hay despu\u00e9s.\u00a0<\/span><\/p>\n<p><span style=\"font-size: large;\">Se puede llegar a la muerte vestido de gala y sentarse a esperarla. Se puede asomar uno al abismo y lanzarse a buscarla. Te puede sorprender subido en un autob\u00fas. O en medio de una autopista, mientras comes, cuando paseas por la monta\u00f1a o bailas la canci\u00f3n que llevar\u00e1s. \u00bfA d\u00f3nde? A dos metros bajo tierra, donde culmina todo.<\/span><\/p>\n<p><span style=\"font-size: large;\">Algunos le recordar\u00e1n por lo que les produjo. Otros le odiar\u00e1n por lo que no les dio. Algunos le olvidar\u00e1n. Para otros ser\u00e1 imposible. Provocar\u00e1 l\u00e1grimas, despertar\u00e1 la rabia, arrancar\u00e1 alguna sonrisa, producir\u00e1 dulces evocaciones. Reaparecer\u00e1 en sue\u00f1os, conducir\u00e1 a pesadillas, servir\u00e1 de gu\u00eda. Y tal vez tambi\u00e9n de lastre.<\/span><\/p>\n<p><span style=\"font-size: large;\">Pero eso ser\u00e1 despu\u00e9s. Hay algo que hacer antes de morir: vivir.<\/span><\/p>\n<p><span style=\"font-size: large;\">Viven Ruth, Nate, David y Claire Fisher. Viven Brenda y Billy Chenowith. Viven Keith Charles, Federico y Vanessa D\u00edaz. No vive Nathaniel Fisher, pero a veces parece que s\u00ed. Todos ellos viven conviviendo con la muerte. Y no est\u00e1 tan mal.<\/span><\/p>\n<p>&nbsp;<\/p>\n<p style=\"text-align: center;\"><a href=\"\/elsindromededarrin\/wp-content\/uploads\/sites\/21\/2012\/10\/mainart_16wedding01.jpg\"><img loading=\"lazy\" class=\"aligncenter  wp-image-434\" title=\"mainart_16wedding01\" src=\"\/elsindromededarrin\/wp-content\/uploads\/sites\/21\/2012\/10\/mainart_16wedding01.jpg\" alt=\"\" width=\"608\" height=\"301\" srcset=\"https:\/\/static-blogs.lasprovincias.es\/wp-content\/uploads\/sites\/21\/2012\/10\/mainart_16wedding01.jpg 760w, https:\/\/static-blogs.lasprovincias.es\/wp-content\/uploads\/sites\/21\/2012\/10\/mainart_16wedding01-300x148.jpg 300w\" sizes=\"(max-width: 608px) 100vw, 608px\" \/><\/a><\/p>\n<p>&nbsp;<\/p>\n<p><span style=\"font-size: large;\">Quiz\u00e1 no entiendan de lo que les hablo. A m\u00ed me pasa en ocasiones conmigo mismo. Despu\u00e9s de ver \u00a0\u2018<a href=\"http:\/\/www.hbo.com\/six-feet-under\/index.html\" target=\"_blank\" rel=\"external nofollow\">A dos metros bajo tierra<\/a>\u2019 lo comprender\u00e1n un poco mejor. Y vista un par de veces comenzar\u00e1n a tenerlo m\u00e1s claro. Lo digo por experiencia. Esta serie permite varios visionados. Lo pide y se lo merece. Porque esta serie es LA SERIE.<\/span><\/p>\n<p><span style=\"font-size: large;\">Hay series sobre el trabajo de los bomberos, sobre extraterrestres, sobre consultas de psic\u00f3logos, sobre asesinos, sobre superh\u00e9roes. Y luego est\u00e1 \u2018<a href=\"http:\/\/www.hbo.com\/six-feet-under\/index.html\" target=\"_blank\" rel=\"external nofollow\">A dos metros bajo tierra<\/a>\u2019, que habla de nuestro d\u00eda a d\u00eda. De las carreteras que tomamos aunque sepamos que est\u00e1n llenas de curvas que nos marear\u00e1n, de las relaciones que minamos a fuerza de ponerlas a prueba, de los miedos que escondemos y terminan apareciendo, de la capacidad para perdonar que en determinados momentos tenemos, de la necesidad de sentirse queridos. Vamos, de la vida. De las cosas trascendentales y de la mundanas. Del coche que se estropea, del examen que apruebas, de la mudanza que se hace eterna, de la cena a la que no quieres ir, del polvo que deseas repetir.<\/span><\/p>\n<p><span style=\"font-size: large;\">Y si entras en el juego de la vida, tarde o temprano llegas a la casilla de salida.<\/span><\/p>\n<p>&nbsp;<\/p>\n<p style=\"text-align: center;\"><a href=\"\/elsindromededarrin\/wp-content\/uploads\/sites\/21\/2012\/10\/01.jpg.scaled1000.jpg\"><img loading=\"lazy\" class=\"aligncenter  wp-image-435\" title=\"01.jpg.scaled1000\" src=\"\/elsindromededarrin\/wp-content\/uploads\/sites\/21\/2012\/10\/01.jpg.scaled1000.jpg\" alt=\"\" width=\"576\" height=\"320\" srcset=\"https:\/\/static-blogs.lasprovincias.es\/wp-content\/uploads\/sites\/21\/2012\/10\/01.jpg.scaled1000.jpg 1000w, https:\/\/static-blogs.lasprovincias.es\/wp-content\/uploads\/sites\/21\/2012\/10\/01.jpg.scaled1000-300x167.jpg 300w, https:\/\/static-blogs.lasprovincias.es\/wp-content\/uploads\/sites\/21\/2012\/10\/01.jpg.scaled1000-768x427.jpg 768w\" sizes=\"(max-width: 576px) 100vw, 576px\" \/><\/a><\/p>\n<p>&nbsp;<\/p>\n<p><span style=\"font-size: large;\">Tras la casilla de salida se halla la funeraria Fisher. Viven all\u00ed y por eso est\u00e1n acostumbrados. Esa casilla la conocen perfectamente aunque luego se pierdan por el resto del tablero.<\/span><\/p>\n<p><span style=\"font-size: large;\">Durante cinco a\u00f1os nos dejaron mirar lo que suced\u00eda. Descorrieron sus cortinas para que observ\u00e1semos lo que suced\u00eda dentro, pero ellos ni se inmutaron. No trataron de aparentar ser m\u00e1s cuerdos, m\u00e1s bellos, m\u00e1s simp\u00e1ticos o m\u00e1s aseados. Es lo que hay y decida usted si quiere mirar. Tal vez hasta se reconozca.<\/span><\/p>\n<p><span style=\"font-size: large;\">Las cortinas se hicieron a un lado tras la muerte del patriarca de la familia. All\u00ed estaba la madre, medio apesadumbrada, medio liberada; un hijo, heredero del negocio, encerrado en un hermetismo que lo atormenta; otro hijo, el pr\u00f3digo, que regresa para tomar las riendas, aunque jam\u00e1s ha tomado las riendas de nada; una tercera hija, empe\u00f1ada en buscar objetivos que le orienten sobre lo que quiere ser.<\/span><\/p>\n<p>&nbsp;<\/p>\n<p style=\"text-align: center;\"><a href=\"\/elsindromededarrin\/wp-content\/uploads\/sites\/21\/2012\/10\/claires-art-16-05-1024.jpg\"><img loading=\"lazy\" class=\"aligncenter  wp-image-436\" title=\"claires-art-16-05-1024\" src=\"\/elsindromededarrin\/wp-content\/uploads\/sites\/21\/2012\/10\/claires-art-16-05-1024.jpg\" alt=\"\" width=\"655\" height=\"369\" srcset=\"https:\/\/static-blogs.lasprovincias.es\/wp-content\/uploads\/sites\/21\/2012\/10\/claires-art-16-05-1024.jpg 1024w, https:\/\/static-blogs.lasprovincias.es\/wp-content\/uploads\/sites\/21\/2012\/10\/claires-art-16-05-1024-300x169.jpg 300w, https:\/\/static-blogs.lasprovincias.es\/wp-content\/uploads\/sites\/21\/2012\/10\/claires-art-16-05-1024-768x432.jpg 768w\" sizes=\"(max-width: 655px) 100vw, 655px\" \/><\/a><\/p>\n<p>&nbsp;<\/p>\n<p><span style=\"font-size: large;\">Y todo esto con un fundido a negro cada d\u00eda. Con millones de extra\u00f1os que interrumpen sus desayunos, sus charlas, sus siestas, sus discusiones, para meterles la muerte en el sal\u00f3n. Perfectos desconocidos que se presentan en uno de sus peores d\u00edas en busca de consuelo o de lavados de conciencia. Buscando respuestas a preguntas que nunca dejamos de hacernos. Ni cuando pasa un a\u00f1o, ni dos, ni cuando llegan fechas (como esta semana) en las que el calendario pide que recuerdes la muerte.<\/span><\/p>\n<p><span style=\"font-size: large;\">Como si no estuviese ah\u00ed siempre, como si no rondase aunque nadie la llame. Como si no formase parte de la vida. De la vida.<\/span><\/p>\n<p><span style=\"font-size: large;\">Hay que vivir, vivir, vivir.<\/span><\/p>\n<p><span style=\"font-size: large;\">La vida te pone en el camino joyas como \u2018<a href=\"http:\/\/www.hbo.com\/six-feet-under\/index.html\" target=\"_blank\" rel=\"external nofollow\">A dos metros bajo tierra<\/a>\u2019. Con eso, ya podemos morir a gusto.<\/span><\/p>\n<p>&nbsp;<\/p>\n<p style=\"text-align: center;\"><a href=\"\/elsindromededarrin\/wp-content\/uploads\/sites\/21\/2012\/10\/tumblr_m7dumre0c91qadukio1_1280.jpg\"><img loading=\"lazy\" class=\"aligncenter  wp-image-437\" title=\"tumblr_m7dumre0c91qadukio1_1280\" src=\"\/elsindromededarrin\/wp-content\/uploads\/sites\/21\/2012\/10\/tumblr_m7dumre0c91qadukio1_1280.jpg\" alt=\"\" width=\"655\" height=\"369\" srcset=\"https:\/\/static-blogs.lasprovincias.es\/wp-content\/uploads\/sites\/21\/2012\/10\/tumblr_m7dumre0c91qadukio1_1280.jpg 1024w, https:\/\/static-blogs.lasprovincias.es\/wp-content\/uploads\/sites\/21\/2012\/10\/tumblr_m7dumre0c91qadukio1_1280-300x169.jpg 300w, https:\/\/static-blogs.lasprovincias.es\/wp-content\/uploads\/sites\/21\/2012\/10\/tumblr_m7dumre0c91qadukio1_1280-768x432.jpg 768w\" sizes=\"(max-width: 655px) 100vw, 655px\" \/><\/a><\/p>\n<p>&nbsp;<\/p>\n<p><em>T\u00edtulos de cr\u00e9dito: Para quejas, sugerencias y otras necesidades humanas mi correo es mlabastida@lasprovincias.es<\/em><\/p>\n<!-- AddThis Advanced Settings generic via filter on the_content --><!-- AddThis Share Buttons generic via filter on the_content -->","protected":false},"excerpt":{"rendered":"<p>&#8220;No puedo morir, a\u00fan no he comprendido nada&#8221; George Christopher &nbsp; &nbsp; Estar\u00eda bien que hoy leyesen el blog con esta canci\u00f3n de fondo. &nbsp; Tomen asiento. Lo que van a ver ustedes en su pantalla es la muerte. Se van a re\u00edr, van a llorar, se van a desesperar, reflexionar\u00e1n, dudar\u00e1n, se emocionar\u00e1n, se [&hellip;]<!-- AddThis Advanced Settings generic via filter on get_the_excerpt --><!-- AddThis Share Buttons generic via filter on get_the_excerpt --><\/p>\n","protected":false},"author":29,"featured_media":0,"comment_status":"open","ping_status":"closed","sticky":false,"template":"","format":"standard","meta":[],"categories":[2],"tags":[11,535,731],"_links":{"self":[{"href":"https:\/\/blogs.lasprovincias.es\/elsindromededarrin\/wp-json\/wp\/v2\/posts\/422"}],"collection":[{"href":"https:\/\/blogs.lasprovincias.es\/elsindromededarrin\/wp-json\/wp\/v2\/posts"}],"about":[{"href":"https:\/\/blogs.lasprovincias.es\/elsindromededarrin\/wp-json\/wp\/v2\/types\/post"}],"author":[{"embeddable":true,"href":"https:\/\/blogs.lasprovincias.es\/elsindromededarrin\/wp-json\/wp\/v2\/users\/29"}],"replies":[{"embeddable":true,"href":"https:\/\/blogs.lasprovincias.es\/elsindromededarrin\/wp-json\/wp\/v2\/comments?post=422"}],"version-history":[{"count":0,"href":"https:\/\/blogs.lasprovincias.es\/elsindromededarrin\/wp-json\/wp\/v2\/posts\/422\/revisions"}],"wp:attachment":[{"href":"https:\/\/blogs.lasprovincias.es\/elsindromededarrin\/wp-json\/wp\/v2\/media?parent=422"}],"wp:term":[{"taxonomy":"category","embeddable":true,"href":"https:\/\/blogs.lasprovincias.es\/elsindromededarrin\/wp-json\/wp\/v2\/categories?post=422"},{"taxonomy":"post_tag","embeddable":true,"href":"https:\/\/blogs.lasprovincias.es\/elsindromededarrin\/wp-json\/wp\/v2\/tags?post=422"}],"curies":[{"name":"wp","href":"https:\/\/api.w.org\/{rel}","templated":true}]}}