{"id":425,"date":"2012-10-19T01:15:37","date_gmt":"2012-10-19T01:15:37","guid":{"rendered":"http:\/\/blogs.lasprovincias.es\/elsindromededarrin\/?p=425"},"modified":"2012-10-19T01:15:37","modified_gmt":"2012-10-19T01:15:37","slug":"cambio-de-vestuario-en-la-voz","status":"publish","type":"post","link":"https:\/\/blogs.lasprovincias.es\/elsindromededarrin\/2012\/10\/19\/cambio-de-vestuario-en-la-voz\/","title":{"rendered":"Cambio de vestuario en &#039;La Voz&#039;"},"content":{"rendered":"<p style=\"text-align: right;\"><strong><span style=\"font-size: small;\">&#8220;Eres una <em>mostra<\/em>&#8220;<\/span><\/strong><\/p>\n<p style=\"text-align: right;\"><span style=\"font-size: small;\">Rosario Flores<\/span><\/p>\n<p>&nbsp;<\/p>\n<p><a href=\"\/elsindromededarrin\/wp-content\/uploads\/sites\/21\/2012\/10\/La-Voz-Bisbal-Vazquez-Malu-Melendi-y-Rosario-530.jpg\"><img loading=\"lazy\" class=\"aligncenter size-full wp-image-426\" title=\"La-Voz-Bisbal-Vazquez-Malu-Melendi-y-Rosario-530\" src=\"\/elsindromededarrin\/wp-content\/uploads\/sites\/21\/2012\/10\/La-Voz-Bisbal-Vazquez-Malu-Melendi-y-Rosario-530.jpg\" alt=\"\" width=\"530\" height=\"354\" srcset=\"https:\/\/static-blogs.lasprovincias.es\/wp-content\/uploads\/sites\/21\/2012\/10\/La-Voz-Bisbal-Vazquez-Malu-Melendi-y-Rosario-530.jpg 530w, https:\/\/static-blogs.lasprovincias.es\/wp-content\/uploads\/sites\/21\/2012\/10\/La-Voz-Bisbal-Vazquez-Malu-Melendi-y-Rosario-530-300x200.jpg 300w\" sizes=\"(max-width: 530px) 100vw, 530px\" \/><\/a><\/p>\n<p>&nbsp;<\/p>\n<p><span style=\"font-size: large;\">Ha llegado el momento. Ahora s\u00ed. Por fin. Han terminado las audiciones ciegas del programa \u2018<a href=\"http:\/\/www.telecinco.es\/lavoz\/\" target=\"_blank\" rel=\"external nofollow\">La Voz<\/a>\u2019, el \u00e9xito de moda en esta nuestra televisi\u00f3n nacional. Durante cinco semanas, mujeres, hombres y viceversa de este pa\u00eds al borde del rescate han pasado por los estudios de Telecinco para mostrar sus dotes como cantantes (o algo as\u00ed). <a href=\"http:\/\/www.telecinco.es\/lavoz\/2012\/artistas\/maika-barbero\/Maika-sorprende-gravedad-voz_0_1690631494.html\" target=\"_blank\" rel=\"external nofollow\">Chicas<\/a> con voz de hombre, <a href=\"http:\/\/www.telecinco.es\/lavoz\/Marta-Maria-compenetrado-Bisbal-Melendi_0_1699030673.html\" target=\"_blank\" rel=\"external nofollow\">gemelas<\/a> que hacen coros, se\u00f1oras <a href=\"http:\/\/www.telecinco.es\/lavoz\/2012\/programas\/t01xp05-17-10-2012\/Isabel-chilena-vozarron-prueba-bombas_0_1708029193.html\" target=\"_blank\" rel=\"external nofollow\">con perro<\/a>, se\u00f1oras <a href=\"http:\/\/www.telecinco.es\/lavoz\/2012\/programas\/t01xp01-19-09-2012\/Melendi-apuesta-Mercedes-voz-experiencia_0_1691230873.html\" target=\"_blank\" rel=\"external nofollow\">sin perro<\/a>, <a href=\"http:\/\/www.telecinco.es\/lavoz\/2012\/artistas\/rafa-blas\/Rafa-puro-heavy-garganta_0_1708029181.html\" target=\"_blank\" rel=\"external nofollow\">heavys<\/a> de Albacete, <a href=\"http:\/\/www.youtube.com\/watch?v=0mgPSElXBr4\" target=\"_blank\" rel=\"external nofollow\">animadores<\/a> de conciertos del PP, e <a href=\"http:\/\/www.telecinco.es\/lavoz\/voz-Sharay-pesa-apellido_0_1703230263.html\" target=\"_blank\" rel=\"external nofollow\">hijas<\/a> de Jos\u00e9 Antonio Abell\u00e1n. Todos ellos han cantado temas de Serrat, de Roc\u00edo Jurado, de Adele, de Tina Turner, de Perales y de Kings of leon. Variadito, vamos. Algunos han sido escogidos para pasar a la siguiente fase. Otros fueron descartados en el camino. Pero ahora ha llegado el momento. Ese momento que seis millones de espa\u00f1oles (la mayor\u00eda silenciosa que mira \u2018<a href=\"http:\/\/www.telecinco.es\/lavoz\/\" target=\"_blank\" rel=\"external nofollow\">La Voz<\/a>\u2019) est\u00e1n esperando. Llevan un mes y una semana aguardando.<\/span><\/p>\n<p><span style=\"font-size: large;\">Por fin, el jurado de \u2018La Voz\u2019 se cambiar\u00e1 de ropa.<\/span><\/p>\n<p><span style=\"font-size: large;\">Ese es el ansiado instante que los millones de seguidores del nuevo \u2018talent-show\u2019 ansiaban. El programa ha ido incrementando, gala tras gala, su n\u00famero de espectadores. Comenz\u00f3 el 19 de septiembre con una audiencia de 4,6 millones de espectadores y un 30,6% de \u2018share\u2019, una cifra que en la fragmentada televisi\u00f3n de hoy en d\u00eda s\u00f3lo la alcanzan, pr\u00e1cticamente, los eventos deportivos. Y no ha dejado de crecer. La \u00faltima emisi\u00f3n alcanz\u00f3 los seis millones. Cientos de personas que se han ido uniendo con un \u00fanico objetivo: comprobar si Rosario, Mal\u00fa, Bisbal y Melendi variaban su vestuario.<\/span><\/p>\n<p>&nbsp;<\/p>\n<p style=\"text-align: center;\"><a href=\"\/elsindromededarrin\/wp-content\/uploads\/sites\/21\/2012\/10\/1a591c7b-f5bc-4ae9-974e-85df98dfd01fwallpaper.jpg\"><img loading=\"lazy\" class=\"aligncenter  wp-image-430\" title=\"1a591c7b-f5bc-4ae9-974e-85df98dfd01fwallpaper\" src=\"\/elsindromededarrin\/wp-content\/uploads\/sites\/21\/2012\/10\/1a591c7b-f5bc-4ae9-974e-85df98dfd01fwallpaper.jpg\" alt=\"\" width=\"638\" height=\"157\" srcset=\"https:\/\/static-blogs.lasprovincias.es\/wp-content\/uploads\/sites\/21\/2012\/10\/1a591c7b-f5bc-4ae9-974e-85df98dfd01fwallpaper.jpg 1013w, https:\/\/static-blogs.lasprovincias.es\/wp-content\/uploads\/sites\/21\/2012\/10\/1a591c7b-f5bc-4ae9-974e-85df98dfd01fwallpaper-300x74.jpg 300w, https:\/\/static-blogs.lasprovincias.es\/wp-content\/uploads\/sites\/21\/2012\/10\/1a591c7b-f5bc-4ae9-974e-85df98dfd01fwallpaper-768x189.jpg 768w\" sizes=\"(max-width: 638px) 100vw, 638px\" \/><\/a><a href=\"\/elsindromededarrin\/wp-content\/uploads\/sites\/21\/2012\/10\/32379_rosario-flores-presentacion-la-voz.jpg\"><br \/>\n<\/a><\/p>\n<p><span style=\"font-size: large;\">Pero no. Pasaban las galas y aquello segu\u00eda igual. En este tiempo ha hecho calor, ha llovido y ha ca\u00eddo granizo, pero Rosario no se ha quitado de encima sus pantalones cortos. En \u2018<a href=\"http:\/\/www.telecinco.es\/lavoz\/\" target=\"_blank\" rel=\"external nofollow\">La Voz<\/a>\u2019 gozan de su propio microclima. Bisbal sigue ah\u00ed con esas botas altas de dif\u00edcil descripci\u00f3n. Y Melendi con su pelo planchadito en plan ni\u00f1o bueno, que nadie dir\u00eda que pudiese subirse a un avi\u00f3n y montar un foll\u00f3n. Los espectadores cre\u00edan que el cambio de prendas se producir\u00eda en la segunda gala. Pero no. En la tercera. Tampoco. En la cuarta quiz\u00e1. Pues va a ser que no. Y, as\u00ed, con tanto inter\u00e9s, este \u2018Operaci\u00f3n Triunfo\u2019 reciclado se ha convertido en el espacio m\u00e1s visto de los \u00faltimos diez a\u00f1os con un 33,3% de cuota de pantalla. Ni la gran apuesta de Antena 3, la serie \u2018<a href=\"http:\/\/www.antena3.com\/series\/gran-hotel\/\" target=\"_blank\" rel=\"external nofollow\">Gran Hotel<\/a>\u2019, ha logrado hacerle sombra. Su \u00faltimo cap\u00edtulo no pudo alcanzar siquiera el 15% de \u2018share\u2019.<\/span><\/p>\n<p><span style=\"font-size: large;\">Pero nada es eterno. La eternidad\u2026 Es la mar mezclada con el sol, que dec\u00eda Rimbaud. Todo acaba, que digo yo. Y Rosario deber\u00e1 al fin decir adi\u00f3s a esos pantalones y renovar el armario. Armani, Lagerfeld y Tom Ford deseaban impacientes que se desencadenasen as\u00ed los acontecimientos. Est\u00e1n con sus colecciones oto\u00f1o-invierno junto al tel\u00e9fono aguardando a que suene la llamada del programa de Jes\u00fas V\u00e1zquez.<\/span><\/p>\n<p><span style=\"font-size: large;\">Nada ser\u00e1 igual. Tal vez Rosario no vuelva a decir aquello de tienes una voz muy calentita. Es posible que Bisbal deje de anotar frases en su cuaderno azul. A lo mejor Mal\u00fa ya no saca tanto su lengua. Y ser\u00e1 una pena, pero habr\u00e1 que acostumbrarse. La vida son ciclos y este ciclo finaliz\u00f3.<\/span><\/p>\n<p><span style=\"font-size: large;\">Ahora (quien dice ahora, dice en unos d\u00edas) empiezan las batallas en las que los elegidos competir\u00e1n entre s\u00ed y ser\u00e1n eliminados por sus propios \u2018coaches\u2019 (coches, seg\u00fan Bisbal). Para tomar decisiones tan complejas contar\u00e1n a su lado con otros jueces implacables que les asesorar\u00e1n. \u00bfQui\u00e9n se une? \u00bfEl magistrado Pedraz? No, pero no me digan que como juez no har\u00eda sombra, con su claridad y contundencia, al mism\u00edsimo Risto Mejide. Pero no, aquel seguir\u00e1 haciendo el pijo \u00e1crata. Al programa se incorporan Antonio Carmona, Luis Fonsi, Nek y Tiziano Ferro. Y har\u00e1n un revival de La D\u00e9cada Prodigiosa. No, es broma. Creo.<\/span><\/p>\n<p>&nbsp;<\/p>\n<p><a href=\"\/elsindromededarrin\/wp-content\/uploads\/sites\/21\/2012\/10\/Llegan-batallas-Voz_TL5VID20121018_0012_15.jpg\"><img loading=\"lazy\" class=\"aligncenter size-full wp-image-431\" title=\"Llegan-batallas-Voz_TL5VID20121018_0012_15\" src=\"\/elsindromededarrin\/wp-content\/uploads\/sites\/21\/2012\/10\/Llegan-batallas-Voz_TL5VID20121018_0012_15.jpg\" alt=\"\" width=\"474\" height=\"267\" srcset=\"https:\/\/static-blogs.lasprovincias.es\/wp-content\/uploads\/sites\/21\/2012\/10\/Llegan-batallas-Voz_TL5VID20121018_0012_15.jpg 474w, https:\/\/static-blogs.lasprovincias.es\/wp-content\/uploads\/sites\/21\/2012\/10\/Llegan-batallas-Voz_TL5VID20121018_0012_15-300x169.jpg 300w\" sizes=\"(max-width: 474px) 100vw, 474px\" \/><\/a><\/p>\n<p>&nbsp;<\/p>\n<p><span style=\"font-size: large;\">Todo eso suceder\u00e1 con nuevo vestuario. En las promos se aprecia que Melendi se pone americana de cuadros. Bisbal se recoge el pelo y se enfunda un chaleco. Y Rosario va de largo. \u00bfY Mal\u00fa? Qui\u00e9n sabe. Ella est\u00e1 a otra cosa.<\/span><\/p>\n<p><span style=\"font-size: large;\">\u00bfProvocar\u00e1 la renovaci\u00f3n de trapitos un descenso de audiencia? \u00bfSe mantendr\u00e1n los espectadores ante tanta novedad? Dicen que cuando algo funciona es mejor no tocarlo. Pero en Telecinco son as\u00ed de arriesgados. Ni HBO.<\/span><\/p>\n<p>&nbsp;<\/p>\n<p><em>T\u00edtulos de cr\u00e9dito: Para quejas, sugerencias y otras necesidades humanas mi correo es mlabastida@lasprovincias.es<\/em><\/p>\n<!-- AddThis Advanced Settings generic via filter on the_content --><!-- AddThis Share Buttons generic via filter on the_content -->","protected":false},"excerpt":{"rendered":"<p>&#8220;Eres una mostra&#8220; Rosario Flores &nbsp; &nbsp; Ha llegado el momento. Ahora s\u00ed. Por fin. Han terminado las audiciones ciegas del programa \u2018La Voz\u2019, el \u00e9xito de moda en esta nuestra televisi\u00f3n nacional. Durante cinco semanas, mujeres, hombres y viceversa de este pa\u00eds al borde del rescate han pasado por los estudios de Telecinco para [&hellip;]<!-- AddThis Advanced Settings generic via filter on get_the_excerpt --><!-- AddThis Share Buttons generic via filter on get_the_excerpt --><\/p>\n","protected":false},"author":29,"featured_media":0,"comment_status":"open","ping_status":"closed","sticky":false,"template":"","format":"standard","meta":[],"categories":[2],"tags":[97,136,437,543,702,785],"_links":{"self":[{"href":"https:\/\/blogs.lasprovincias.es\/elsindromededarrin\/wp-json\/wp\/v2\/posts\/425"}],"collection":[{"href":"https:\/\/blogs.lasprovincias.es\/elsindromededarrin\/wp-json\/wp\/v2\/posts"}],"about":[{"href":"https:\/\/blogs.lasprovincias.es\/elsindromededarrin\/wp-json\/wp\/v2\/types\/post"}],"author":[{"embeddable":true,"href":"https:\/\/blogs.lasprovincias.es\/elsindromededarrin\/wp-json\/wp\/v2\/users\/29"}],"replies":[{"embeddable":true,"href":"https:\/\/blogs.lasprovincias.es\/elsindromededarrin\/wp-json\/wp\/v2\/comments?post=425"}],"version-history":[{"count":0,"href":"https:\/\/blogs.lasprovincias.es\/elsindromededarrin\/wp-json\/wp\/v2\/posts\/425\/revisions"}],"wp:attachment":[{"href":"https:\/\/blogs.lasprovincias.es\/elsindromededarrin\/wp-json\/wp\/v2\/media?parent=425"}],"wp:term":[{"taxonomy":"category","embeddable":true,"href":"https:\/\/blogs.lasprovincias.es\/elsindromededarrin\/wp-json\/wp\/v2\/categories?post=425"},{"taxonomy":"post_tag","embeddable":true,"href":"https:\/\/blogs.lasprovincias.es\/elsindromededarrin\/wp-json\/wp\/v2\/tags?post=425"}],"curies":[{"name":"wp","href":"https:\/\/api.w.org\/{rel}","templated":true}]}}