{"id":448,"date":"2012-11-05T17:25:16","date_gmt":"2012-11-05T17:25:16","guid":{"rendered":"http:\/\/blogs.lasprovincias.es\/elsindromededarrin\/?p=448"},"modified":"2012-11-05T17:25:16","modified_gmt":"2012-11-05T17:25:16","slug":"jorge-javier-estuvo-a-punto-de-entrar-en-el-opus-dei","status":"publish","type":"post","link":"https:\/\/blogs.lasprovincias.es\/elsindromededarrin\/2012\/11\/05\/jorge-javier-estuvo-a-punto-de-entrar-en-el-opus-dei\/","title":{"rendered":"Jorge Javier estuvo a punto de entrar en el Opus Dei"},"content":{"rendered":"<p style=\"text-align: right;\"><strong><span style=\"font-size: small;\">&#8220;Estas son mis tres reglas de la escritura. Una: es dif\u00edcil, dos: siempre habr\u00e1 m\u00e1s rechazo que aceptaci\u00f3n, y tres: intentar dar placer con cada frase&#8221;<\/span><\/strong><\/p>\n<p style=\"text-align: right;\"><span style=\"font-size: small;\">Jonathan Ames<\/span><\/p>\n<p>&nbsp;<\/p>\n<p style=\"text-align: center;\"><a href=\"\/elsindromededarrin\/wp-content\/uploads\/sites\/21\/2012\/11\/jorge-javier-normal-1.jpg\"><img loading=\"lazy\" class=\"aligncenter  wp-image-450\" title=\"jorge-javier-normal-1\" src=\"\/elsindromededarrin\/wp-content\/uploads\/sites\/21\/2012\/11\/jorge-javier-normal-1.jpg\" alt=\"\" width=\"561\" height=\"362\" srcset=\"https:\/\/static-blogs.lasprovincias.es\/wp-content\/uploads\/sites\/21\/2012\/11\/jorge-javier-normal-1.jpg 2384w, https:\/\/static-blogs.lasprovincias.es\/wp-content\/uploads\/sites\/21\/2012\/11\/jorge-javier-normal-1-300x193.jpg 300w, https:\/\/static-blogs.lasprovincias.es\/wp-content\/uploads\/sites\/21\/2012\/11\/jorge-javier-normal-1-768x494.jpg 768w, https:\/\/static-blogs.lasprovincias.es\/wp-content\/uploads\/sites\/21\/2012\/11\/jorge-javier-normal-1-1024x659.jpg 1024w\" sizes=\"(max-width: 561px) 100vw, 561px\" \/><\/a><\/p>\n<p>&nbsp;<\/p>\n<p><span style=\"font-size: large;\">Paren m\u00e1quinas. <strong>Jorge Javier<\/strong> ha escrito un libro. Esto no es ficci\u00f3n, va en serio. Lo juro. Es una especie de medio biograf\u00eda. Es decir, cuenta pasajes de su vida, testimonios sinceros (as\u00ed lo dicen los que lo anuncian) e incluye algunas historias que \u00e9l conoce pero que no le han ocurrido en primera persona. Tono realista al parecer. Cualquiera podr\u00eda pensar que el debut editorial de Jorge Javier, teniendo en cuenta su trayectoria televisiva, ser\u00eda un repaso al entramado del coraz\u00f3n, que \u00e9l lleva a\u00f1os investigando, pero no, le ha dado por la cosa solemne.<\/span><\/p>\n<p><span style=\"font-size: large;\">La editorial que lo publica (Planeta) lo promociona de la siguiente manera:\u00a0 \u201cJorge Javier V\u00e1zquez irrumpe en el mercado literario al m\u00e1s puro estilo Juan Mars\u00e9 o \u2018Barrio\u2019 de Fernando Le\u00f3n\u201d. Palabras mayores. Mars\u00e9, el de \u2018<a href=\"http:\/\/www.casadellibro.com\/libro-la-oscura-historia-de-la-prima-montse\/9788426417237\/1249295\" target=\"_blank\" rel=\"external nofollow\">La oscura historia de la prima Montse<\/a>\u2019 y \u2018<a href=\"http:\/\/www.casadellibro.com\/libro-ultimas-tardes-con-teresa\/9788426417220\/1249294\" target=\"_blank\" rel=\"external nofollow\">\u00daltimas tardes con Teresa<\/a>\u2019. Le\u00f3n de Aranoa, el de \u2018Princesas\u2019 y \u2018Los lunes al sol\u2019. Habr\u00e1 que leerlo. No est\u00e1 bien eso de juzgar antes de conocer de primera mano, por mucho que en los programas que conduce Jorge Javier se haga.<\/span><\/p>\n<p><span style=\"font-size: large;\">Qui\u00e9n sabe, hace unos a\u00f1os gan\u00f3 el Ondas, lo mismo dentro de poco se alza con el Planeta. Mars\u00e9 lo consigui\u00f3 en 1978 con \u2018<a href=\"http:\/\/www.casadellibro.com\/libro-la-muchacha-de-las-bragas-de-oro-premio-planeta-1978\/9788483460276\/1079437\" target=\"_blank\" rel=\"external nofollow\">La muchacha de las bragas de oro<\/a>\u2019, aunque a\u00f1os m\u00e1s tarde se desmarcase de este galard\u00f3n al considerar que se reconoc\u00edan obras de poco nivel como las de Maria de la Pau Janer y Jaime Bayly.<\/span><\/p>\n<p><span style=\"font-size: large;\">Jorge Javier, con \u2018<a href=\"http:\/\/www.casadellibro.com\/libro-la-vida-iba-en-serio\/9788408013907\/2028872\" target=\"_blank\" rel=\"external nofollow\">La vida iba en serio<\/a>\u2019, llega dispuesto a desnudarse (s\u00f3lo el interior, tranquilos). Habla de la tensa relaci\u00f3n con su padre, del miedo al rechazo por su opci\u00f3n sexual, de su\u00a0traslado Madrid&#8230; &#8220;A\u00a0los quince a\u00f1os no ten\u00eda amigos con los que salir los fines de semana&#8221;, confiesa.\u00a0<\/span><span style=\"font-size: large;\">Y para aderezar la novela incluye revelaciones como que estuvo a punto de ingresar en el Opus Dei. &#8220;Entre el cielo y el infierno eleg\u00ed el infierno, y con el paso de los a\u00f1os comprob\u00e9 que quemarse entre sus brasas pod\u00eda llegar a producir un placer m\u00e1s infinito que aquel cielo fr\u00edo e inh\u00f3spito que promocionaba el Opus Dei\u201d, cuenta<em>.<\/em>\u00a0O que su primera experiencia sexual fue con un chapero. Lo que se va a perder el \u2018Tomate\u2019\u2026 Reclamamos un pol\u00edgrafo ya.<\/span><\/p>\n<p><span style=\"font-size: large;\">Es curiosa la relaci\u00f3n de los presentadores de la televisi\u00f3n y la literatura. Quien m\u00e1s y quien menos ha escrito un libro. Quien dice escrito, dice tomado prestado, \u00bfverdad <strong>Ana Rosa<\/strong>? Pero ese es otro asunto.<\/span><\/p>\n<p>&nbsp;<\/p>\n<p><span style=\"font-size: large;\"><a href=\"\/elsindromededarrin\/wp-content\/uploads\/sites\/21\/2012\/11\/images1.jpeg\"><img loading=\"lazy\" class=\"alignleft size-full wp-image-451\" title=\"images\" src=\"\/elsindromededarrin\/wp-content\/uploads\/sites\/21\/2012\/11\/images1.jpeg\" alt=\"\" width=\"183\" height=\"275\" \/><\/a>El caso es en muchas ocasiones lo que llevan a sus libros poco tiene que ver con lo que luego hacen en la televisi\u00f3n. La pluma y el folio blanco los utilizan como m\u00e9todo de redenci\u00f3n. A <strong>M\u00e0xim Huerta<\/strong> lo vemos cada ma\u00f1ana repasando la actualidad social, pero luego en las librer\u00edas apuesta por historias m\u00e1s sobrias como la de \u2018<a href=\"http:\/\/www.casadellibro.com\/libro-una-tienda-en-paris\/9788427039032\/2018463\" target=\"_blank\" rel=\"external nofollow\">Una tienda de Par\u00eds<\/a>\u2019, sobre una mujer que decide empezar su vida de cero.\u00a0<\/span><span style=\"font-size: large;\">Su compa\u00f1era, <strong>Carmen Alcayde<\/strong>, se ha inclinado por el g\u00e9nero de la autoayuda, dando consejos para \u2018<a href=\"http:\/\/www.casadellibro.com\/libro-pe-sobrevivir-en-pareja\/9788484608035\/1265697\" target=\"_blank\" rel=\"external nofollow\">Sobrevivir en pareja<\/a>\u2019 o para asumir los 30 con \u2018<a href=\"http:\/\/www.casadellibro.com\/libro-treintaneras\/9788496280434\/1058591\" target=\"_blank\" rel=\"external nofollow\">Treinta\u00f1eras<\/a>\u2019. \u201c\u00bfDif\u00edcil? Tranquila, estoy aqu\u00ed para ayudarte. Respira hondo, rel\u00e1jate y lee este libro despacito\u201d, afirma a modo de reclamo.<\/span><\/p>\n<p><span style=\"font-size: large;\">No eres nadie en la peque\u00f1a pantalla si no has escrito un libro. Lo tienen <strong>Mar\u00eda Teresa, Karlos Argui\u00f1ano, David Cantero, Javier Sard\u00e1, Christian G\u00e1lvez, Raquel S\u00e1nchez Silva<\/strong> o <strong>Ana Garc\u00eda Si\u00f1eriz<\/strong>. Vamos, que llega <strong>Emma Garc\u00eda<\/strong> y la miran raro. \u00bfY t\u00fa por qu\u00e9 no has escrito nada?<\/span><\/p>\n<p><span style=\"font-size: large;\"><a href=\"\/elsindromededarrin\/wp-content\/uploads\/sites\/21\/2012\/11\/principal-karmele-marchante-presenta-en-bilbao-su-libro-los-juguetes-de-karmele-es_med.jpg\"><br \/>\n<\/a><a href=\"\/elsindromededarrin\/wp-content\/uploads\/sites\/21\/2012\/11\/principal-karmele-marchante-presenta-en-bilbao-su-libro-los-juguetes-de-karmele-es_med.jpg\"><img loading=\"lazy\" class=\"alignleft size-medium wp-image-452\" title=\"principal-karmele-marchante-presenta-en-bilbao-su-libro-los-juguetes-de-karmele-es_med\" src=\"\/elsindromededarrin\/wp-content\/uploads\/sites\/21\/2012\/11\/principal-karmele-marchante-presenta-en-bilbao-su-libro-los-juguetes-de-karmele-es_med.jpg\" alt=\"\" width=\"202\" height=\"300\" srcset=\"https:\/\/static-blogs.lasprovincias.es\/wp-content\/uploads\/sites\/21\/2012\/11\/principal-karmele-marchante-presenta-en-bilbao-su-libro-los-juguetes-de-karmele-es_med.jpg 290w, https:\/\/static-blogs.lasprovincias.es\/wp-content\/uploads\/sites\/21\/2012\/11\/principal-karmele-marchante-presenta-en-bilbao-su-libro-los-juguetes-de-karmele-es_med-202x300.jpg 202w\" sizes=\"(max-width: 202px) 100vw, 202px\" \/><\/a>A cada televisivo le da por un tema cuando se pasa\u00a0al universo de\u00a0la tecla. <strong>Karmele Marchante<\/strong> hablaba de sexo (\u2018<a href=\"http:\/\/www.casadellibro.com\/libro-los-juguetes-de-karmele-bolas-chinas-vibradores-columpios-del-amor-y-otros-entrenimientos-eroticos\/9788497349703\/1698891\" target=\"_blank\" rel=\"external nofollow\">Los juguetes de Karmele<\/a>\u2019), que aparentemente es como si a m\u00ed me da por hablar de culturismo. Pero igual son s\u00f3lo prejuicios m\u00edos. <strong>Cristina T\u00e1rrega<\/strong> se hizo experta en nutrici\u00f3n y belleza (\u2018<a href=\"http:\/\/www.casadellibro.com\/libro-una-solucion-quiero-los-tratamientos-mas-eficaces-y-revolucion-arios-para-estar-espectacular-por-dentro-y-por-fuera\/9788499700526\/1861575\" target=\"_blank\" rel=\"external nofollow\">Una soluci\u00f3n quiero<\/a>\u2019, \u2018<a href=\"http:\/\/www.casadellibro.com\/libro-diez-anos-mas-joven\/9788499707587\/1998543\" target=\"_blank\" rel=\"external nofollow\">Diez a\u00f1os m\u00e1s joven<\/a>\u2019) y <strong>Marta Robles<\/strong> sac\u00f3 la vena de Cicerone (\u2018<a href=\"http:\/\/www.casadellibro.com\/libro-madrid-me-marta-una-guia-diferente-para-conocer-los-rincones-mas-originales-de-la-ciudad-y-estar-a-la-ultima\/9788408086567\/1800846\" target=\"_blank\" rel=\"external nofollow\">Madrid me Marta<\/a>\u2019). <strong>Jandro<\/strong>, de &#8216;El Hormiguero&#8217;, elabor\u00f3 una gu\u00eda para calvos; <strong>Carmen Lomana<\/strong>, una biblia de la elegancia (&#8216;<a href=\"http:\/\/www.casadellibro.com\/ebook-los-diez-mandamientos-de-la-mujer-11-ebook\/9788467039184\/1986907\" target=\"_blank\" rel=\"external nofollow\">Los diez mandamientos de una mujer 11<\/a>&#8216;), y <strong>Jes\u00fas Calleja<\/strong>, un manual para aventureros.<\/span><\/p>\n<p><span style=\"font-size: large;\"><a href=\"\/elsindromededarrin\/wp-content\/uploads\/sites\/21\/2012\/11\/13_PREMIOPLANETA_Arduino_Vannucchi.jpg\"><br \/>\n<\/a>De los consejos se alej\u00f3 <strong>Nuria Roca<\/strong>, que ha encontrado un fil\u00f3n mano a mano con su marido, <strong>Juan del Val<\/strong> (\u2018<a href=\"http:\/\/www.casadellibro.com\/libro-para-ana-de-tu-muerto\/9788467006971\/1972351\" target=\"_blank\" rel=\"external nofollow\">Para Ana (de tu muerto<\/a>)\u2019, \u2018<a href=\"http:\/\/www.casadellibro.com\/libro-lo-inevitable-del-amor\/9788467008814\/2018422\" target=\"_blank\" rel=\"external nofollow\">Lo inevitable del amor<\/a>\u2019). <strong>Teresa Viejo<\/strong>, despu\u00e9s de una etapa dedicada a analizar las diferencias entre hombres y mujeres (\u2018<a href=\"http:\/\/www.casadellibro.com\/libro-como-ser-mujer-y-trabajar-con-hombres\/9788427033931\/1159189\" target=\"_blank\" rel=\"external nofollow\">C\u00f3mo ser mujer y trabajar con hombres<\/a>\u2019, \u2018<a href=\"http:\/\/www.casadellibro.com\/libro-hombres-modo-de-empleo\/9788427027275\/791746\" target=\"_blank\" rel=\"external nofollow\">Hombres. Modo de empleo<\/a>\u2019), se lanz\u00f3 a la novela hist\u00f3rica con \u2018<a href=\"http:\/\/www.casadellibro.com\/libro-la-memoria-del-agua\/9788427035690\/1265650\" target=\"_blank\" rel=\"external nofollow\">La memoria del agua<\/a>\u2019. <strong>Nieves Herrero<\/strong>, adem\u00e1s de abordar la figura de Leonor de Borb\u00f3n, ha escrito dos novelas de ficci\u00f3n, &#8216;<a href=\"http:\/\/www.casadellibro.com\/libro-esa-luna-rota\/9788427027152\/795176\" target=\"_blank\" rel=\"external nofollow\">Esa luna rota<\/a>&#8216;, sobre una ruptura matrimonial, y &#8216;<a href=\"http:\/\/www.casadellibro.com\/libro-corazon-de-indio\/9788467032550\/1799959\" target=\"_blank\" rel=\"external nofollow\">Coraz\u00f3n de indio<\/a>&#8216;,\u00a0en torno a\u00a0un joven que se somete a un trasplante de coraz\u00f3n.<\/span><\/p>\n<p>&nbsp;<\/p>\n<p><span style=\"font-size: large;\"><a href=\"\/elsindromededarrin\/wp-content\/uploads\/sites\/21\/2012\/11\/13_PREMIOPLANETA_Arduino_Vannucchi.jpg\"><img loading=\"lazy\" class=\"alignleft size-medium wp-image-453\" title=\"13_PREMIOPLANETA_Arduino_Vannucchi\" src=\"\/elsindromededarrin\/wp-content\/uploads\/sites\/21\/2012\/11\/13_PREMIOPLANETA_Arduino_Vannucchi.jpg\" alt=\"\" width=\"300\" height=\"200\" srcset=\"https:\/\/static-blogs.lasprovincias.es\/wp-content\/uploads\/sites\/21\/2012\/11\/13_PREMIOPLANETA_Arduino_Vannucchi.jpg 3168w, https:\/\/static-blogs.lasprovincias.es\/wp-content\/uploads\/sites\/21\/2012\/11\/13_PREMIOPLANETA_Arduino_Vannucchi-300x200.jpg 300w, https:\/\/static-blogs.lasprovincias.es\/wp-content\/uploads\/sites\/21\/2012\/11\/13_PREMIOPLANETA_Arduino_Vannucchi-768x512.jpg 768w, https:\/\/static-blogs.lasprovincias.es\/wp-content\/uploads\/sites\/21\/2012\/11\/13_PREMIOPLANETA_Arduino_Vannucchi-1024x683.jpg 1024w\" sizes=\"(max-width: 300px) 100vw, 300px\" \/><\/a>Una de las \u00faltimas televisivas en busca de hueco en el sector editorial ha sido <strong>Mara Torres<\/strong>, la presentadora de La 2 Noticias, que ha ganado el Planeta con \u2018<a href=\"http:\/\/www.casadellibro.com\/libro-la-vida-imaginaria-finalista-premio-planeta-2012\/9788408031420\/2042517\" target=\"_blank\" rel=\"external nofollow\">La vida imaginaria<\/a>\u2019. Antes hab\u00eda escrito un recopilatorio con las an\u00e9cdotas del programa radiof\u00f3nico \u2018Hablar por hablar\u2019 y una colecci\u00f3n de relatos, \u2018Sin ti. Cuatro miradas desde la ausencia\u2019.<\/span><\/p>\n<p><span style=\"font-size: large;\">Nunca se sabe d\u00f3nde se esconde un buen escritor. <strong>\u00c1ngeles Caso<\/strong> era la chica del Telediario y ha acabado como una de las autoras m\u00e1s reputadas de este pa\u00eds. Nunca se sabe\u2026\u00a0<\/span><\/p>\n<p><span style=\"font-size: large;\">Ahora, abran paso, que llega Jorge Javier. Hasta el momento sabemos que es capaz de reventar aud\u00edmetros con sus programas.\u00a0Que tiemblen\u00a0Ken Follet\u00a0y E. L. James.<\/span><\/p>\n<p>&nbsp;<\/p>\n<p><span style=\"font-size: small;\"><em>T\u00edtulos de cr\u00e9dito: Para quejas, sugerencias y otras necesidades humanas mi correo es mlabastida@lasprovincias.es<\/em>\u00a0<\/span><\/p>\n<!-- AddThis Advanced Settings generic via filter on the_content --><!-- AddThis Share Buttons generic via filter on the_content -->","protected":false},"excerpt":{"rendered":"<p>&#8220;Estas son mis tres reglas de la escritura. Una: es dif\u00edcil, dos: siempre habr\u00e1 m\u00e1s rechazo que aceptaci\u00f3n, y tres: intentar dar placer con cada frase&#8221; Jonathan Ames &nbsp; &nbsp; Paren m\u00e1quinas. Jorge Javier ha escrito un libro. Esto no es ficci\u00f3n, va en serio. Lo juro. Es una especie de medio biograf\u00eda. Es decir, [&hellip;]<!-- AddThis Advanced Settings generic via filter on get_the_excerpt --><!-- AddThis Share Buttons generic via filter on get_the_excerpt --><\/p>\n","protected":false},"author":29,"featured_media":0,"comment_status":"open","ping_status":"closed","sticky":false,"template":"","format":"standard","meta":[],"categories":[2],"tags":[287,405,451,792],"_links":{"self":[{"href":"https:\/\/blogs.lasprovincias.es\/elsindromededarrin\/wp-json\/wp\/v2\/posts\/448"}],"collection":[{"href":"https:\/\/blogs.lasprovincias.es\/elsindromededarrin\/wp-json\/wp\/v2\/posts"}],"about":[{"href":"https:\/\/blogs.lasprovincias.es\/elsindromededarrin\/wp-json\/wp\/v2\/types\/post"}],"author":[{"embeddable":true,"href":"https:\/\/blogs.lasprovincias.es\/elsindromededarrin\/wp-json\/wp\/v2\/users\/29"}],"replies":[{"embeddable":true,"href":"https:\/\/blogs.lasprovincias.es\/elsindromededarrin\/wp-json\/wp\/v2\/comments?post=448"}],"version-history":[{"count":0,"href":"https:\/\/blogs.lasprovincias.es\/elsindromededarrin\/wp-json\/wp\/v2\/posts\/448\/revisions"}],"wp:attachment":[{"href":"https:\/\/blogs.lasprovincias.es\/elsindromededarrin\/wp-json\/wp\/v2\/media?parent=448"}],"wp:term":[{"taxonomy":"category","embeddable":true,"href":"https:\/\/blogs.lasprovincias.es\/elsindromededarrin\/wp-json\/wp\/v2\/categories?post=448"},{"taxonomy":"post_tag","embeddable":true,"href":"https:\/\/blogs.lasprovincias.es\/elsindromededarrin\/wp-json\/wp\/v2\/tags?post=448"}],"curies":[{"name":"wp","href":"https:\/\/api.w.org\/{rel}","templated":true}]}}