{"id":456,"date":"2012-11-09T11:32:15","date_gmt":"2012-11-09T11:32:15","guid":{"rendered":"http:\/\/blogs.lasprovincias.es\/elsindromededarrin\/?p=456"},"modified":"2012-11-09T11:32:15","modified_gmt":"2012-11-09T11:32:15","slug":"los-discapacitados-no-son-bien-recibidos","status":"publish","type":"post","link":"https:\/\/blogs.lasprovincias.es\/elsindromededarrin\/2012\/11\/09\/los-discapacitados-no-son-bien-recibidos\/","title":{"rendered":"Los discapacitados son invisibles"},"content":{"rendered":"<p style=\"text-align: right;\"><span style=\"font-size: small;\"><strong>&#8220;Ni siquiera me duele, pero me pica un poco y las chicas se derriten viendo mi bast\u00f3n&#8221;<\/strong><\/span><\/p>\n<p style=\"text-align: right;\"><span style=\"font-size: small;\">Doctor House<\/span><\/p>\n<p>&nbsp;<\/p>\n<p style=\"text-align: center;\"><a href=\"\/elsindromededarrin\/wp-content\/uploads\/sites\/21\/2012\/11\/6a00d834518cc969e200e54f1f104c8834-800wi.jpg\"><img loading=\"lazy\" class=\"aligncenter  wp-image-457\" title=\"Friday Night Lights\" src=\"\/elsindromededarrin\/wp-content\/uploads\/sites\/21\/2012\/11\/6a00d834518cc969e200e54f1f104c8834-800wi.jpg\" alt=\"\" width=\"504\" height=\"338\" srcset=\"https:\/\/static-blogs.lasprovincias.es\/wp-content\/uploads\/sites\/21\/2012\/11\/6a00d834518cc969e200e54f1f104c8834-800wi.jpg 800w, https:\/\/static-blogs.lasprovincias.es\/wp-content\/uploads\/sites\/21\/2012\/11\/6a00d834518cc969e200e54f1f104c8834-800wi-300x201.jpg 300w, https:\/\/static-blogs.lasprovincias.es\/wp-content\/uploads\/sites\/21\/2012\/11\/6a00d834518cc969e200e54f1f104c8834-800wi-768x514.jpg 768w\" sizes=\"(max-width: 504px) 100vw, 504px\" \/><\/a><\/p>\n<p>&nbsp;<\/p>\n<p><span style=\"font-size: large;\">Est\u00e1n ah\u00ed pero no se les ve. O no se les mira. Existen pero apenas se les nombra. Si aparecen hay quien disimula, otros sonr\u00eden con condescendencia. Nunca son el chico m\u00e1s popular de la escuela, ni el hombre de negocios con \u00e9xito. Rara vez encarnan al protagonista. Lo suyo, de ser, es el papel secundario.<\/span><\/p>\n<p><span style=\"font-size: large;\">Sobre gui\u00f3n, las sillas de ruedas son condenas; la ceguera es un castigo. La palabra autismo da miedo; Down provoca l\u00e1stima; Rett suena extra\u00f1o. El esquizofr\u00e9nico asusta. El bipolar causa sospecha.<\/span><\/p>\n<p><span style=\"font-size: large;\">La discapacidad sigue siendo la gran asignatura pendiente de las series de televisi\u00f3n. M\u00e1s de mil millones de personas viven en todo el mundo con alguna forma de discapacidad. Y, pese a la cifra, su representaci\u00f3n en la peque\u00f1a pantalla es exigua. No son bien recibidos. Un <a href=\"http:\/\/www.disabilityscoop.com\/2011\/09\/29\/tv-characters-disabilities-few\/14137\/\" target=\"_blank\" rel=\"external nofollow\">informe<\/a> se\u00f1alaba el a\u00f1o pasado que s\u00f3lo el 1% de los personajes regulares de las series generalistas de la televisi\u00f3n americana presentaban alguna discapacidad. El estudio se basaba en 647 personajes de las principales ficciones de cinco cadenas (ABC, CBS, CW, FOX y NBC). De ellos cinco eran discapacitados. Una cifra baja, casi invisible.<\/span><\/p>\n<p><span style=\"font-size: large;\">En Valencia se celebra estos d\u00edas el festival <a href=\"http:\/\/www.festival10sentidos.com\/\" target=\"_blank\" rel=\"external nofollow\">10 Sentidos<\/a>, cuyo objetivo es hacer de la diferencia, una virtud. Muestra, a trav\u00e9s de las artes esc\u00e9nicas, el trabajo de compa\u00f1\u00edas en las que conviven artistas discapacitados con otros que \u201caparentemente\u201d no lo son. S\u00f3lo aparentemente. Porque hay discapacidades menos evidentes, o m\u00e1s asumidas por la sociedad.<\/span><\/p>\n<p><span style=\"font-size: large;\">Para la televisi\u00f3n es un campo por explorar y abordar. Aunque no todo es tan negativo. Comienzan a abrirse delgados senderos esperanzadores. Pero queda camino. El objetivo: la normalizaci\u00f3n. Que la discapacidad deje de ser tratada en la peque\u00f1a pantalla con estereotipos o como un problema.<\/span><\/p>\n<p><span style=\"font-size: large;\">Geri Jewell padece par\u00e1lisis cerebral. Fue la primera actriz con una discapacidad que interpret\u00f3 en una serie de televisi\u00f3n (\u2018<a href=\"http:\/\/www.tv.com\/shows\/the-facts-of-life\/\" target=\"_blank\" rel=\"external nofollow\">The Facts of life<\/a>\u2019) un personaje regular. Aunque su participaci\u00f3n fue breve, 16 cap\u00edtulos en tres a\u00f1os.<\/span><\/p>\n<p><span style=\"font-size: large;\">La discapacidad hab\u00eda sido antes incluida en las tramas, l\u00f3gicamente. Uno de los roles cat\u00f3dicos m\u00e1s recordados es, sin duda, el de la peque\u00f1a Clara en \u2018Heidi\u2019, la dulce ni\u00f1a que vive en la casa a la que es enviada la protagonista y que no puede caminar. Su presentaci\u00f3n no puede ser m\u00e1s l\u00fagubre. \u201cSu vida es muy triste, encerrada siempre en casa, condenada a una silla de ruedas\u201d, afirma en uno de los primeros cap\u00edtulos. \u201cC\u00f3mo te envidio, t\u00fa puedes andar siempre que quieras\u201d, le dice a Heidi al conocerla. El planteamiento pretende despertar la l\u00e1stima. Clara, por cierto, pudo volver a caminar gracias a los ejercicios y al optimismo de Heidi.<\/span><\/p>\n<p>&nbsp;<\/p>\n<p><iframe loading=\"lazy\" src=\"\/\/www.youtube.com\/embed\/2YCL7Hq5aEc\" frameborder=\"0\" width=\"420\" height=\"315\"><\/iframe><\/p>\n<p>&nbsp;<\/p>\n<p><span style=\"font-size: large;\">Las recuperaciones milagrosas son habituales en las series. Fueron recurrentes en culebrones como &#8216;<a href=\"http:\/\/www.tv.com\/shows\/falcon-crest\/\" target=\"_blank\" rel=\"external nofollow\">Falcon Crest<\/a>&#8216; (Chase Gioberti) o &#8216;<a href=\"http:\/\/www.tv.com\/shows\/dynasty\/\" target=\"_blank\" rel=\"external nofollow\">Dinast\u00eda<\/a>&#8216; (Fallon Carrington) y en otros m\u00e1s contempor\u00e1neos como \u2018<a href=\"http:\/\/www.tv.com\/shows\/melrose-place\/\" target=\"_blank\" rel=\"external nofollow\">Melrose Place<\/a>\u2019, donde Alison recuperaba la vista de repente. La constante siempre era la misma, se expon\u00edan unas condiciones de vida que se asum\u00edan como terribles (sordera, ceguera, par\u00e1lisis) y despu\u00e9s el espectador asist\u00eda al milagro.<\/span><\/p>\n<p>&nbsp;<\/p>\n<p><span style=\"font-size: large;\"><a href=\"\/elsindromededarrin\/wp-content\/uploads\/sites\/21\/2012\/11\/FX_AHS_WP_1024x768_11.jpg\"><img loading=\"lazy\" class=\"alignleft size-medium wp-image-458\" title=\"FX_AHS_WP_1024x768_11\" src=\"\/elsindromededarrin\/wp-content\/uploads\/sites\/21\/2012\/11\/FX_AHS_WP_1024x768_11.jpg\" alt=\"\" width=\"300\" height=\"195\" srcset=\"https:\/\/static-blogs.lasprovincias.es\/wp-content\/uploads\/sites\/21\/2012\/11\/FX_AHS_WP_1024x768_11.jpg 600w, https:\/\/static-blogs.lasprovincias.es\/wp-content\/uploads\/sites\/21\/2012\/11\/FX_AHS_WP_1024x768_11-300x195.jpg 300w\" sizes=\"(max-width: 300px) 100vw, 300px\" \/><\/a>Son algunos clich\u00e9s que se han repetido a lo largo de los a\u00f1os, como se\u00f1ala un <a href=\"http:\/\/usuarios.discapnet.es\/ajimenez\/imagen\/imagensocial.htm\" target=\"_blank\" rel=\"external nofollow\">estudio<\/a> de Discapnet. Tradicionalmente han existido dos tipos de discapacitados en cine y televisi\u00f3n. Por un lado, los personajes extraordinariamente bondadosos y llenos de inocencia (que as\u00ed resultaban m\u00e1s dram\u00e1ticos), como Mery Ingalls, la hija invidente de \u2018<a href=\"http:\/\/www.tv.com\/shows\/little-house-on-the-prairie\/\" target=\"_blank\" rel=\"external nofollow\">La casa de la pradera<\/a>\u2019; o Corky, el adolescente de \u2018<a href=\"http:\/\/www.tv.com\/shows\/life-goes-on\/\" target=\"_blank\" rel=\"external nofollow\">A fuerza de cari\u00f1o<\/a>\u2019. Por otro lado est\u00e1n los autodestructivos o malvados o que se victimizan. No hay que irse muy atr\u00e1s para buscar ejemplos, Billy, en \u2018<a href=\"http:\/\/www.hbo.com\/six-feet-under\/index.html\" target=\"_blank\" rel=\"external nofollow\">A dos metros bajo tierra<\/a>\u2019, es un ser extremo que padece bipolaridad. \u2018<a href=\"http:\/\/www.fxnetworks.com\/ahs\" target=\"_blank\" rel=\"external nofollow\">American Horror Story<\/a>\u2019 jugaba con la \u2018intranquila inocencia\u2019 que irradiaba el s\u00edndrome de Down de una de las protagonistas.<\/span><\/p>\n<p><span style=\"font-size: large;\">Otra manera recurrente de reflejarlos es como h\u00e9roes, individuos extraordinarios que luchan contra lo imposible. Este recurso se repet\u00eda habitualmente en el cine y televisi\u00f3n posterior a la Segunda Guerra Mundial, cuando se multiplicaron los soldados en sillas de ruedas por haber defendido al pa\u00eds. Recientemente este t\u00f3pico surg\u00eda en \u2018<a href=\"http:\/\/www.itv.com\/downtonabbey\/\" target=\"_blank\" rel=\"external nofollow\">Downton Abbey<\/a>\u2019 con el personaje de Matthew, quien, por cierto, tambi\u00e9n se recuper\u00f3 milagrosamente.<\/span><\/p>\n<p>&nbsp;<\/p>\n<p><span style=\"font-size: large;\"><a href=\"\/elsindromededarrin\/wp-content\/uploads\/sites\/21\/2012\/11\/ironside020ln.jpg\"><img loading=\"lazy\" class=\"alignleft size-full wp-image-459\" title=\"ironside020ln\" src=\"\/elsindromededarrin\/wp-content\/uploads\/sites\/21\/2012\/11\/ironside020ln.jpg\" alt=\"\" width=\"248\" height=\"280\" \/><\/a>En la mayor\u00eda de ocasiones la discapacidad era un lastre, un problema que deb\u00eda desaparecer. Raras eran las ocasiones en que se dibujase como una caracter\u00edstica m\u00e1s del protagonista pero que la trama principal no girase en torno a ella. En \u2018<a href=\"http:\/\/www.tv.com\/shows\/ironside\/\" target=\"_blank\" rel=\"external nofollow\">Ironside<\/a>\u2019 el protagonista trabajaba como polic\u00eda, es tiroteado y, como consecuencia, su espina dorsal resulta da\u00f1ada y ha de usar silla de ruedas. Es cierto que los casos que el detective investiga centraban la trama, pero hay que recordar que lo hac\u00eda de manera voluntaria, ya que no pudo mantener su puesto debido a su discapacidad.<\/span><\/p>\n<p>&nbsp;<\/p>\n<p><span style=\"font-size: large;\">La paraplejia comienza ahora a tratarse con m\u00e1s normalidad en televisi\u00f3n, aunque principalmente a trav\u00e9s de personajes secundarios, como Artie, de \u2018<a href=\"http:\/\/www.fox.com\/glee\/\" target=\"_blank\" rel=\"external nofollow\">Glee<\/a>\u2019, donde esta caracter\u00edstica es relevante pero no exclusiva. Artie es un adolescente como los dem\u00e1s preocupado por conseguir sus sue\u00f1os y el amor. En \u2018<a href=\"http:\/\/www.tv.com\/shows\/malcolm-in-the-middle\/\" target=\"_blank\" rel=\"external nofollow\">Malcolm in the middle<\/a>\u2019 para el ni\u00f1o protagonista es un castigo acudir a casa de los Kenarban a jugar con su hijo, Stevie, puesto que este utiliza una silla de ruedas y padece asma cr\u00f3nica. Sin embargo, enseguida se dar\u00e1n cuenta de la cantidad de cosas que tienen en com\u00fan pese a las diferencias. Otros ejemplos aceptables ser\u00edan Kevin, el hermano mayor en \u2018<a href=\"http:\/\/www.tv.com\/shows\/joan-of-arcadia\/\" target=\"_blank\" rel=\"external nofollow\">Joan de Arcadia<\/a>\u2019, o Jason, la estrella del equipo de \u2018<a href=\"http:\/\/www.tv.com\/movies\/friday-night-lights\/\" target=\"_blank\" rel=\"external nofollow\">Friday Night Lights<\/a>\u2019.<\/span><\/p>\n<p>&nbsp;<\/p>\n<p><span style=\"font-size: large;\"><a href=\"\/elsindromededarrin\/wp-content\/uploads\/sites\/21\/2012\/11\/Max-Braverman-a.jpg\"><img loading=\"lazy\" class=\"alignleft size-medium wp-image-460\" title=\"Max-Braverman-a\" src=\"\/elsindromededarrin\/wp-content\/uploads\/sites\/21\/2012\/11\/Max-Braverman-a.jpg\" alt=\"\" width=\"225\" height=\"300\" srcset=\"https:\/\/static-blogs.lasprovincias.es\/wp-content\/uploads\/sites\/21\/2012\/11\/Max-Braverman-a.jpg 360w, https:\/\/static-blogs.lasprovincias.es\/wp-content\/uploads\/sites\/21\/2012\/11\/Max-Braverman-a-225x300.jpg 225w\" sizes=\"(max-width: 225px) 100vw, 225px\" \/><\/a>En la televisi\u00f3n generalista la inclusi\u00f3n de personajes regulares con discapacidad sigue siendo excepcional. En \u2018<a href=\"http:\/\/www.nbc.com\/parenthood\/\" target=\"_blank\" rel=\"external nofollow\">Parenthood<\/a>\u2019, el hijo del protagonista padece el s\u00edndrome de Asperger; en \u2018<a href=\"http:\/\/www.fox.com\/raisinghope\/\" target=\"_blank\" rel=\"external nofollow\">Raising Hope<\/a>\u2019, la abuela de Virginia sufre Alzheimer; Albert, m\u00e9dico forense de \u2018<a href=\"http:\/\/www.cbs.com\/shows\/csi\/\" target=\"_blank\" rel=\"external nofollow\">CSI<\/a>\u2019, lleva dos pr\u00f3tesis en las piernas; en \u2018<a href=\"http:\/\/www.tv.com\/shows\/er\/\" target=\"_blank\" rel=\"external nofollow\">Urgencias<\/a>\u2019, la doctora Kerry Weaver necesitaba una muleta para desplazarse; en &#8216;<a href=\"http:\/\/www.tv.com\/shows\/house\/\" target=\"_blank\" rel=\"external nofollow\">House<\/a>&#8216;, el doctor se apoya en un bast\u00f3n porque un infarto le hizo perder musculatura en la pierna, y en \u2018<a href=\"http:\/\/www.tv.com\/shows\/becker\/\" target=\"_blank\" rel=\"external nofollow\">Becker<\/a>\u2019, el mejor amigo del protagonista es ciego. Un caso especial fue el de John Locke, en \u2018<a href=\"http:\/\/abc.go.com\/shows\/lost\" target=\"_blank\" rel=\"external nofollow\">Perdidos<\/a>\u2019, al que la isla le \u2018liber\u00f3\u2019 de su silla de ruedas.<\/span><\/p>\n<p><span style=\"font-size: large;\">La aparici\u00f3n de cadenas por cable minoritarias y el boom de las series ha propiciado una mayor apertura al tratamiento de esta cuesti\u00f3n. Un buen ejemplo es el del hijo de Walter White, en \u2018<a href=\"http:\/\/www.amctv.com\/shows\/breaking-bad\" target=\"_blank\" rel=\"external nofollow\">Breaking Bad<\/a>\u2019, que naci\u00f3 con par\u00e1lisis cerebral, lo que le provoca algunos problemas para hablar y dificultades motrices para vestirse o caminar, pero las tramas nunca giran en torno a ello.\u00a0<\/span><\/p>\n<p>&nbsp;<\/p>\n<p style=\"text-align: center;\"><a href=\"\/elsindromededarrin\/wp-content\/uploads\/sites\/21\/2012\/11\/Walter-Jr-Bench-760.jpg\"><img loading=\"lazy\" class=\"aligncenter  wp-image-461\" title=\"Walter-Jr-Bench-760\" src=\"\/elsindromededarrin\/wp-content\/uploads\/sites\/21\/2012\/11\/Walter-Jr-Bench-760.jpg\" alt=\"\" width=\"532\" height=\"375\" srcset=\"https:\/\/static-blogs.lasprovincias.es\/wp-content\/uploads\/sites\/21\/2012\/11\/Walter-Jr-Bench-760.jpg 760w, https:\/\/static-blogs.lasprovincias.es\/wp-content\/uploads\/sites\/21\/2012\/11\/Walter-Jr-Bench-760-300x211.jpg 300w\" sizes=\"(max-width: 532px) 100vw, 532px\" \/><\/a><\/p>\n<p>&nbsp;<\/p>\n<p><span style=\"font-size: large;\"><a href=\"\/elsindromededarrin\/wp-content\/uploads\/sites\/21\/2012\/11\/tumblr_mbgene5MsA1r4srj1o1_1280.jpg\"><img loading=\"lazy\" class=\"alignleft size-medium wp-image-462\" title=\"tumblr_mbgene5MsA1r4srj1o1_1280\" src=\"\/elsindromededarrin\/wp-content\/uploads\/sites\/21\/2012\/11\/tumblr_mbgene5MsA1r4srj1o1_1280.jpg\" alt=\"\" width=\"300\" height=\"200\" srcset=\"https:\/\/static-blogs.lasprovincias.es\/wp-content\/uploads\/sites\/21\/2012\/11\/tumblr_mbgene5MsA1r4srj1o1_1280.jpg 640w, https:\/\/static-blogs.lasprovincias.es\/wp-content\/uploads\/sites\/21\/2012\/11\/tumblr_mbgene5MsA1r4srj1o1_1280-300x200.jpg 300w\" sizes=\"(max-width: 300px) 100vw, 300px\" \/><\/a>Otros casos se pueden contemplar en &#8216;<a href=\"http:\/\/www.sho.com\/sho\/homeland\/home\" target=\"_blank\" rel=\"external nofollow\">Homeland<\/a>&#8216;, en la que\u00a0Carrie Mathison es bipolar; en\u00a0\u2018<a href=\"http:\/\/www.sho.com\/sho\/weeds\/home\" target=\"_blank\" rel=\"external nofollow\">Weeds<\/a>\u2019, donde Silas, el hijo mayor de Nancy Botwin, se enamora de una joven sordomuda; en \u2018<a href=\"http:\/\/www.thelwordonline.com\/\" target=\"_blank\" rel=\"external nofollow\">L Word<\/a>\u2019, en cuya cuarta temporada se incorpor\u00f3 una profesora de artes sorda, interpretada por \u00a0Marlee Matlin, famosa por su papel en \u2018Hijos de un dios menor\u2019, o en \u2018<a href=\"http:\/\/www.usanetwork.com\/series\/covertaffairs\/\" target=\"_blank\" rel=\"external nofollow\">Covert Affairs<\/a>\u2019, que incluye un inform\u00e1tico ciego. En \u2018<a href=\"http:\/\/www.syfy.com\/alphas\" target=\"_blank\" rel=\"external nofollow\">Alphas<\/a>\u2019 el personaje de Gary es autista, pero aqu\u00ed se le dota de un poder especial, el de detectar y rastrear se\u00f1ales electromagn\u00e9ticas.<\/span><\/p>\n<p>&nbsp;<\/p>\n<p><em>T\u00edtulos de cr\u00e9dito: Para quejas, sugerencias y otras necesidades humanas mi correo es mlabastida@lasprovincias.es<\/em><\/p>\n<!-- AddThis Advanced Settings generic via filter on the_content --><!-- AddThis Share Buttons generic via filter on the_content -->","protected":false},"excerpt":{"rendered":"<p>&#8220;Ni siquiera me duele, pero me pica un poco y las chicas se derriten viendo mi bast\u00f3n&#8221; Doctor House &nbsp; &nbsp; Est\u00e1n ah\u00ed pero no se les ve. O no se les mira. Existen pero apenas se les nombra. Si aparecen hay quien disimula, otros sonr\u00eden con condescendencia. Nunca son el chico m\u00e1s popular de [&hellip;]<!-- AddThis Advanced Settings generic via filter on get_the_excerpt --><!-- AddThis Share Buttons generic via filter on get_the_excerpt --><\/p>\n","protected":false},"author":29,"featured_media":0,"comment_status":"open","ping_status":"closed","sticky":false,"template":"","format":"standard","meta":[],"categories":[2],"tags":[11,12,41,114,197,203,238,334,359,361,386,417,420,594,731,867,891],"_links":{"self":[{"href":"https:\/\/blogs.lasprovincias.es\/elsindromededarrin\/wp-json\/wp\/v2\/posts\/456"}],"collection":[{"href":"https:\/\/blogs.lasprovincias.es\/elsindromededarrin\/wp-json\/wp\/v2\/posts"}],"about":[{"href":"https:\/\/blogs.lasprovincias.es\/elsindromededarrin\/wp-json\/wp\/v2\/types\/post"}],"author":[{"embeddable":true,"href":"https:\/\/blogs.lasprovincias.es\/elsindromededarrin\/wp-json\/wp\/v2\/users\/29"}],"replies":[{"embeddable":true,"href":"https:\/\/blogs.lasprovincias.es\/elsindromededarrin\/wp-json\/wp\/v2\/comments?post=456"}],"version-history":[{"count":0,"href":"https:\/\/blogs.lasprovincias.es\/elsindromededarrin\/wp-json\/wp\/v2\/posts\/456\/revisions"}],"wp:attachment":[{"href":"https:\/\/blogs.lasprovincias.es\/elsindromededarrin\/wp-json\/wp\/v2\/media?parent=456"}],"wp:term":[{"taxonomy":"category","embeddable":true,"href":"https:\/\/blogs.lasprovincias.es\/elsindromededarrin\/wp-json\/wp\/v2\/categories?post=456"},{"taxonomy":"post_tag","embeddable":true,"href":"https:\/\/blogs.lasprovincias.es\/elsindromededarrin\/wp-json\/wp\/v2\/tags?post=456"}],"curies":[{"name":"wp","href":"https:\/\/api.w.org\/{rel}","templated":true}]}}