{"id":471,"date":"2012-11-20T19:50:16","date_gmt":"2012-11-20T19:50:16","guid":{"rendered":"http:\/\/blogs.lasprovincias.es\/elsindromededarrin\/?p=471"},"modified":"2012-11-20T19:50:16","modified_gmt":"2012-11-20T19:50:16","slug":"no-solo-pilar-rubio-es-gafe","status":"publish","type":"post","link":"https:\/\/blogs.lasprovincias.es\/elsindromededarrin\/2012\/11\/20\/no-solo-pilar-rubio-es-gafe\/","title":{"rendered":"No s\u00f3lo Pilar Rubio es gafe&#8230;"},"content":{"rendered":"<p style=\"text-align: right;\"><strong><span style=\"font-size: small;\">&#8220;Soy el Rey Midas de la televisi\u00f3n&#8230; S\u00f3lo que al rev\u00e9s&#8221;<\/span><\/strong><\/p>\n<p style=\"text-align: right;\"><span style=\"font-size: small;\">M\u00e1ximo Pradera<\/span><\/p>\n<p>\u00a0<code><\/code><\/p>\n<p style=\"text-align: center;\"><a href=\"\/elsindromededarrin\/wp-content\/uploads\/sites\/21\/2012\/11\/Captura-de-pantalla-2012-07-24-a-las-22.52.031.png\"><img loading=\"lazy\" class=\"aligncenter  wp-image-472\" title=\"Captura de pantalla 2012-07-24 a las 22.52.03[1]\" src=\"\/elsindromededarrin\/wp-content\/uploads\/sites\/21\/2012\/11\/Captura-de-pantalla-2012-07-24-a-las-22.52.031.png\" alt=\"\" width=\"399\" height=\"398\" srcset=\"https:\/\/static-blogs.lasprovincias.es\/wp-content\/uploads\/sites\/21\/2012\/11\/Captura-de-pantalla-2012-07-24-a-las-22.52.031.png 891w, https:\/\/static-blogs.lasprovincias.es\/wp-content\/uploads\/sites\/21\/2012\/11\/Captura-de-pantalla-2012-07-24-a-las-22.52.031-150x150.png 150w, https:\/\/static-blogs.lasprovincias.es\/wp-content\/uploads\/sites\/21\/2012\/11\/Captura-de-pantalla-2012-07-24-a-las-22.52.031-300x300.png 300w, https:\/\/static-blogs.lasprovincias.es\/wp-content\/uploads\/sites\/21\/2012\/11\/Captura-de-pantalla-2012-07-24-a-las-22.52.031-768x766.png 768w\" sizes=\"(max-width: 399px) 100vw, 399px\" \/><\/a><\/p>\n<p>&nbsp;<\/p>\n<p align=\"JUSTIFY\"><span style=\"font-size: large;\">\u00bfOs acord\u00e1is del programa que present\u00f3 Dani Mart\u00ednez en Cuatro? \u00bfNo? \u00c9l tampoco. La que iba a ser la apuesta m\u00e1s importante de la temporada en la cadena benjamina de Mediaset, <strong>&#8216;Guasap!&#8217;<\/strong>, se ha disuelto antes de comenzar a hacer efecto. La emisora envi\u00f3 una nota en la que anunciaba que <\/span><span style=\"font-size: large;\">hab\u00eda decidido parar la producci\u00f3n del espacio al considerar que no se ha alcanzado &#8220;el objetivo deseado&#8221;. Adem\u00e1s valor\u00f3 &#8220;muy positivamente el esfuerzo de todos los miembros del equipo, as\u00ed como su talento y profesionalidad&#8221;. S\u00ed, que son muy buenos, pero que adi\u00f3s.<\/span><\/p>\n<p align=\"JUSTIFY\"><span style=\"font-size: large;\">Esta ha sido la cr\u00f3nica de una muerte anunciada. Los pilotos presentados por la productora de <strong>&#8216;Guasap!&#8217;<\/strong> no gustaron. Vasile los ve\u00eda y todos los rechazaba, ninguno le convenc\u00eda. A saber c\u00f3mo eran. Lo digo porque mira que hay programas que se estrenan y de los que piensas que nadie se ha detenido a echarles un vistazo. <strong>&#8216;Guasap!&#8217;<\/strong> tambi\u00e9n llegaba con otro problema. El programa al que iba a sustituir, &#8216;Lo sabe o no lo sabe&#8217;, que en principio iba a ser un apa\u00f1o veraniego, funciona bastante bien en audiencia, por lo que en la cadena ten\u00edan pocas ganas de experimentos.<\/span><\/p>\n<p align=\"JUSTIFY\"><span style=\"font-size: large;\">El caso es que lo de Dani Mart\u00ednez ha sido visto y no visto. No es al primero al que le pasa. La historia de la televisi\u00f3n espa\u00f1ola est\u00e1 plagada de fichajes anunciados a bombo y platillo que luego no aguantaron ni un combate, espacios que empezaron y, para cuando volv\u00edas del ba\u00f1o, ya los hab\u00edan cancelado. Y esto ha pasado en todas las casas. Nadie se libra.<\/span><\/p>\n<p style=\"text-align: center;\" align=\"JUSTIFY\"><a href=\"\/elsindromededarrin\/wp-content\/uploads\/sites\/21\/2012\/11\/rubio.jpg\"><img loading=\"lazy\" class=\"aligncenter  wp-image-473\" title=\"DOCU_GRUPO PILAR RUBIO\" src=\"\/elsindromededarrin\/wp-content\/uploads\/sites\/21\/2012\/11\/rubio.jpg\" alt=\"\" width=\"469\" height=\"306\" srcset=\"https:\/\/static-blogs.lasprovincias.es\/wp-content\/uploads\/sites\/21\/2012\/11\/rubio.jpg 3800w, https:\/\/static-blogs.lasprovincias.es\/wp-content\/uploads\/sites\/21\/2012\/11\/rubio-300x196.jpg 300w, https:\/\/static-blogs.lasprovincias.es\/wp-content\/uploads\/sites\/21\/2012\/11\/rubio-768x501.jpg 768w, https:\/\/static-blogs.lasprovincias.es\/wp-content\/uploads\/sites\/21\/2012\/11\/rubio-1024x668.jpg 1024w\" sizes=\"(max-width: 469px) 100vw, 469px\" \/><\/a><\/p>\n<p>&nbsp;<\/p>\n<p align=\"JUSTIFY\"><span style=\"font-size: large;\">Cuentan en twitter que Pilar Rubio pas\u00f3 de visita por el plat\u00f3 de <strong>&#8216;Guasap!&#8217;<\/strong>. Pero igual son s\u00f3lo habladur\u00edas. Lo dicen porque plat\u00f3 que pisa, plat\u00f3 que se gafa. <strong>&#8216;XSS&#8217;<\/strong> aguant\u00f3 una emisi\u00f3n, <strong>&#8216;C\u00e1ntame una canci\u00f3n&#8217;<\/strong> apenas tres, <strong>&#8216;Todo el mundo es bueno&#8217;<\/strong> m\u00e1s de lo mismo. Hasta <strong>&#8216;Operaci\u00f3n triunfo&#8217;<\/strong> se tuvo que despedir antes de tiempo.<\/span><\/p>\n<p>&nbsp;<\/p>\n<p align=\"JUSTIFY\"><span style=\"font-size: large;\"><a href=\"\/elsindromededarrin\/wp-content\/uploads\/sites\/21\/2012\/11\/prodigios.jpg\"><img loading=\"lazy\" class=\"alignleft size-medium wp-image-474\" title=\"prodigios\" src=\"\/elsindromededarrin\/wp-content\/uploads\/sites\/21\/2012\/11\/prodigios.jpg\" alt=\"\" width=\"300\" height=\"199\" srcset=\"https:\/\/static-blogs.lasprovincias.es\/wp-content\/uploads\/sites\/21\/2012\/11\/prodigios.jpg 2126w, https:\/\/static-blogs.lasprovincias.es\/wp-content\/uploads\/sites\/21\/2012\/11\/prodigios-300x200.jpg 300w, https:\/\/static-blogs.lasprovincias.es\/wp-content\/uploads\/sites\/21\/2012\/11\/prodigios-768x511.jpg 768w, https:\/\/static-blogs.lasprovincias.es\/wp-content\/uploads\/sites\/21\/2012\/11\/prodigios-1024x682.jpg 1024w\" sizes=\"(max-width: 300px) 100vw, 300px\" \/><\/a>El gafe en Antena 3 hist\u00f3ricamente han\u00a0 sido los &#8216;realitys&#8217;. A prop\u00f3sito precisamente del \u00e9xito del <strong>&#8216;Operaci\u00f3n triunfo&#8217;<\/strong> original Antena 3 se invent\u00f3 una cosa llamada <strong>&#8216;Estudio de actores&#8217;<\/strong> (cambien cantantes por actores), que present\u00f3 Juan Ram\u00f3n Lucas. Dur\u00f3 tres galas. A Patricia Gazta\u00f1aga le inventaron una especie de <strong>&#8216;Gran Hermano&#8217;<\/strong> titulado <strong>&#8216;El marco&#8217;<\/strong>, que no super\u00f3 el segundo programa. En la historia de realitys &#8216;raros, raros, raros&#8217;, que se marcharon precipitadamente, est\u00e1 <strong>&#8216;El castillo de las mentes prodigiosas&#8217;<\/strong> (con Paco Porras y La Bruja Lola, \u00a1tela!), que se mantuvo abierto un mes.<\/span><\/p>\n<p align=\"JUSTIFY\"><span style=\"font-size: large;\">Mucho antes de <strong>&#8216;Tu cara me suena&#8217;<\/strong> Antena 3 ya ide\u00f3 un espacio en el que los famosos mostraban sus habilidades con las cuerdas vocales. Se llam\u00f3 <strong>&#8216;\u00bfCantas o qu\u00e9?&#8217;<\/strong>. Y fue m\u00e1s bien &#8220;o qu\u00e9&#8221;. Intentaba ser un <strong>&#8216;Mira qui\u00e9n baila&#8217;<\/strong> en el que en lugar de bailar los rostros populares cantaban. Carmen Janeiro y Sof\u00eda Mazagatos formaban parte del equipo de concursantes a los que les toc\u00f3 hacer las maletas y salir en estampida tras dos emisiones.<\/span><\/p>\n<p align=\"JUSTIFY\"><span style=\"font-size: large;\">Nadie tiene la f\u00f3rmula m\u00e1gica del \u00e9xito. Creo. Aparentemente todo lo que hace Carlos Sobera (<strong>&#8216;\u00bfQui\u00e9n quiere ser millonario?&#8217;, &#8216;Atrapa un mill\u00f3n&#8217;<\/strong>) funciona. Pues no. TVE estren\u00f3 un viernes <strong>&#8216;D\u00edselo bailando&#8217;<\/strong>. Al viernes siguiente ni estaba ni se le esperaba. En Antena 3 intent\u00f3 poner en marcha <strong>&#8216;El invento del siglo&#8217;<\/strong>, pero no logr\u00f3 atrapar a la audiencia y cuando al cabo de una semana fue a presentar el segundo programa resulta que ya lo hab\u00edan quitado.<\/span><\/p>\n<p>&nbsp;<\/p>\n<p align=\"JUSTIFY\"><span style=\"font-size: large;\"><a href=\"\/elsindromededarrin\/wp-content\/uploads\/sites\/21\/2012\/11\/ferre.jpg\"><img loading=\"lazy\" class=\"alignleft size-medium wp-image-475\" title=\"ferre\" src=\"\/elsindromededarrin\/wp-content\/uploads\/sites\/21\/2012\/11\/ferre.jpg\" alt=\"\" width=\"300\" height=\"200\" srcset=\"https:\/\/static-blogs.lasprovincias.es\/wp-content\/uploads\/sites\/21\/2012\/11\/ferre.jpg 2953w, https:\/\/static-blogs.lasprovincias.es\/wp-content\/uploads\/sites\/21\/2012\/11\/ferre-300x200.jpg 300w, https:\/\/static-blogs.lasprovincias.es\/wp-content\/uploads\/sites\/21\/2012\/11\/ferre-768x512.jpg 768w, https:\/\/static-blogs.lasprovincias.es\/wp-content\/uploads\/sites\/21\/2012\/11\/ferre-1024x683.jpg 1024w\" sizes=\"(max-width: 300px) 100vw, 300px\" \/><\/a>La readaptaci\u00f3n del famoso <strong>&#8216;Vip noche&#8217;<\/strong> que La Sexta encarg\u00f3 a Carolina Ferre resisti\u00f3 dos suspiros. Aquel <strong>&#8216;Tres en raya&#8217;<\/strong> se despidi\u00f3 por la puerta de atr\u00e1s. Ferre llegaba de otras cancelaciones dolorosas, como la del <strong>&#8216;Plan C&#8217;<\/strong>, en Telecinco, retirado a las tres semanas.<\/span><\/p>\n<p align=\"JUSTIFY\"><span style=\"font-size: large;\">Menos paciencia tuvo esta cadena con <strong>&#8216;La s\u00e9ptima silla&#8217;<\/strong>, un espacio de debate de Sandra Barneda, cuyo estreno fue tan mal en audiencia que ya no volvieron a intentarlo. Retiraron la silla y pusieron un sill\u00f3n. Luj\u00e1n Arg\u00fcelles se propuso remontar las tardes de Cuatro con <strong>&#8216;Lo que diga la rubia&#8217;<\/strong>. Al cabo de una semana la rubia ya no dijo nada m\u00e1s.<\/span><\/p>\n<p style=\"text-align: center;\" align=\"JUSTIFY\"><a href=\"\/elsindromededarrin\/wp-content\/uploads\/sites\/21\/2012\/11\/TF06NJ71.jpg\"><img loading=\"lazy\" class=\"aligncenter  wp-image-476\" title=\"TF06NJ71\" src=\"\/elsindromededarrin\/wp-content\/uploads\/sites\/21\/2012\/11\/TF06NJ71.jpg\" alt=\"\" width=\"386\" height=\"253\" srcset=\"https:\/\/static-blogs.lasprovincias.es\/wp-content\/uploads\/sites\/21\/2012\/11\/TF06NJ71.jpg 2126w, https:\/\/static-blogs.lasprovincias.es\/wp-content\/uploads\/sites\/21\/2012\/11\/TF06NJ71-300x197.jpg 300w, https:\/\/static-blogs.lasprovincias.es\/wp-content\/uploads\/sites\/21\/2012\/11\/TF06NJ71-768x504.jpg 768w, https:\/\/static-blogs.lasprovincias.es\/wp-content\/uploads\/sites\/21\/2012\/11\/TF06NJ71-1024x671.jpg 1024w\" sizes=\"(max-width: 386px) 100vw, 386px\" \/><\/a><\/p>\n<p>&nbsp;<\/p>\n<p align=\"JUSTIFY\"><span style=\"font-size: large;\">Tampoco en las tardes Carmen Alcayde tuvo suerte tras el <strong>&#8216;Tomate&#8217;<\/strong>. El que recuerde el\u00a0 magac\u00edn que present\u00f3 en Telecinco en compa\u00f1\u00eda de un ni\u00f1o se lleva un premio. <strong>&#8216;Las gafas de Angelino&#8217;<\/strong> se llamaba. En quince d\u00edas cay\u00f3 fulminado. Antes hab\u00edan emprendido la misma batalla Carolina Cerezuela y Eugeni Alemany con <strong>&#8216;XQ no te callas&#8217;<\/strong> con id\u00e9nticos (desastrosos) resultados.<\/span><\/p>\n<p align=\"JUSTIFY\"><span style=\"font-size: large;\">Nadie duda del talento de profesionales como Berto Romero o de Concha Velasco. Ambos han visto como las expectativas puestas en ellos no se cumpl\u00edan. El debut del &#8216;sobrino&#8217; de Buenafuente en solitario en La Sexta apenas dur\u00f3 tres emisiones. La actriz aguant\u00f3 con <strong>&#8216;Tiempo al tiempo&#8217;<\/strong> en TVE s\u00f3lo el d\u00eda del estreno.<\/span><\/p>\n<p>&nbsp;<\/p>\n<p align=\"JUSTIFY\"><span style=\"font-size: large;\"><a href=\"\/elsindromededarrin\/wp-content\/uploads\/sites\/21\/2012\/11\/pradera.jpg\"><img loading=\"lazy\" class=\"alignleft size-medium wp-image-477\" title=\"pradera\" src=\"\/elsindromededarrin\/wp-content\/uploads\/sites\/21\/2012\/11\/pradera.jpg\" alt=\"\" width=\"300\" height=\"293\" srcset=\"https:\/\/static-blogs.lasprovincias.es\/wp-content\/uploads\/sites\/21\/2012\/11\/pradera.jpg 2286w, https:\/\/static-blogs.lasprovincias.es\/wp-content\/uploads\/sites\/21\/2012\/11\/pradera-300x294.jpg 300w, https:\/\/static-blogs.lasprovincias.es\/wp-content\/uploads\/sites\/21\/2012\/11\/pradera-768x752.jpg 768w, https:\/\/static-blogs.lasprovincias.es\/wp-content\/uploads\/sites\/21\/2012\/11\/pradera-1024x1002.jpg 1024w\" sizes=\"(max-width: 300px) 100vw, 300px\" \/><\/a>Lo peor que le puede pasar a un espacio que debuta es encontrarse enfrente a un hueso duro de roer. Javier Sard\u00e1 lo fue durante mucho tiempo. M\u00e1ximo Pradera dej\u00f3 <strong>&#8216;Lo + Plus&#8217;<\/strong> para\u00a0encargarse de\u00a0un &#8216;late-night&#8217; en Antena 3 denominado <strong>&#8216;Maldita la hora&#8217;<\/strong>. Aguant\u00f3 doce d\u00edas. Jes\u00fas V\u00e1zquez no dur\u00f3 ni un mes con un espacio similar llamado <strong>&#8216;La Central&#8217;<\/strong>. Pepe Navarro no se rindi\u00f3 cuando, de la noche a la ma\u00f1ana, <strong>&#8216;La sonrisa del pelicano&#8217;<\/strong> desapareci\u00f3 de pantalla y prob\u00f3 suerte en TVE con un invento similar, <strong>&#8216;Rufus y Navarro&#8217;<\/strong>. Tras 18 emisiones el ente p\u00fablico busc\u00f3 sustituto.<\/span><\/p>\n<p>&nbsp;<\/p>\n<p align=\"JUSTIFY\"><span style=\"font-size: large;\">Los designios del se\u00f1or para dar o no audiencia a un programa son inescrutables. Muchos son los pilotos que en las cadenas se quedan en un caj\u00f3n al no convencer al jefe. El problema de <strong>&#8216;Guasap!&#8217;<\/strong> es que cada vez que era rechazado se publicaba la noticia. Y, claro, el gafe se iba extendiendo.<\/span><\/p>\n<p><span style=\"font-size: large;\">A Dani Mart\u00ednez no le han dejado ni siquiera probar ante la audiencia si su apuesta gustaba o no. Y eso que en Cuatro se anunciaba con el letrero de &#8220;muy pronto&#8221;. &#8220;Juro que yo propuse que lo cambiaran por &#8216;Ya ver\u00e1s como ahora s\u00ed que s\u00ed&#8217; o &#8216;Ojo ah\u00ed que cualquier d\u00eda&#8230;'&#8221;, bromeaba el humorista desde su <a href=\"http:\/\/danimartinezblogg.blogspot.com.es\/2012\/11\/comunicado-sobre-guasap.html\" target=\"_blank\" rel=\"external nofollow\">blog<\/a> al enterarse de la cancelaci\u00f3n.<\/span><\/p>\n<p><span style=\"font-size: large;\">Lo mejor es tom\u00e1rselo con humor. En esta vida el que est\u00e9 libre de un fracaso que tire la primera piedra.<\/span><\/p>\n<p>&nbsp;<\/p>\n<p><span style=\"font-size: small;\"><em>T\u00edtulos de cr\u00e9dito: Para quejas, sugerencias y otras necesidades humanas mi correo es mlabastida@lasprovincias.es<\/em> <\/span><\/p>\n<!-- AddThis Advanced Settings generic via filter on the_content --><!-- AddThis Share Buttons generic via filter on the_content -->","protected":false},"excerpt":{"rendered":"<p>&#8220;Soy el Rey Midas de la televisi\u00f3n&#8230; S\u00f3lo que al rev\u00e9s&#8221; M\u00e1ximo Pradera \u00a0 &nbsp; \u00bfOs acord\u00e1is del programa que present\u00f3 Dani Mart\u00ednez en Cuatro? \u00bfNo? \u00c9l tampoco. La que iba a ser la apuesta m\u00e1s importante de la temporada en la cadena benjamina de Mediaset, &#8216;Guasap!&#8217;, se ha disuelto antes de comenzar a hacer [&hellip;]<!-- AddThis Advanced Settings generic via filter on get_the_excerpt --><!-- AddThis Share Buttons generic via filter on get_the_excerpt --><\/p>\n","protected":false},"author":29,"featured_media":0,"comment_status":"open","ping_status":"closed","sticky":false,"template":"","format":"standard","meta":[],"categories":[2],"tags":[295,320,345,619,792],"_links":{"self":[{"href":"https:\/\/blogs.lasprovincias.es\/elsindromededarrin\/wp-json\/wp\/v2\/posts\/471"}],"collection":[{"href":"https:\/\/blogs.lasprovincias.es\/elsindromededarrin\/wp-json\/wp\/v2\/posts"}],"about":[{"href":"https:\/\/blogs.lasprovincias.es\/elsindromededarrin\/wp-json\/wp\/v2\/types\/post"}],"author":[{"embeddable":true,"href":"https:\/\/blogs.lasprovincias.es\/elsindromededarrin\/wp-json\/wp\/v2\/users\/29"}],"replies":[{"embeddable":true,"href":"https:\/\/blogs.lasprovincias.es\/elsindromededarrin\/wp-json\/wp\/v2\/comments?post=471"}],"version-history":[{"count":0,"href":"https:\/\/blogs.lasprovincias.es\/elsindromededarrin\/wp-json\/wp\/v2\/posts\/471\/revisions"}],"wp:attachment":[{"href":"https:\/\/blogs.lasprovincias.es\/elsindromededarrin\/wp-json\/wp\/v2\/media?parent=471"}],"wp:term":[{"taxonomy":"category","embeddable":true,"href":"https:\/\/blogs.lasprovincias.es\/elsindromededarrin\/wp-json\/wp\/v2\/categories?post=471"},{"taxonomy":"post_tag","embeddable":true,"href":"https:\/\/blogs.lasprovincias.es\/elsindromededarrin\/wp-json\/wp\/v2\/tags?post=471"}],"curies":[{"name":"wp","href":"https:\/\/api.w.org\/{rel}","templated":true}]}}