{"id":488,"date":"2012-12-04T04:26:26","date_gmt":"2012-12-04T04:26:26","guid":{"rendered":"http:\/\/blogs.lasprovincias.es\/elsindromededarrin\/?p=488"},"modified":"2012-12-04T04:26:26","modified_gmt":"2012-12-04T04:26:26","slug":"son-malas-todas-las-series-espanolas","status":"publish","type":"post","link":"https:\/\/blogs.lasprovincias.es\/elsindromededarrin\/2012\/12\/04\/son-malas-todas-las-series-espanolas\/","title":{"rendered":"\u00bfSon malas todas las series espa\u00f1olas?"},"content":{"rendered":"<p style=\"text-align: right;\"><strong><span style=\"font-size: small;\">\u00a0&#8220;Un poquito de por favor&#8221;<\/span><\/strong><\/p>\n<p style=\"text-align: right;\"><span style=\"font-size: small;\">Emilio Delgado<\/span><\/p>\n<p>&nbsp;<\/p>\n<p><a href=\"\/elsindromededarrin\/wp-content\/uploads\/sites\/21\/2012\/12\/Fen\u00f3menos-Reparto-completo-Antena-3-800-x-450-540x316.jpg\"><img loading=\"lazy\" class=\"aligncenter size-full wp-image-489\" title=\"Fen\u00f3menos-Reparto-completo-Antena-3-800-x-450-540x316\" src=\"\/elsindromededarrin\/wp-content\/uploads\/sites\/21\/2012\/12\/Fen\u00f3menos-Reparto-completo-Antena-3-800-x-450.jpg\" alt=\"\" width=\"540\" height=\"316\" \/><\/a><\/p>\n<p>&nbsp;<\/p>\n<p><span style=\"font-size: large;\">El mundo se divide entre los que ven series espa\u00f1olas y los que ven series extranjeras. Hasta hace poco el matrimonio s\u00f3lo estaba permitido entre los de una condici\u00f3n y otra. Ahora el Tribunal Constitucional ha declarado legales las uniones entre consumidores de series del mismo tipo, lo cual va a provocar el descenso de muchas discusiones.<\/span><\/p>\n<p><span style=\"font-size: large;\">Porque no hay lucha m\u00e1s eterna que la que disputan los que se declaran adictos a \u2018<a href=\"http:\/\/www.mitele.es\/series-online\/aida\/\" target=\"_blank\" rel=\"external nofollow\">Aida<\/a>\u2019 y los que ve\u00edan \u2018<a href=\"http:\/\/www.hbo.com\/bored-to-death\/index.html\" target=\"_blank\" rel=\"external nofollow\">Bored to death<\/a>\u2019. No hay batalla m\u00e1s antigua que la que libraban los que se engancharon a \u2018<a href=\"http:\/\/www.mitele.es\/series-online\/la-fuga\/\" target=\"_blank\" rel=\"external nofollow\">La fuga<\/a>\u2019 y los que la acusaban de ser un plagio de \u2018<a href=\"http:\/\/www.tv.com\/shows\/prison-break\/\" target=\"_blank\" rel=\"external nofollow\">Prison break<\/a>\u2019. O la de los seguidores de \u2018<a href=\"http:\/\/www.antena3.com\/series\/el-barco\/\" target=\"_blank\" rel=\"external nofollow\">El barco<\/a>\u2019 y las v\u00edctimas de \u2018<a href=\"http:\/\/abc.go.com\/shows\/lost\" target=\"_blank\" rel=\"external nofollow\">Lost<\/a>\u2019, que detectan suced\u00e1neos por todas partes. En los albores de la humanidad ya exist\u00edan estos debates. Dios cre\u00f3 el Universo, al hombre, a la mujer y luego los clasific\u00f3 entre espectadores de ficci\u00f3n nacional y consumidores de productos americanos y\/o ingleses.<\/span><\/p>\n<p><span style=\"font-size: large;\">\u00bfSon tan malas las series espa\u00f1olas? Generalizar es pecado. No matar\u00e1s, no robar\u00e1s, no generalizar\u00e1s. Comparar tampoco deber\u00eda estar permitido. Soy de los que creen que es posible disfrutar viendo \u2018<a href=\"http:\/\/www.amctv.com\/shows\/mad-men\" target=\"_blank\" rel=\"external nofollow\">Mad Men<\/a>\u2019 y, a la vez, hacerlo con \u2018<a href=\"http:\/\/www.rtve.es\/television\/isabel-la-catolica\/\" target=\"_blank\" rel=\"external nofollow\">Isabel<\/a>\u2019. S\u00ed, mezclar peras con manzanas.<\/span><\/p>\n<p><span style=\"font-size: large;\">Es cierto que las series patrias adolecen de algunos problemas, provocados por el propio mercado espa\u00f1ol y por la tiran\u00eda de unas cifras de audiencia que suelen castigar el riesgo. En Espa\u00f1a no tenemos HBO, Showtime o AMC, cadenas de pago estadounidenses que han parido productos como \u2018<a href=\"http:\/\/www.hbo.com\/the-sopranos\/index.html\" target=\"_blank\" rel=\"external nofollow\">Los Soprano<\/a>\u2019, \u2018<a href=\"http:\/\/www.sho.com\/sho\/homeland\/home\" target=\"_blank\" rel=\"external nofollow\">Homeland<\/a>\u2019 y \u2018<a href=\"http:\/\/www.amctv.com\/shows\/breaking-bad\" target=\"_blank\" rel=\"external nofollow\">Breaking bad<\/a>\u2019, todas ellas de una calidad extraordinaria, pero desde luego no aptas para cualquier espectador.<\/span><\/p>\n<p>&nbsp;<\/p>\n<p style=\"text-align: center;\"><a href=\"\/elsindromededarrin\/wp-content\/uploads\/sites\/21\/2012\/12\/Los-Tres-ni-os-el-internado-10434035-930-6201.jpg\"><img loading=\"lazy\" class=\"aligncenter  wp-image-498\" title=\"Los-Tres-ni-os-el-internado-10434035-930-620\" src=\"\/elsindromededarrin\/wp-content\/uploads\/sites\/21\/2012\/12\/Los-Tres-ni-os-el-internado-10434035-930-6201.jpg\" alt=\"\" width=\"428\" height=\"282\" srcset=\"https:\/\/static-blogs.lasprovincias.es\/wp-content\/uploads\/sites\/21\/2012\/12\/Los-Tres-ni-os-el-internado-10434035-930-6201.jpg 794w, https:\/\/static-blogs.lasprovincias.es\/wp-content\/uploads\/sites\/21\/2012\/12\/Los-Tres-ni-os-el-internado-10434035-930-6201-300x197.jpg 300w, https:\/\/static-blogs.lasprovincias.es\/wp-content\/uploads\/sites\/21\/2012\/12\/Los-Tres-ni-os-el-internado-10434035-930-6201-768x504.jpg 768w\" sizes=\"(max-width: 428px) 100vw, 428px\" \/><\/a><\/p>\n<p>&nbsp;<\/p>\n<p><span style=\"font-size: large;\">Las televisiones que las emiten se sufragan con cuotas de los propios televidentes, que las contratan precisamente para consumir productos diferentes. Aqu\u00ed la ficci\u00f3n est\u00e1 producida por cadenas generalistas que necesitan el mayor n\u00famero de p\u00fablico para lograr mucha publicidad. Por eso en cualquier serie hay personajes de todo tipo. Siempre suele rondar el abuelo bonach\u00f3n, el ni\u00f1o repelente, el adolescente que se quita la camiseta, los cuarentones que viven una historia de amor. Se trata de empatizar con toda clase de personas para que se identifiquen y se peguen a la peque\u00f1a pantalla.<\/span><\/p>\n<p><span style=\"font-size: large;\">Hagamos una serie de misterio, se dijeron los directivos de Antena 3 al crear \u2018<a href=\"http:\/\/www.antena3.com\/series\/el-internado\/\" target=\"_blank\" rel=\"external nofollow\">El internado<\/a>\u2019. Vale, pero que haya ni\u00f1os, ancianos y adolescentes en pa\u00f1os menores. No vaya ser que el p\u00fablico se cambie a Telecinco.<\/span><\/p>\n<p>&nbsp;<\/p>\n<p><span style=\"font-size: large;\"><a href=\"\/elsindromededarrin\/wp-content\/uploads\/sites\/21\/2012\/12\/m-familia-01-galeria700x400.jpg\"><img loading=\"lazy\" class=\"alignleft size-medium wp-image-491\" title=\"m-familia-01-galeria700x400\" src=\"\/elsindromededarrin\/wp-content\/uploads\/sites\/21\/2012\/12\/m-familia-01-galeria700x400.jpg\" alt=\"\" width=\"300\" height=\"171\" srcset=\"https:\/\/static-blogs.lasprovincias.es\/wp-content\/uploads\/sites\/21\/2012\/12\/m-familia-01-galeria700x400.jpg 700w, https:\/\/static-blogs.lasprovincias.es\/wp-content\/uploads\/sites\/21\/2012\/12\/m-familia-01-galeria700x400-300x171.jpg 300w\" sizes=\"(max-width: 300px) 100vw, 300px\" \/><\/a>Las series espa\u00f1olas se consumen en familia, deben gustar a padres e hijos. Los experimentos con gaseosa. Esta regla la marc\u00f3 \u2018<a href=\"http:\/\/www.imdb.es\/title\/tt0115284\/\" target=\"_blank\" rel=\"external nofollow\">M\u00e9dico de familia<\/a>\u2019, el gran \u00e9xito de la televisi\u00f3n de los noventa, que aglutinaba a personajes de todo tipo para engatusar al mayor espectro de la audiencia.<\/span><\/p>\n<p>&nbsp;<\/p>\n<p><span style=\"font-size: large;\">Adem\u00e1s de la falta de riesgo, otro problema es el de la duraci\u00f3n. No es lo mismo escribir un cap\u00edtulo de cuarenta o cincuenta minutos (como los que dura \u2018<a href=\"http:\/\/www.cbs.com\/shows\/csi\/\" target=\"_blank\" rel=\"external nofollow\">CSI<\/a>\u2019, \u2018<a href=\"http:\/\/www.hbo.com\/the-wire\/index.html\" target=\"_blank\" rel=\"external nofollow\">The wire<\/a>\u2019 o \u2018<a href=\"http:\/\/www.itv.com\/downtonabbey\/\" target=\"_blank\" rel=\"external nofollow\">Downton Abbey<\/a>\u2019) que elaborar uno de hora y media, como tienen \u2018<a href=\"http:\/\/www.antena3.com\/series\/gran-hotel\/\" target=\"_blank\" rel=\"external nofollow\">Gran Hotel<\/a>\u2019 o \u2018<a href=\"http:\/\/www.rtve.es\/television\/aguila-roja\/\" target=\"_blank\" rel=\"external nofollow\">\u00c1guila roja<\/a>\u2019. Los guionistas han de estirar las tramas e incluir mucha paja para rellenar. Pero es norma obligatoria de las cadenas. En Estados Unidos en una misma noche se pueden emitir dos o tres series. Aqu\u00ed no hay presupuesto para tanto, as\u00ed que una por velada. Y gracias.<\/span><\/p>\n<p><span style=\"font-size: large;\">Con estas premisas es complicado competir. Por no hablar del dinero que se invierte al otro lado del charco en cada producto, de la figura del director que all\u00ed es tan respetada y aqu\u00ed casi no existe, de los actores encasillados que en Espa\u00f1a siempre hacen el mismo papel o de la falta de ideas que obliga a copiar (mal) t\u00edtulos extranjeros. Todo eso dificulta que haya una ficci\u00f3n potente en nuestro pa\u00eds.<\/span><\/p>\n<p>&nbsp;<\/p>\n<p><span style=\"font-size: large;\"><a href=\"\/elsindromededarrin\/wp-content\/uploads\/sites\/21\/2012\/12\/Isabel_la-serie.jpg\"><img loading=\"lazy\" class=\"alignleft size-medium wp-image-492\" title=\"Isabel_la-serie\" src=\"\/elsindromededarrin\/wp-content\/uploads\/sites\/21\/2012\/12\/Isabel_la-serie.jpg\" alt=\"\" width=\"300\" height=\"230\" srcset=\"https:\/\/static-blogs.lasprovincias.es\/wp-content\/uploads\/sites\/21\/2012\/12\/Isabel_la-serie.jpg 600w, https:\/\/static-blogs.lasprovincias.es\/wp-content\/uploads\/sites\/21\/2012\/12\/Isabel_la-serie-300x230.jpg 300w\" sizes=\"(max-width: 300px) 100vw, 300px\" \/><\/a>Pese a todo hay productos patrios que se salvan. \u2018<a href=\"http:\/\/www.rtve.es\/television\/isabel-la-catolica\/\" target=\"_blank\" rel=\"external nofollow\">Isabel<\/a>\u2019 se desped\u00eda esta semana dignamente. No es \u2018<a href=\"http:\/\/www.sho.com\/sho\/the-borgias\/home\" target=\"_blank\" rel=\"external nofollow\">Los Borgia<\/a>\u2019 ni \u2018<a href=\"http:\/\/www.sho.com\/sho\/the-tudors\/home\" target=\"_blank\" rel=\"external nofollow\">Los Tudor<\/a>\u2019 pero, teniendo en cuenta las carencias y exigencias con las que ha sido creada, no ha salido mal parada.<\/span><\/p>\n<p>&nbsp;<\/p>\n<p><span style=\"font-size: large;\">Hace unos d\u00edas se estren\u00f3 \u2018<a href=\"http:\/\/www.antena3.com\/series\/fenomenos\/\" target=\"_blank\" rel=\"external nofollow\">Fen\u00f3menos<\/a>\u2019, que fue recibida con buenas audiencias pero con numerosas cr\u00edticas negativas. Y algunas no iban desencaminadas. Jugaba a los manidos equ\u00edvocos entre personajes, hab\u00eda mucha prisa por presentar a todos los personajes y que todos fuesen supergraciosos, algunas situaciones se resolv\u00edan sin demasiada justificaci\u00f3n. Es decir, ten\u00edan premura por enganchar. Aqu\u00ed no se la pueden jugar. Si las cifras no resultan en dos semanas, la serie puede darse por liquidada. En Espa\u00f1a \u2018<a href=\"http:\/\/www.hbo.com\/the-wire\/index.html\" target=\"_blank\" rel=\"external nofollow\">The wire<\/a>\u2019 hubiese durado dos suspiros. Hay que reconocer que es una ficci\u00f3n en la que cuesta entrar. Sin embargo, en cuanto se entra\u2026<\/span><\/p>\n<p><span style=\"font-size: large;\">Las series en Espa\u00f1a eran diferentes cuando s\u00f3lo hab\u00eda una televisi\u00f3n y no exist\u00eda la competencia. No cund\u00eda el miedo porque el espectador alcanzase el mando y se fuese. Eran los tiempos de \u2018<a href=\"http:\/\/www.imdb.es\/title\/tt0222534\/\" target=\"_blank\" rel=\"external nofollow\">Brigada central<\/a>\u2019 o \u2018<a href=\"http:\/\/www.imdb.com\/title\/tt0231051\/\" target=\"_blank\" rel=\"external nofollow\">Turno de oficio<\/a>\u2019 y, mucho antes, de \u2018<a href=\"http:\/\/www.imdb.es\/title\/tt0247872\/\" target=\"_blank\" rel=\"external nofollow\">Historias para no dormir<\/a>\u2019.<\/span><\/p>\n<p>&nbsp;<\/p>\n<p><span style=\"font-size: large;\"><a href=\"\/elsindromededarrin\/wp-content\/uploads\/sites\/21\/2012\/12\/recorte.php_.jpeg\"><img loading=\"lazy\" class=\"alignleft size-medium wp-image-493\" title=\"recorte.php\" src=\"\/elsindromededarrin\/wp-content\/uploads\/sites\/21\/2012\/12\/recorte.php_.jpg\" alt=\"\" width=\"300\" height=\"168\" \/><\/a>En los \u00faltimos tiempos han aparecido sorpresas en la programaci\u00f3n de repente que han mostrado que la ficci\u00f3n nacional es capaz, cuando le dejan, de crear argumentos interesantes, diferentes y competitivos. Canal Plus estuvo detr\u00e1s de \u2018<a href=\"http:\/\/canalplus.es\/crematorio\/\" target=\"_blank\" rel=\"external nofollow\">Crematorio<\/a>\u2019, historia soberbia y sin concesiones sobre la corrupci\u00f3n pol\u00edtica, y de \u2018<a href=\"http:\/\/www.canalplus.es\/que-fue-de-jorge-sanz\" target=\"_blank\" rel=\"external nofollow\">\u00bfQu\u00e9 fue de Jorge Sanz?<\/a>\u2019, invento c\u00f3mico con mucho de autoparodia y mucha mala leche para contar los entresijos de la profesi\u00f3n de actor en Espa\u00f1a.<\/span><\/p>\n<p>&nbsp;<\/p>\n<p><span style=\"font-size: large;\"><a href=\"\/elsindromededarrin\/wp-content\/uploads\/sites\/21\/2012\/12\/20061006013400org.jpg\"><img loading=\"lazy\" class=\"alignleft size-medium wp-image-494\" title=\"20061006013400org\" src=\"\/elsindromededarrin\/wp-content\/uploads\/sites\/21\/2012\/12\/20061006013400org.jpg\" alt=\"\" width=\"300\" height=\"225\" srcset=\"https:\/\/static-blogs.lasprovincias.es\/wp-content\/uploads\/sites\/21\/2012\/12\/20061006013400org.jpg 500w, https:\/\/static-blogs.lasprovincias.es\/wp-content\/uploads\/sites\/21\/2012\/12\/20061006013400org-300x225.jpg 300w\" sizes=\"(max-width: 300px) 100vw, 300px\" \/><\/a>Dunia Ayaso y F\u00e9lix Sabroso tambi\u00e9n intentaron salirse de los c\u00e1nones convencionales con \u2018<a href=\"http:\/\/www.duniayfelix.com\/peliculas\/mujeres.html\" target=\"_blank\" rel=\"external nofollow\">Mujeres<\/a>\u2019, trama realista que jugaba a re\u00edrse de los dramas de unas mujeres a las que nadie querr\u00eda parecerse. Una madre de familia que debe cuidar a su progenitora senil, una adolescente obesa, y otra embarazada, sin pareja ni demasiado porvenir.<\/span><\/p>\n<p>&nbsp;<\/p>\n<p><span style=\"font-size: large;\">\u2018<a href=\"http:\/\/www.antena3.com\/videos\/anhqv.html\" target=\"_blank\" rel=\"external nofollow\">Aqu\u00ed no hay quien viva<\/a>\u2019 fue en su origen una buena idea. Part\u00eda de una premisa original (con permiso de \u2018La comunidad\u2019 de \u00c1lex de la Iglesia), defin\u00eda perfectamente a una serie de personajes extremos y jugaba con los l\u00edmites morales, tan presentes en la pol\u00edticamente correcta ficci\u00f3n nacional.<\/span><\/p>\n<p><span style=\"font-size: large;\">\u2018<a href=\"http:\/\/www.mitele.es\/series-online\/motivos-personales\/\" target=\"_blank\" rel=\"external nofollow\">Motivos personales<\/a>\u2019, pese a estar protagonizada por Lydia Bosch, tambi\u00e9n fue un intento por ahondar en un g\u00e9nero poco trabajado en Espa\u00f1a como es el del thriller y lo hizo combin\u00e1ndolo con buenas dosis de culebr\u00f3n. Result\u00f3 una ficci\u00f3n cargada de intrigas y trampas que enganchaban al espectador y apenas le permit\u00edan levantarse del sill\u00f3n.<\/span><\/p>\n<p>&nbsp;<\/p>\n<p><span style=\"font-size: large;\"><a href=\"\/elsindromededarrin\/wp-content\/uploads\/sites\/21\/2012\/12\/Desaparecida2.jpg\"><img loading=\"lazy\" class=\"alignleft size-medium wp-image-495\" title=\"Desaparecida2\" src=\"\/elsindromededarrin\/wp-content\/uploads\/sites\/21\/2012\/12\/Desaparecida2.jpg\" alt=\"\" width=\"300\" height=\"196\" srcset=\"https:\/\/static-blogs.lasprovincias.es\/wp-content\/uploads\/sites\/21\/2012\/12\/Desaparecida2.jpg 399w, https:\/\/static-blogs.lasprovincias.es\/wp-content\/uploads\/sites\/21\/2012\/12\/Desaparecida2-300x197.jpg 300w\" sizes=\"(max-width: 300px) 100vw, 300px\" \/><\/a>Ganga Producciones es famosa principalmente por \u2018<a href=\"http:\/\/www.rtve.es\/television\/cuentame\/\" target=\"_blank\" rel=\"external nofollow\">Cu\u00e9ntame<\/a>\u2019 pero tambi\u00e9n firm\u00f3 un t\u00edtulo m\u00e1s que recomendable, \u2018<a href=\"http:\/\/www.rtve.es\/television\/desaparecida\/\" target=\"_blank\" rel=\"external nofollow\">Desaparecida<\/a>\u2019, crudo drama en torno a la desaparici\u00f3n de una joven y a la b\u00fasqueda posterior por parte de la Guardia Civil, todo ello narrado desde el punto de vista de las v\u00edctimas, los familiares de la protagonista.<\/span><\/p>\n<p>&nbsp;<\/p>\n<p><span style=\"font-size: large;\">Estos ser\u00edan algunos t\u00edtulos recientes que nos hacen pensar que las series espa\u00f1olas tampoco son tan malas y que ya va siendo hora de que a los creativos les dejen arriesgar un poco m\u00e1s a ver qu\u00e9 sale. De cosas como \u2018<a href=\"http:\/\/www.rtve.es\/alacarta\/videos\/ana-y-los-siete\/\" target=\"_blank\" rel=\"external nofollow\">Ana y los siete<\/a>\u2019, \u2018<a href=\"http:\/\/www.imdb.com\/title\/tt1801020\/epcast\" target=\"_blank\" rel=\"external nofollow\">Vida loca<\/a>\u2019 y la adaptaci\u00f3n de \u2018<a href=\"http:\/\/www.imdb.com\/title\/tt2006371\/\" target=\"_blank\" rel=\"external nofollow\">Cheers<\/a>\u2019 hablaremos otro d\u00eda si les parece. Hoy mejor no estropearlo.<\/span><\/p>\n<!-- AddThis Advanced Settings generic via filter on the_content --><!-- AddThis Share Buttons generic via filter on the_content -->","protected":false},"excerpt":{"rendered":"<p>\u00a0&#8220;Un poquito de por favor&#8221; Emilio Delgado &nbsp; &nbsp; El mundo se divide entre los que ven series espa\u00f1olas y los que ven series extranjeras. Hasta hace poco el matrimonio s\u00f3lo estaba permitido entre los de una condici\u00f3n y otra. Ahora el Tribunal Constitucional ha declarado legales las uniones entre consumidores de series del mismo [&hellip;]<!-- AddThis Advanced Settings generic via filter on get_the_excerpt --><!-- AddThis Share Buttons generic via filter on get_the_excerpt --><\/p>\n","protected":false},"author":29,"featured_media":0,"comment_status":"open","ping_status":"closed","sticky":false,"template":"","format":"standard","meta":[],"categories":[2],"tags":[25,60,199,208,312,388,532,538,732],"_links":{"self":[{"href":"https:\/\/blogs.lasprovincias.es\/elsindromededarrin\/wp-json\/wp\/v2\/posts\/488"}],"collection":[{"href":"https:\/\/blogs.lasprovincias.es\/elsindromededarrin\/wp-json\/wp\/v2\/posts"}],"about":[{"href":"https:\/\/blogs.lasprovincias.es\/elsindromededarrin\/wp-json\/wp\/v2\/types\/post"}],"author":[{"embeddable":true,"href":"https:\/\/blogs.lasprovincias.es\/elsindromededarrin\/wp-json\/wp\/v2\/users\/29"}],"replies":[{"embeddable":true,"href":"https:\/\/blogs.lasprovincias.es\/elsindromededarrin\/wp-json\/wp\/v2\/comments?post=488"}],"version-history":[{"count":0,"href":"https:\/\/blogs.lasprovincias.es\/elsindromededarrin\/wp-json\/wp\/v2\/posts\/488\/revisions"}],"wp:attachment":[{"href":"https:\/\/blogs.lasprovincias.es\/elsindromededarrin\/wp-json\/wp\/v2\/media?parent=488"}],"wp:term":[{"taxonomy":"category","embeddable":true,"href":"https:\/\/blogs.lasprovincias.es\/elsindromededarrin\/wp-json\/wp\/v2\/categories?post=488"},{"taxonomy":"post_tag","embeddable":true,"href":"https:\/\/blogs.lasprovincias.es\/elsindromededarrin\/wp-json\/wp\/v2\/tags?post=488"}],"curies":[{"name":"wp","href":"https:\/\/api.w.org\/{rel}","templated":true}]}}