{"id":507,"date":"2012-12-14T02:47:55","date_gmt":"2012-12-14T02:47:55","guid":{"rendered":"http:\/\/blogs.lasprovincias.es\/elsindromededarrin\/?p=507"},"modified":"2012-12-14T02:47:55","modified_gmt":"2012-12-14T02:47:55","slug":"ana-obregon-presidenta-del-gobierno","status":"publish","type":"post","link":"https:\/\/blogs.lasprovincias.es\/elsindromededarrin\/2012\/12\/14\/ana-obregon-presidenta-del-gobierno\/","title":{"rendered":"Ana Obreg\u00f3n, presidenta del Gobierno"},"content":{"rendered":"<p style=\"text-align: right;\"><strong><span style=\"font-size: small;\">&#8220;Me hubiese encantado ser mujer florero&#8221;<\/span><\/strong><\/p>\n<p style=\"text-align: right;\"><span style=\"font-size: small;\">Ana Obreg\u00f3n<\/span><\/p>\n<p>&nbsp;<\/p>\n<p style=\"text-align: center;\"><a href=\"\/elsindromededarrin\/wp-content\/uploads\/sites\/21\/2012\/12\/511371.jpg\"><img loading=\"lazy\" class=\"aligncenter  wp-image-508\" title=\"511371\" src=\"\/elsindromededarrin\/wp-content\/uploads\/sites\/21\/2012\/12\/511371.jpg\" alt=\"\" width=\"536\" height=\"390\" srcset=\"https:\/\/static-blogs.lasprovincias.es\/wp-content\/uploads\/sites\/21\/2012\/12\/511371.jpg 850w, https:\/\/static-blogs.lasprovincias.es\/wp-content\/uploads\/sites\/21\/2012\/12\/511371-300x218.jpg 300w, https:\/\/static-blogs.lasprovincias.es\/wp-content\/uploads\/sites\/21\/2012\/12\/511371-768x559.jpg 768w\" sizes=\"(max-width: 536px) 100vw, 536px\" \/><\/a><\/p>\n<p>&nbsp;<\/p>\n<p><span style=\"font-size: large;\">Telecinco estrenar\u00e1 pr\u00f3ximamente &#8216;<a href=\"http:\/\/www.telecinco.es\/telemania\/series\/series-nacionales\/preestreno-don-alba-festival-vitoria_4_1473210015.html\" target=\"_blank\" rel=\"external nofollow\">El don de Alba<\/a>&#8216;, una copia de la ficci\u00f3n estadounidense &#8216;<a href=\"http:\/\/www.tv.com\/shows\/ghost-whisperer\/\" target=\"_blank\" rel=\"external nofollow\">Entre fantasmas<\/a>&#8216;, sobre una joven que puede comunicarse con los esp\u00edritus. \u00bfPor qu\u00e9? No s\u00e9, preg\u00fantenselo a ellos. \u00bfEra necesario? No. Mis dotes adivinatorias apuestan a que ser\u00e1 tan o m\u00e1s insulsa que la original. S\u00f3lo hubiese entendido un &#8216;remake espa\u00f1ol&#8217; si lo protagonizase Chus Lampreave y se desarrollase en Calzada de Calatrava. \u00bfQu\u00e9 valor tiene calcar una idea que ya se ha visto, cambiando s\u00f3lo las caras y alguna frase? Es como si a un escritor espa\u00f1ol no se le ocurriese nada mejor que hacer un &#8216;remake literario&#8217; de &#8216;El c\u00f3digo Da Vinci&#8217; que sucediese en la Catedral de Burgos en lugar de en Saint Sulpice. Si no se va a aportar algo propio es una inutilidad y una p\u00e9rdida de tiempo.<\/span><\/p>\n<p><span style=\"font-size: large;\">A pesar de que hay contados casos de &#8216;remakes&#8217; de \u00e9xito las cadenas siguen apostando por ellos. \u00bfCu\u00e1l es el motivo? Nadie lo sabe. Es uno de esos misterios sin resolver que investigaba Juli\u00e1n Lago.<\/span><\/p>\n<p><span style=\"font-size: large;\">Habl\u00e1bamos el otro d\u00eda en este blog sobre <a href=\"https:\/\/blogs.lasprovincias.es\/elsindromededarrin\/2012\/12\/04\/son-malas-todas-las-series-espanolas\/\" target=\"_blank\">series espa\u00f1olas<\/a> y el asunto dio para varias discusiones en torno a t\u00edtulos destacables, otros pasables, y algunos francamente olvidables. He de decir que predominaron estos \u00faltimos. Inventos como &#8216;<a href=\"http:\/\/www.filmaffinity.com\/es\/film672294.html\" target=\"_blank\" rel=\"external nofollow\">Piratas<\/a>&#8216; (con Pilar Rubio en plan Johnny Depp), &#8216;<a href=\"http:\/\/www.filmaffinity.com\/es\/film308350.html\" target=\"_blank\" rel=\"external nofollow\">Mis adorables vecinos<\/a>&#8216; (con Paz Padilla y Miriam D\u00edaz Aroca como principal reclamo, que ya hay que tener valor) o &#8216;<a href=\"http:\/\/www.filmaffinity.com\/es\/film972975.html\" target=\"_blank\" rel=\"external nofollow\">El inquilino<\/a>&#8216; (con Jorge Sanz como alien\u00edgena) tuvieron la culpa. En el campo de las peores series espa\u00f1olas merecen un cap\u00edtulo aparte los &#8216;remakes&#8217; nacionales.<\/span><\/p>\n<p>&nbsp;<\/p>\n<p style=\"text-align: center;\"><a href=\"\/elsindromededarrin\/wp-content\/uploads\/sites\/21\/2012\/12\/a13f83ea-fb34-4cd5-8191-6ef523716f99wallpaper1.jpg\"><img loading=\"lazy\" class=\"aligncenter  wp-image-510\" title=\"a13f83ea-fb34-4cd5-8191-6ef523716f99wallpaper\" src=\"\/elsindromededarrin\/wp-content\/uploads\/sites\/21\/2012\/12\/a13f83ea-fb34-4cd5-8191-6ef523716f99wallpaper1.jpg\" alt=\"\" width=\"581\" height=\"292\" srcset=\"https:\/\/static-blogs.lasprovincias.es\/wp-content\/uploads\/sites\/21\/2012\/12\/a13f83ea-fb34-4cd5-8191-6ef523716f99wallpaper1.jpg 921w, https:\/\/static-blogs.lasprovincias.es\/wp-content\/uploads\/sites\/21\/2012\/12\/a13f83ea-fb34-4cd5-8191-6ef523716f99wallpaper1-300x151.jpg 300w, https:\/\/static-blogs.lasprovincias.es\/wp-content\/uploads\/sites\/21\/2012\/12\/a13f83ea-fb34-4cd5-8191-6ef523716f99wallpaper1-768x386.jpg 768w\" sizes=\"(max-width: 581px) 100vw, 581px\" \/><\/a><\/p>\n<p>&nbsp;<\/p>\n<p><span style=\"font-size: large;\">En ocasiones los productores no hablan de &#8216;remake&#8217;. Dicen simplemente que se han inspirado. Es decir, no quieren pagar los derechos de autor y ponen excusas. Sin m\u00e1s. Fue el caso de &#8216;<a href=\"http:\/\/www.filmaffinity.com\/es\/film435493.html\" target=\"_blank\" rel=\"external nofollow\">Ellas y el sexo d\u00e9bil<\/a>&#8216;. Si no la recuerdan tienen suerte. La protagonizaba Ana Obreg\u00f3n, actriz de renombre conocida principalmente por su participaci\u00f3n en &#8216;<a href=\"http:\/\/www.tv.com\/shows\/the-a-team\/\" target=\"_blank\" rel=\"external nofollow\">El equipo A<\/a>&#8216;, porque en sus sue\u00f1os le hizo una paella a Spielberg y por ser la autora del \u00fanico libro que ha le\u00eddo Pedri\u00f1o. Giraba en torno a un grupo de mujeres liberales, amigas y hartas de los hombres. La serie se caracterizaba por la reivindicaci\u00f3n del sexo femenino y por el tratamiento distendido que se hac\u00eda del sexo. \u00bfLes suena? S\u00ed, se parece a &#8216;<a href=\"http:\/\/www.hbo.com\/sex-and-the-city\/index.html\" target=\"_blank\" rel=\"external nofollow\">Sexo en Nueva York<\/a>&#8216;. Pero para que nadie se diese cuenta a Ana Obreg\u00f3n se le ocurri\u00f3 que ella interpretar\u00eda a la presidenta del Gobierno (\u00bfgui\u00f1o a &#8216;El ala oeste de la Casa Blanca&#8217;?) y tendr\u00eda una amiga (pobre Mar\u00eda Barranco, lo que hay que hacer por comer) que dar\u00eda vida a una exmonja sex\u00f3loga. Moraleja: en tres semanas se retir\u00f3 de pantalla y nunca mas se supo.<\/span><\/p>\n<p><span style=\"font-size: large;\">Cabe recordar que Ana Obreg\u00f3n llegaba de protagonizar una serie que hab\u00eda conseguido unas audiencias millonarias. Otro caso que se le qued\u00f3 pendiente a Juli\u00e1n Lago. &#8216;<a href=\"http:\/\/www.rtve.es\/alacarta\/videos\/ana-y-los-siete\/\" target=\"_blank\" rel=\"external nofollow\">Ana y los siete<\/a>&#8216; se emit\u00eda en TVE y trataba sobre una exbailarina de striptease que se reconvierte en cuidadora de ni\u00f1os en una familia casi perfecta. La idea fue suya. Fue suya porque un d\u00eda vio &#8216;<a href=\"http:\/\/www.tv.com\/shows\/the-nanny\/\" target=\"_blank\" rel=\"external nofollow\">The nanny<\/a>&#8216; (serie americana sobre una joven que, por accidente, comienza a cuidar de tres ni\u00f1os) y a ella se le ocurri\u00f3 la idea de copiarla.<\/span><\/p>\n<p>&nbsp;<\/p>\n<p style=\"text-align: center;\"><a href=\"\/elsindromededarrin\/wp-content\/uploads\/sites\/21\/2012\/12\/54b261f6-26be-4866-aecc-43ae182f2cf4wallpaper.jpg\"><img loading=\"lazy\" class=\"aligncenter  wp-image-511\" title=\"54b261f6-26be-4866-aecc-43ae182f2cf4wallpaper\" src=\"\/elsindromededarrin\/wp-content\/uploads\/sites\/21\/2012\/12\/54b261f6-26be-4866-aecc-43ae182f2cf4wallpaper.jpg\" alt=\"\" width=\"645\" height=\"330\" srcset=\"https:\/\/static-blogs.lasprovincias.es\/wp-content\/uploads\/sites\/21\/2012\/12\/54b261f6-26be-4866-aecc-43ae182f2cf4wallpaper.jpg 1024w, https:\/\/static-blogs.lasprovincias.es\/wp-content\/uploads\/sites\/21\/2012\/12\/54b261f6-26be-4866-aecc-43ae182f2cf4wallpaper-300x154.jpg 300w, https:\/\/static-blogs.lasprovincias.es\/wp-content\/uploads\/sites\/21\/2012\/12\/54b261f6-26be-4866-aecc-43ae182f2cf4wallpaper-768x393.jpg 768w\" sizes=\"(max-width: 645px) 100vw, 645px\" \/><\/a><\/p>\n<p>&nbsp;<\/p>\n<p><span style=\"font-size: large;\">&#8216;<a href=\"http:\/\/www.tv.com\/shows\/the-golden-girls\/\" target=\"_blank\" rel=\"external nofollow\">Las chicas de oro<\/a>&#8216; ha tenido dos intentos de calco en la televisi\u00f3n nacional. Uno reconocido y otro no admitido. Este \u00faltimo se llam\u00f3 &#8216;<a href=\"http:\/\/www.filmaffinity.com\/es\/film565217.html\" target=\"_blank\" rel=\"external nofollow\">Juntas pero no revueltas<\/a>&#8216; y trataba sobre cuatro mujeres maduras que comparten la misma casa (Amparo Bar\u00f3, Mercedes Sampietro, Kiti Manver y M\u00f3nica Randall). No ten\u00eda gracia. Como en este pa\u00eds somos reincidentes, a alguna mente caliente se le ocurri\u00f3 volver a intentarlo pero <a href=\"http:\/\/www.rtve.es\/television\/chicas-oro\/\" target=\"_blank\" rel=\"external nofollow\">cambiando el reparto<\/a>. Y se li\u00f3 a Concha Velasco, Lola Herrera, Carmen Maura y Alicia Hermida para que participasen en el desaguisado. Se calc\u00f3 la casa, la caracterizaci\u00f3n de las actrices originales, los di\u00e1logos e incluso los nombres. As\u00ed, por ejemplo, Concha Velasco, que hac\u00eda las veces de la arisca Dorothy, se llamaba en esta versi\u00f3n Doroti. Claro que s\u00ed, qui\u00e9n no conoce a alguna Doroti en su vida.<\/span><\/p>\n<p><span style=\"font-size: large;\">Un calco clavado hicieron tambi\u00e9n en Telecinco con &#8216;<a href=\"http:\/\/www.tv.com\/shows\/cheers\/\" target=\"_blank\" rel=\"external nofollow\">Cheers<\/a>&#8216;, la divertid\u00edsima serie que durante a\u00f1os protagoniz\u00f3 el gran Ted Danson. Alberto San Juan, Antonio Resines y Pep\u00f3n Nieto se embarcaron en este proyecto que no aguantaba las comparaciones por ning\u00fan lado. Todos llevamos a un entrenador de f\u00fatbol y a un programador de televisi\u00f3n dentro. Porque quien m\u00e1s y quien menos sabe c\u00f3mo gana un equipo la Liga, la Champions y la Requetecopa y qu\u00e9 programas van a ser un \u00e9xito o un fracaso. Hablar es tan f\u00e1cil&#8230; Pero en este caso era m\u00e1s que obvio que la serie iba a tener poco recorrido.<\/span><\/p>\n<p>&nbsp;<\/p>\n<p style=\"text-align: center;\"><a href=\"\/elsindromededarrin\/wp-content\/uploads\/sites\/21\/2012\/12\/6abf5c55-e66c-426e-879a-7526c1bddb93wallpaper.jpg\"><img loading=\"lazy\" class=\"aligncenter  wp-image-512\" title=\"6abf5c55-e66c-426e-879a-7526c1bddb93wallpaper\" src=\"\/elsindromededarrin\/wp-content\/uploads\/sites\/21\/2012\/12\/6abf5c55-e66c-426e-879a-7526c1bddb93wallpaper.jpg\" alt=\"\" width=\"581\" height=\"314\" srcset=\"https:\/\/static-blogs.lasprovincias.es\/wp-content\/uploads\/sites\/21\/2012\/12\/6abf5c55-e66c-426e-879a-7526c1bddb93wallpaper.jpg 921w, https:\/\/static-blogs.lasprovincias.es\/wp-content\/uploads\/sites\/21\/2012\/12\/6abf5c55-e66c-426e-879a-7526c1bddb93wallpaper-300x163.jpg 300w, https:\/\/static-blogs.lasprovincias.es\/wp-content\/uploads\/sites\/21\/2012\/12\/6abf5c55-e66c-426e-879a-7526c1bddb93wallpaper-768x416.jpg 768w\" sizes=\"(max-width: 581px) 100vw, 581px\" \/><\/a><\/p>\n<p>&nbsp;<\/p>\n<p><span style=\"font-size: large;\">La Sexta y Cuatro en sus or\u00edgenes decidieron arriesgar poco y apostar sobre seguro, y m\u00e1s en ficci\u00f3n que es cara de producir. La cadena verde adapt\u00f3 &#8216;<a href=\"http:\/\/www.tv.com\/shows\/party-of-five\/\" target=\"_blank\" rel=\"external nofollow\">Cinco en familia<\/a>&#8216;, la serie sobre unos hermanos que se las deben arreglar solos tras quedarse hu\u00e9rfanos, en la que se hizo famoso Matthew Fox antes de ser Jack Shephard en &#8216;<a href=\"http:\/\/abc.go.com\/shows\/lost\" target=\"_blank\" rel=\"external nofollow\">Perdidos<\/a>&#8216;. La emisora roja opt\u00f3 por &#8216;<a href=\"http:\/\/www.tv.com\/shows\/married-with-children\/\" target=\"_blank\" rel=\"external nofollow\">Matrimonio con hijos<\/a>&#8216;, un gran \u00e9xito de la Fox, que retrataba a una pareja poco convencional poco interesada en construir una familia ideal, que a Espa\u00f1a llegaron para transformarse en Los Camacho. Tal cual vinieron se fueron. Ambas pasaron completamente inadvertidas.<\/span><\/p>\n<p><span style=\"font-size: large;\">En 2007 se anunci\u00f3 que Jos\u00e9 Coronado estar\u00eda al frente del reparto de una <a href=\"http:\/\/www.filmaffinity.com\/es\/film464508.html\" target=\"_blank\" rel=\"external nofollow\">nueva ficci\u00f3n<\/a> en la que interpretar\u00eda al jefe de la Unidad Especial de la polic\u00eda cient\u00edfica. Ese mismo a\u00f1o, y tambi\u00e9n en Telecinco, se estrenaba una<a href=\"http:\/\/www.filmaffinity.com\/es\/film101123.html\" target=\"_blank\" rel=\"external nofollow\"> serie sobre un grupo de j\u00f3venes<\/a> residentes que trabajan en un hospital. Cualquier parecido de ambas con &#8216;<a href=\"http:\/\/www.cbs.com\/shows\/csi\/\" target=\"_blank\" rel=\"external nofollow\">CSI<\/a>&#8216; y &#8216;<a href=\"http:\/\/abc.go.com\/shows\/greys-anatomy\" target=\"_blank\" rel=\"external nofollow\">Anatom\u00eda de Grey<\/a>&#8216; fue pura coincidencia.<\/span><\/p>\n<p><span style=\"font-size: large;\">Que no les extra\u00f1e que en un futuro veamos una serie sobre un avi\u00f3n que se estrella en una isla desconocida del Mediterr\u00e1neo. Otra sobre en un asesino en serie que adem\u00e1s es guardia civil en Marbella. Y otra sobre las luchas din\u00e1sticas entre varias familias nobiliarias que conviven en la sierra madrile\u00f1a. Tiempo al tiempo.<\/span><\/p>\n<p>&nbsp;<\/p>\n<p><em>T\u00edtulos de cr\u00e9dito: Para quejas, sugerencias y otras necesidades humanas mi correo es mlabastida@lasprovincias.es<\/em><\/p>\n<!-- AddThis Advanced Settings generic via filter on the_content --><!-- AddThis Share Buttons generic via filter on the_content -->","protected":false},"excerpt":{"rendered":"<p>&#8220;Me hubiese encantado ser mujer florero&#8221; Ana Obreg\u00f3n &nbsp; &nbsp; Telecinco estrenar\u00e1 pr\u00f3ximamente &#8216;El don de Alba&#8216;, una copia de la ficci\u00f3n estadounidense &#8216;Entre fantasmas&#8216;, sobre una joven que puede comunicarse con los esp\u00edritus. \u00bfPor qu\u00e9? No s\u00e9, preg\u00fantenselo a ellos. \u00bfEra necesario? No. Mis dotes adivinatorias apuestan a que ser\u00e1 tan o m\u00e1s insulsa [&hellip;]<!-- AddThis Advanced Settings generic via filter on get_the_excerpt --><!-- AddThis Share Buttons generic via filter on get_the_excerpt --><\/p>\n","protected":false},"author":29,"featured_media":0,"comment_status":"open","ping_status":"closed","sticky":false,"template":"","format":"standard","meta":[],"categories":[2],"tags":[45,48,156,166,203,440,508,686,739],"_links":{"self":[{"href":"https:\/\/blogs.lasprovincias.es\/elsindromededarrin\/wp-json\/wp\/v2\/posts\/507"}],"collection":[{"href":"https:\/\/blogs.lasprovincias.es\/elsindromededarrin\/wp-json\/wp\/v2\/posts"}],"about":[{"href":"https:\/\/blogs.lasprovincias.es\/elsindromededarrin\/wp-json\/wp\/v2\/types\/post"}],"author":[{"embeddable":true,"href":"https:\/\/blogs.lasprovincias.es\/elsindromededarrin\/wp-json\/wp\/v2\/users\/29"}],"replies":[{"embeddable":true,"href":"https:\/\/blogs.lasprovincias.es\/elsindromededarrin\/wp-json\/wp\/v2\/comments?post=507"}],"version-history":[{"count":0,"href":"https:\/\/blogs.lasprovincias.es\/elsindromededarrin\/wp-json\/wp\/v2\/posts\/507\/revisions"}],"wp:attachment":[{"href":"https:\/\/blogs.lasprovincias.es\/elsindromededarrin\/wp-json\/wp\/v2\/media?parent=507"}],"wp:term":[{"taxonomy":"category","embeddable":true,"href":"https:\/\/blogs.lasprovincias.es\/elsindromededarrin\/wp-json\/wp\/v2\/categories?post=507"},{"taxonomy":"post_tag","embeddable":true,"href":"https:\/\/blogs.lasprovincias.es\/elsindromededarrin\/wp-json\/wp\/v2\/tags?post=507"}],"curies":[{"name":"wp","href":"https:\/\/api.w.org\/{rel}","templated":true}]}}