{"id":514,"date":"2012-12-18T11:36:45","date_gmt":"2012-12-18T11:36:45","guid":{"rendered":"http:\/\/blogs.lasprovincias.es\/elsindromededarrin\/?p=514"},"modified":"2012-12-18T11:36:45","modified_gmt":"2012-12-18T11:36:45","slug":"que-come-un-asesino-en-serie","status":"publish","type":"post","link":"https:\/\/blogs.lasprovincias.es\/elsindromededarrin\/2012\/12\/18\/que-come-un-asesino-en-serie\/","title":{"rendered":"\u00bfQu\u00e9 come un asesino en serie?"},"content":{"rendered":"<p style=\"text-align: right;\"><strong><span style=\"font-size: small;\">&#8220;Me cri\u00e9 con M\u00f3nica, si no com\u00eda r\u00e1pido no com\u00eda&#8221;<\/span><\/strong><\/p>\n<p style=\"text-align: right;\"><span style=\"font-size: small;\">Ross Geller<\/span><\/p>\n<p style=\"text-align: center;\"><a href=\"\/elsindromededarrin\/wp-content\/uploads\/sites\/21\/2012\/12\/Untitled-45-630x351.jpg\"><img loading=\"lazy\" class=\"aligncenter  wp-image-517\" title=\"Untitled-45-630x351\" src=\"\/elsindromededarrin\/wp-content\/uploads\/sites\/21\/2012\/12\/Untitled-45.jpg\" alt=\"\" width=\"441\" height=\"246\" \/><\/a><\/p>\n<p>&nbsp;<\/p>\n<p><span style=\"font-size: large;\">\u00bfQu\u00e9 come un asesino en serie? \u00bfQu\u00e9 prepara una ama de casa obsesionada con el orden? \u00bfQu\u00e9 se sirve en la mesa de una familia de mafiosos? Hoy la cosa va de fogones. No les voy a contar una <a href=\"http:\/\/blogs.lasprovincias.es\/historiascondelantal\/\" target=\"_blank\">historia con delantal<\/a> que para eso ya est\u00e1 mi vecino de blog. Darrin se mete en la cocina sin que sirva de precedente. Yo soy m\u00e1s de dejarme invitar y muy, muy agradecido en la mesa. Pero, para que nadie pueda echarme en cara que no colaboro en nada, voy a lanzar aqu\u00ed una serie de propuestas para todos aquellos que quieran convertirse en mis pr\u00f3ximos anfitriones. Y tambi\u00e9n pueden servir de ideas para las fiestas que vienen por delante. Vamos con los men\u00fas cat\u00f3dicos. Pasen y saboreen&#8230;<\/span><\/p>\n<p>&nbsp;<\/p>\n<p><strong><span style=\"font-size: large;\">La lasa\u00f1a de &#8216;Friends&#8217;<\/span><\/strong><\/p>\n<p><span style=\"font-size: large;\"><a href=\"\/elsindromededarrin\/wp-content\/uploads\/sites\/21\/2012\/12\/Cheapstamatic-50cbebc2b655b.jpg\"><img loading=\"lazy\" class=\"alignleft size-medium wp-image-518\" title=\"Cheapstamatic-50cbebc2b655b\" src=\"\/elsindromededarrin\/wp-content\/uploads\/sites\/21\/2012\/12\/Cheapstamatic-50cbebc2b655b.jpg\" alt=\"\" width=\"300\" height=\"248\" srcset=\"https:\/\/static-blogs.lasprovincias.es\/wp-content\/uploads\/sites\/21\/2012\/12\/Cheapstamatic-50cbebc2b655b.jpg 482w, https:\/\/static-blogs.lasprovincias.es\/wp-content\/uploads\/sites\/21\/2012\/12\/Cheapstamatic-50cbebc2b655b-300x249.jpg 300w\" sizes=\"(max-width: 300px) 100vw, 300px\" \/><\/a>Quien mejor se defiende en la cocina de \u2018<a href=\"http:\/\/www.friendspeich.com\/\" target=\"_blank\" rel=\"external nofollow\">Friends<\/a>\u2019 es M\u00f3nica. De hecho, aunque de joven tuvo problemas con la comida, de adulta se convierte en una versada chef. Una de sus especialidades es la lasa\u00f1a de carne, plato que tambi\u00e9n es el favorito, por cierto, de otro famoso personaje televisivo, <a href=\"http:\/\/www.tv.com\/shows\/the-garfield-show\/\" target=\"_blank\" rel=\"external nofollow\">Garfield<\/a>. \u2018<a href=\"http:\/\/www.friendspeich.com\/\" target=\"_blank\" rel=\"external nofollow\">Friends<\/a>\u2019 cuenta con su propio <a href=\"http:\/\/www.amazon.com\/Cooking-Friends-Amy-Lyles-Wilson\/dp\/1558533834\/ref=pd_bbs_sr_1?ie=UTF8&#038;s=books&#038;qid=1203998532&#038;sr=8-1\" target=\"_blank\" rel=\"external nofollow\">libro de recetas<\/a>, pero la que a continuaci\u00f3n os propongo est\u00e1 sacada del blog <a href=\"http:\/\/cocinaenserie.blogspot.com.es\/\" target=\"_blank\" rel=\"external nofollow\">Cocina en serie<\/a>.<\/span><\/p>\n<p>&nbsp;<\/p>\n<p><span style=\"font-size: large;\"><a href=\"\/elsindromededarrin\/wp-content\/uploads\/sites\/21\/2012\/12\/hojareceta7-1.jpg\"><img loading=\"lazy\" class=\"alignleft size-medium wp-image-532\" title=\"hojareceta7-1\" src=\"\/elsindromededarrin\/wp-content\/uploads\/sites\/21\/2012\/12\/hojareceta7-1.jpg\" alt=\"\" width=\"225\" height=\"300\" srcset=\"https:\/\/static-blogs.lasprovincias.es\/wp-content\/uploads\/sites\/21\/2012\/12\/hojareceta7-1.jpg 722w, https:\/\/static-blogs.lasprovincias.es\/wp-content\/uploads\/sites\/21\/2012\/12\/hojareceta7-1-225x300.jpg 225w\" sizes=\"(max-width: 225px) 100vw, 225px\" \/><\/a>Se corta la cebolla y la zanahoria a cuadraditos peque\u00f1os y se fr\u00eden en una sart\u00e9n.\u00a0Dorada la cebolla, se incorpora la carne picada y los champi\u00f1ones picados. <strong>Tras hacerse la carne<\/strong>, se a\u00f1ade un vaso de vino y se deja hervir unos minutos. En el momento en que se haya evaporado el vino blanco, se incorpora la salsa de tomate y se va removiendo unos diez minutos.<\/span><\/p>\n<p><span style=\"font-size: large;\"><strong>Para la salsa bechamel<\/strong> se derrite la mantequilla en una sart\u00e9n y\u00a0 se incorpora la harina. Se deja tostar la harina para despu\u00e9s verter la leche poco a poco. Se va removiendo hasta que se disuelvan los grumos.<\/span><\/p>\n<p><span style=\"font-size: large;\"><strong>Para el montaje<\/strong> se colocan dos placas de lasa\u00f1a en el fondo de una fuente y encima una capa del relleno de carne. Si queda espesa, se puede a\u00f1adir un poco de salsa de tomate o bechamel. Despu\u00e9s se colocan otras dos placas de lasa\u00f1a en sentido contrario a las que hacen de base. Las dos restantes servir\u00e1n de relleno. A continuaci\u00f3n se pone la salsa bechamel y el queso rallado. La lasa\u00f1a se queda horne\u00e1ndose unos 20 minutos a 180 grados.<\/span><\/p>\n<p>&nbsp;<\/p>\n<p>&nbsp;<\/p>\n<p><strong><span style=\"font-size: large;\">El desayuno de &#8216;Dexter&#8217;<\/span><\/strong><\/p>\n<p><span style=\"font-size: large;\"><a href=\"\/elsindromededarrin\/wp-content\/uploads\/sites\/21\/2012\/12\/Cheapstamatic-50cbec346173f.jpg\"><img loading=\"lazy\" class=\"alignleft size-medium wp-image-520\" title=\"Cheapstamatic-50cbec346173f\" src=\"\/elsindromededarrin\/wp-content\/uploads\/sites\/21\/2012\/12\/Cheapstamatic-50cbec346173f.jpg\" alt=\"\" width=\"300\" height=\"248\" srcset=\"https:\/\/static-blogs.lasprovincias.es\/wp-content\/uploads\/sites\/21\/2012\/12\/Cheapstamatic-50cbec346173f.jpg 681w, https:\/\/static-blogs.lasprovincias.es\/wp-content\/uploads\/sites\/21\/2012\/12\/Cheapstamatic-50cbec346173f-300x249.jpg 300w\" sizes=\"(max-width: 300px) 100vw, 300px\" \/><\/a>Si hay una cabecera que define perfectamente al protagonista esa es la de &#8216;<a href=\"http:\/\/www.sho.com\/sho\/dexter\/home\" target=\"_blank\" rel=\"external nofollow\">Dexter<\/a>&#8216;, en la que se plasman los meticulosos h\u00e1bitos del asesino en serie. Entre ellos, prepararse cada ma\u00f1ana un suculento desayuno. La web <a href=\"http:\/\/www.cooking4noobs.net\/2012\/01\/killer-dexter-breakfast.html\" target=\"_blank\" rel=\"external nofollow\">Cooking4noobs<\/a>\u00a0sugiere una receta pero nosotros nos vamos a quedar con la que incluye el popular <a href=\"p:\/\/blogs.elpais.com\/el-comidista\/\" target=\"_blank\">comidista<\/a> en su \u00faltimo libro, &#8216;<a href=\"http:\/\/libros.fnac.es\/a824896\/Mikel-Lopez-Iturriaga-La-cocina-pop-de-el-comidista\" target=\"_blank\" rel=\"external nofollow\">La cocina pop<\/a>&#8216;.<\/span><\/p>\n<p>&nbsp;<\/p>\n<p><span style=\"font-size: large;\"><a href=\"\/elsindromededarrin\/wp-content\/uploads\/sites\/21\/2012\/12\/hojareceta3-2.jpg\"><img loading=\"lazy\" class=\"alignleft size-medium wp-image-521\" title=\"hojareceta3-2\" src=\"\/elsindromededarrin\/wp-content\/uploads\/sites\/21\/2012\/12\/hojareceta3-2.jpg\" alt=\"\" width=\"225\" height=\"300\" srcset=\"https:\/\/static-blogs.lasprovincias.es\/wp-content\/uploads\/sites\/21\/2012\/12\/hojareceta3-2.jpg 722w, https:\/\/static-blogs.lasprovincias.es\/wp-content\/uploads\/sites\/21\/2012\/12\/hojareceta3-2-225x300.jpg 225w\" sizes=\"(max-width: 225px) 100vw, 225px\" \/><\/a>En primer lugar se debe <strong>preparar el zumo<\/strong>. A continuaci\u00f3n hay que calentar una cucharada de mantequilla en una sart\u00e9n a fuego medio. El pr\u00f3ximo paso ser\u00e1 <strong>salpimentar el filete<\/strong> y pasarlo entre uno y dos minutos por la sart\u00e9n por cada lado. Despu\u00e9s se saca a un plato y se tapa. Para rematar la primera comida del d\u00eda del forense de Miami, poner mantequilla en la sart\u00e9n y <strong>fre\u00edr el huevo<\/strong>. Este se debe salpimentar y servir junto a la carne, acompa\u00f1ado de caf\u00e9 y zumo.<\/span><\/p>\n<p>&nbsp;<\/p>\n<p>&nbsp;<\/p>\n<p>&nbsp;<\/p>\n<p><strong><span style=\"font-size: large;\">La tarta de cerezas de &#8216;<a href=\"http:\/\/www.tv.com\/shows\/twin-peaks\/\" target=\"_blank\" rel=\"external nofollow\">Twin Peaks<\/a>&#8216;<\/span><\/strong><\/p>\n<p><span style=\"font-size: large;\"><a href=\"\/elsindromededarrin\/wp-content\/uploads\/sites\/21\/2012\/12\/Cheapstamatic-50cbdf48a74e0.jpg\"><img loading=\"lazy\" class=\"alignleft size-medium wp-image-522\" title=\"Cheapstamatic-50cbdf48a74e0\" src=\"\/elsindromededarrin\/wp-content\/uploads\/sites\/21\/2012\/12\/Cheapstamatic-50cbdf48a74e0.jpg\" alt=\"\" width=\"300\" height=\"248\" srcset=\"https:\/\/static-blogs.lasprovincias.es\/wp-content\/uploads\/sites\/21\/2012\/12\/Cheapstamatic-50cbdf48a74e0.jpg 1250w, https:\/\/static-blogs.lasprovincias.es\/wp-content\/uploads\/sites\/21\/2012\/12\/Cheapstamatic-50cbdf48a74e0-300x249.jpg 300w, https:\/\/static-blogs.lasprovincias.es\/wp-content\/uploads\/sites\/21\/2012\/12\/Cheapstamatic-50cbdf48a74e0-768x637.jpg 768w, https:\/\/static-blogs.lasprovincias.es\/wp-content\/uploads\/sites\/21\/2012\/12\/Cheapstamatic-50cbdf48a74e0-1024x850.jpg 1024w\" sizes=\"(max-width: 300px) 100vw, 300px\" \/><\/a>Entre las muchas obsesiones que atesoraba el agente Cooper estaba la tarta de cerezas. Cada ma\u00f1ana comenzaba su jornada con un buen caf\u00e9 y este dulce. En el hotel del Norte y en el Doble R se sirven algunos de los mejores ejemplares de este pastel. Una <a href=\"http:\/\/www.davidlynch.de\/hungry.html\" target=\"_blank\" rel=\"external nofollow\">web dedicada a David Lynch<\/a> describe los ingredientes y el modo de prepararlo. El blog <a href=\"http:\/\/alfinaldelaescapada.com\/2008\/06\/el-cherry-pie-de-twin-peaks\/?utm_source=feedburner&#038;utm_medium=feed&#038;utm_campaign=Feed%3A+alfinal+%28alfinal%29\" target=\"_blank\" rel=\"external nofollow\">Al final de la escapada<\/a> public\u00f3 un post con la traducci\u00f3n al castellano.<\/span><\/p>\n<p>&nbsp;<\/p>\n<p><span style=\"font-size: large;\"><a href=\"\/elsindromededarrin\/wp-content\/uploads\/sites\/21\/2012\/12\/hojareceta1-2.jpg\"><img loading=\"lazy\" class=\"alignleft size-medium wp-image-523\" title=\"hojareceta1-2\" src=\"\/elsindromededarrin\/wp-content\/uploads\/sites\/21\/2012\/12\/hojareceta1-2.jpg\" alt=\"\" width=\"225\" height=\"300\" srcset=\"https:\/\/static-blogs.lasprovincias.es\/wp-content\/uploads\/sites\/21\/2012\/12\/hojareceta1-2.jpg 722w, https:\/\/static-blogs.lasprovincias.es\/wp-content\/uploads\/sites\/21\/2012\/12\/hojareceta1-2-225x300.jpg 225w\" sizes=\"(max-width: 225px) 100vw, 225px\" \/><\/a><strong>Para hacer la masa<\/strong> hay que mezclar con un tenedor la mantequilla con la harina, echar el agua, y terminar de amasar con la mano. Formar una bola con la masa, tapar con papel film y guardar en la nevera durante unas seis u ocho horas.<\/span><\/p>\n<p><span style=\"font-size: large;\"><strong>Para el relleno<\/strong> se deben cocer las cerezas durante unos cinco minutos y reservar el l\u00edquido que suelten. Mezclar despu\u00e9s el agua, el az\u00facar, la maizena y las cerezas y cocer durante cinco minutos m\u00e1s hasta que espese un poco. M\u00e1s tarde a\u00f1adir el l\u00edquido de la primera cocci\u00f3n de las cerezas, cocer un par de minutos m\u00e1s y reservar.<\/span><\/p>\n<p><span style=\"font-size: large;\">Para acabar hay que <strong>separar la masa en dos partes<\/strong>, cubrir la base con un molde redondo de unos 20 cent\u00edmetros, a\u00f1adir el relleno de las cerezas, y tapar con el resto de la masa. Hornear durante 35 o 40 minutos a 220 grados.\u00a0<\/span><span style=\"font-size: large;\">Se puede servir con helado de vainilla o nata como en el Double R.<\/span><\/p>\n<p>&nbsp;<\/p>\n<p><strong><span style=\"font-size: large;\">Muffins de &#8216;Mujeres desesperadas&#8217;<\/span><\/strong><\/p>\n<p><span style=\"font-size: large;\"><a href=\"\/elsindromededarrin\/wp-content\/uploads\/sites\/21\/2012\/12\/Cheapstamatic-50cbec6e437cb.jpg\"><img loading=\"lazy\" class=\"alignleft size-medium wp-image-524\" title=\"Cheapstamatic-50cbec6e437cb\" src=\"\/elsindromededarrin\/wp-content\/uploads\/sites\/21\/2012\/12\/Cheapstamatic-50cbec6e437cb.jpg\" alt=\"\" width=\"300\" height=\"248\" srcset=\"https:\/\/static-blogs.lasprovincias.es\/wp-content\/uploads\/sites\/21\/2012\/12\/Cheapstamatic-50cbec6e437cb.jpg 511w, https:\/\/static-blogs.lasprovincias.es\/wp-content\/uploads\/sites\/21\/2012\/12\/Cheapstamatic-50cbec6e437cb-300x249.jpg 300w\" sizes=\"(max-width: 300px) 100vw, 300px\" \/><\/a>Como buenas amas de casa las protagonistas de \u2018<a href=\"http:\/\/abc.go.com\/shows\/desperate-housewives\" target=\"_blank\" rel=\"external nofollow\">Mujeres desesperadas<\/a>\u2019 intentaban desenvolverse con soltura en la cocina con resultados desiguales. Sin duda era Bree Van de Kamp quien sobresal\u00eda en este arte. La serie aprovech\u00f3 el fil\u00f3n para editar una <a href=\"http:\/\/www.casadellibro.com\/libro-mujeres-desesperadas-libro-de-cocina-platos-jugosos-y-bocaditos-tentadores\/9788431536305\/1140309\" target=\"_blank\" rel=\"external nofollow\">publicaci\u00f3n<\/a> con recetas basadas en las tramas de la ficci\u00f3n. La web <a href=\"http:\/\/filmfoodandphoto.blogspot.com.es\/search\/label\/Mujeres%20Desesperadas\" target=\"_blank\" rel=\"external nofollow\">Film and Food<\/a> sugiere c\u00f3mo cocinar unos Muffins estilo Bree.<\/span><\/p>\n<p>&nbsp;<\/p>\n<p><span style=\"font-size: large;\"><a href=\"\/elsindromededarrin\/wp-content\/uploads\/sites\/21\/2012\/12\/hojareceta3.jpg\"><img loading=\"lazy\" class=\"alignleft size-medium wp-image-525\" title=\"hojareceta3\" src=\"\/elsindromededarrin\/wp-content\/uploads\/sites\/21\/2012\/12\/hojareceta3.jpg\" alt=\"\" width=\"225\" height=\"300\" srcset=\"https:\/\/static-blogs.lasprovincias.es\/wp-content\/uploads\/sites\/21\/2012\/12\/hojareceta3.jpg 722w, https:\/\/static-blogs.lasprovincias.es\/wp-content\/uploads\/sites\/21\/2012\/12\/hojareceta3-225x300.jpg 225w\" sizes=\"(max-width: 225px) 100vw, 225px\" \/><\/a>Se precalienta el horno a 190 grados. En un bol <strong>se mezcla la harina tamizada<\/strong>, la levadura, el bicarbonato y la sal. En otro bol se mezclan los trozos de chocolate con una cucharada de harina. Con una batidora el\u00e9ctrica a velocidad media,\u00a0se bate la mantequilla hasta que quede suave y cremosa, aproximadamente durante tres minutos. Despu\u00e9s hay que a\u00f1adir media taza de az\u00facar y seguir batiendo, unos dos minutos. <strong>Incluir el resto del az\u00facar sin dejar de batir<\/strong>, dos minutos m\u00e1s. Incorporar el extracto de vainilla y los huevos, uno en cada tiempo y seguir batiendo.<\/span><\/p>\n<p><span style=\"font-size: large;\">Se debe despu\u00e9s bajar la velocidad al m\u00ednimo e ir incorporando la mezcla de harina en tres tiempos altern\u00e1ndola con la leche en dos tiempos. Se acaba con la \u00faltima incorporaci\u00f3n de harina.\u00a0<\/span><span style=\"font-size: large;\">Una vez se a\u00f1ade el chocolate <strong>se procede a rellenar los 14 moldes<\/strong> para muffins que deben estar preparados. Se hornean unos 30 minutos y se dejan enfriar en una rejilla.<\/span><\/p>\n<p>&nbsp;<\/p>\n<p><strong><span style=\"font-size: large;\">La galleta de &#8216;Seinfeld&#8217;<\/span><\/strong><\/p>\n<p><span style=\"font-size: large;\"><a href=\"\/elsindromededarrin\/wp-content\/uploads\/sites\/21\/2012\/12\/Cheapstamatic-50cbeb7367fe2.jpg\"><img loading=\"lazy\" class=\"alignleft size-medium wp-image-526\" title=\"Cheapstamatic-50cbeb7367fe2\" src=\"\/elsindromededarrin\/wp-content\/uploads\/sites\/21\/2012\/12\/Cheapstamatic-50cbeb7367fe2.jpg\" alt=\"\" width=\"300\" height=\"248\" srcset=\"https:\/\/static-blogs.lasprovincias.es\/wp-content\/uploads\/sites\/21\/2012\/12\/Cheapstamatic-50cbeb7367fe2.jpg 605w, https:\/\/static-blogs.lasprovincias.es\/wp-content\/uploads\/sites\/21\/2012\/12\/Cheapstamatic-50cbeb7367fe2-300x249.jpg 300w\" sizes=\"(max-width: 300px) 100vw, 300px\" \/><\/a>Uno de los episodios m\u00e1s recordados para los seguidores de &#8216;<a href=\"http:\/\/www.tv.com\/shows\/seinfeld\/\" target=\"_blank\" rel=\"external nofollow\">Seinfeld<\/a>&#8216; es aquel en el que Elaine y Jerry guardan cola durante horas en una pasteler\u00eda y \u00e9l compara la galleta en blanco y negro con la diversidad racial de Nueva York. El dulce en cuesti\u00f3n es uno de los m\u00e1s emblem\u00e1ticos de esta ciudad y es l\u00f3gico encontrarlo en otros t\u00edtulos rodados en la Gran Manzana. En la secci\u00f3n \u2018Comer de cine\u2019 de <a href=\"http:\/\/www.loqueyotediga.net\/category\/comer-cine\" target=\"_blank\" rel=\"external nofollow\">Lo que yo te diga<\/a> proponen la siguiente receta.<\/span><\/p>\n<p>&nbsp;<\/p>\n<p><span style=\"font-size: large;\"><a href=\"\/elsindromededarrin\/wp-content\/uploads\/sites\/21\/2012\/12\/hojareceta7.jpg\"><img loading=\"lazy\" class=\"alignleft size-medium wp-image-527\" title=\"hojareceta7\" src=\"\/elsindromededarrin\/wp-content\/uploads\/sites\/21\/2012\/12\/hojareceta7.jpg\" alt=\"\" width=\"225\" height=\"300\" srcset=\"https:\/\/static-blogs.lasprovincias.es\/wp-content\/uploads\/sites\/21\/2012\/12\/hojareceta7.jpg 722w, https:\/\/static-blogs.lasprovincias.es\/wp-content\/uploads\/sites\/21\/2012\/12\/hojareceta7-225x300.jpg 225w\" sizes=\"(max-width: 225px) 100vw, 225px\" \/><\/a>Se precalienta el horno a 180\u00ba, <strong>se bate la mantequilla<\/strong> hasta que espume y se le a\u00f1ade poco a poco el az\u00facar sin dejar de batir hasta que la mezcla blanquee. Los huevos se a\u00f1aden uno a uno y se sigue removiendo hasta que est\u00e9n bien incorporados.<\/span><\/p>\n<p><span style=\"font-size: large;\"><strong>Se tamizan juntas<\/strong> la harina, la levadura y la sal, que se ir\u00e1n incorporando poco a poco a la mezcla alternando con la leche. Finalmente, se a\u00f1ade la ralladura de lim\u00f3n y la vainilla. En una bandeja de horno, forrada de papel encerado, <strong>se colocan peque\u00f1os montoncitos de masa<\/strong>, asegur\u00e1ndose de dejar un buen espacio entre ellos, ya que se expandir\u00e1n bastante durante el horneado. Se hornean 15 o 20 minutos, hasta que se vea que los bordes empiezan a dorarse.<\/span><\/p>\n<p><span style=\"font-size: large;\">Mientras las galletas se enfr\u00edan, <strong>se prepara el glaseado<\/strong>. Se calienta el agua y la miel y, en cuanto hierva, se a\u00f1ade el az\u00facar glass sin dejar de remover hasta que se disuelva completamente y no tenga grumos. Se separa la preparaci\u00f3n en dos mitades, a una se incorpora la vainilla, a la otra el chocolate que previamente se ha derretido en el microondas, en tandas de 30 en 30 segundos, removiendo cada vez para asegurarse de que no se quema.<\/span><\/p>\n<p><span style=\"font-size: large;\">Cuando las galletas ya est\u00e9n fr\u00edas, <strong>se cubre la parte plana<\/strong>, la que ha estado en contacto directo con la bandeja del horno, con el glaseado, una mitad con el glaseado blanco y la otra con el glaseado de chocolate. Se deja reposar hasta que el glaseado endurezca y estar\u00e1n listas para servir.<\/span><\/p>\n<p>&nbsp;<\/p>\n<p><strong><span style=\"font-size: large;\">Maccheroni al rojo vivo de &#8216;<a href=\"http:\/\/www.hbo.com\/the-sopranos\/index.html\" target=\"_blank\" rel=\"external nofollow\">Los Soprano<\/a>&#8216;<\/span><\/strong><\/p>\n<p><span style=\"font-size: large;\"><a href=\"\/elsindromededarrin\/wp-content\/uploads\/sites\/21\/2012\/12\/Cheapstamatic-50cbeb9ebc96c.jpg\"><img loading=\"lazy\" class=\"alignleft size-medium wp-image-528\" title=\"Cheapstamatic-50cbeb9ebc96c\" src=\"\/elsindromededarrin\/wp-content\/uploads\/sites\/21\/2012\/12\/Cheapstamatic-50cbeb9ebc96c.jpg\" alt=\"\" width=\"300\" height=\"249\" srcset=\"https:\/\/static-blogs.lasprovincias.es\/wp-content\/uploads\/sites\/21\/2012\/12\/Cheapstamatic-50cbeb9ebc96c.jpg 465w, https:\/\/static-blogs.lasprovincias.es\/wp-content\/uploads\/sites\/21\/2012\/12\/Cheapstamatic-50cbeb9ebc96c-300x250.jpg 300w\" sizes=\"(max-width: 300px) 100vw, 300px\" \/><\/a>La pasta y la mafia est\u00e1n condenadas a entenderse. Por eso esta receta la extraemos del libro \u2018<a href=\"http:\/\/www.casadellibro.com\/libro-la-cocina-de-la-mafia-cocina-italoamericana\/9788496473874\/1222696\" target=\"_blank\" rel=\"external nofollow\">La cocina de la mafia<\/a>\u2019. El t\u00edpico plato italiano y otros muchos, como los cannoli o los bocadillos de pastrami, los prepara de maravilla Carmela, la esposa de Tony Soprano. El ritual de la comida es sagrado en esta serie y cuenta con un altar, el restaurante de Artie Bucco, el Vesubio. Los trucos del cocinero se publicaron en un <a href=\"http:\/\/www.amazon.es\/Sopranos-Family-Cookbook-Michele-Scicolone\/dp\/0446530573\" target=\"_blank\" rel=\"external nofollow\">libro<\/a>.<\/span><\/p>\n<p>&nbsp;<\/p>\n<p><span style=\"font-size: large;\"><a href=\"\/elsindromededarrin\/wp-content\/uploads\/sites\/21\/2012\/12\/hojareceta7-2.jpg\"><img loading=\"lazy\" class=\"alignleft size-medium wp-image-529\" title=\"hojareceta7-2\" src=\"\/elsindromededarrin\/wp-content\/uploads\/sites\/21\/2012\/12\/hojareceta7-2.jpg\" alt=\"\" width=\"225\" height=\"300\" srcset=\"https:\/\/static-blogs.lasprovincias.es\/wp-content\/uploads\/sites\/21\/2012\/12\/hojareceta7-2.jpg 722w, https:\/\/static-blogs.lasprovincias.es\/wp-content\/uploads\/sites\/21\/2012\/12\/hojareceta7-2-225x300.jpg 225w\" sizes=\"(max-width: 225px) 100vw, 225px\" \/><\/a>Poner a hervir agua con sal en una olla para <strong>hacer los macarrones<\/strong>. Calentar el aceite de oliva en una sart\u00e9n de hierro con los tres dientes de ajo. Se fr\u00ede un poco y se a\u00f1aden los pimientos. Cuando los pimientos se empiecen a hinchar y a poner brillantes, se sacan de la sart\u00e9n, junto con los ajos, y se machacan en un mortero hasta que <strong>se obtiene una especie de salsa<\/strong>. Se hierven los macarrones al dente. Hay que poner un poco de aceite de oliva en otra olla, se fr\u00ede el \u00faltimo diente de ajo hasta dorarlo, se a\u00f1ade la salsa de pimientos y se remueve r\u00e1pidamente con el aceite para que la salsa no ennegrezca. <strong>Se vierte la salsa<\/strong>\u00a0en los macarrones escurridos y parecer\u00e1 que est\u00e1n al rojo vivos.<\/span><\/p>\n<p>&nbsp;<\/p>\n<p><span style=\"font-size: large;\">Que aproveche.<\/span><\/p>\n<p>&nbsp;<\/p>\n<p>&nbsp;<\/p>\n<p><span style=\"font-size: small;\"><em>T\u00edtulos de cr\u00e9dito: Las hojas de receta en la que se indican los ingredientes han sido elaboradas en la siguiente web <a href=\"http:\/\/morellajimenez.com.do\/hojasrecetas.htm\" target=\"_blank\" rel=\"external nofollow\">www.morellajimenez.com.do\/hojasrecetas.htm<\/a>\u00a0Para quejas, sugerencias y otras necesidades humanas mi correo es mlabastida@lasprovincias.es<\/em>\u00a0<\/span><\/p>\n<!-- AddThis Advanced Settings generic via filter on the_content --><!-- AddThis Share Buttons generic via filter on the_content -->","protected":false},"excerpt":{"rendered":"<p>&#8220;Me cri\u00e9 con M\u00f3nica, si no com\u00eda r\u00e1pido no com\u00eda&#8221; Ross Geller &nbsp; \u00bfQu\u00e9 come un asesino en serie? \u00bfQu\u00e9 prepara una ama de casa obsesionada con el orden? \u00bfQu\u00e9 se sirve en la mesa de una familia de mafiosos? Hoy la cosa va de fogones. No les voy a contar una historia con delantal [&hellip;]<!-- AddThis Advanced Settings generic via filter on get_the_excerpt --><!-- AddThis Share Buttons generic via filter on get_the_excerpt --><\/p>\n","protected":false},"author":29,"featured_media":0,"comment_status":"open","ping_status":"closed","sticky":false,"template":"","format":"standard","meta":[],"categories":[2],"tags":[177,231,325,539,677,726,758,857],"_links":{"self":[{"href":"https:\/\/blogs.lasprovincias.es\/elsindromededarrin\/wp-json\/wp\/v2\/posts\/514"}],"collection":[{"href":"https:\/\/blogs.lasprovincias.es\/elsindromededarrin\/wp-json\/wp\/v2\/posts"}],"about":[{"href":"https:\/\/blogs.lasprovincias.es\/elsindromededarrin\/wp-json\/wp\/v2\/types\/post"}],"author":[{"embeddable":true,"href":"https:\/\/blogs.lasprovincias.es\/elsindromededarrin\/wp-json\/wp\/v2\/users\/29"}],"replies":[{"embeddable":true,"href":"https:\/\/blogs.lasprovincias.es\/elsindromededarrin\/wp-json\/wp\/v2\/comments?post=514"}],"version-history":[{"count":0,"href":"https:\/\/blogs.lasprovincias.es\/elsindromededarrin\/wp-json\/wp\/v2\/posts\/514\/revisions"}],"wp:attachment":[{"href":"https:\/\/blogs.lasprovincias.es\/elsindromededarrin\/wp-json\/wp\/v2\/media?parent=514"}],"wp:term":[{"taxonomy":"category","embeddable":true,"href":"https:\/\/blogs.lasprovincias.es\/elsindromededarrin\/wp-json\/wp\/v2\/categories?post=514"},{"taxonomy":"post_tag","embeddable":true,"href":"https:\/\/blogs.lasprovincias.es\/elsindromededarrin\/wp-json\/wp\/v2\/tags?post=514"}],"curies":[{"name":"wp","href":"https:\/\/api.w.org\/{rel}","templated":true}]}}