{"id":530,"date":"2012-12-24T12:12:49","date_gmt":"2012-12-24T12:12:49","guid":{"rendered":"http:\/\/blogs.lasprovincias.es\/elsindromededarrin\/?p=530"},"modified":"2012-12-24T12:12:49","modified_gmt":"2012-12-24T12:12:49","slug":"el-villancico-de-mercedes-mila-y-jesus-hermida","status":"publish","type":"post","link":"https:\/\/blogs.lasprovincias.es\/elsindromededarrin\/2012\/12\/24\/el-villancico-de-mercedes-mila-y-jesus-hermida\/","title":{"rendered":"El villancico de Mercedes Mil\u00e1 y Jes\u00fas Hermida"},"content":{"rendered":"<p style=\"text-align: right;\"><strong><span style=\"font-size: small;\">&#8220;Vuelve, a casa vuelve&#8230;\u00a0te esperamos.\u00a0Vuelve a casa vuelve&#8230;\u00a0necesitamos&#8230;\u00a0Tu risa, tus caricias, tus miradas y tus manos. Vuelve a casa vuelve a tu hogar&#8230;&#8221;<\/span><\/strong><\/p>\n<p style=\"text-align: right;\"><span style=\"font-size: small;\">Turrones El Almendro<\/span><\/p>\n<p>&nbsp;<\/p>\n<p><a href=\"\/elsindromededarrin\/wp-content\/uploads\/sites\/21\/2012\/12\/6a00d8341bfb1653ef013488cf93e6970c-500wi.jpg\"><img loading=\"lazy\" class=\"aligncenter size-full wp-image-535\" title=\"6a00d8341bfb1653ef013488cf93e6970c-500wi\" src=\"\/elsindromededarrin\/wp-content\/uploads\/sites\/21\/2012\/12\/6a00d8341bfb1653ef013488cf93e6970c-500wi.jpg\" alt=\"\" width=\"470\" height=\"353\" srcset=\"https:\/\/static-blogs.lasprovincias.es\/wp-content\/uploads\/sites\/21\/2012\/12\/6a00d8341bfb1653ef013488cf93e6970c-500wi.jpg 470w, https:\/\/static-blogs.lasprovincias.es\/wp-content\/uploads\/sites\/21\/2012\/12\/6a00d8341bfb1653ef013488cf93e6970c-500wi-300x225.jpg 300w\" sizes=\"(max-width: 470px) 100vw, 470px\" \/><\/a><\/p>\n<p style=\"text-align: center;\"><strong>(\u00c1rbol de Navidad de Darrin)<\/strong><\/p>\n<p>&nbsp;<\/p>\n<p><span style=\"font-size: large;\">S\u00ed. Ya est\u00e1n aqu\u00ed otra vez. Los peces en el r\u00edo, los pastorcillos que quieren ver al rey, la marimorena, la zambomba, el almirez, la pandereta, el reques\u00f3n, la manteca y el vino. Los primos, los primos de tus primos, los primos de unos primos lejanos. El espumill\u00f3n, los lazos, las cadenas de papel, los pinos, el mu\u00e9rdago, las cartas a los Reyes Magos y, s\u00ed, pese a todo, la mula y el buey. Las campanadas, los roscones, las uvas, Anne Igartiburu, Raphael, el gordo, las pedreas, las cabalgatas. Y &#8216;Qu\u00e9 bello es vivir&#8217;. S\u00ed, de nuevo,\u00a0cada vez que suenan unas campanillas es que un \u00e1ngel ha ganado sus alas&#8230; Pues eso, que hay que armarse de valor y asumir que ya se nos ha escapado otro a\u00f1o m\u00e1s y empieza el camino del siguiente. As\u00ed que para coger fuerzas vamos con una raci\u00f3n de canciones <strong>at\u00edpicamente<\/strong> navide\u00f1as. No cambien de canal.<\/span><\/p>\n<p><span style=\"font-size: large;\">\u00a0<\/span><\/p>\n<p lang=\"\"><strong><span style=\"font-size: large;\">Mercedes Mil\u00e1 y Olga Viza cantan en la farmacia. <\/span><\/strong><\/p>\n<p lang=\"\"><span style=\"font-size: large;\">\u00bfQu\u00e9 puede llevar a Mercedes Mil\u00e1 (pre-Gran Hermano), a Olga Viza, a Rosa Mar\u00eda Mateo y a Mar\u00eda Rey a cantar un villancico en una farmacia? Buscar el aguinaldo, qu\u00e9 si no. Y de paso se llevaron aspirinas, supositorios, tiritas y jarabe.<\/span><\/p>\n<p><iframe loading=\"lazy\" src=\"\/\/www.youtube.com\/embed\/-1terzWtVyk\" frameborder=\"0\" width=\"420\" height=\"315\"><\/iframe><\/p>\n<p lang=\"\"><span style=\"font-size: large;\"><strong>Raphael, tamborilero.<\/strong> <\/span><\/p>\n<p lang=\"\"><span style=\"font-size: large;\">Qu\u00e9 esc\u00e1ndalo. Raphael indicando el camino que lleva a Bel\u00e9n. Rom pol pol pol, rom pol pol pol. Hasta all\u00ed lo trasladaron Martes y 13 y transformaron su popular tambolirero.<\/span><\/p>\n<p><iframe loading=\"lazy\" src=\"\/\/www.youtube.com\/embed\/uGvq8eQjG24\" frameborder=\"0\" width=\"420\" height=\"315\"><\/iframe><\/p>\n<p lang=\"\"><strong><span style=\"font-size: large;\">Phoebe, de &#8216;Friends&#8217;, desea Feliz Navidad. <\/span><\/strong><\/p>\n<p lang=\"\"><span style=\"font-size: large;\">Phoebe, la m\u00e1s ambigua de la pandilla de &#8216;Friends&#8217;, exhibe su talento para la composici\u00f3n con una inspirad\u00edsima canci\u00f3n navide\u00f1a que dedica a sus amigos.<\/span><\/p>\n<p><iframe loading=\"lazy\" src=\"\/\/www.youtube.com\/embed\/AH0IV72EKXw\" frameborder=\"0\" width=\"420\" height=\"315\"><\/iframe><\/p>\n<p lang=\"\"><strong><span style=\"font-size: large;\">El gomivillancico<\/span><\/strong><\/p>\n<p lang=\"\"><span style=\"font-size: large;\">La ef\u00edmera serie de Cuatro &#8216;Gominolas&#8217;, sobre un grupo musical que nos recordaba bastante a Parch\u00eds, tambi\u00e9n dedic\u00f3 un tema a las fiestas navide\u00f1as. Kira Mir\u00f3, Arturo Valls y Fernando Tejero lo perpetraron.<\/span><\/p>\n<p><iframe loading=\"lazy\" src=\"\/\/www.youtube.com\/embed\/fnxL9eKLl9U\" frameborder=\"0\" width=\"420\" height=\"315\"><\/iframe><\/p>\n<p lang=\"\"><strong><span style=\"font-size: large;\">Hermida, el ruise\u00f1or ingl\u00e9s<\/span><\/strong><\/p>\n<p lang=\"\"><span style=\"font-size: large;\">Un todoterreno como Jes\u00fas Hermida ha hecho de todo en televisi\u00f3n. Dirigir, presentar, moderar, retransmitir la llegada del hombre a la Luna y hasta cantar. Con gorro de D\u00f3nde est\u00e1 Wally incluido.<\/span><\/p>\n<p style=\"text-align: center;\" lang=\"\"><a href=\"\/elsindromededarrin\/wp-content\/uploads\/sites\/21\/2012\/12\/Captura-de-pantalla-2012-12-22-a-las-03.32.31.png\"><img loading=\"lazy\" class=\"aligncenter  wp-image-534\" title=\"Captura de pantalla 2012-12-22 a las 03.32.31\" src=\"\/elsindromededarrin\/wp-content\/uploads\/sites\/21\/2012\/12\/Captura-de-pantalla-2012-12-22-a-las-03.32.31.png\" alt=\"\" width=\"509\" height=\"354\" srcset=\"https:\/\/static-blogs.lasprovincias.es\/wp-content\/uploads\/sites\/21\/2012\/12\/Captura-de-pantalla-2012-12-22-a-las-03.32.31.png 807w, https:\/\/static-blogs.lasprovincias.es\/wp-content\/uploads\/sites\/21\/2012\/12\/Captura-de-pantalla-2012-12-22-a-las-03.32.31-300x209.png 300w, https:\/\/static-blogs.lasprovincias.es\/wp-content\/uploads\/sites\/21\/2012\/12\/Captura-de-pantalla-2012-12-22-a-las-03.32.31-768x534.png 768w\" sizes=\"(max-width: 509px) 100vw, 509px\" \/><\/a><\/p>\n<p style=\"text-align: center;\" lang=\"\"><a title=\"PULSA AQU\u00cd\" href=\"http:\/\/media5.rtve.es\/resources\/TE_NGVA\/mp4\/2\/6\/1323092196162.mp4\" target=\"_blank\" rel=\"external nofollow\">http:\/\/media5.rtve.es\/resources\/TE_NGVA\/mp4\/2\/6\/1323092196162.mp4<\/a><\/p>\n<p lang=\"\"><strong><span style=\"font-size: large;\">El villancico de Dexter<\/span><\/strong><\/p>\n<p lang=\"\"><span style=\"font-size: large;\">\u00bfPuede el fr\u00edo y psicod\u00e9lico Dexter dejarse llevar por el esp\u00edritu navide\u00f1o? Por supuesto, el c\u00f3digo Morgan tambi\u00e9n permite entonar villancicos. Michael C. Hall se presta a probar c\u00f3mo ser\u00eda un villancico cantado por el forense de Miami.<\/span><\/p>\n<p><iframe loading=\"lazy\" src=\"\/\/www.youtube.com\/embed\/07b-cbisszM\" frameborder=\"0\" width=\"560\" height=\"315\"><\/iframe><\/p>\n<p lang=\"\"><strong><span style=\"font-size: large;\">C\u00f3mo cant\u00e9 a vuestra madre<\/span><\/strong><\/p>\n<p lang=\"\"><span style=\"font-size: large;\"> Entre las dotes de seductor del protagonista de &#8216;C\u00f3mo conoc\u00ed a vuestra madre&#8217; no est\u00e1 la interpretaci\u00f3n musical. Pero nada echa atr\u00e1s a Barney, que se atreve con algunos temas cl\u00e1sicos.<\/span><\/p>\n<p><iframe loading=\"lazy\" src=\"\/\/www.youtube.com\/embed\/Jb2xHGDfCjY\" frameborder=\"0\" width=\"420\" height=\"315\"><\/iframe><\/p>\n<p lang=\"\"><strong><span style=\"font-size: large;\">La canci\u00f3n de Mayra <\/span><\/strong><\/p>\n<p lang=\"\"><span style=\"font-size: large;\">Cuando \u00e9ramos ni\u00f1os y los viernes por la noche ve\u00edamos el &#8216;Un, dos, tres&#8217; sab\u00edamos que se estaba celebrando un programa especial cuando Mayra cantaba. No era algo habitual a pesar de que ella antes de ser presentadora desarroll\u00f3 una carrera musical. En Navidad sol\u00eda coger el micr\u00f3fono y soltarse la melena. Es un decir.<\/span><\/p>\n<p><iframe loading=\"lazy\" src=\"\/\/www.youtube.com\/embed\/vHK5n8zYTzM\" frameborder=\"0\" width=\"420\" height=\"315\"><\/iframe><\/p>\n<div><\/div>\n<div>\n<p lang=\"\"><span style=\"font-size: large;\"><strong>Paz y amor con &#8216;Glee&#8217;<\/strong><\/span><\/p>\n<p lang=\"\"><span style=\"font-size: large;\">Y, por supuesto, no pod\u00edan dejar de unirse a esta fiesta los alumnos del New Directions. Ellos tienen una canci\u00f3n para todo. Para una ruptura, para una boda, para un festival, para una salida del armario, para una operaci\u00f3n de varices&#8230; y para la Navidad.<\/span><\/p>\n<p><iframe loading=\"lazy\" src=\"\/\/www.youtube.com\/embed\/0OcP3B6v5tU\" frameborder=\"0\" width=\"420\" height=\"315\"><\/iframe><\/p>\n<p><span style=\"font-size: medium;\"><br \/>\n<\/span><\/p>\n<\/div>\n<!-- AddThis Advanced Settings generic via filter on the_content --><!-- AddThis Share Buttons generic via filter on the_content -->","protected":false},"excerpt":{"rendered":"<p>&#8220;Vuelve, a casa vuelve&#8230;\u00a0te esperamos.\u00a0Vuelve a casa vuelve&#8230;\u00a0necesitamos&#8230;\u00a0Tu risa, tus caricias, tus miradas y tus manos. Vuelve a casa vuelve a tu hogar&#8230;&#8221; Turrones El Almendro &nbsp; (\u00c1rbol de Navidad de Darrin) &nbsp; S\u00ed. Ya est\u00e1n aqu\u00ed otra vez. Los peces en el r\u00edo, los pastorcillos que quieren ver al rey, la marimorena, la zambomba, [&hellip;]<!-- AddThis Advanced Settings generic via filter on get_the_excerpt --><!-- AddThis Share Buttons generic via filter on get_the_excerpt --><\/p>\n","protected":false},"author":29,"featured_media":0,"comment_status":"open","ping_status":"closed","sticky":false,"template":"","format":"standard","meta":[],"categories":[2],"tags":[185,309,325,334,398,514,551,882],"_links":{"self":[{"href":"https:\/\/blogs.lasprovincias.es\/elsindromededarrin\/wp-json\/wp\/v2\/posts\/530"}],"collection":[{"href":"https:\/\/blogs.lasprovincias.es\/elsindromededarrin\/wp-json\/wp\/v2\/posts"}],"about":[{"href":"https:\/\/blogs.lasprovincias.es\/elsindromededarrin\/wp-json\/wp\/v2\/types\/post"}],"author":[{"embeddable":true,"href":"https:\/\/blogs.lasprovincias.es\/elsindromededarrin\/wp-json\/wp\/v2\/users\/29"}],"replies":[{"embeddable":true,"href":"https:\/\/blogs.lasprovincias.es\/elsindromededarrin\/wp-json\/wp\/v2\/comments?post=530"}],"version-history":[{"count":0,"href":"https:\/\/blogs.lasprovincias.es\/elsindromededarrin\/wp-json\/wp\/v2\/posts\/530\/revisions"}],"wp:attachment":[{"href":"https:\/\/blogs.lasprovincias.es\/elsindromededarrin\/wp-json\/wp\/v2\/media?parent=530"}],"wp:term":[{"taxonomy":"category","embeddable":true,"href":"https:\/\/blogs.lasprovincias.es\/elsindromededarrin\/wp-json\/wp\/v2\/categories?post=530"},{"taxonomy":"post_tag","embeddable":true,"href":"https:\/\/blogs.lasprovincias.es\/elsindromededarrin\/wp-json\/wp\/v2\/tags?post=530"}],"curies":[{"name":"wp","href":"https:\/\/api.w.org\/{rel}","templated":true}]}}