{"id":599,"date":"2013-02-13T12:17:14","date_gmt":"2013-02-13T12:17:14","guid":{"rendered":"http:\/\/blogs.lasprovincias.es\/elsindromededarrin\/?p=599"},"modified":"2013-02-13T12:17:14","modified_gmt":"2013-02-13T12:17:14","slug":"el-sindrome-de-el-pajaro-espino","status":"publish","type":"post","link":"https:\/\/blogs.lasprovincias.es\/elsindromededarrin\/2013\/02\/13\/el-sindrome-de-el-pajaro-espino\/","title":{"rendered":"El s\u00edndrome de El p\u00e1jaro espino"},"content":{"rendered":"<p style=\"text-align: right;\"><strong>&#8220;El mal existe, hermanos&#8221;<\/strong><\/p>\n<p style=\"text-align: right;\">Padre Justin<\/p>\n<p>&nbsp;<\/p>\n<p style=\"text-align: center;\"><a href=\"\/elsindromededarrin\/wp-content\/uploads\/sites\/21\/2013\/02\/espino.jpg\"><img loading=\"lazy\" class=\"aligncenter  wp-image-608\" title=\"espino\" src=\"\/elsindromededarrin\/wp-content\/uploads\/sites\/21\/2013\/02\/espino.jpg\" alt=\"\" width=\"417\" height=\"365\" srcset=\"https:\/\/static-blogs.lasprovincias.es\/wp-content\/uploads\/sites\/21\/2013\/02\/espino.jpg 1181w, https:\/\/static-blogs.lasprovincias.es\/wp-content\/uploads\/sites\/21\/2013\/02\/espino-300x263.jpg 300w, https:\/\/static-blogs.lasprovincias.es\/wp-content\/uploads\/sites\/21\/2013\/02\/espino-768x673.jpg 768w, https:\/\/static-blogs.lasprovincias.es\/wp-content\/uploads\/sites\/21\/2013\/02\/espino-1024x897.jpg 1024w\" sizes=\"(max-width: 417px) 100vw, 417px\" \/><\/a><\/p>\n<p>&nbsp;<\/p>\n<p>&nbsp;<\/p>\n<p><span style=\"font-size: large;\">Con la iglesia hemos topado en este blog. Con la visi\u00f3n que en los \u00faltimos a\u00f1os ha dado la peque\u00f1a pantalla sobre la vida entre sotanas. S\u00ed, en este momento, en que la atenci\u00f3n medi\u00e1tica se gira hacia el Vaticano ante el anuncio de renuncia de Benedicto XVI. Quiz\u00e1 no pase mucho tiempo\u00a0en que\u00a0veamos una serie que indague en los motivos que han empujado al Papa a abandonar su cargo. O tal vez se centre en otros asuntos que bien podr\u00edan alimentar argumentos como los esc\u00e1ndalos en torno a los casos de pederastia, el arresto de su mayordomo o el secuestro de la hija de un empleado vaticano, en el que se rumore\u00f3 que estuvo involucrada la mafia.<\/span><\/p>\n<p>&nbsp;<\/p>\n<p><span style=\"font-size: large;\"><a href=\"\/elsindromededarrin\/wp-content\/uploads\/sites\/21\/2013\/02\/Los-Borgia.gif\"><img loading=\"lazy\" class=\"alignleft size-medium wp-image-602\" title=\"Los-Borgia\" src=\"\/elsindromededarrin\/wp-content\/uploads\/sites\/21\/2013\/02\/Los-Borgia.gif\" alt=\"\" width=\"300\" height=\"163\" \/><\/a>Los misterios que rodean a la Santa Sede han llamado (quiz\u00e1 por el hermetismo en torno a ella) la atenci\u00f3n de escritores y guionistas. Rydley Scott saciar\u00e1 su curiosidad con una serie (<strong>\u2018The Vatican\u2019<\/strong>) <a href=\"http:\/\/www.vertele.com\/noticias\/ridley-scott-prepara-la-misteriosa-the-vatican-para-showtime\/\" target=\"_blank\" rel=\"external nofollow\">encargada por Showtime<\/a>\u00a0en la\u00a0que, seg\u00fan indic\u00f3 la cadena, intentar\u00e1 explorar las relaciones y rivalidades que existen tras \u201cuna de las instituciones m\u00e1s cr\u00edpticas del mundo\u201d. Esta emisora ya tiene experiencia en asuntos papales. En ella se emite \u2018<a href=\"http:\/\/www.dvdgo.com\/dvd-los-borgia-1-temporada-dvd\/1978870\" target=\"_blank\" rel=\"external nofollow\">Los Borgias<\/a>\u2019, la familia de origen valenciano que alcanz\u00f3 el poder del Vaticano a finales del siglo XV, primero con Calixto III y despu\u00e9s con el nombramiento de Rodrigo Borja como papa Alejandro VI. Numerosas leyendas en torno a sus intrigas y pr\u00e1cticas rodean a este clan y la ficci\u00f3n no ha dudado en sus dos temporadas (la tercera comienza en abril) en mezclar algunos rumores con hechos hist\u00f3ricos para dotar de efectismo al relato.<\/span><\/p>\n<p>&nbsp;<\/p>\n<p><span style=\"font-size: large;\"><a href=\"\/elsindromededarrin\/wp-content\/uploads\/sites\/21\/2013\/02\/20288617.jpg-r_640_600-b_1_D6D6D6-f_jpg-q_x-xxyxx.jpg\"><img loading=\"lazy\" class=\"alignleft size-medium wp-image-603\" title=\"20288617.jpg-r_640_600-b_1_D6D6D6-f_jpg-q_x-xxyxx\" src=\"\/elsindromededarrin\/wp-content\/uploads\/sites\/21\/2013\/02\/20288617.jpg-r_640_600-b_1_D6D6D6-f_jpg-q_x-xxyxx.jpg\" alt=\"\" width=\"300\" height=\"223\" srcset=\"https:\/\/static-blogs.lasprovincias.es\/wp-content\/uploads\/sites\/21\/2013\/02\/20288617.jpg-r_640_600-b_1_D6D6D6-f_jpg-q_x-xxyxx.jpg 536w, https:\/\/static-blogs.lasprovincias.es\/wp-content\/uploads\/sites\/21\/2013\/02\/20288617.jpg-r_640_600-b_1_D6D6D6-f_jpg-q_x-xxyxx-300x224.jpg 300w\" sizes=\"(max-width: 300px) 100vw, 300px\" \/><\/a>A la tele le ha interesado principalmente abordar la tentaci\u00f3n carnal o la ambici\u00f3n de los sacerdotes m\u00e1s que ahondar en ideas u otras cuestiones religiosas. Se busca m\u00e1s al cura cercano al pecado que al entregado a la causa. Uno de los \u00faltimos retratados ha sido Monse\u00f1or Timothy, interpretado por Joseph Fiennes en el ca\u00f3tico y alocado convento de la segunda temporada de \u2018<a href=\"http:\/\/cine.fnac.es\/a818779\/Pack-American-Horror-Story-1\u00aa-Temporada-Edicion-especial-Exclusiva-Fnac-sin-especificar\" target=\"_blank\" rel=\"external nofollow\">American Horror Story<\/a>\u2019. Un personaje d\u00e9bil, martirizado por sus deseos y al que no le importa manipular a cualquiera con tal de medrar y conseguir sus objetivos.<\/span><\/p>\n<p><span style=\"font-size: large;\">El cura incapaz de controlar sus sentimientos e impulsos m\u00e1s famoso de la televisi\u00f3n es, sin duda, <a href=\"http:\/\/www.zonadvd.com\/modules.php?name=News&#038;file=article&#038;sid=834\" target=\"_blank\" rel=\"external nofollow\">el p\u00e1jaro espino<\/a>, o lo que es lo mismo, Ralph de Bricassart, protagonista de un famoso culebr\u00f3n de los a\u00f1os ochenta, que escandaliz\u00f3\u00a0 y encandil\u00f3 a partes iguales. La audiencia de la \u00e9poca se quedaba cada semana pegada a la pantalla viendo a Richard Chamberlain debatirse entre su amor espiritual y el m\u00e1s terrenal, el que\u00a0profesaba por\u00a0la inocente Maggie. Ten\u00eda todos los ingredientes para triunfar: amor prohibido, romanticismo, ambici\u00f3n, drama\u2026 Hoy en d\u00eda, seguramente, si la volvi\u00e9semos a ver (Dios no lo quiera) nos parecer\u00eda de lo m\u00e1s mojigata.<\/span><\/p>\n<p><span style=\"font-size: large;\"><a href=\"\/elsindromededarrin\/wp-content\/uploads\/sites\/21\/2013\/02\/1225220052769.jpg\"><img loading=\"lazy\" class=\"alignleft size-medium wp-image-604\" title=\"1225220052769\" src=\"\/elsindromededarrin\/wp-content\/uploads\/sites\/21\/2013\/02\/1225220052769.jpg\" alt=\"\" width=\"200\" height=\"300\" srcset=\"https:\/\/static-blogs.lasprovincias.es\/wp-content\/uploads\/sites\/21\/2013\/02\/1225220052769.jpg 218w, https:\/\/static-blogs.lasprovincias.es\/wp-content\/uploads\/sites\/21\/2013\/02\/1225220052769-200x300.jpg 200w\" sizes=\"(max-width: 200px) 100vw, 200px\" \/><\/a>Esta historia se ha repetido con diferentes variantes en algunas series espa\u00f1olas recientes. En \u2018<a href=\"http:\/\/cine.fnac.es\/a400299\/Pack-La-senora-Temporadas-1-a-3-sin-especificar\" target=\"_blank\" rel=\"external nofollow\">La se\u00f1ora<\/a>\u2019 el amor surg\u00eda entre una joven de familia burguesa y un sacerdote de or\u00edgenes humildes. En \u2018<a href=\"http:\/\/busqueda.fnac.es\/Search\/SearchResult.aspx?SCat=4%211&#038;Search=cuentame&#038;sft=1&#038;submitbtn=OK\" target=\"_blank\" rel=\"external nofollow\">Cu\u00e9ntame<\/a>\u2019 era la hija de los Alc\u00e1ntara la que provocaba las dudas clericales. \u2018<a href=\"http:\/\/cine.fnac.es\/a278979\/Pack-Amar-en-tiempos-revueltos-1\u00aa-Temporada-sin-especificar\" target=\"_blank\" rel=\"external nofollow\">Amar en tiempos revueltos<\/a>\u2019 tambi\u00e9n ha acogido a varios curas con tormentos interiores.<\/span><\/p>\n<p><span style=\"font-size: large;\">Peor suerte corr\u00eda la matriarca de \u2018<a href=\"http:\/\/busqueda.cine.fnac.es\/n9391\/Series-de-TV\/Los-Soprano#bl=VISeries-de-TVARBO\" target=\"_blank\" rel=\"external nofollow\">Los Soprano<\/a>\u2019, Carmela, que so\u00f1aba con tener una aventura con su confesor, pero no lograba satisfacer su fantas\u00eda. Teniendo en cuenta qui\u00e9n era su marido cualquiera se la jugaba.<\/span><\/p>\n<p>&nbsp;<\/p>\n<p><span style=\"font-size: large;\">Otra clase de\u00a0padecimiento sufr\u00eda en \u2018<a href=\"http:\/\/busqueda.fnac.es\/Search\/SearchResult.aspx?SCat=4%211&#038;Search=carnivale&#038;sft=1&#038;submitbtn=OK\" target=\"_blank\" rel=\"external nofollow\">Carnivale<\/a>\u2019, el padre Justin, atrapado por las fuerzas del mal. Dios y el diablo eran los ejes principales de esta serie inacabada de la HBO.<\/span><\/p>\n<p>&nbsp;<\/p>\n<p><span style=\"font-size: large;\"><a href=\"\/elsindromededarrin\/wp-content\/uploads\/sites\/21\/2013\/02\/terence-don-matteo.jpg\"><img loading=\"lazy\" class=\"alignleft size-medium wp-image-605\" title=\"terence don matteo\" src=\"\/elsindromededarrin\/wp-content\/uploads\/sites\/21\/2013\/02\/terence-don-matteo.jpg\" alt=\"\" width=\"224\" height=\"300\" srcset=\"https:\/\/static-blogs.lasprovincias.es\/wp-content\/uploads\/sites\/21\/2013\/02\/terence-don-matteo.jpg 302w, https:\/\/static-blogs.lasprovincias.es\/wp-content\/uploads\/sites\/21\/2013\/02\/terence-don-matteo-225x300.jpg 225w\" sizes=\"(max-width: 224px) 100vw, 224px\" \/><\/a>Y como de todo hay en la vi\u00f1a del se\u00f1or tambi\u00e9n la peque\u00f1a pantalla ha presentado un buen abanico de sacerdotes bonachones, el t\u00edpico cura de pueblo que ayuda a sus vecinos en series con argumentos manidos hasta la saciedad. El propio Terence Hill (sin Bud Spencer) protagoniz\u00f3 en Italia una ficci\u00f3n de este tipo, \u2018<a href=\"http:\/\/www.amazon.com\/Don-Matteo-Terence-Hill\/dp\/B00126STBS\" target=\"_blank\" rel=\"external nofollow\">Don Mateo<\/a>\u2019, una especie de Jessica Fletcher, pero con sotana. El mismo olfato detectivesco pose\u00eda el <a href=\"http:\/\/www.amazon.com\/Father-Dowling-Mysteries-First-Season\/dp\/B006CR2OWM\" target=\"_blank\" rel=\"external nofollow\">padre Dowling<\/a>, con habilidad para\u00a0solucionar cualquier crimen desde su parroquia en Chicago.\u00a0<\/span><span style=\"font-size: large;\">En Espa\u00f1a Andr\u00e9s Pajares fue durante los noventa don Luis y repart\u00eda sermones cada semana en Antena 3, junto a Javier C\u00e1mara, en <strong>\u2018Ay, se\u00f1or, se\u00f1or\u2019<\/strong>.<\/span><\/p>\n<p>&nbsp;<\/p>\n<p><span style=\"font-size: large;\"><a href=\"\/elsindromededarrin\/wp-content\/uploads\/sites\/21\/2013\/02\/father-ted_625x352.jpg\"><img loading=\"lazy\" class=\"alignleft size-medium wp-image-606\" title=\"father-ted_625x352\" src=\"\/elsindromededarrin\/wp-content\/uploads\/sites\/21\/2013\/02\/father-ted_625x352.jpg\" alt=\"\" width=\"300\" height=\"168\" srcset=\"https:\/\/static-blogs.lasprovincias.es\/wp-content\/uploads\/sites\/21\/2013\/02\/father-ted_625x352.jpg 625w, https:\/\/static-blogs.lasprovincias.es\/wp-content\/uploads\/sites\/21\/2013\/02\/father-ted_625x352-300x169.jpg 300w\" sizes=\"(max-width: 300px) 100vw, 300px\" \/><\/a><a href=\"http:\/\/www.amazon.co.uk\/Father-Ted-Complete-Box-Set\/dp\/B00006LSFW\" target=\"_blank\" rel=\"external nofollow\">Padre Ted,<\/a> en la televisi\u00f3n brit\u00e1nica, transgred\u00eda algo m\u00e1s los convencionalismos y se centraba en tres curas bastante disparatados. El protagonista de esta comedia era el que siempre se met\u00eda en alg\u00fan l\u00edo del que el resto de compa\u00f1eros le ayudaban (o lo intentaban) a salir. No era sencillo teniendo en cuenta que uno de ellos, el padre Dougal, era bastante tontorr\u00f3n y el otro, Jack, se caracterizaba por su car\u00e1cter violento y lujurioso y por su adicci\u00f3n al alcohol.<\/span><\/p>\n<p>&nbsp;<\/p>\n<p><span style=\"font-size: large;\">En el repaso aparecer\u00edan otras figuras eclesi\u00e1sticas como la del padre Mulcahy de <strong>&#8216;Mash&#8217;<\/strong>, el padre Jack de la nueva versi\u00f3n de <strong>&#8216;V&#8217;<\/strong> o el reverendo Lovejoy de <strong>&#8216;Los Simpson&#8217;<\/strong>. Si hubiese que escoger una de las <a href=\"http:\/\/www.youtube.com\/watch?v=QfLZrPq136I\" target=\"_blank\" rel=\"external nofollow\">mejores secuencias televisivas <\/a>con un cura presente ser\u00eda dif\u00edcil que no estuviese una de las que acontecieron durante la primera temporada de \u2018<a href=\"http:\/\/cine.fnac.es\/a171609\/Pack-El-ala-oeste-de-la-Casa-Blanca-Serie-completa-sin-especificar\" target=\"_blank\" rel=\"external nofollow\">El ala oeste de la Casa Blanca<\/a>\u2019, en la que Jed Bartlet se enfrenta dial\u00e9cticamente con su confesor habitual, el padre Cavanaugh, a prop\u00f3sito de un hombre condenado a muerte y cuya sentencia puede ser conmutada por el presidente. Ambos protagonizan una recomendable reflexi\u00f3n sobre la pena de muerte y la falta de fe que merece ser recordada. Por cierto, que el sacerdote estaba interpretado por Karl Malden, en la que fue su \u00faltima actuaci\u00f3n.<\/span><\/p>\n<p>&nbsp;<\/p>\n<p><span style=\"font-size: large;\">Bien, ahora s\u00ed. Pod\u00e9is ir en paz.<\/span><\/p>\n<p>&nbsp;<\/p>\n<p><span style=\"font-size: small;\"><em>T\u00edtulos de cr\u00e9dito: Pulsa sobre el t\u00edtulo de la serie para descubrir d\u00f3nde puedes comprarlas. Para quejas, sugerencias y otras necesidades humanas mi correo es mlabastida@lasprovincias.es<\/em>\u00a0<\/span><\/p>\n<!-- AddThis Advanced Settings generic via filter on the_content --><!-- AddThis Share Buttons generic via filter on the_content -->","protected":false},"excerpt":{"rendered":"<p>&#8220;El mal existe, hermanos&#8221; Padre Justin &nbsp; &nbsp; &nbsp; Con la iglesia hemos topado en este blog. Con la visi\u00f3n que en los \u00faltimos a\u00f1os ha dado la peque\u00f1a pantalla sobre la vida entre sotanas. S\u00ed, en este momento, en que la atenci\u00f3n medi\u00e1tica se gira hacia el Vaticano ante el anuncio de renuncia de [&hellip;]<!-- AddThis Advanced Settings generic via filter on get_the_excerpt --><!-- AddThis Share Buttons generic via filter on get_the_excerpt --><\/p>\n","protected":false},"author":29,"featured_media":0,"comment_status":"open","ping_status":"closed","sticky":false,"template":"","format":"standard","meta":[],"categories":[2],"tags":[41,110,144,213,258,269,366,432,587,758],"_links":{"self":[{"href":"https:\/\/blogs.lasprovincias.es\/elsindromededarrin\/wp-json\/wp\/v2\/posts\/599"}],"collection":[{"href":"https:\/\/blogs.lasprovincias.es\/elsindromededarrin\/wp-json\/wp\/v2\/posts"}],"about":[{"href":"https:\/\/blogs.lasprovincias.es\/elsindromededarrin\/wp-json\/wp\/v2\/types\/post"}],"author":[{"embeddable":true,"href":"https:\/\/blogs.lasprovincias.es\/elsindromededarrin\/wp-json\/wp\/v2\/users\/29"}],"replies":[{"embeddable":true,"href":"https:\/\/blogs.lasprovincias.es\/elsindromededarrin\/wp-json\/wp\/v2\/comments?post=599"}],"version-history":[{"count":0,"href":"https:\/\/blogs.lasprovincias.es\/elsindromededarrin\/wp-json\/wp\/v2\/posts\/599\/revisions"}],"wp:attachment":[{"href":"https:\/\/blogs.lasprovincias.es\/elsindromededarrin\/wp-json\/wp\/v2\/media?parent=599"}],"wp:term":[{"taxonomy":"category","embeddable":true,"href":"https:\/\/blogs.lasprovincias.es\/elsindromededarrin\/wp-json\/wp\/v2\/categories?post=599"},{"taxonomy":"post_tag","embeddable":true,"href":"https:\/\/blogs.lasprovincias.es\/elsindromededarrin\/wp-json\/wp\/v2\/tags?post=599"}],"curies":[{"name":"wp","href":"https:\/\/api.w.org\/{rel}","templated":true}]}}