{"id":610,"date":"2013-02-19T15:04:14","date_gmt":"2013-02-19T15:04:14","guid":{"rendered":"http:\/\/blogs.lasprovincias.es\/elsindromededarrin\/?p=610"},"modified":"2013-02-19T15:04:14","modified_gmt":"2013-02-19T15:04:14","slug":"nos-pone-que-nos-acojonen","status":"publish","type":"post","link":"https:\/\/blogs.lasprovincias.es\/elsindromededarrin\/2013\/02\/19\/nos-pone-que-nos-acojonen\/","title":{"rendered":"Nos pone que nos acojonen"},"content":{"rendered":"<p style=\"text-align: right;\"><strong>\u201cTodos los monstruos son humanos\u201d<\/strong><\/p>\n<p style=\"text-align: right;\">Hermana Jude<\/p>\n<p>&nbsp;<\/p>\n<p><a href=\"\/elsindromededarrin\/wp-content\/uploads\/sites\/21\/2013\/02\/adam-levine-horror-story-8.jpg\"><img loading=\"lazy\" class=\"aligncenter size-full wp-image-611\" title=\"adam-levine-horror-story-8\" src=\"\/elsindromededarrin\/wp-content\/uploads\/sites\/21\/2013\/02\/adam-levine-horror-story-8.jpg\" alt=\"\" width=\"500\" height=\"279\" srcset=\"https:\/\/static-blogs.lasprovincias.es\/wp-content\/uploads\/sites\/21\/2013\/02\/adam-levine-horror-story-8.jpg 500w, https:\/\/static-blogs.lasprovincias.es\/wp-content\/uploads\/sites\/21\/2013\/02\/adam-levine-horror-story-8-300x167.jpg 300w\" sizes=\"(max-width: 500px) 100vw, 500px\" \/><\/a><\/p>\n<p>&nbsp;<\/p>\n<p><span style=\"font-size: large;\">Se han pasado la vida meti\u00e9ndonos miedo. Con el hombre del saco o con el coco cuando \u00e9ramos peque\u00f1os. Con aquel terror\u00edfico &#8216;como se entere tu padre&#8230;&#8217;. Con los hombres que repart\u00edan cromos o caramelos en la puerta del colegio. Con el infierno, con el m\u00e1s all\u00e1, con el m\u00e1s ac\u00e1. Con lo que suced\u00eda en los bares: cuidado con lo que te echan en la copa&#8230; Con el futuro: si sigues as\u00ed nunca ser\u00e1s nadie. Miedo, mucho miedo en vena. Con las enfermedades que nos pod\u00edan contagiar, con fracasar en los estudios, con no dar la talla&#8230; Los miedos contin\u00faan de mayores, pero ahora los hombres del saco son otros, la troika, las agencias de calificaci\u00f3n, los bancos&#8230;<\/span><\/p>\n<p>&nbsp;<\/p>\n<p><span style=\"font-size: large;\">Vivimos en la cultura del miedo. Y, claro, nos hemos vuelto adictos a \u00e9l. Tanto que, de vez en cuando, necesitamos nuestra buena raci\u00f3n. La buscamos en atracciones de feria, en deportes de riesgo o en pel\u00edculas y series. <\/span><span style=\"font-size: large;\">Estas \u00faltimas representan la dosis perfecta de miedo. Aunque ninguna de ellas causa el terror que representa la realidad. Pero de esa hay que huir a veces. Para que no pueda con nosotros, m\u00e1s que nada.<\/span><\/p>\n<p>&nbsp;<\/p>\n<p><span style=\"font-size: large;\">El miedo nos pone. Est\u00e1 estudiado. Cuando lo sentimos el cerebro ordena a la gl\u00e1ndula adrenal producir adrenalina, liberamos endorfinas y opioides y eso nos proporciona una sensaci\u00f3n placentera. Eso explica tambi\u00e9n por qu\u00e9 a veces nos excitan situaciones que entra\u00f1an riesgos. Ya saben, aquello de \u2018\u00bfy si nos pillan\u2026?\u2019 Pues eso.<\/span><\/p>\n<p>&nbsp;<\/p>\n<p><span style=\"font-size: large;\"><a href=\"\/elsindromededarrin\/wp-content\/uploads\/sites\/21\/2013\/02\/asylum-1.jpg\"><img loading=\"lazy\" class=\"alignleft size-medium wp-image-612\" title=\"asylum-1\" src=\"\/elsindromededarrin\/wp-content\/uploads\/sites\/21\/2013\/02\/asylum-1.jpg\" alt=\"\" width=\"300\" height=\"168\" srcset=\"https:\/\/static-blogs.lasprovincias.es\/wp-content\/uploads\/sites\/21\/2013\/02\/asylum-1.jpg 640w, https:\/\/static-blogs.lasprovincias.es\/wp-content\/uploads\/sites\/21\/2013\/02\/asylum-1-300x169.jpg 300w\" sizes=\"(max-width: 300px) 100vw, 300px\" \/><\/a>La televisi\u00f3n consciente de todo esto se ha volcado en el miedo. De ah\u00ed el \u00e9xito de series como <a href=\"http:\/\/www.elcorteingles.es\/tienda\/cine\/browse\/productDetailCultural.jsp?categoryId=999.468&#038;productId=A7452435\" target=\"_blank\" rel=\"external nofollow\">\u2018American Horror Story\u2019<\/a> o <a href=\"http:\/\/www.elcorteingles.es\/tienda\/cine\/browse\/productDetailCultural.jsp?categoryId=999.468&#038;productId=A5594727_sku6210155\" target=\"_blank\" rel=\"external nofollow\">\u2018The walking dead\u2019<\/a> o el aluvi\u00f3n de proyectos del g\u00e9nero que se avecinan.<\/span><\/p>\n<p>&nbsp;<\/p>\n<p><span style=\"font-size: large;\">Vayamos por partes. Uno de los \u00faltimos descubrimientos ha sido <a href=\"http:\/\/www.amazon.fr\/Revenants-Anne-Consigny\/dp\/B00960AJEC\/ref=sr_1_1?s=dvd&#038;ie=UTF8&#038;qid=1361286207&#038;sr=1-1\" target=\"_blank\" rel=\"external nofollow\">\u2018Les revenants\u2019<\/a>, serie francesa que parte de una idea inquietante: \u00bfqu\u00e9 suceder\u00eda si regresasen a nuestras vidas personas que murieron hace tiempo? No son zombis, no son muertos vivientes. Retornan con su aspecto normal, como si nada hubiese sucedido, como si el tiempo hubiese iniciado una maquiav\u00e9lica marcha atr\u00e1s. Todos los que vuelven murieron en extra\u00f1as circunstancias y ahora han resucitado para recalar en un pueblo que observa con desasosiego e intriga su regreso.<\/span><\/p>\n<p>&nbsp;<\/p>\n<p><iframe loading=\"lazy\" src=\"\/\/www.youtube.com\/embed\/TMxW5LJEWTI\" frameborder=\"0\" width=\"560\" height=\"315\"><\/iframe><\/p>\n<p>&nbsp;<\/p>\n<p><span style=\"font-size: large;\">Otro tipo de muertos vivientes son los de <a href=\"http:\/\/www.elcorteingles.es\/tienda\/cine\/browse\/productDetailCultural.jsp?categoryId=999.468&#038;productId=A5594727_sku6210155\" target=\"_blank\" rel=\"external nofollow\">\u2018The walking dead\u2019<\/a>, la exitosa serie de AMC, cuya tercera parte emitir\u00e1 en breve La Sexta y en Estados Unidos ya ha iniciado su recta final. Los que no la conocen habr\u00e1n o\u00eddo hablar de ella, se trata de una ficci\u00f3n en torno a un grupo de supervivientes de un apocalipsis zombi. Despu\u00e9s de una segunda temporada floja, la tercera retom\u00f3 el nivel situando al personaje principal ante unos acontecimientos que lo van desestabilizar completamente. Volvieron los zombis, volvi\u00f3 la sangre, volvi\u00f3 el s\u00e1lvese quien pueda. Veremos c\u00f3mo termina esto.<\/span><\/p>\n<p>&nbsp;<\/p>\n<p><iframe loading=\"lazy\" src=\"\/\/www.youtube.com\/embed\/zkPtoPGM0hI\" frameborder=\"0\" width=\"560\" height=\"315\"><\/iframe><\/p>\n<p>&nbsp;<\/p>\n<p><span style=\"font-size: large;\">La segunda temporada de <a href=\"http:\/\/www.elcorteingles.es\/tienda\/cine\/browse\/productDetailCultural.jsp?categoryId=999.468&#038;productId=A7452435\" target=\"_blank\" rel=\"external nofollow\">\u2018American horror story\u2019<\/a> ha superado con creces a la primera. La propuesta de esta serie es estimulante. Cada tanda de cap\u00edtulos es independiente entre s\u00ed, es decir, la historia de terror que se cuenta en la primera no tiene nada que ver con la de la segunda. Esta \u00faltima se ha centrado en un manicomio en los a\u00f1os 60 regentado por una estricta monja, que encarna la estupenda Jessica Lange. <a href=\"http:\/\/www.elcorteingles.es\/tienda\/cine\/browse\/productDetailCultural.jsp?categoryId=999.468&#038;productId=A7452435\" target=\"_blank\" rel=\"external nofollow\">\u2018American Horror Story<\/a>\u2019 abusa de las situaciones bizarras, de giros de gui\u00f3n alocados, de golpes de efecto. Pero da igual, el \u00e9xito de esta temporada ha residido en la fortaleza de los personajes, esa potente galer\u00eda de locos que habitan en el manicomio, y en una premisa que cala las tramas, el pavor que la ciencia y la religi\u00f3n pueden provocar. La puesta en escena sigue siendo ejemplar y los gui\u00f1os a t\u00edtulos de culto como \u2018Viernes 13\u2019o \u2018Freaks\u2019 representan la guinda de este pastel.<\/span><\/p>\n<p>&nbsp;<\/p>\n<p><iframe loading=\"lazy\" src=\"\/\/www.youtube.com\/embed\/E00BPNKubKs\" frameborder=\"0\" width=\"560\" height=\"315\"><\/iframe><\/p>\n<p>&nbsp;<\/p>\n<p><span style=\"font-size: large;\">No se vayan todav\u00eda, a\u00fan hay m\u00e1s. Para los pr\u00f3ximos meses ya est\u00e1n muy avanzados algunos proyectos, dos de ellos basados en personajes cinematogr\u00e1ficos emblem\u00e1ticos. Los j\u00f3venes Hannibal Lecter y Norman Bates se preparan para asustar en la peque\u00f1a pantalla. NBC emitir\u00e1 (desde el 4 de abril) <a href=\"http:\/\/www.nbc.com\/hannibal\/\" target=\"_blank\" rel=\"external nofollow\">\u2018Hannibal\u2019<\/a>, que tratar\u00e1 sobre los acontecimientos previos a lo que suced\u00eda en \u2018El silencio de los corderos\u2019, la cinta sobre un psicoanalista psic\u00f3pata.<\/span><\/p>\n<p>&nbsp;<\/p>\n<p><iframe loading=\"lazy\" src=\"\/\/www.youtube.com\/embed\/t973h4HfNHA\" frameborder=\"0\" width=\"560\" height=\"315\"><\/iframe><\/p>\n<p>&nbsp;<\/p>\n<p><span style=\"font-size: large;\">Por su parte, <a href=\"http:\/\/www.aetv.com\/bates-motel\/\" target=\"_blank\" rel=\"external nofollow\">\u2018Bates Motel\u2019<\/a> (se estrena el 18 de marzo) aborda la juventud del protagonista de\u2018Psicosis\u2019, obra cumbre de Hitchcock, que nos ayudar\u00e1 a entender la obsesi\u00f3n de este personaje por su madre.<\/span><\/p>\n<p>&nbsp;<\/p>\n<p><iframe loading=\"lazy\" src=\"\/\/www.youtube.com\/embed\/6o-dkkYG28E\" frameborder=\"0\" width=\"560\" height=\"315\"><\/iframe><\/p>\n<p>&nbsp;<\/p>\n<p><span style=\"font-size: large;\">Y, aunque a\u00fan es s\u00f3lo un proyecto, AMC ha anunciado que piensa adaptar la obra maestra de Dan Simmons,<a href=\"http:\/\/www.deadline.com\/interstitial\/?ref=http%3A%2F%2Fwww.deadline.com%2F2013%2F02%2Famc-developing-terror-drama-produced-by-scott-free-tv-360-alexandra-milchan%2F\" target=\"_blank\" rel=\"external nofollow\">\u2018El terror\u2019,<\/a> compleja novela que mezcla sucesos reales que ocurrieron en la tr\u00e1gica expedici\u00f3n Franklin al c\u00edrculo polar \u00e1rtico con otros fant\u00e1sticos como la aparici\u00f3n de una temible criatura que ataca a la tripulaci\u00f3n de los buques varados.<\/span><\/p>\n<p>&nbsp;<\/p>\n<p>&nbsp;<\/p>\n<p><em>T\u00edtulos de cr\u00e9dito: Pulsa sobre el t\u00edtulo de la serie para descubrir d\u00f3nde puedes comprarlas. Para quejas, sugerencias y otras necesidades humanas mi correo es mlabastida@lasprovincias.es<\/em><\/p>\n<!-- AddThis Advanced Settings generic via filter on the_content --><!-- AddThis Share Buttons generic via filter on the_content -->","protected":false},"excerpt":{"rendered":"<p>\u201cTodos los monstruos son humanos\u201d Hermana Jude &nbsp; &nbsp; Se han pasado la vida meti\u00e9ndonos miedo. Con el hombre del saco o con el coco cuando \u00e9ramos peque\u00f1os. Con aquel terror\u00edfico &#8216;como se entere tu padre&#8230;&#8217;. Con los hombres que repart\u00edan cromos o caramelos en la puerta del colegio. Con el infierno, con el m\u00e1s [&hellip;]<!-- AddThis Advanced Settings generic via filter on get_the_excerpt --><!-- AddThis Share Buttons generic via filter on get_the_excerpt --><\/p>\n","protected":false},"author":29,"featured_media":0,"comment_status":"open","ping_status":"closed","sticky":false,"template":"","format":"standard","meta":[],"categories":[2],"tags":[],"_links":{"self":[{"href":"https:\/\/blogs.lasprovincias.es\/elsindromededarrin\/wp-json\/wp\/v2\/posts\/610"}],"collection":[{"href":"https:\/\/blogs.lasprovincias.es\/elsindromededarrin\/wp-json\/wp\/v2\/posts"}],"about":[{"href":"https:\/\/blogs.lasprovincias.es\/elsindromededarrin\/wp-json\/wp\/v2\/types\/post"}],"author":[{"embeddable":true,"href":"https:\/\/blogs.lasprovincias.es\/elsindromededarrin\/wp-json\/wp\/v2\/users\/29"}],"replies":[{"embeddable":true,"href":"https:\/\/blogs.lasprovincias.es\/elsindromededarrin\/wp-json\/wp\/v2\/comments?post=610"}],"version-history":[{"count":0,"href":"https:\/\/blogs.lasprovincias.es\/elsindromededarrin\/wp-json\/wp\/v2\/posts\/610\/revisions"}],"wp:attachment":[{"href":"https:\/\/blogs.lasprovincias.es\/elsindromededarrin\/wp-json\/wp\/v2\/media?parent=610"}],"wp:term":[{"taxonomy":"category","embeddable":true,"href":"https:\/\/blogs.lasprovincias.es\/elsindromededarrin\/wp-json\/wp\/v2\/categories?post=610"},{"taxonomy":"post_tag","embeddable":true,"href":"https:\/\/blogs.lasprovincias.es\/elsindromededarrin\/wp-json\/wp\/v2\/tags?post=610"}],"curies":[{"name":"wp","href":"https:\/\/api.w.org\/{rel}","templated":true}]}}