{"id":613,"date":"2013-02-25T06:31:34","date_gmt":"2013-02-25T06:31:34","guid":{"rendered":"http:\/\/blogs.lasprovincias.es\/elsindromededarrin\/?p=613"},"modified":"2013-02-25T06:31:34","modified_gmt":"2013-02-25T06:31:34","slug":"ana-blanco-destronada","status":"publish","type":"post","link":"https:\/\/blogs.lasprovincias.es\/elsindromededarrin\/2013\/02\/25\/ana-blanco-destronada\/","title":{"rendered":"Ana Blanco, destronada"},"content":{"rendered":"<p style=\"text-align: right;\"><strong><span style=\"font-size: small;\">&#8220;Nunca me plante\u00e9 presentar un Telediario y sin embargo aqu\u00ed estoy&#8221;<\/span><\/strong><\/p>\n<p style=\"text-align: right;\"><span style=\"font-size: small;\">Ana Blanco<\/span><\/p>\n<p>&nbsp;<\/p>\n<p><em><span style=\"font-size: large;\">La princesa est\u00e1 triste\u2026 \u00bfQu\u00e9 tendr\u00e1 la princesa? Los suspiros se escapan de su boca de fresa, que ha perdido la risa, que ha perdido el color.<\/span><\/em><\/p>\n<p><span style=\"font-size: large;\">El viento no sopla a favor de Ana Blanco&#8230;<\/span><\/p>\n<p>&nbsp;<\/p>\n<p><iframe loading=\"lazy\" src=\"\/\/www.youtube.com\/embed\/Eh0ZUbRkoI0\" frameborder=\"0\" width=\"420\" height=\"315\"><\/iframe><\/p>\n<p>&nbsp;<\/p>\n<p><span style=\"font-size: large;\">Ana Blanco, la que durante a\u00f1os ha sido princesa de los informativos, est\u00e1 triste. Su trono se tambalea. El hurac\u00e1n que sacude TVE est\u00e1 a punto de alcanzarla. A ella que se ha mantenido contra viento y marea ocupando la silla del Telediario del mediod\u00eda le est\u00e1 afectando la ca\u00edda en audiencia en cadena que vive la tele p\u00fablica.<\/span><\/p>\n<p><span style=\"font-size: large;\">La sangr\u00eda en los datos de los informativos comenz\u00f3 con el cambio de rostros. El s\u00edndrome le afect\u00f3 en primer lugar a <a href=\"http:\/\/www.vanitatis.com\/cine%2Dtv\/2013\/02\/01\/la%2Daudiencia%2Dcastiga%2Da%2Dla%2Ddesinteresada%2Dmarta%2Djaumandreu%2Dpedro%2Dpiqueras%2Dle%2Dvapulea%2D22717\/\" target=\"_blank\" rel=\"external nofollow\">Marta Jaumandreu<\/a>, que se ha dejado por el camino a gran parte de los espectadores que ten\u00eda Pepa Bueno. En enero cerr\u00f3 el mes con una media del 12,4% frente al 15,8% que obtiene Piqueras. Tambi\u00e9n tocado ha quedado el Telediario del fin de semana, y ahora parece que el \u2018virus\u2019 sobrevuela el espacio del mediod\u00eda.<\/span><\/p>\n<p>&nbsp;<\/p>\n<p><span style=\"font-size: large;\"><a href=\"\/elsindromededarrin\/wp-content\/uploads\/sites\/21\/2013\/02\/TD1AnaBlanco010308M04.jpg\"><img loading=\"lazy\" class=\"alignleft  wp-image-614\" src=\"\/elsindromededarrin\/wp-content\/uploads\/sites\/21\/2013\/02\/TD1AnaBlanco010308M04.jpg\" alt=\"\" width=\"351\" height=\"258\" srcset=\"https:\/\/static-blogs.lasprovincias.es\/wp-content\/uploads\/sites\/21\/2013\/02\/TD1AnaBlanco010308M04.jpg 1600w, https:\/\/static-blogs.lasprovincias.es\/wp-content\/uploads\/sites\/21\/2013\/02\/TD1AnaBlanco010308M04-300x221.jpg 300w, https:\/\/static-blogs.lasprovincias.es\/wp-content\/uploads\/sites\/21\/2013\/02\/TD1AnaBlanco010308M04-768x564.jpg 768w, https:\/\/static-blogs.lasprovincias.es\/wp-content\/uploads\/sites\/21\/2013\/02\/TD1AnaBlanco010308M04-1024x753.jpg 1024w\" sizes=\"(max-width: 351px) 100vw, 351px\" \/><\/a>El progresivo descenso de espectadores se ha acentuado en los \u00faltimos d\u00edas, en que Ana Blanco <a href=\"http:\/\/www.vertele.com\/noticias\/el-reinado-de-ana-blanco-se-tambalea-en-la-peor-semana-de-su-historia\/\" target=\"_blank\" rel=\"external nofollow\">ha cedido su trono<\/a> (provisionalmente) a Vicente Vall\u00e9s y a David Cantero. El jueves 21 de febrero el informativo de Telecinco lograba ser l\u00edder con el 15,4% de \u2018share\u2019, dejando al de TVE 1 con un 14,4%. Al d\u00eda siguiente consegu\u00eda tres d\u00e9cimas m\u00e1s, pero de nuevo quedaba detr\u00e1s de sus competidores, en este caso, del espacio de Antena 3, que anot\u00f3 un 15,1. No son casos aislados. Esa misma semana Ana Blanco perdi\u00f3 su trono dos d\u00edas m\u00e1s. La supremac\u00eda se tambalea. De momento, febrero ha terminado con Telecinco (14.5%)\u00a0por encima de\u00a0TVE 1 (13.5%)\u00a0en la ponderaci\u00f3n de la <a href=\"http:\/\/www.vertele.com\/noticias\/telecinco-rompe-5-anos-de-dominio-de-tve-en-informativos\/\" target=\"_blank\" rel=\"external nofollow\">audiencia media <\/a>de las dos ediciones de mediod\u00eda y noche.<\/span><\/p>\n<p><span style=\"font-size: large;\">\u00bfQu\u00e9 est\u00e1 ocurriendo? \u00bfEs contagioso lo de Marta Jaumandreu? \u00bfEst\u00e1 en ca\u00edda libre TVE? \u00bfAna Blanco no transmite como antes?<\/span><\/p>\n<p><span style=\"font-size: large;\">La respuesta m\u00e1s recurrente suele ser que esta situaci\u00f3n la ha provocado el cambio de mando con la llegada de un nuevo Gobierno. Es algo que a menudo influye. Es cierto. Siempre. Ha pasado mucho tiempo y ya casi no nos acordamos pero cuando Urdaci dej\u00f3 el Telediario en 2004 <a href=\"http:\/\/www.vertele.com\/noticias\/los-telediarios-pierden-audiencia-sin-urdaci\/\" target=\"_blank\" rel=\"external nofollow\">sucedi\u00f3 lo mismo<\/a>. Se fue con una media de temporada del 27% y al cabo de un mes el informativo, con Helena Resano al frente, hab\u00eda perdido 1,4 puntos. Bien es cierto que el equipo de Fran Llorente consigui\u00f3 remontar y convertirse en un programa de referencia, <a href=\"http:\/\/www.rtve.es\/noticias\/20091118\/telediario-2-tve-premiado-como-mejor-informativo-del-mundo\/301335.shtml\" target=\"_blank\" rel=\"external nofollow\">avalado por los premios<\/a>. El \u00faltimo, por cierto, <a href=\"http:\/\/www.vertele.com\/noticias\/julio-somoano-recoge-el-premio-nacional-de-tv-concedido-a-fran-llorente\/\" target=\"_blank\" rel=\"external nofollow\">lo recogi\u00f3 Somoano<\/a>, actual director de informativos del ente p\u00fablico.<\/span><\/p>\n<p><span style=\"font-size: large;\">Ana Blanco ha compartido mesa con nosotros casi toda la vida. Tanto que un d\u00eda llegas a casa y ves que no est\u00e1 y te preguntas si estar\u00e1 enferma. Comenz\u00f3 en la tele presentando un <a href=\"http:\/\/www.rtve.es\/rtve\/20101221\/ana-blanco-presentadora-del-telediario-primera-edicion\/388883.shtml\" target=\"_blank\" rel=\"external nofollow\">programa con Agust\u00edn Bravo<\/a> (no es broma). Y de ah\u00ed pas\u00f3 a TVE. Desde 1990 conduce el Telediario, primero el de Fin de Semana, con Francine G\u00e1lvez, y despu\u00e9s el de mediod\u00eda. Ha sobrevivido a Felipe Gonz\u00e1lez, a Aznar, a Zapatero. \u00bfTendr\u00e1 que dejar su reino en la era Rajoy?<\/span><\/p>\n<p><span style=\"font-size: large;\">TVE se enfrenta a un problema de credibilidad. Y eso, trat\u00e1ndose de una emisora p\u00fablica, es un problema. No es bueno para la audiencia. Y tampoco para los pol\u00edticos, que suelen aprovechar ese arma en su propio beneficio. Por eso es l\u00f3gico que ya suenen <a href=\"http:\/\/www.zoomnews.es\/actualidad\/sociedad\/rtve-prepara-cambios-sus-programas-estrella\" target=\"_blank\" rel=\"external nofollow\">rumores de sustituciones<\/a>.<\/span><\/p>\n<p>&nbsp;<\/p>\n<p><span style=\"font-size: large;\"><a href=\"\/elsindromededarrin\/wp-content\/uploads\/sites\/21\/2013\/02\/2012021444ana_g.jpg\"><img loading=\"lazy\" class=\"alignleft  wp-image-615\" src=\"\/elsindromededarrin\/wp-content\/uploads\/sites\/21\/2013\/02\/2012021444ana_g.jpg\" alt=\"\" width=\"300\" height=\"314\" srcset=\"https:\/\/static-blogs.lasprovincias.es\/wp-content\/uploads\/sites\/21\/2013\/02\/2012021444ana_g.jpg 679w, https:\/\/static-blogs.lasprovincias.es\/wp-content\/uploads\/sites\/21\/2013\/02\/2012021444ana_g-286x300.jpg 286w\" sizes=\"(max-width: 300px) 100vw, 300px\" \/><\/a>\u00bfPor qu\u00e9 el p\u00fablico prefiere ahora a Piqueras o a Vicente Vall\u00e9s? Es una cuesti\u00f3n de arrastre. Tradicionalmente si el programa anterior al informativo triunfa eso lo beneficia. Hasta ahora el p\u00fablico hac\u00eda el esfuerzo de, una vez acababa el espacio que ve\u00eda, cambiar a la hora de las noticias a TVE. El problema es que ahora no. Ya no despiertan inter\u00e9s ni son referencia y, por eso, la audiencia no var\u00eda de canal y se queda en la cadena que estaban. Es decir, por las tardes en Telecinco, ya que justo antes emiten \u2018Pasapalabra\u2019 (l\u00edder en su franja horaria), y al mediod\u00eda en Antena 3, debido a los buenos resultados de \u2018Los Simpson\u2019.<\/span><\/p>\n<p><span style=\"font-size: large;\">TVE no tiene previo a ninguno de sus informativos espacios que arrastren. \u2018Coraz\u00f3n\u2019 se mueve en torno al 11% de cuota de pantalla (ante el 15% de la familia amarilla) y \u2018+Gente\u2019, el magac\u00edn de Anne Igartiburu, apenas consigue el 5% (frente al 18% de \u2018Pasapalabra\u2019).<\/span><\/p>\n<p><span style=\"font-size: large;\">A estas circunstancias hay que a\u00f1adir el cuestionado tratamiento que los Telediarios est\u00e1n haciendo en las \u00faltimas semanas de determinados asuntos, como, por ejemplo, el caso B\u00e1rcenas. La sospecha de que la p\u00fablica no cuenta todo (o no del modo en que lo narran otros medios) espanta al espectador.\u00a0<\/span><\/p>\n<p><span style=\"font-size: large;\">Tampoco hay que dejar de valorar el hecho de que Ana Blanco lleve m\u00e1s de veinte a\u00f1os en el mismo papel, lo que puede ocasionar un desgaste. Mientras que por Telecinco han pasado rostros como Hilario Pino, Piqueras o David Cantero, y por Antena 3, Susana Griso, Roberto Arce o Vicente Vall\u00e9s, en TVE Blanco ha permanecido inalterable. Y quiz\u00e1 vaya tocando cambio.<\/span><\/p>\n<p>&nbsp;<\/p>\n<p><em><span style=\"font-size: large;\">La princesa est\u00e1 p\u00e1lida en su silla de oro, est\u00e1 mudo el teclado de su clave sonoro, y en un vaso, olvidada, se desmaya una flor\u2026<\/span><\/em><\/p>\n<p>&nbsp;<\/p>\n<p>&nbsp;<\/p>\n<p><em>T\u00edtulos de cr\u00e9dito: Para quejas, sugerencias y otras necesidades humanas mi correo es mlabastida@lasprovincias.es<\/em><\/p>\n<!-- AddThis Advanced Settings generic via filter on the_content --><!-- AddThis Share Buttons generic via filter on the_content -->","protected":false},"excerpt":{"rendered":"<p>&#8220;Nunca me plante\u00e9 presentar un Telediario y sin embargo aqu\u00ed estoy&#8221; Ana Blanco &nbsp; La princesa est\u00e1 triste\u2026 \u00bfQu\u00e9 tendr\u00e1 la princesa? Los suspiros se escapan de su boca de fresa, que ha perdido la risa, que ha perdido el color. El viento no sopla a favor de Ana Blanco&#8230; &nbsp; &nbsp; Ana Blanco, la [&hellip;]<!-- AddThis Advanced Settings generic via filter on get_the_excerpt --><!-- AddThis Share Buttons generic via filter on get_the_excerpt --><\/p>\n","protected":false},"author":29,"featured_media":0,"comment_status":"open","ping_status":"closed","sticky":false,"template":"","format":"standard","meta":[],"categories":[2],"tags":[43,73,375,622,786,856],"_links":{"self":[{"href":"https:\/\/blogs.lasprovincias.es\/elsindromededarrin\/wp-json\/wp\/v2\/posts\/613"}],"collection":[{"href":"https:\/\/blogs.lasprovincias.es\/elsindromededarrin\/wp-json\/wp\/v2\/posts"}],"about":[{"href":"https:\/\/blogs.lasprovincias.es\/elsindromededarrin\/wp-json\/wp\/v2\/types\/post"}],"author":[{"embeddable":true,"href":"https:\/\/blogs.lasprovincias.es\/elsindromededarrin\/wp-json\/wp\/v2\/users\/29"}],"replies":[{"embeddable":true,"href":"https:\/\/blogs.lasprovincias.es\/elsindromededarrin\/wp-json\/wp\/v2\/comments?post=613"}],"version-history":[{"count":0,"href":"https:\/\/blogs.lasprovincias.es\/elsindromededarrin\/wp-json\/wp\/v2\/posts\/613\/revisions"}],"wp:attachment":[{"href":"https:\/\/blogs.lasprovincias.es\/elsindromededarrin\/wp-json\/wp\/v2\/media?parent=613"}],"wp:term":[{"taxonomy":"category","embeddable":true,"href":"https:\/\/blogs.lasprovincias.es\/elsindromededarrin\/wp-json\/wp\/v2\/categories?post=613"},{"taxonomy":"post_tag","embeddable":true,"href":"https:\/\/blogs.lasprovincias.es\/elsindromededarrin\/wp-json\/wp\/v2\/tags?post=613"}],"curies":[{"name":"wp","href":"https:\/\/api.w.org\/{rel}","templated":true}]}}