{"id":626,"date":"2013-03-06T05:01:05","date_gmt":"2013-03-06T05:01:05","guid":{"rendered":"http:\/\/blogs.lasprovincias.es\/elsindromededarrin\/?p=626"},"modified":"2013-03-06T05:01:05","modified_gmt":"2013-03-06T05:01:05","slug":"jesus-gil-se-mojo-antes-que-falete","status":"publish","type":"post","link":"https:\/\/blogs.lasprovincias.es\/elsindromededarrin\/2013\/03\/06\/jesus-gil-se-mojo-antes-que-falete\/","title":{"rendered":"Jes\u00fas Gil se moj\u00f3 antes que Falete"},"content":{"rendered":"<p style=\"text-align: right;\"><strong><span style=\"font-size: small;\">&#8220;Al agua patos&#8230;&#8221;<\/span><\/strong><\/p>\n<p style=\"text-align: right;\"><span style=\"font-size: small;\">Miriam D\u00edaz Aroca<\/span><\/p>\n<p>&nbsp;<\/p>\n<p><a href=\"\/elsindromededarrin\/wp-content\/uploads\/sites\/21\/2013\/03\/Falete-Splash-banador-537.jpg\"><img loading=\"lazy\" class=\"aligncenter size-full wp-image-627\" title=\"Falete-Splash-banador-537\" src=\"\/elsindromededarrin\/wp-content\/uploads\/sites\/21\/2013\/03\/Falete-Splash-banador-537.jpg\" alt=\"\" width=\"537\" height=\"289\" srcset=\"https:\/\/static-blogs.lasprovincias.es\/wp-content\/uploads\/sites\/21\/2013\/03\/Falete-Splash-banador-537.jpg 537w, https:\/\/static-blogs.lasprovincias.es\/wp-content\/uploads\/sites\/21\/2013\/03\/Falete-Splash-banador-537-300x161.jpg 300w\" sizes=\"(max-width: 537px) 100vw, 537px\" \/><\/a><\/p>\n<p>&nbsp;<\/p>\n<p><span style=\"font-size: large;\">Si anteriormente media Espa\u00f1a estuvo pendiente de Kiko Rivera pasando hambre en una isla, de Bel\u00e9n Esteban bailando salsa o del rubio de los Pecos imitando a Mar\u00eda Jes\u00fas y su acorde\u00f3n, no es de extra\u00f1ar que ahora esa media Espa\u00f1a no perdiese ripio de c\u00f3mo salta Falete a una piscina. Todos son asuntos de prioridad nacional. No hay duda. Marzo ha comenzado con lluvias, vientos y fr\u00edo y, sin embargo, anda en ba\u00f1ador todo el famoseo por las televisiones. Y es que a las cadenas privadas les ha dado por construirse piscinas e invitar a un chapuz\u00f3n a personajes tan variopintos como Olvido Hormigos, Jesul\u00edn, Gervasio Deferr, El Bola (Juanjo Ballesta) o Lidia Lozano.<\/span><\/p>\n<p>&nbsp;<\/p>\n<p><span style=\"font-size: large;\">Y, por supuesto, a Falete. El cantante (entre otras cosas) luci\u00f3 michelines (ah\u00ed radicaba la gracia de tanta expectaci\u00f3n) y ba\u00f1ador con volantes y se dio un chapuz\u00f3n. Sali\u00f3, se sec\u00f3 y fin de la historia. Ni se ahog\u00f3, ni se mare\u00f3, ni se le baj\u00f3 el ba\u00f1ador. Pese a esto, <a href=\"http:\/\/www.antena3.com\/objetivotv\/analisis\/estreno-splash-arrasa-mas-millones-espectadores_2013030500020.html\" target=\"_blank\" rel=\"external nofollow\">&#8216;Splash&#8217;<\/a> logr\u00f3 el mejor estreno en Antena 3 de un programa de entretenimiento de los \u00faltimos 12 a\u00f1os.<\/span><\/p>\n<p>&nbsp;<\/p>\n<p><iframe loading=\"lazy\" src=\"\/\/www.youtube.com\/embed\/h-bnhv65LEE\" frameborder=\"0\" width=\"560\" height=\"315\"><\/iframe><\/p>\n<p>&nbsp;<\/p>\n<p><span style=\"font-size: large;\">Y as\u00ed regres\u00f3 a la peque\u00f1a pantalla la moda del chapuz\u00f3n que tanto furor caus\u00f3 durante los noventa. La involuci\u00f3n. El \u00faltimo grito ya era tendencia hace veinte a\u00f1os. No pasa nada, todas las modas son c\u00edclicas. Yo ya estoy preparado para volver a escuchar cantar a las Cacao Maravillao y para ver a las chicas Chin Chin de &#8216;\u00a1Ay, qu\u00e9 calor!&#8217; sacarse una teta.<\/span><\/p>\n<p><span style=\"font-size: large;\">Ahora todo es m\u00e1s espectacular. Entre los primeros que lucieron michel\u00edn mojado en la tele estaba el que fue alcalde-capo de Marbella Jes\u00fas Gil y Gil. Qu\u00e9 crack. Telecinco lo contrat\u00f3 para presentar un programa metido en un jacuzzi rodeado de muchachas en biquini. <strong>&#8216;Las noches de tal y tal&#8217;<\/strong> se llamaba el invento y alcanz\u00f3 cuotas del 40% de &#8216;share&#8217; que para s\u00ed quisieran &#8216;Splash!&#8217; y otros suced\u00e1neos. Gil presum\u00eda de lorzas y de cadenita de oro del ni\u00f1o Jes\u00fas en una ba\u00f1era que serv\u00eda de estudio para entrevistar a cantantes, actores y pol\u00edticos. Jeannete Rodr\u00edguez (vamos, Cristal) era la copresentadora y <a href=\"http:\/\/www.vertele.com\/noticias\/cuando-jesus-gil-pego-de-verdad-a-benny-hill-en-telecinco\/\" target=\"_blank\" rel=\"external nofollow\">Benny Hill<\/a> hac\u00eda gracietas por all\u00ed. Nunca despu\u00e9s se alcanzaron cuotas de bizarrismo m\u00e1s alto. Y no habr\u00e1 sido por intentos. Es una pena que en los noventa los &#8216;realitys&#8217; no existieran. Lo que se han perdido con Jes\u00fas Gil&#8230;<\/span><\/p>\n<p>&nbsp;<\/p>\n<p><iframe loading=\"lazy\" src=\"\/\/www.youtube.com\/embed\/2ln_QYaIgA4\" frameborder=\"0\" width=\"420\" height=\"315\"><\/iframe><\/p>\n<p>&nbsp;<\/p>\n<p><span style=\"font-size: large;\"><a href=\"\/elsindromededarrin\/wp-content\/uploads\/sites\/21\/2013\/03\/natalia_estrada_galeria_portrait.jpg\"><img loading=\"lazy\" class=\"alignleft size-medium wp-image-628\" title=\"natalia_estrada_galeria_portrait\" src=\"\/elsindromededarrin\/wp-content\/uploads\/sites\/21\/2013\/03\/natalia_estrada_galeria_portrait.jpg\" alt=\"\" width=\"225\" height=\"300\" srcset=\"https:\/\/static-blogs.lasprovincias.es\/wp-content\/uploads\/sites\/21\/2013\/03\/natalia_estrada_galeria_portrait.jpg 423w, https:\/\/static-blogs.lasprovincias.es\/wp-content\/uploads\/sites\/21\/2013\/03\/natalia_estrada_galeria_portrait-225x300.jpg 225w\" sizes=\"(max-width: 225px) 100vw, 225px\" \/><\/a>La que no entiendo c\u00f3mo no ha aparecido a\u00fan en un &#8216;reality&#8217; es Natalia Estrada. \u00bfQu\u00e9 fue de Natalia Estrada? Para los que no lo sepan, Natalia Estrada fue a los 90 lo que Pilar Rubio ha sido a estos \u00faltimos a\u00f1os. Iba encadenando programas en Telecinco y, de repente, desapareci\u00f3. Creo que emigr\u00f3 a lares italianos. Ella tambi\u00e9n se lanz\u00f3 a la piscina. O se encargaba de que se lanzasen a otros. Lo hac\u00eda en compa\u00f1\u00eda de Andoni Ferre\u00f1o (que tambi\u00e9n presentaba antes todo en Telecinco envuelto en gomina). <strong>&#8216;Bellezas al agua&#8217;<\/strong> era un concurso en el que los participantes deb\u00edan mostrar su destreza bajo el agua desenredando nudos, sorteando muros o bes\u00e1ndose (el gluglubeso). Entre otras presentadoras que se pusieron en ba\u00f1ador en este espacio estuvieron Normal Duval y Loreto Valverde.<\/span><\/p>\n<p><span style=\"font-size: large;\">A la estela de este naci\u00f3 poco tiempo despu\u00e9s <strong>&#8216;Uno para todas&#8217;<\/strong> en el que 200 mujeres eleg\u00edan entre doce hombres al chico m\u00e1s guapo de la semana. \u00bfY qu\u00e9 hac\u00edan con el resto? Tirarlos a la piscina. Y todo el mundo se descojonaba. Porque lo de ver caer a alguien a la piscina da mucha risa. En los 90 y ahora. Algunos \u00e9ramos adolescentes en esa \u00e9poca y sobrevivimos a aquello. Otras en esa \u00e9poca fueron chicas glu-glu, como Raquel Mero\u00f1o, y ahora son actrices. Pues eso, cada cual a lo suyo. Me pregunto qu\u00e9 habr\u00e1 que pasado con H\u00e9ctor, el hombre m\u00e1s fuerte del mundo&#8230;. \u201c<a href=\"http:\/\/www.youtube.com\/watch?v=PDXyT0kNIfw\" target=\"_blank\" rel=\"external nofollow\">Soy H\u00e9ctooooor<\/a>\u201d<\/span><\/p>\n<p>&nbsp;<\/p>\n<p><iframe loading=\"lazy\" src=\"\/\/www.youtube.com\/embed\/gxwNrMJmHCg\" frameborder=\"0\" width=\"560\" height=\"315\"><\/iframe><\/p>\n<p>&nbsp;<\/p>\n<p><span style=\"font-size: large;\">Entre 1965 y 1999 TVE particip\u00f3 en una gran competici\u00f3n por pa\u00edses tipo Eurovisi\u00f3n en la que en lugar de cantar hab\u00eda que realizar pruebas deportivas y de habilidad. \u00bfD\u00f3nde? En una gran piscina, lo han adivinado. Se llamaba <strong>\u2018Juego sin fronteras\u2019<\/strong> y, en su \u00faltima etapa, lo condujeron Guillermo Summers e Ignacio Salas. Representantes de ciudades de toda Espa\u00f1a acud\u00edan para enfrentarse con otros de diferentes pa\u00edses.<\/span><\/p>\n<p>&nbsp;<\/p>\n<p><span style=\"font-size: large;\">Quienes tambi\u00e9n se mojaron en bastantes ocasiones fueron Ram\u00f3n Garc\u00eda y Ana Obreg\u00f3n, pero estos en versi\u00f3n ducha. En la de <strong>&#8216;\u00bfQu\u00e9 apostamos?&#8217;<\/strong>. All\u00ed acababan ellos o los invitados de turno que hubiesen asistido al concurso. Si no se superaba una prueba una voz en off, a la que llamaban comisi\u00f3n, decid\u00eda qui\u00e9n deb\u00eda terminar empapado. Y, l\u00f3gicamente, bajo una ducha se canta. As\u00ed que todos terminaban entonando aquello de \u201csi consigues alcanzar un campanario, subido en veinte sillas a la vez, si puedes navegar en un zapato, poniendo como vela un calcet\u00edn\u2026\u201d.<\/span><\/p>\n<p>&nbsp;<\/p>\n<p><iframe loading=\"lazy\" src=\"\/\/www.youtube.com\/embed\/g0JCc3UhZCs\" frameborder=\"0\" width=\"560\" height=\"315\"><\/iframe><\/p>\n<p>&nbsp;<\/p>\n<p><span style=\"font-size: large;\">Ramontxu cambi\u00f3 la ducha por una piscina con troncos en el \u2018Grand Prix\u2019, las Virtudes tambi\u00e9n ten\u00edan la suya en un espacio en Antena 3 llamado \u2018Burbujas\u2019 y Esther Arroyo se refrescaba en \u2018M\u00f3jate\u2019.<\/span><\/p>\n<p><span style=\"font-size: large;\">Y entre aguadillas transcurrieron los noventa. Ahora una nueva ola nos ha tra\u00eddo las piscinas de nuevo al sal\u00f3n de casa. La excusa es ver lo bien o mal que saltan unos cuantos rostros populares. La piscina no est\u00e1 vac\u00eda ni plagada de pira\u00f1as. Quiz\u00e1 as\u00ed tendr\u00eda algo m\u00e1s de gracia. Pero, no sufran, si mi generaci\u00f3n sobrevivi\u00f3 a las piscinas de los noventa, esta tambi\u00e9n lo har\u00e1. No hay peligro.<\/span><\/p>\n<p>&nbsp;<\/p>\n<p><em>T\u00edtulos de cr\u00e9dito: Para quejas, sugerencias y otras necesidades humanas mi correo es mlabastida@lasprovincias.es<\/em><\/p>\n<!-- AddThis Advanced Settings generic via filter on the_content --><!-- AddThis Share Buttons generic via filter on the_content -->","protected":false},"excerpt":{"rendered":"<p>&#8220;Al agua patos&#8230;&#8221; Miriam D\u00edaz Aroca &nbsp; &nbsp; Si anteriormente media Espa\u00f1a estuvo pendiente de Kiko Rivera pasando hambre en una isla, de Bel\u00e9n Esteban bailando salsa o del rubio de los Pecos imitando a Mar\u00eda Jes\u00fas y su acorde\u00f3n, no es de extra\u00f1ar que ahora esa media Espa\u00f1a no perdiese ripio de c\u00f3mo salta [&hellip;]<!-- AddThis Advanced Settings generic via filter on get_the_excerpt --><!-- AddThis Share Buttons generic via filter on get_the_excerpt --><\/p>\n","protected":false},"author":29,"featured_media":0,"comment_status":"open","ping_status":"closed","sticky":false,"template":"","format":"standard","meta":[],"categories":[2],"tags":[301,343,397,623,659,762,785,865],"_links":{"self":[{"href":"https:\/\/blogs.lasprovincias.es\/elsindromededarrin\/wp-json\/wp\/v2\/posts\/626"}],"collection":[{"href":"https:\/\/blogs.lasprovincias.es\/elsindromededarrin\/wp-json\/wp\/v2\/posts"}],"about":[{"href":"https:\/\/blogs.lasprovincias.es\/elsindromededarrin\/wp-json\/wp\/v2\/types\/post"}],"author":[{"embeddable":true,"href":"https:\/\/blogs.lasprovincias.es\/elsindromededarrin\/wp-json\/wp\/v2\/users\/29"}],"replies":[{"embeddable":true,"href":"https:\/\/blogs.lasprovincias.es\/elsindromededarrin\/wp-json\/wp\/v2\/comments?post=626"}],"version-history":[{"count":0,"href":"https:\/\/blogs.lasprovincias.es\/elsindromededarrin\/wp-json\/wp\/v2\/posts\/626\/revisions"}],"wp:attachment":[{"href":"https:\/\/blogs.lasprovincias.es\/elsindromededarrin\/wp-json\/wp\/v2\/media?parent=626"}],"wp:term":[{"taxonomy":"category","embeddable":true,"href":"https:\/\/blogs.lasprovincias.es\/elsindromededarrin\/wp-json\/wp\/v2\/categories?post=626"},{"taxonomy":"post_tag","embeddable":true,"href":"https:\/\/blogs.lasprovincias.es\/elsindromededarrin\/wp-json\/wp\/v2\/tags?post=626"}],"curies":[{"name":"wp","href":"https:\/\/api.w.org\/{rel}","templated":true}]}}