{"id":634,"date":"2013-03-16T14:39:05","date_gmt":"2013-03-16T14:39:05","guid":{"rendered":"http:\/\/blogs.lasprovincias.es\/elsindromededarrin\/?p=634"},"modified":"2013-03-16T14:39:05","modified_gmt":"2013-03-16T14:39:05","slug":"el-movil-nuevo-companero-de-cama","status":"publish","type":"post","link":"https:\/\/blogs.lasprovincias.es\/elsindromededarrin\/2013\/03\/16\/el-movil-nuevo-companero-de-cama\/","title":{"rendered":"El m\u00f3vil, nuevo compa\u00f1ero de cama"},"content":{"rendered":"<p style=\"text-align: right;\"><strong>&#8220;No todo lo que no es cierto es una mentira&#8221;<\/strong><\/p>\n<p style=\"text-align: right;\">Black Mirror<\/p>\n<p>&nbsp;<\/p>\n<p><a href=\"\/elsindromededarrin\/wp-content\/uploads\/sites\/21\/2013\/03\/black_mirror_season-2.jpg\"><img loading=\"lazy\" class=\"aligncenter size-full wp-image-635\" title=\"black_mirror_season 2\" src=\"\/elsindromededarrin\/wp-content\/uploads\/sites\/21\/2013\/03\/black_mirror_season-2.jpg\" alt=\"\" width=\"620\" height=\"368\" srcset=\"https:\/\/static-blogs.lasprovincias.es\/wp-content\/uploads\/sites\/21\/2013\/03\/black_mirror_season-2.jpg 620w, https:\/\/static-blogs.lasprovincias.es\/wp-content\/uploads\/sites\/21\/2013\/03\/black_mirror_season-2-300x178.jpg 300w\" sizes=\"(max-width: 620px) 100vw, 620px\" \/><\/a><\/p>\n<p>&nbsp;<\/p>\n<p><span style=\"font-size: large;\">Si <a href=\"http:\/\/www.canaltnt.es\/serie\/black-mirror\/2\/1\/ahora-mismo-vuelvo\" target=\"_blank\" rel=\"external nofollow\">&#8216;Black Mirror&#8217;<\/a> se hubiese estrenado hace veinte a\u00f1os nos hubiera desconcertado tanto como ahora. O quiz\u00e1s m\u00e1s. Por aquel entonces \u00e9ramos m\u00e1s inocentes. Al menos en lo relativo a la tecnolog\u00eda. Experta en dibujar futuros apocal\u00edpticos y desasosegados, esta serie, de haberse realizado en la d\u00e9cada de los 90, plantear\u00eda rutinas que por aquel entonces nos parecer\u00edan disparatadas y poco probables.<\/span><\/p>\n<p><span style=\"font-size: large;\">Imaginen un cap\u00edtulo en el que nos muestran a una <strong>legi\u00f3n de ciudadanos<\/strong> deambulando por las calles como zombis, concentrados en el m\u00f3vil que llevan entre sus manos, sin relacionarse con los que est\u00e1n a su lado, intercambiando opiniones con desconocidos, fotografiando lo que comen o las nubes del cielo, o &#8216;bebiendo&#8217; una jarra de cerveza simulada en el tel\u00e9fono. El otro d\u00eda observaba en una cafeter\u00eda a una pareja que apenas se dirig\u00eda la palabra, hasta que ambos sacaron sus m\u00f3viles y comenzaron a interactuar con ellos. Y entonces s\u00ed, aquello les provoc\u00f3 sonrisas y actividad. Si en los 90 nos llegan a mostrar esta estampa en la tele la hubi\u00e9semos considerado propia de un futuro muy lejano. Y aterrador.<\/span><\/p>\n<p>&nbsp;<\/p>\n<p style=\"text-align: center;\"><a href=\"\/elsindromededarrin\/wp-content\/uploads\/sites\/21\/2013\/03\/13fdbdf2-e1b6-4559-a089-6b81e61e64b1wallpaper.jpg\"><img loading=\"lazy\" class=\"aligncenter  wp-image-638\" title=\"13fdbdf2-e1b6-4559-a089-6b81e61e64b1wallpaper\" src=\"\/elsindromededarrin\/wp-content\/uploads\/sites\/21\/2013\/03\/13fdbdf2-e1b6-4559-a089-6b81e61e64b1wallpaper.jpg\" alt=\"\" width=\"645\" height=\"158\" srcset=\"https:\/\/static-blogs.lasprovincias.es\/wp-content\/uploads\/sites\/21\/2013\/03\/13fdbdf2-e1b6-4559-a089-6b81e61e64b1wallpaper.jpg 1024w, https:\/\/static-blogs.lasprovincias.es\/wp-content\/uploads\/sites\/21\/2013\/03\/13fdbdf2-e1b6-4559-a089-6b81e61e64b1wallpaper-300x74.jpg 300w, https:\/\/static-blogs.lasprovincias.es\/wp-content\/uploads\/sites\/21\/2013\/03\/13fdbdf2-e1b6-4559-a089-6b81e61e64b1wallpaper-768x189.jpg 768w\" sizes=\"(max-width: 645px) 100vw, 645px\" \/><\/a><\/p>\n<p>&nbsp;<\/p>\n<p><span style=\"font-size: large;\">Otro episodio se podr\u00eda basar en <strong>una pareja cuyos integrantes viven separados<\/strong> por kil\u00f3metros de distancia y que nunca se han visto f\u00edsicamente. Se conocieron a trav\u00e9s de una red inform\u00e1tica a la que se puede conectar cualquiera que tenga un ordenador en su casa y en la que se encuentra todo tipo de informaci\u00f3n. La pareja charla cada tarde a trav\u00e9s de una pantalla y, con ayuda de una c\u00e1mara, se confiesan virtualmente, se dicen que se quieren virtualmente, se besan virtualmente, follan virtualmente. \u00bfSexo sin contacto f\u00edsico? No lo hubi\u00e9semos cre\u00eddo.<\/span><\/p>\n<p><span style=\"font-size: large;\">Ideemos un tercer cap\u00edtulo con <strong>un ni\u00f1o del futuro<\/strong>, que ya no estudia EGB, claro. Llega a su casa, se encierra en su habitaci\u00f3n y con una especie de tableta inform\u00e1tica hace los deberes (sin recurrir a ninguna enciclopedia -\u00bfencicloqu\u00e9?-), intercambia apuntes con sus compa\u00f1eros de clase, se descarga los libros que le han recomendado en el colegio, escucha la canci\u00f3n que se le antoja s\u00f3lo con escribirla en una base de datos (sin recurrir a cassettes \u2013\u00bfcassequ\u00e9?-), recibe videollamadas de su madre que le avisa de que llegar\u00e1 tarde, encarga una pizza. Pasan las horas y no sale de esa habitaci\u00f3n ni levanta la vista de la tableta.<\/span><\/p>\n<p>&nbsp;<\/p>\n<p><span style=\"font-size: large;\">A la generaci\u00f3n de Naranjito, David el gnomo, los electroduendes y la bota Botilde cualquiera de estos episodios nos hubiese dejado con la boca abierta. Y por mucho que alucin\u00e1semos con esos aparatos y so\u00f1\u00e1semos con tenerlos habr\u00edamos jurado que jam\u00e1s los \u00edbamos a tocar. Nunca cre\u00edmos que la tecnolog\u00eda avanzar\u00eda tan r\u00e1pido y que la sociedad se adaptar\u00eda tan bien y con esa celeridad a esta nueva forma de vivir. <a href=\"http:\/\/www.canaltnt.es\/serie\/black-mirror\/2\/1\/ahora-mismo-vuelvo\" target=\"_blank\" rel=\"external nofollow\">\u2018Black Mirror\u2019<\/a> se deber\u00eda plantear hacer una precuela.<\/span><\/p>\n<p><span style=\"font-size: large;\">Ahora sabemos que s\u00ed, que el ritmo tecnol\u00f3gico es tremendo y que es capaz de arrasar como un hurac\u00e1n con nuestros h\u00e1bitos. Por eso nos asust\u00f3 tanto\u00a0<a href=\"https:\/\/blogs.lasprovincias.es\/elsindromededarrin\/2012\/07\/31\/la-tecnologia-es-el-enemigo\/\" target=\"_blank\">la primera temporada de \u2018Black Mirror\u2019<\/a>. Porque sab\u00edamos que mucho de lo que all\u00ed nos estaban contando era posible que pasase muy pronto. La duda estaba servida:\u00a0 \u00bfLlegar\u00e1 el d\u00eda en\u00a0<\/span><span style=\"font-size: large;\">que la tecnolog\u00eda nacida para hacernos m\u00e1s sencilla la vida se vuelva en nuestra contra?<\/span><\/p>\n<p>&nbsp;<\/p>\n<p><span style=\"font-size: large;\"><a href=\"\/elsindromededarrin\/wp-content\/uploads\/sites\/21\/2013\/03\/black-mirror-201-1.jpg\"><img loading=\"lazy\" class=\"alignleft size-medium wp-image-636\" title=\"black-mirror-201-1\" src=\"\/elsindromededarrin\/wp-content\/uploads\/sites\/21\/2013\/03\/black-mirror-201-1.jpg\" alt=\"\" width=\"300\" height=\"169\" srcset=\"https:\/\/static-blogs.lasprovincias.es\/wp-content\/uploads\/sites\/21\/2013\/03\/black-mirror-201-1.jpg 590w, https:\/\/static-blogs.lasprovincias.es\/wp-content\/uploads\/sites\/21\/2013\/03\/black-mirror-201-1-300x169.jpg 300w\" sizes=\"(max-width: 300px) 100vw, 300px\" \/><\/a>La<a href=\"http:\/\/www.youtube.com\/watch?v=sF_kZKVppw0\" target=\"_blank\" rel=\"external nofollow\"> segunda temporada<\/a> sigue esta tesis y esboza nuevos retos, quiz\u00e1 incluso m\u00e1s terror\u00edficos. La tanda se abre con un <a href=\"http:\/\/www.youtube.com\/watch?v=EPYpot21lAM\" target=\"_blank\" rel=\"external nofollow\">espectacular episodio<\/a>, capaz de erizar la piel como hac\u00eda tiempo que ninguna pel\u00edcula lo lograba. 45 minutos sublimes. Parte de una inquietante pregunta: \u00bfy si pudi\u00e9semos seguir comunic\u00e1ndonos con personas a las que queremos despu\u00e9s de que fallecen? No va de esp\u00edritus, ni de ouijas, sino juega a <a href=\"http:\/\/www.youtube.com\/watch?v=ld9m8Xrpko0\" target=\"_blank\" rel=\"external nofollow\">recrear virtualmente<\/a> a ese ser que se ha ido a trav\u00e9s de su actividad por internet, a trav\u00e9s de todo lo que en vida ha volcado en la red. Pi\u00e9nselo. \u00bfSabe alguien m\u00e1s sobre nuestros gustos o nuestras opiniones que internet? Conoce lo que buscamos, en lo que nos interesamos, tiene fotos nuestras, expresiones que usamos en redes sociales. Todo nuestro yo est\u00e1 reflejado ah\u00ed. Este arranque de \u2018Black Mirror\u2019 ahonda en un tema mil veces planteado, la posibilidad de ir m\u00e1s all\u00e1 del M\u00e1s All\u00e1. Pero esta vez nos da una respuesta que genera escalofr\u00edos. \u00bfPor qu\u00e9? Porque la reconocemos demasiado factible. La ciencia ficci\u00f3n es ya ciencia realidad.<\/span><\/p>\n<p>&nbsp;<\/p>\n<p style=\"text-align: center;\"><a href=\"\/elsindromededarrin\/wp-content\/uploads\/sites\/21\/2013\/03\/black-mirror-2x02.png\"><img loading=\"lazy\" class=\"aligncenter  wp-image-637\" title=\"black-mirror-2x02\" src=\"\/elsindromededarrin\/wp-content\/uploads\/sites\/21\/2013\/03\/black-mirror.png\" alt=\"\" width=\"574\" height=\"322\" \/><\/a><\/p>\n<p>&nbsp;<\/p>\n<p><span style=\"font-size: large;\">La nueva temporada se compone nuevamente de tres episodios independientes. Los otros dos (m\u00e1s irregulares) reflexionan en torno a la <a href=\"http:\/\/www.youtube.com\/watch?v=z2spS4Lc3CM\" target=\"_blank\" rel=\"external nofollow\">justicia<\/a> y a la <a href=\"http:\/\/www.youtube.com\/watch?v=G7267eKUezM\" target=\"_blank\" rel=\"external nofollow\">pol\u00edtica<\/a> con tesis arriesgadas pero desde una base cercana. \u00bfQui\u00e9n no est\u00e1 harto de nuestros pol\u00edticos? \u00bfQui\u00e9n no cree que podemos caer en la tentaci\u00f3n de fiarnos de cualquier propuesta populista por descerebrada que parezca? Y la justicia\u2026 \u00bfNo hay un n\u00famero considerable de personas que han perdido fe en el sistema a este respecto? Personas que reclaman el ojo por ojo, personas que participan en linchamientos medi\u00e1ticos y juicios televisivos. \u00bfNo es ciencia ficci\u00f3n que la mujer de Santiago del Valle terminase confesando el asesinato de Mari Luz a Ana Rosa en lugar de a un juez?<\/span><\/p>\n<p>&nbsp;<\/p>\n<p><span style=\"font-size: large;\"><a href=\"http:\/\/www.canaltnt.es\/serie\/black-mirror\/2\/1\/ahora-mismo-vuelvo\" target=\"_blank\" rel=\"external nofollow\">\u2018Black Mirror\u2019<\/a> nos abofetea, nos invita a hacernos preguntas. Qu\u00e9 necesario. Y nos sirve respuestas. La mayor\u00eda no nos gustan, nos escandalizan, nos espantan. Pero, todos, en la soledad del sal\u00f3n, reconocemos que lo que estamos viendo en la tele est\u00e1 muy cerca, est\u00e1 a punto de llegar. Miramos de reojo a la puerta. Est\u00e1 tan cerca\u2026<\/span><\/p>\n<p>&nbsp;<\/p>\n<p>&nbsp;<\/p>\n<p><em>T\u00edtulos de cr\u00e9dito: Para quejas, sugerencias y otras necesidades humanas mi correo es mlabastida@lasprovincias.es<\/em><\/p>\n<!-- AddThis Advanced Settings generic via filter on the_content --><!-- AddThis Share Buttons generic via filter on the_content -->","protected":false},"excerpt":{"rendered":"<p>&#8220;No todo lo que no es cierto es una mentira&#8221; Black Mirror &nbsp; &nbsp; Si &#8216;Black Mirror&#8217; se hubiese estrenado hace veinte a\u00f1os nos hubiera desconcertado tanto como ahora. O quiz\u00e1s m\u00e1s. Por aquel entonces \u00e9ramos m\u00e1s inocentes. Al menos en lo relativo a la tecnolog\u00eda. Experta en dibujar futuros apocal\u00edpticos y desasosegados, esta serie, [&hellip;]<!-- AddThis Advanced Settings generic via filter on get_the_excerpt --><!-- AddThis Share Buttons generic via filter on get_the_excerpt --><\/p>\n","protected":false},"author":29,"featured_media":0,"comment_status":"open","ping_status":"closed","sticky":false,"template":"","format":"standard","meta":[],"categories":[2],"tags":[98,731,783,792],"_links":{"self":[{"href":"https:\/\/blogs.lasprovincias.es\/elsindromededarrin\/wp-json\/wp\/v2\/posts\/634"}],"collection":[{"href":"https:\/\/blogs.lasprovincias.es\/elsindromededarrin\/wp-json\/wp\/v2\/posts"}],"about":[{"href":"https:\/\/blogs.lasprovincias.es\/elsindromededarrin\/wp-json\/wp\/v2\/types\/post"}],"author":[{"embeddable":true,"href":"https:\/\/blogs.lasprovincias.es\/elsindromededarrin\/wp-json\/wp\/v2\/users\/29"}],"replies":[{"embeddable":true,"href":"https:\/\/blogs.lasprovincias.es\/elsindromededarrin\/wp-json\/wp\/v2\/comments?post=634"}],"version-history":[{"count":0,"href":"https:\/\/blogs.lasprovincias.es\/elsindromededarrin\/wp-json\/wp\/v2\/posts\/634\/revisions"}],"wp:attachment":[{"href":"https:\/\/blogs.lasprovincias.es\/elsindromededarrin\/wp-json\/wp\/v2\/media?parent=634"}],"wp:term":[{"taxonomy":"category","embeddable":true,"href":"https:\/\/blogs.lasprovincias.es\/elsindromededarrin\/wp-json\/wp\/v2\/categories?post=634"},{"taxonomy":"post_tag","embeddable":true,"href":"https:\/\/blogs.lasprovincias.es\/elsindromededarrin\/wp-json\/wp\/v2\/tags?post=634"}],"curies":[{"name":"wp","href":"https:\/\/api.w.org\/{rel}","templated":true}]}}