{"id":708,"date":"2013-04-30T01:06:01","date_gmt":"2013-04-30T01:06:01","guid":{"rendered":"http:\/\/blogs.lasprovincias.es\/elsindromededarrin\/?p=708"},"modified":"2013-04-30T01:06:01","modified_gmt":"2013-04-30T01:06:01","slug":"del-cipote-de-cela-al-libro-de-umbral","status":"publish","type":"post","link":"https:\/\/blogs.lasprovincias.es\/elsindromededarrin\/2013\/04\/30\/del-cipote-de-cela-al-libro-de-umbral\/","title":{"rendered":"Del cipote de Cela al libro de Umbral"},"content":{"rendered":"<p style=\"text-align: right;\"><strong>&#8220;Se acaba el tiempo, entra la publicidad, entran unos v\u00eddeos absurdos que todos hemos visto ya y no se habla de mi libro. Entonces, \u00bfa qu\u00e9 he venido yo aqu\u00ed?&#8221;<\/strong><\/p>\n<p style=\"text-align: right;\">Francisco Umbral<\/p>\n<p>&nbsp;<\/p>\n<p><a href=\"\/elsindromededarrin\/wp-content\/uploads\/sites\/21\/2013\/04\/CJC.jpg\"><img loading=\"lazy\" class=\"aligncenter size-full wp-image-709\" title=\"CJC\" src=\"\/elsindromededarrin\/wp-content\/uploads\/sites\/21\/2013\/04\/CJC.jpg\" alt=\"\" width=\"400\" height=\"313\" srcset=\"https:\/\/static-blogs.lasprovincias.es\/wp-content\/uploads\/sites\/21\/2013\/04\/CJC.jpg 400w, https:\/\/static-blogs.lasprovincias.es\/wp-content\/uploads\/sites\/21\/2013\/04\/CJC-300x235.jpg 300w\" sizes=\"(max-width: 400px) 100vw, 400px\" \/><\/a><\/p>\n<p>&nbsp;<\/p>\n<p><span style=\"font-size: large;\">\u00bfPara cu\u00e1ndo un escritor saltando en la piscina de &#8216;<a href=\"http:\/\/www.antena3.com\/programas\/splash-famosos-agua\/\" target=\"_blank\" rel=\"external nofollow\">Splash<\/a>&#8216;? \u00bfPor qu\u00e9 no le ponen el pol\u00edgrafo a unos cuantos autores? \u00bfQu\u00e9 pasar\u00eda si invitaran a alg\u00fan responsable de un &#8216;best-seller&#8217; patrio a preparar un plato en &#8216;<a href=\"http:\/\/www.rtve.es\/television\/masterchef\/\" target=\"_blank\" rel=\"external nofollow\">Masterchef<\/a>&#8216;? Los escritores no son objeto de deseo hoy en los programas-espect\u00e1culo de la televisi\u00f3n. Y no ser\u00e1 porque cuando se dejan caer por la peque\u00f1a pantalla no regalan perlas, s\u00f3lo hay que recordar alguna visita de\u00a0<strong>S\u00e1nchez Drag\u00f3<\/strong> o <strong>Luc\u00eda Etxebarria<\/strong> a &#8216;<a href=\"http:\/\/www.telecinco.es\/elgrandebate\/\" target=\"_blank\" rel=\"external nofollow\">El gran debate<\/a>&#8216;.<\/span><\/p>\n<p>&nbsp;<\/p>\n<p><span style=\"font-size: large;\">No siempre ha sido as\u00ed. Hubo un tiempo en que los escritores lograban su espacio en los magacines y concursos del prime-time y consegu\u00edan momentos de gloria que est\u00e1n ya asociados a nuestra memoria televisiva. \u00bfO es que alguien ha olvidado la en\u00e9rgica protesta de <strong>Umbral<\/strong> hacia <strong>Mercedes Mil\u00e1<\/strong> porque quer\u00eda hablar de su libro?<\/span><\/p>\n<p>&nbsp;<\/p>\n<p><iframe loading=\"lazy\" src=\"\/\/www.youtube.com\/embed\/9yzQXkHHR_s\" frameborder=\"0\" width=\"420\" height=\"315\"><\/iframe><\/p>\n<p>&nbsp;<\/p>\n<p><span style=\"font-size: large;\">\u00bfO cuando <strong>Camilo Jos\u00e9 Cela<\/strong> le explic\u00f3 a esta misma presentadora su habilidad para ingerir agua por v\u00eda anal? <\/span><\/p>\n<p>&nbsp;<\/p>\n<p><iframe loading=\"lazy\" src=\"\/\/www.youtube.com\/embed\/t0d6K9x8CuA\" frameborder=\"0\" width=\"420\" height=\"315\"><\/iframe><\/p>\n<p>&nbsp;<\/p>\n<p><span style=\"font-size: large;\">Un estupendo proyecto por internet ha recuperado algunos de estos momentos que permiten conocer facetas de autores nacionales e internacionales alejadas de los textos de sus libros.\u00a0<\/span><span style=\"font-size: large;\">Se trata de <a href=\"http:\/\/la-decada-ominosa.tumblr.com\/about\" target=\"_blank\" rel=\"external nofollow\">La D\u00e9cada Ominosa<\/a>, una estupenda idea que su creador, Roberto Salas, define como un &#8216;proyecto v\u00eddeo-antol\u00f3gico sobre literatura cat\u00f3dica&#8217;. <strong>Gloria Fuertes, Fernando Arrabal, Enrique Jardiel Poncela, Patricia Highsmith<\/strong> o <strong>Rafael Alberti<\/strong> se dan cita en este Tumblr que recoge las intervenciones de autores de todo tipo en pel\u00edculas y programas de televisi\u00f3n. La recopilaci\u00f3n bien podr\u00eda haberse gestado en el Cabaret Voltaire y <strong>Apollinaire<\/strong> o <strong>Tristan Tzara<\/strong> hubiesen estado encantados de participar en ella. La lista, por cierto, sigue abierta a sugerencias.\u00a0<\/span><span style=\"font-size: large;\">M\u00e1s all\u00e1 de firmar libros los escritores son capaces de disfrazarse de Marco Antonio en el &#8216;Un, dos, tres&#8217;, de tener un cara a cara que r\u00edete t\u00fa de los de los grandes hermanos o de convertirse en clept\u00f3manos sin soluci\u00f3n si el gui\u00f3n lo requiere. Si no lo creen, pasen y lean. Lean y vean, que para eso esto es literatura cat\u00f3dica.<\/span><\/p>\n<p>&nbsp;<\/p>\n<p>&nbsp;<\/p>\n<p><span style=\"font-size: large;\"><strong>El milenarismo seg\u00fan Arrabal:<\/strong> El ni\u00f1o premiado durante el franquismo por superdotado, entr\u00f3 en P\u00e1nico en una tertulia televisiva al hablar del milenarismo. \u00a1Hablemos del milenarismo cojones, ya! Para quien no lo sepa esta doctrina aseguraba que\u00a0el fin del mundo suceder\u00eda en el a\u00f1o 1000 de la era cristiana. Dejar\u00eda que Arrabal lo explicase, pero su estado de embriaguez lo pone complicado&#8230;<\/span><\/p>\n<p>&nbsp;<\/p>\n<p><iframe loading=\"lazy\" src=\"\/\/www.youtube.com\/embed\/NM5xPASxxks\" frameborder=\"0\" width=\"420\" height=\"315\"><\/iframe><\/p>\n<p>&nbsp;<\/p>\n<p><span style=\"font-size: large;\"><strong>No admiren a Fern\u00e1n G\u00f3mez:<\/strong> A Fern\u00e1n G\u00f3mez daba gusto verle actuar, disfrutar de c\u00f3mo dirig\u00eda o leerle. Lo que no era tan grato era admirarle. \u00a1Cualquiera se atrev\u00eda a demostrarle afecto despu\u00e9s de que c\u00f3mo trat\u00f3 a un seguidor que se acerc\u00f3 a pedirle que le firmase un libro! Ya saben a d\u00f3nde le mand\u00f3, a cazar moscas&#8230;<\/span><\/p>\n<p>&nbsp;<\/p>\n<p><iframe loading=\"lazy\" src=\"\/\/www.youtube.com\/embed\/TCql_AXSpzg\" frameborder=\"0\" width=\"420\" height=\"315\"><\/iframe><\/p>\n<p>&nbsp;<\/p>\n<p><span style=\"font-size: large;\"><strong>Marco Antonio Moix:<\/strong> Si hubo un enamorado de Egipto ese fue Terenci Moix. Por eso no dud\u00f3 en aceptar la invitaci\u00f3n del &#8216;Un, dos, tres&#8217; para interpretar una coreograf\u00eda haciendo el papel del colaborador de Julio C\u00e9sar. No pod\u00eda faltar en este baile una Cleopatra y qui\u00e9n mejor que Arrabal para interpretarla. Perd\u00f3n, Arrabal, no. Quise decir Massiel&#8230; En qu\u00e9 estar\u00eda yo pensando.<\/span><\/p>\n<p>&nbsp;<\/p>\n<p><iframe loading=\"lazy\" src=\"\/\/www.youtube.com\/embed\/7_B2vwp-h0c\" frameborder=\"0\" width=\"420\" height=\"315\"><\/iframe><\/p>\n<p>&nbsp;<\/p>\n<p><span style=\"font-size: large;\"><strong>Elvira, cl\u00e9ptomana:<\/strong> A Elvira Lindo le pierde la secci\u00f3n de menaje de El Corte Ingl\u00e9s. Es la que m\u00e1s peligro tiene para lo suyo. Lo suyo es la cleptoman\u00eda. Pero s\u00f3lo porque lo dice el gui\u00f3n. Que se sepa la madre de Manolito Gafotas no roba, si no iba a temblar Tiffany&#8217;s. Y es que la Lindo adem\u00e1s de escribir, de vez en cuando se lanza al cameo cinematogr\u00e1fico. Muy pronto la veremos como recepcionista en la pel\u00edcula &#8216;La vida inesperada&#8217;.<\/span><\/p>\n<p>&nbsp;<\/p>\n<p><iframe loading=\"lazy\" src=\"\/\/www.youtube.com\/embed\/mlsh2wmQdLA\" frameborder=\"0\" width=\"420\" height=\"315\"><\/iframe><\/p>\n<p>&nbsp;<\/p>\n<p><span style=\"font-size: large;\"><strong>El cipote de Cela:<\/strong> En realidad el Nobel no habla de su miembro exclusivamente. Casi mejor. Su disertaci\u00f3n versa en torno al cipote hisp\u00e1nico, que, seg\u00fan \u00e9l, es digno de estudio. Aqu\u00ed va el discurso sobre la musculatura de la pija hisp\u00e1nica, orgullo del pa\u00eds y espejo de for\u00e1neos. Marca Espa\u00f1a, vamos.<\/span><\/p>\n<p>&nbsp;<\/p>\n<p><iframe loading=\"lazy\" src=\"\/\/www.youtube.com\/embed\/Bjnl3bTkOwo\" frameborder=\"0\" width=\"560\" height=\"315\"><\/iframe><\/p>\n<p>&nbsp;<\/p>\n<p><span style=\"font-size: large;\"><strong>Un tranv\u00eda cargado de alcohol:<\/strong> Lo de aparecer en televisi\u00f3n con alguna copa de m\u00e1s no es s\u00f3lo habitual en las teles nacionales, tambi\u00e9n al otro lado del charco hay quien cambi\u00f3 la pluma por un buen trago. Tennessee Williams subi\u00f3 al tejado de zinc con unos cuantos grados de mas.\u00a0<\/span><\/p>\n<p>&nbsp;<\/p>\n<p><iframe loading=\"lazy\" src=\"\/\/www.youtube.com\/embed\/KN3icAgw9LI\" frameborder=\"0\" width=\"420\" height=\"315\"><\/iframe><\/p>\n<p>&nbsp;<\/p>\n<p><em>T\u00edtulos de cr\u00e9dito: Para quejas, sugerencias y otras necesidades humanas mi correo es mlabastida@lasprovincias.es<\/em><\/p>\n<!-- AddThis Advanced Settings generic via filter on the_content --><!-- AddThis Share Buttons generic via filter on the_content -->","protected":false},"excerpt":{"rendered":"<p>&#8220;Se acaba el tiempo, entra la publicidad, entran unos v\u00eddeos absurdos que todos hemos visto ya y no se habla de mi libro. Entonces, \u00bfa qu\u00e9 he venido yo aqu\u00ed?&#8221; Francisco Umbral &nbsp; &nbsp; \u00bfPara cu\u00e1ndo un escritor saltando en la piscina de &#8216;Splash&#8216;? \u00bfPor qu\u00e9 no le ponen el pol\u00edgrafo a unos cuantos autores? [&hellip;]<!-- AddThis Advanced Settings generic via filter on get_the_excerpt --><!-- AddThis Share Buttons generic via filter on get_the_excerpt --><\/p>\n","protected":false},"author":29,"featured_media":0,"comment_status":"open","ping_status":"closed","sticky":false,"template":"","format":"standard","meta":[],"categories":[2],"tags":[62,151,276,287,528,792,860],"_links":{"self":[{"href":"https:\/\/blogs.lasprovincias.es\/elsindromededarrin\/wp-json\/wp\/v2\/posts\/708"}],"collection":[{"href":"https:\/\/blogs.lasprovincias.es\/elsindromededarrin\/wp-json\/wp\/v2\/posts"}],"about":[{"href":"https:\/\/blogs.lasprovincias.es\/elsindromededarrin\/wp-json\/wp\/v2\/types\/post"}],"author":[{"embeddable":true,"href":"https:\/\/blogs.lasprovincias.es\/elsindromededarrin\/wp-json\/wp\/v2\/users\/29"}],"replies":[{"embeddable":true,"href":"https:\/\/blogs.lasprovincias.es\/elsindromededarrin\/wp-json\/wp\/v2\/comments?post=708"}],"version-history":[{"count":0,"href":"https:\/\/blogs.lasprovincias.es\/elsindromededarrin\/wp-json\/wp\/v2\/posts\/708\/revisions"}],"wp:attachment":[{"href":"https:\/\/blogs.lasprovincias.es\/elsindromededarrin\/wp-json\/wp\/v2\/media?parent=708"}],"wp:term":[{"taxonomy":"category","embeddable":true,"href":"https:\/\/blogs.lasprovincias.es\/elsindromededarrin\/wp-json\/wp\/v2\/categories?post=708"},{"taxonomy":"post_tag","embeddable":true,"href":"https:\/\/blogs.lasprovincias.es\/elsindromededarrin\/wp-json\/wp\/v2\/tags?post=708"}],"curies":[{"name":"wp","href":"https:\/\/api.w.org\/{rel}","templated":true}]}}