{"id":750,"date":"2013-05-15T11:51:52","date_gmt":"2013-05-15T11:51:52","guid":{"rendered":"http:\/\/blogs.lasprovincias.es\/elsindromededarrin\/?p=750"},"modified":"2013-05-15T11:51:52","modified_gmt":"2013-05-15T11:51:52","slug":"las-minifaldas-de-ana-blanco","status":"publish","type":"post","link":"https:\/\/blogs.lasprovincias.es\/elsindromededarrin\/2013\/05\/15\/las-minifaldas-de-ana-blanco\/","title":{"rendered":"Las minifaldas de Ana Blanco"},"content":{"rendered":"<p style=\"text-align: right;\"><strong><span style=\"font-size: small;\">&#8220;Estamos en la \u00e9poca de ense\u00f1ar todo, con camisetas muy amplias, que dejan ver los hombros, muy extravagantes&#8221;<\/span><\/strong><\/p>\n<p style=\"text-align: right;\"><span style=\"font-size: small;\">Coti Coloma<\/span><\/p>\n<p>&nbsp;<\/p>\n<p>&nbsp;<\/p>\n<p style=\"text-align: center;\">\u00a0<a href=\"\/elsindromededarrin\/wp-content\/uploads\/sites\/21\/2013\/05\/fotac_blancoana.jpg\"><img loading=\"lazy\" class=\"aligncenter  wp-image-751\" title=\"fotac_blancoana\" src=\"\/elsindromededarrin\/wp-content\/uploads\/sites\/21\/2013\/05\/fotac_blancoana.jpg\" alt=\"\" width=\"360\" height=\"360\" srcset=\"https:\/\/static-blogs.lasprovincias.es\/wp-content\/uploads\/sites\/21\/2013\/05\/fotac_blancoana.jpg 500w, https:\/\/static-blogs.lasprovincias.es\/wp-content\/uploads\/sites\/21\/2013\/05\/fotac_blancoana-150x150.jpg 150w, https:\/\/static-blogs.lasprovincias.es\/wp-content\/uploads\/sites\/21\/2013\/05\/fotac_blancoana-300x300.jpg 300w\" sizes=\"(max-width: 360px) 100vw, 360px\" \/><\/a>\u00a0\u00a0\u00a0\u00a0\u00a0\u00a0\u00a0\u00a0\u00a0\u00a0\u00a0\u00a0\u00a0\u00a0\u00a0\u00a0\u00a0\u00a0\u00a0\u00a0\u00a0\u00a0\u00a0\u00a0\u00a0\u00a0\u00a0\u00a0\u00a0\u00a0\u00a0\u00a0\u00a0\u00a0\u00a0\u00a0\u00a0\u00a0\u00a0\u00a0\u00a0\u00a0\u00a0\u00a0\u00a0\u00a0\u00a0\u00a0\u00a0\u00a0 Ana Blanco ense\u00f1ando hombro.<\/p>\n<p>&nbsp;<\/p>\n<p><span style=\"font-size: large;\">Para los que no lo sepan TVE ha iniciado una serie de reportajes sobre moral y conducta. La idea es promover valores que se han ido perdiendo en esta sociedad descarriada que nos ha tocado vivir. El equipo de informativos de la cadena p\u00fablica se ha puesto manos a la obra y ha elaborado varias piezas que sirven de gu\u00eda para los hombres y, sobre todo, para las mujeres de bien.<\/span><\/p>\n<p><span style=\"font-size: large;\">La primera de estas informaciones lleg\u00f3 hace unos d\u00edas cuando recomendaron a los m\u00e1s de seis millones de parados de este pa\u00eds que <a href=\"http:\/\/www.elcorreo.com\/vizcaya\/20130509\/television\/receta-para-sobrellevar-crisis-201305091036.html\" target=\"_blank\" rel=\"external nofollow\">se acercaran a un altar para calmar su ansiedad <\/a>ante la ausencia de trabajo. El Colegio Oficial de Psic\u00f3logos de Madrid despu\u00e9s<a href=\"http:\/\/www.formulatv.com\/noticias\/30979\/los-psicologos-contestan-tve-rezar-no-calma-parados\/\" target=\"_blank\" rel=\"external nofollow\"> rectific\u00f3 esta noticia<\/a> pero, ya se sabe, que este colectivo vive en pecado.<\/span><\/p>\n<p><span style=\"font-size: large;\">El siguiente consejo que nos ofrecieron los servicios de investigaci\u00f3n del ente p\u00fablico fue sobre el atuendo femenino, a prop\u00f3sito de la llegada del buen tiempo y de la tendencia que tienen algunas muchachas\u00a0de ense\u00f1ar carne. \u00a1\u00a1\u00a1Hasta los hombros!!! Todo el mundo sabe, como bien indicaba la pieza, que \u00e9sta es una de las mayores preocupaciones de los padres hoy en d\u00eda. Ah\u00ed est\u00e1 la encuesta del CIS, que sit\u00faa este tema encabezando la lista de los que m\u00e1s quitan el sue\u00f1o a los progenitores espa\u00f1oles, por encima de la econom\u00eda y del paro.<\/span><\/p>\n<p><span style=\"font-size: large;\">\u201c\u00bfIr\u00e1 mi hija provocando?\u201d se preguntaba la locutora de la informaci\u00f3n. \u201cEllas no tienen el concepto de ir provocando pero, a lo mejor, los que los ven s\u00ed ven que ellas provocan\u201d, declaraba una de las entrevistadas.<\/span><\/p>\n<p>&nbsp;<\/p>\n<div class=\"VideoContainer\" data-permalink=\"http:\/\/www.rtve.es\/alacarta\/videos\/telediario\/taller-pedagogos-recomiendan-poner-ninos-frente-espejo\/1818765\/\" data-sust=\"false\" data-idmanager=\"\" data-location=\"embed_videos\" data-assetid=\"1818765_es_videos\"><span class=\"hddn\" style=\"display: none;\">En un taller de pedagogos recomiendan qu\u00e9 poner a los ni\u00f1os frente al espejo<\/span><object width=\"425\" height=\"239\" classid=\"clsid:d27cdb6e-ae6d-11cf-96b8-444553540000\" codebase=\"http:\/\/download.macromedia.com\/pub\/shockwave\/cabs\/flash\/swflash.cab#version=6,0,40,0\"><param name=\"allowScriptAccess\" value=\"always\" \/><param name=\"allowFullScreen\" value=\"true\" \/><param name=\"wmode\" value=\"opaque\" \/><param name=\"quality\" value=\"high\" \/><param name=\"flashvars\" value=\"assetID=1818765_es_videos&#038;location=embed_videos\" \/><param name=\"src\" value=\"http:\/\/www.rtve.es\/swf\/4.2.4\/RTVEPlayerVideo.swf\" \/><param name=\"allowscriptaccess\" value=\"always\" \/><param name=\"allowfullscreen\" value=\"true\" \/><embed width=\"425\" height=\"239\" type=\"application\/x-shockwave-flash\" src=\"\/\/www.rtve.es\/swf\/4.2.4\/RTVEPlayerVideo.swf\" allowScriptAccess=\"always\" allowFullScreen=\"true\" wmode=\"opaque\" quality=\"high\" flashvars=\"assetID=1818765_es_videos&#038;location=embed_videos\" allowscriptaccess=\"always\" allowfullscreen=\"true\" \/><!--  solo video--><a href=\"http:\/\/www.rtve.es\/alacarta\/videos\/telediario\/taller-pedagogos-recomiendan-poner-ninos-frente-espejo\/1818765\/\" rel=\"external nofollow\"><span class=\"videoplay\"><strong>Ver v\u00eddeo<\/strong><\/span><img width=\"425\" src=\"\/\/img.irtve.es\/imagenes\/debo-poner-verano\/1368540736379.jpg\" alt=\"En un taller de pedagogos recomiendan qu\u00e9 poner a los ni\u00f1os frente al espejo\" title=\"En un taller de pedagogos recomiendan qu\u00e9 poner a los ni\u00f1os frente al espejo\" \/><\/a><\/object><\/div>\n<p>&nbsp;<\/p>\n<p><span style=\"font-size: large;\">Yo creo que el enfoque de la noticia fue suave. En lugar de los psic\u00f3logos y pedagogos que escogieron deber\u00edan haber incluido declaraciones todav\u00eda m\u00e1s agresivas y directas. Aqu\u00ed va una sugerencia.<\/span><\/p>\n<p>&nbsp;<\/p>\n<p><iframe loading=\"lazy\" src=\"\/\/www.youtube.com\/embed\/WlwBwY5acRY\" frameborder=\"0\" width=\"560\" height=\"315\"><\/iframe><\/p>\n<p>&nbsp;<\/p>\n<p><span style=\"font-size: large;\">Por si los promotores de esta serie de reportajes se quedan sin ideas, desde aqu\u00ed recomiendo algunos otros temas que bien podr\u00edan servir para pr\u00f3ximos d\u00edas. No estar\u00eda mal recuperar aquellos tiempos pret\u00e9ritos en que las mujeres ten\u00edan una sola misi\u00f3n en la vida: \u201ccrear hombres valerosos\u201d.<\/span><\/p>\n<p>&nbsp;<\/p>\n<p><iframe loading=\"lazy\" src=\"\/\/www.youtube.com\/embed\/XRKQOdhP1cs\" frameborder=\"0\" width=\"420\" height=\"315\"><\/iframe><\/p>\n<p>&nbsp;<\/p>\n<p><span style=\"font-size: large;\">Todo se puede mejorar. \u00bfNo ser\u00eda\u00a0m\u00e1s id\u00f3neo\u00a0que este tipo de piezas se editasen con m\u00fasica acorde y no con esas canciones que se graban en la actualidad y que s\u00f3lo incitan al desenfreno y al vicio?\u00a0\u00a0 <\/span><\/p>\n<p>&nbsp;<\/p>\n<p><iframe loading=\"lazy\" src=\"\/\/www.youtube.com\/embed\/0hKw8nkGjbg\" frameborder=\"0\" width=\"420\" height=\"315\"><\/iframe><\/p>\n<p>&nbsp;<\/p>\n<p><span style=\"font-size: large;\">Ana Blanco, no me gusta que en verano te pongas la minifalda. La gente mira parriba, porque quieren ver tu cara y quieren ver tus rodillas. Los ni\u00f1atos tan pesaos no dejan de contemplarte. Me rebelo y me rebelo y tengo que pelearme. As\u00ed que t\u00fa ya sabes, Ana Blanco, no te pongas minifalda, que no quiero pelearme con nadie.<\/span><\/p>\n<p>&nbsp;<\/p>\n<p><span style=\"font-size: large;\">Ahora en serio. Todo esto s\u00f3lo puede ser una chanante soluci\u00f3n que a los jefes de informativos de TVE se les ha ocurrido para <a href=\"https:\/\/blogs.lasprovincias.es\/elsindromededarrin\/2013\/02\/25\/ana-blanco-destronada\/\" target=\"_blank\">recuperar la audiencia perdida<\/a>. <\/span><\/p>\n<p>&nbsp;<\/p>\n<p>&nbsp;<\/p>\n<p><span style=\"font-size: small;\"><em>T\u00edtulos de cr\u00e9dito: Para quejas, sugerencias y otras necesidades humanas mi correo es mlabastida@lasprovincias.es<\/em><\/span><\/p>\n<!-- AddThis Advanced Settings generic via filter on the_content --><!-- AddThis Share Buttons generic via filter on the_content -->","protected":false},"excerpt":{"rendered":"<p>&#8220;Estamos en la \u00e9poca de ense\u00f1ar todo, con camisetas muy amplias, que dejan ver los hombros, muy extravagantes&#8221; Coti Coloma &nbsp; &nbsp; \u00a0\u00a0\u00a0\u00a0\u00a0\u00a0\u00a0\u00a0\u00a0\u00a0\u00a0\u00a0\u00a0\u00a0\u00a0\u00a0\u00a0\u00a0\u00a0\u00a0\u00a0\u00a0\u00a0\u00a0\u00a0\u00a0\u00a0\u00a0\u00a0\u00a0\u00a0\u00a0\u00a0\u00a0\u00a0\u00a0\u00a0\u00a0\u00a0\u00a0\u00a0\u00a0\u00a0\u00a0\u00a0\u00a0\u00a0\u00a0\u00a0\u00a0\u00a0 Ana Blanco ense\u00f1ando hombro. &nbsp; Para los que no lo sepan TVE ha iniciado una serie de reportajes sobre moral y conducta. La idea es promover valores que se han ido perdiendo [&hellip;]<!-- AddThis Advanced Settings generic via filter on get_the_excerpt --><!-- AddThis Share Buttons generic via filter on get_the_excerpt --><\/p>\n","protected":false},"author":29,"featured_media":0,"comment_status":"open","ping_status":"open","sticky":false,"template":"","format":"standard","meta":[],"categories":[2],"tags":[43,519,650,786,856],"_links":{"self":[{"href":"https:\/\/blogs.lasprovincias.es\/elsindromededarrin\/wp-json\/wp\/v2\/posts\/750"}],"collection":[{"href":"https:\/\/blogs.lasprovincias.es\/elsindromededarrin\/wp-json\/wp\/v2\/posts"}],"about":[{"href":"https:\/\/blogs.lasprovincias.es\/elsindromededarrin\/wp-json\/wp\/v2\/types\/post"}],"author":[{"embeddable":true,"href":"https:\/\/blogs.lasprovincias.es\/elsindromededarrin\/wp-json\/wp\/v2\/users\/29"}],"replies":[{"embeddable":true,"href":"https:\/\/blogs.lasprovincias.es\/elsindromededarrin\/wp-json\/wp\/v2\/comments?post=750"}],"version-history":[{"count":0,"href":"https:\/\/blogs.lasprovincias.es\/elsindromededarrin\/wp-json\/wp\/v2\/posts\/750\/revisions"}],"wp:attachment":[{"href":"https:\/\/blogs.lasprovincias.es\/elsindromededarrin\/wp-json\/wp\/v2\/media?parent=750"}],"wp:term":[{"taxonomy":"category","embeddable":true,"href":"https:\/\/blogs.lasprovincias.es\/elsindromededarrin\/wp-json\/wp\/v2\/categories?post=750"},{"taxonomy":"post_tag","embeddable":true,"href":"https:\/\/blogs.lasprovincias.es\/elsindromededarrin\/wp-json\/wp\/v2\/tags?post=750"}],"curies":[{"name":"wp","href":"https:\/\/api.w.org\/{rel}","templated":true}]}}