{"id":789,"date":"2013-05-20T11:03:59","date_gmt":"2013-05-20T11:03:59","guid":{"rendered":"http:\/\/blogs.lasprovincias.es\/elsindromededarrin\/?p=789"},"modified":"2013-05-20T11:03:59","modified_gmt":"2013-05-20T11:03:59","slug":"de-gran-hermano-a-buscar-principe-para-corina","status":"publish","type":"post","link":"https:\/\/blogs.lasprovincias.es\/elsindromededarrin\/2013\/05\/20\/de-gran-hermano-a-buscar-principe-para-corina\/","title":{"rendered":"De Gran Hermano a buscar pr\u00edncipe para Corina"},"content":{"rendered":"<p style=\"text-align: right;\"><strong>&#8220;Soy surfista y me defino como una persona delgada&#8221;<\/strong><\/p>\n<p style=\"text-align: right;\">Quique Pastor<\/p>\n<p>&nbsp;<\/p>\n<p><img class=\"aligncenter\" src=\"\/\/imageshack.us\/a\/img845\/3883\/tumblrmmacufidmz1rf2m3x.gif\" alt=\"Image Hosted by ImageShack.us\" \/><\/p>\n<p>&nbsp;<\/p>\n<p><span style=\"font-size: large;\">Entre Jorge Berrocal diciendo \u201cno llor\u00e9is que me voy a casar con ella\u201d y Pedro Garc\u00e9s confesando \u201che bebido sangre, la que m\u00e1s me gusta es la O universal\u201d han pasado 13 a\u00f1os. El primero fue uno de los primeros concursantes que se encerraron en el a\u00f1o 2000 en Guadalix de la Sierra en la casa de \u2018<a href=\"http:\/\/www.telecinco.es\/granhermano\/\" target=\"_blank\" rel=\"external nofollow\">Gran Hermano<\/a>\u2019, mientras que el segundo es un vampiro que\u00a0ha acudido a Cuatro a enamorar a Corina, una joven que busca pr\u00edncipe en la tele. S\u00ed, he dicho un vampiro. Alguien ha perdido el juicio, pero no soy yo.<\/span><\/p>\n<p><span style=\"font-size: large;\">Trece a\u00f1os. 12 + 1 para Mercedes Mil\u00e1. <strong>Esa es la edad del &#8216;reality&#8217; en Espa\u00f1a<\/strong>. Trece a\u00f1os han pasado desde que Telecinco abri\u00f3 las puertas a la telerrealidad camuflada de experimento sociol\u00f3gico hasta llegar a hoy y encontrarnos en la pantalla con una pandilla de pr\u00edncipes sin corona que cortejan a Corina.<\/span><\/p>\n<p><span style=\"font-size: large;\">Hab\u00edamos o\u00eddo hablar del fen\u00f3meno de la realidad televisada. Incluso, el cine nos hab\u00eda avanzado lo que estaba por venir en pel\u00edculas como \u2018La muerte en directo\u2019 de Bertrand Tavernier, \u2018Mad city\u2019 de Costa Gavras o \u2018El show de Truman\u2019 de Peter Weir.<\/span><\/p>\n<p>&nbsp;<\/p>\n<p><span style=\"font-size: large;\"><a href=\"\/elsindromededarrin\/wp-content\/uploads\/sites\/21\/2013\/05\/603715_499959246738478_1488548158_n1.jpg\"><img loading=\"lazy\" class=\"alignleft  wp-image-791\" title=\"603715_499959246738478_1488548158_n\" src=\"\/elsindromededarrin\/wp-content\/uploads\/sites\/21\/2013\/05\/603715_499959246738478_1488548158_n1.jpg\" alt=\"\" width=\"410\" height=\"230\" srcset=\"https:\/\/static-blogs.lasprovincias.es\/wp-content\/uploads\/sites\/21\/2013\/05\/603715_499959246738478_1488548158_n1.jpg 641w, https:\/\/static-blogs.lasprovincias.es\/wp-content\/uploads\/sites\/21\/2013\/05\/603715_499959246738478_1488548158_n1-300x168.jpg 300w\" sizes=\"(max-width: 410px) 100vw, 410px\" \/><\/a>Mucho ha cambiado en este tiempo el perfil de los participantes que\u00a0forman parte de\u00a0este tipo de programas. En \u2018<a href=\"http:\/\/www.cuatro.com\/un-principe-para-corina\/\" target=\"_blank\" rel=\"external nofollow\">Un pr\u00edncipe para Corina<\/a>\u2019 hubo un vampiro, s\u00ed, pero tambi\u00e9n un chico que imita a Ken (el de Barbie), un joven que habla cantando, un chino-vasco adicto al porno y un muchacho que se disfraza del Capit\u00e1n Am\u00e9rica (que, c\u00f3mo ser\u00e1n las cosas, es de los m\u00e1s normales).<\/span><\/p>\n<p>&nbsp;<\/p>\n<p><span style=\"font-size: large;\">En los \u00faltimos a\u00f1os hemos asistido (y sufrido) a la burbuja \u00a0inmobiliaria, a la burbuja de los dise\u00f1adores gr\u00e1ficos (\u00bfqui\u00e9n no ha tenido un conocido dise\u00f1ador?), a la burbuja de community managers\u2026 Pero tambi\u00e9n a la <strong>burbuja de concursantes de &#8216;realitys&#8217;<\/strong>. S\u00ed, en el pa\u00eds de los m\u00e1s de 6 millones de desempleados en la \u00faltima d\u00e9cada ha surgido un nuevo oficio: ser carne de &#8216;reality&#8217;.<\/span><\/p>\n<p><span style=\"font-size: large;\">Los primeros conejillos de indias de la telerrealidad espa\u00f1ola fueron una peluquera, un opositor, una modelo, un estudiante, una camarera\u2026 Silvia, Israel, Ania, Ismael, Mar\u00eda Jos\u00e9 Galera, los de \u2018<a href=\"http:\/\/www.telecinco.es\/granhermano\/\" target=\"_blank\" rel=\"external nofollow\">Gran Hermano<\/a> 1\u2019. Personas, aparentemente normales, que entraban en una casa para convivir y que, de pronto, se convirtieron en celebridades.<\/span><\/p>\n<p><span style=\"font-size: large;\">Ellos sentaron las <strong>bases del oficio<\/strong>: deb\u00edan exponerse en televisi\u00f3n, contar sus triunfos y debilidades y pelearse entre ellos en varios plat\u00f3s. Si eran buenos ascend\u00edan y se convert\u00edan en comentaristas de otros programas y algunos incluso entraban en otros &#8216;realitys&#8217;. Hay quien en su curr\u00edculum en lugar de masters especifica los &#8216;realitys&#8217; a los que ha acudido:<\/span><\/p>\n<p style=\"text-align: center;\"><strong><span style=\"font-size: small;\">Participante de \u2018Las joyas de la corona\u2019, finalista de \u2018La casa de tu vida\u2019, <\/span><\/strong><\/p>\n<p style=\"text-align: center;\"><strong><span style=\"font-size: small;\">primera expulsada de \u2018Supervivientes\u2019.<\/span><\/strong><\/p>\n<p style=\"text-align: center;\"><strong><span style=\"font-size: small;\">Ingl\u00e9s: nivel usuario<\/span><\/strong><\/p>\n<p>&nbsp;<\/p>\n<p><span style=\"font-size: large;\"><a href=\"\/elsindromededarrin\/wp-content\/uploads\/sites\/21\/2013\/05\/Carlos-Navarro.jpg\"><img loading=\"lazy\" class=\"alignleft  wp-image-792\" title=\"Carlos-Navarro\" src=\"\/elsindromededarrin\/wp-content\/uploads\/sites\/21\/2013\/05\/Carlos-Navarro.jpg\" alt=\"\" width=\"386\" height=\"217\" srcset=\"https:\/\/static-blogs.lasprovincias.es\/wp-content\/uploads\/sites\/21\/2013\/05\/Carlos-Navarro.jpg 644w, https:\/\/static-blogs.lasprovincias.es\/wp-content\/uploads\/sites\/21\/2013\/05\/Carlos-Navarro-300x169.jpg 300w\" sizes=\"(max-width: 386px) 100vw, 386px\" \/><\/a>Muchos se hicieron c\u00e9lebres gracias a algunas frases. A la posteridad han pasado el \u201cque te meto dos yoyas\u201d con el que un participante de la segunda edici\u00f3n de \u2018<a href=\"http:\/\/www.telecinco.es\/granhermano\/\" target=\"_blank\" rel=\"external nofollow\">Gran Hermano<\/a>\u2019 conquist\u00f3 a una compa\u00f1era de programa, o aquel \u201cjo, Nube, t\u00eda, y encima no tenemos secador\u201d con el que se lamentaba una concursante de \u2018<a href=\"http:\/\/www.youtube.com\/watch?v=izzItneBUso\" target=\"_blank\" rel=\"external nofollow\">Confianza ciega<\/a>\u2019, un &#8216;reality&#8217; de Antena 3 en el que tres parejas permanec\u00edan separadas en dos casas distintas repletas de tentaciones.<\/span><\/p>\n<p><span style=\"font-size: large;\">Ahora ya no sirve cualquier frase. Hay que prepar\u00e1rselas mejor para que calen en la audiencia. Es necesario esmerarse. \u201cEl saber no ocupa gigas\u201d, dec\u00eda un nerd que ha ido a cazar a Corina. \u201cSi pasa un feo por la calle me giro para no verlo\u201d, aseguraba otro de los pretendientes tras confesar que hab\u00eda recurrido varias veces al quir\u00f3fano para hacerse medio kilo de rinoplastias y tres cuartos de operaciones de p\u00f3mulos. \u201cLa felicidad la trabajo respirando\u201d, explica uno m\u00e1s. Festival de sentencias para hacerse un hueco en twitter.<\/span><\/p>\n<p>&nbsp;<\/p>\n<p><iframe loading=\"lazy\" src=\"\/\/www.cuatro.com\/video\/video-embed.html?contentId=MDSVID20130511_0059&#038;showTitle=1&#038;showSummary=1&#038;width=533&#038;height=300\" frameborder=\"0\" width=\"533\" height=\"300\"><\/iframe><\/p>\n<p>&nbsp;<\/p>\n<p><span style=\"font-size: large;\"><strong>Las redes sociales han cambiado completamente la forma de ver &#8216;realitys&#8217;<\/strong>. La primera expulsi\u00f3n de \u2018<a href=\"http:\/\/www.telecinco.es\/granhermano\/\" target=\"_blank\" rel=\"external nofollow\">Gran Hermano<\/a>\u2019 (\u201cqui\u00e9n me pone la pierna encima para que no levante cabeza\u201d) la comentamos al d\u00eda siguiente en el trabajo o en clase. Hoy en d\u00eda las ocurrencias de estos espacios se debaten al instante a trav\u00e9s de foros, twitter o facebook. Hay quien se enzarza en discusiones, quienes se declaran fans ac\u00e9rrimos de algunos participantes (s\u00f3lo hay que ver el caso de Argi, la expulsada de \u2018<a href=\"http:\/\/www.telecinco.es\/granhermano\/\" target=\"_blank\" rel=\"external nofollow\">Gran Hermano<\/a>\u2019 por una broma sobre ETA, que levanta pasiones entre los que piden que vuelva al encierro) y los que se mofan directamente de lo que ven en la pantalla.<\/span><\/p>\n<p>&nbsp;<\/p>\n<p><span style=\"font-size: large;\"><a href=\"\/elsindromededarrin\/wp-content\/uploads\/sites\/21\/2013\/05\/20090428elpepirtv_1.jpg\"><img loading=\"lazy\" class=\"alignleft  wp-image-793\" title=\"20090428elpepirtv_1\" src=\"\/elsindromededarrin\/wp-content\/uploads\/sites\/21\/2013\/05\/20090428elpepirtv_1.jpg\" alt=\"\" width=\"391\" height=\"287\" srcset=\"https:\/\/static-blogs.lasprovincias.es\/wp-content\/uploads\/sites\/21\/2013\/05\/20090428elpepirtv_1.jpg 620w, https:\/\/static-blogs.lasprovincias.es\/wp-content\/uploads\/sites\/21\/2013\/05\/20090428elpepirtv_1-300x221.jpg 300w\" sizes=\"(max-width: 391px) 100vw, 391px\" \/><\/a>Y es que el &#8216;reality&#8217; patrio ha evolucionado del experimento sociol\u00f3gico al esperpento. Los primeros programas de este\u00a0g\u00e9nero consist\u00edan en encerrar a personas en casas, en autobuses, en hoteles, en islas. El siguiente paso fue encerrarles pero para ense\u00f1arles a hacer algo de beneficio en esta vida, a cantar (\u2018<a href=\"http:\/\/www.telecinco.es\/operaciontriunfo\/\" target=\"_blank\" rel=\"external nofollow\">Operaci\u00f3n triunfo<\/a>\u2019, \u2018<a href=\"http:\/\/www.youtube.com\/watch?v=kkGXiic1Jg0\" target=\"_blank\" rel=\"external nofollow\">Popstars<\/a>\u2019), a bailar (\u2018<a href=\"http:\/\/www.rtve.es\/alacarta\/videos\/mira-quien-baila\/\" target=\"_blank\" rel=\"external nofollow\">Mira qui\u00e9n baila<\/a>\u2019, \u2018<a href=\"http:\/\/www.cuatro.com\/etiqueta\/fama_a_bailar\/\" target=\"_blank\" rel=\"external nofollow\">Fama<\/a>\u2019), a cocinar (\u2018<a href=\"http:\/\/www.youtube.com\/watch?v=2qW5nOHk5yo\" target=\"_blank\" rel=\"external nofollow\">Esta cocina es un infierno<\/a>\u2019, \u2018<a href=\"http:\/\/www.rtve.es\/television\/masterchef\/\" target=\"_blank\" rel=\"external nofollow\">Masterchef<\/a>\u2019) o a desfilar (\u2018<a href=\"http:\/\/www.cuatro.com\/etiqueta\/supermodelo_2008\/\" target=\"_blank\" rel=\"external nofollow\">Supermodelo<\/a>\u2019). M\u00e1s tarde comenzaron a someterles a duras pruebas para el regocijo de la s\u00e1dica audiencia (\u2018<a href=\"http:\/\/www.cuatro.com\/pekin-express\/\" target=\"_blank\" rel=\"external nofollow\">Pekin express<\/a>\u2019, \u2018<a href=\"http:\/\/www.cuatro.com\/etiqueta\/billete_a_brasil\/\" target=\"_blank\" rel=\"external nofollow\">Billete a Brasil<\/a>\u2019, \u2018<a href=\"http:\/\/www.telecinco.es\/acorralados\/\" target=\"_blank\" rel=\"external nofollow\">Acorralados<\/a>\u2019). Hubo experimentos rarunos (como \u2018<a href=\"http:\/\/www.youtube.com\/watch?v=SrFKAEj325s\" target=\"_blank\" rel=\"external nofollow\">El castillo de las mentes prodigiosas<\/a>\u2019 que reun\u00eda a magos, brujas y esp\u00edritus) e incluso varios famosos se han apuntado haciendo de su vida\u00a0un escaparate\u00a0(<a href=\"http:\/\/www.mtv.es\/programas\/alaska-mario-tercera-temporada\/\" target=\"_blank\" rel=\"external nofollow\">Alaska y Mario<\/a>, por ejemplo, han comenzado su tercera temporada).<\/span><\/p>\n<p><span style=\"font-size: large;\">De ah\u00ed hemos llegado a los &#8216;realitys&#8217; que nacen para <strong>ridiculizar al personal.<\/strong> Y los ridiculizados encantados de formar parte del invento. Les gastan bromas, se mofan de ellos, les ponen pruebas en las que deben competir por decir la tonter\u00eda m\u00e1s grande, acompa\u00f1an sus intervenciones con m\u00fasicas y sonidos burlones. Es duro s\u00ed, pero este oficio es as\u00ed. Cada vez hay m\u00e1s competencia y\u00a0el hueco est\u00e1 muy disputado.<\/span><\/p>\n<p><span style=\"font-size: large;\">Esta modalidad se inici\u00f3 con \u2018<a href=\"http:\/\/www.cuatro.com\/granjero-busca-esposa\/\" target=\"_blank\" rel=\"external nofollow\">Granjero busca esposa<\/a>\u2019 (que se pueden imaginar de lo que iba), se populariz\u00f3 con \u2018<a href=\"http:\/\/www.cuatro.com\/quien-quiere-casarse-con-mi-hijo\/\" target=\"_blank\" rel=\"external nofollow\">\u00bfQui\u00e9n quiere casarse con mi hijo?<\/a>\u2019 y ha alcanzado el culmen con \u2018<a href=\"http:\/\/www.cuatro.com\/un-principe-para-corina\/\" target=\"_blank\" rel=\"external nofollow\">Un pr\u00edncipe para Corina<\/a>\u2019, en el que los integrantes son sometidos sin disimulo a escarnio p\u00fablico. Hemos asumido que este tipo de programas est\u00e1n m\u00e1s que guionizados. No nos importa mientras nos aseguren risas. Y hay veinte tipos dispuestos a dejarse hacer de todo. Al final son ellos los que se r\u00eden de nosotros, no lo olvidemos.<\/span><\/p>\n<p><span style=\"font-size: large;\">Pero es que esta profesi\u00f3n es realmente cruel. Aspirantes sobran y los espacios en los que desarrollar esta carrera se multiplican. Cualquiera no sirve para ser carne de &#8216;reality&#8217;. Se necesitan agallas y un curr\u00edculum cargado de miserias. Abstenerse cualquiera que tenga un m\u00ednimo de pudor. \u00a0<\/span><\/p>\n<p><span style=\"font-size: large;\">Veremos cu\u00e1nto tarda en estallar esta burbuja y qu\u00e9 consecuencias tiene. \u00bfIr\u00e1 Luj\u00e1n a la c\u00e1rcel como Blesa?<\/span><\/p>\n<p>&nbsp;<\/p>\n<p><span style=\"font-size: small;\"><em>T\u00edtulos de cr\u00e9dito: El gif que ilustra este post es uno de los muchos que se pueden ver en <a href=\"http:\/\/petardeo.tumblr.com\/\" target=\"_blank\" rel=\"external nofollow\">petardeo.tumblr.com<\/a>, una p\u00e1gina cat\u00f3dicamente petarda muy currada.\u00a0Pulsa sobre el t\u00edtulo de la serie para descubrir d\u00f3nde puedes comprarla o verla. Para quejas, sugerencias y otras necesidades humanas mi correo es mlabastida@lasprovincias.es<\/em><\/span><\/p>\n<!-- AddThis Advanced Settings generic via filter on the_content --><!-- AddThis Share Buttons generic via filter on the_content -->","protected":false},"excerpt":{"rendered":"<p>&#8220;Soy surfista y me defino como una persona delgada&#8221; Quique Pastor &nbsp; &nbsp; Entre Jorge Berrocal diciendo \u201cno llor\u00e9is que me voy a casar con ella\u201d y Pedro Garc\u00e9s confesando \u201che bebido sangre, la que m\u00e1s me gusta es la O universal\u201d han pasado 13 a\u00f1os. El primero fue uno de los primeros concursantes que [&hellip;]<!-- AddThis Advanced Settings generic via filter on get_the_excerpt --><!-- AddThis Share Buttons generic via filter on get_the_excerpt --><\/p>\n","protected":false},"author":29,"featured_media":0,"comment_status":"open","ping_status":"open","sticky":false,"template":"","format":"standard","meta":[],"categories":[2],"tags":[342,675,790,862],"_links":{"self":[{"href":"https:\/\/blogs.lasprovincias.es\/elsindromededarrin\/wp-json\/wp\/v2\/posts\/789"}],"collection":[{"href":"https:\/\/blogs.lasprovincias.es\/elsindromededarrin\/wp-json\/wp\/v2\/posts"}],"about":[{"href":"https:\/\/blogs.lasprovincias.es\/elsindromededarrin\/wp-json\/wp\/v2\/types\/post"}],"author":[{"embeddable":true,"href":"https:\/\/blogs.lasprovincias.es\/elsindromededarrin\/wp-json\/wp\/v2\/users\/29"}],"replies":[{"embeddable":true,"href":"https:\/\/blogs.lasprovincias.es\/elsindromededarrin\/wp-json\/wp\/v2\/comments?post=789"}],"version-history":[{"count":0,"href":"https:\/\/blogs.lasprovincias.es\/elsindromededarrin\/wp-json\/wp\/v2\/posts\/789\/revisions"}],"wp:attachment":[{"href":"https:\/\/blogs.lasprovincias.es\/elsindromededarrin\/wp-json\/wp\/v2\/media?parent=789"}],"wp:term":[{"taxonomy":"category","embeddable":true,"href":"https:\/\/blogs.lasprovincias.es\/elsindromededarrin\/wp-json\/wp\/v2\/categories?post=789"},{"taxonomy":"post_tag","embeddable":true,"href":"https:\/\/blogs.lasprovincias.es\/elsindromededarrin\/wp-json\/wp\/v2\/tags?post=789"}],"curies":[{"name":"wp","href":"https:\/\/api.w.org\/{rel}","templated":true}]}}