{"id":795,"date":"2013-05-24T11:44:35","date_gmt":"2013-05-24T11:44:35","guid":{"rendered":"http:\/\/blogs.lasprovincias.es\/elsindromededarrin\/?p=795"},"modified":"2013-05-24T11:44:35","modified_gmt":"2013-05-24T11:44:35","slug":"si-superman-fuese-un-asesino-en-serie","status":"publish","type":"post","link":"https:\/\/blogs.lasprovincias.es\/elsindromededarrin\/2013\/05\/24\/si-superman-fuese-un-asesino-en-serie\/","title":{"rendered":"El nuevo Superman es un asesino en serie"},"content":{"rendered":"<p style=\"text-align: right;\"><strong>&#8220;Las personas normales son tan hostiles&#8230;&#8221;<\/strong><\/p>\n<p style=\"text-align: right;\">Dexter Morgan<\/p>\n<p>&nbsp;<\/p>\n<p style=\"text-align: center;\"><a href=\"\/elsindromededarrin\/wp-content\/uploads\/sites\/21\/2013\/05\/dexter-painting.jpg\"><img loading=\"lazy\" class=\"aligncenter  wp-image-796\" title=\"dexter-painting\" src=\"\/elsindromededarrin\/wp-content\/uploads\/sites\/21\/2013\/05\/dexter-painting.jpg\" alt=\"\" width=\"493\" height=\"328\" srcset=\"https:\/\/static-blogs.lasprovincias.es\/wp-content\/uploads\/sites\/21\/2013\/05\/dexter-painting.jpg 640w, https:\/\/static-blogs.lasprovincias.es\/wp-content\/uploads\/sites\/21\/2013\/05\/dexter-painting-300x200.jpg 300w\" sizes=\"(max-width: 493px) 100vw, 493px\" \/><\/a><\/p>\n<p>&nbsp;<\/p>\n<p><span style=\"font-size: large;\">Superman, amenazando con <a href=\"http:\/\/www.eluniversal.com.mx\/notas\/762148.html\" target=\"_blank\" rel=\"external nofollow\">renunciar a la ciudadan\u00eda<\/a> estadounidense; Peter Parker,\u00a0<a href=\"http:\/\/www.lasprovincias.es\/20110622\/mas-actualidad\/cultura\/muere-spider-201106221055.html\" target=\"_blank\" rel=\"external nofollow\">muerto a manos del Duende Verde<\/a>; y Batman,\u00a0<a href=\"http:\/\/www.terra.com.co\/cine\/articulo\/html\/cne1500-batman-muere-en-el-ultimo-numero-de-su-comic.htm\" target=\"_blank\" rel=\"external nofollow\">consumido por una bola de fuego<\/a>. Se nos tambalean los superh\u00e9roes. O al menos los de toda la vida. As\u00ed que no queda m\u00e1s remedio que buscar nuevos. Y la televisi\u00f3n es un lugar perfecto para encontrarlos.<\/span><\/p>\n<p><span style=\"font-size: large;\">Aunque el perfil de h\u00e9roe que ofrece la peque\u00f1a pantalla, en muchas ocasiones, poco tiene que ver con el cl\u00e1sico de capa y superpoderes.<\/span><\/p>\n<p><span style=\"font-size: large;\">Marvel ha echado mano, por ejemplo, de un psic\u00f3pata que calma sus instintos asesinos aniquilando a criminales que han conseguido burlar la ley. Se trata de Dexter, el famoso forense de Miami atrapado por su oscuro pasajero. El destino de Dexter est\u00e1 pr\u00e1cticamente escrito. Los \u00faltimos cap\u00edtulos en los que se narrar\u00e1 el desenlace de su historia se estrenar\u00e1n en EE. UU en breve (30 de junio) pero sus seguidores no se quedar\u00e1n hu\u00e9rfanos del personaje, podr\u00e1n seguir siendo c\u00f3mplices de sus cr\u00edmenes.<\/span><\/p>\n<p>&nbsp;<\/p>\n<p><span style=\"font-size: large;\"><a href=\"\/elsindromededarrin\/wp-content\/uploads\/sites\/21\/2013\/05\/dexter001_cov_02.jpg\"><img loading=\"lazy\" class=\"alignleft size-medium wp-image-797\" title=\"dexter001_cov_02\" src=\"\/elsindromededarrin\/wp-content\/uploads\/sites\/21\/2013\/05\/dexter001_cov_02.jpg\" alt=\"\" width=\"197\" height=\"300\" \/><\/a>Pero esta vez ser\u00e1 a trav\u00e9s de vi\u00f1etas. Marvel publicar\u00e1 en julio<a href=\"http:\/\/www.dexterdaily.com\/2013\/04\/first-look-marvel-and-jeff-lindsays.html\" target=\"_blank\" rel=\"external nofollow\"> el primer ejemplar de un c\u00f3mic<\/a> basado en el forense, aunque, a decir verdad, las historias se inspirar\u00e1n en el <a href=\"http:\/\/www.elcorteingles.es\/tienda\/libros\/facet\/facetGlossary.jsp?search=busqueda&#038;question=JEFF+LINDSAY&#038;trail=SRCH%3AJEFF+LINDSAY&#038;trailSize=1\" target=\"_blank\" rel=\"external nofollow\">libro original<\/a> en el que apareci\u00f3 el personaje escrito por Jeff Lindsay. El proyecto se anunci\u00f3 hace a\u00f1os pero se ha ido retrasando hasta ahora. Ya se han descubierto varias im\u00e1genes y quiz\u00e1 alg\u00fan seguidor se quede decepcionado al ver lo poco que se parecen el dibujo y el actor de la serie. Por ello, cabe recordar que el c\u00f3mic se basa en el libro y no en la ficci\u00f3n televisiva.<\/span><\/p>\n<p><span style=\"font-size: large;\">En el primer n\u00famero de los cinco que est\u00e1n previstos, Dexter acudir\u00e1 a una reuni\u00f3n de antiguos alumnos. All\u00ed se topar\u00e1 con un antiguo compa\u00f1ero que oculta un secreto que a \u00e9l le puede poner en peligro. Hasta ahora, las \u00fanicas <a href=\"http:\/\/bayharborbutcher.wordpress.com\/2010\/06\/15\/comic-dexter-vs-jason-vs-hackslash\/\" target=\"_blank\" rel=\"external nofollow\">versiones animadas<\/a> que hab\u00eda del forense hab\u00edan sido elaboradas por fans.\u00a0<\/span><\/p>\n<p><span style=\"font-size: large;\">Antes lo normal era que los c\u00f3mics inspirasen series de televisi\u00f3n. As\u00ed sucedi\u00f3 con t\u00edtulos como \u2018<a href=\"http:\/\/www.dccomics.com\/graphic-novels\/smallville\" target=\"_blank\" rel=\"external nofollow\">Smallville<\/a>\u2019 o m\u00e1s recientemente con \u2018<a href=\"http:\/\/www.anzanime.es\/2010\/12\/walking-dead-comic-espanol-descargar.html\" target=\"_blank\" rel=\"external nofollow\">The walking dead<\/a>\u2019 o \u2018<a href=\"http:\/\/www.dccomics.com\/characters\/green-arrow\" target=\"_blank\" rel=\"external nofollow\">Arrow<\/a>\u2019. Desde hace un tiempo la tendencia se ha invertido y muchas ficciones han terminado inspirando p\u00e1ginas de papel o electr\u00f3nicas. Sucedi\u00f3 con la serie \u2018<a href=\"http:\/\/www.fringebloggers.com\/extended-universe\/fringe-comic\/\" target=\"_blank\" rel=\"external nofollow\">Fringe<\/a>\u2019, con historias que a\u00fan no se hab\u00edan explorado en la trama y otras que no hab\u00edan quedado claras. Los argumentos paralelos de la serie \u2018H\u00e9roes\u2019 tambi\u00e9n se resolvieron <a href=\"http:\/\/www.nbc.com\/heroes\/novels\/\" target=\"_blank\" rel=\"external nofollow\">en este formato<\/a>. Los seguidores de \u2018<a href=\"http:\/\/www.normacomics.com\/ficha.asp?015100126\/0\/buffy_cazavampiros_9a_temporada._vol_1:_caida_libre\" target=\"_blank\" rel=\"external nofollow\">Buffy Cazavampiros<\/a>\u2019 pudieron disfrutar de nuevas entregas tras su cancelaci\u00f3n pero a trav\u00e9s del c\u00f3mic. Hasta el simp\u00e1tico reparador de ordenadores <a href=\"http:\/\/comics.wikia.com\/wiki\/Chuck\" target=\"_blank\" rel=\"external nofollow\">Chuck<\/a> y los personajes de &#8216;<a href=\"http:\/\/www.actualidadcomic.com\/2011\/09\/22\/juego-de-tronos-ya-tiene-su-comic\/\" target=\"_blank\" rel=\"external nofollow\">Juego de tronos<\/a>&#8216; tienen su propia versi\u00f3n animada.<\/span><\/p>\n<p>&nbsp;<\/p>\n<p><span style=\"font-size: large;\"><a href=\"\/elsindromededarrin\/wp-content\/uploads\/sites\/21\/2013\/05\/Castle-Comic.jpg\"><img loading=\"lazy\" class=\"alignleft size-full wp-image-798\" title=\"Castle Comic\" src=\"\/elsindromededarrin\/wp-content\/uploads\/sites\/21\/2013\/05\/Castle-Comic.jpg\" alt=\"\" width=\"182\" height=\"277\" \/><\/a>Otro caso reciente ha sido el de \u2018<a href=\"http:\/\/www.comicbookresources.com\/?page=article&#038;id=41081\" target=\"_blank\" rel=\"external nofollow\">Castle<\/a>\u2019, que cuenta con su propia adaptaci\u00f3n basada en Derrick Storm, el protagonista de las primeras novelas ficticias del escritor Richard Castle.<\/span><\/p>\n<p><span style=\"font-size: large;\">Hay series, sin embargo, que parecen estar predestinadas a dar el salto al papel pero \u00e9ste nunca llega. Sucedi\u00f3, por ejemplo, con \u2018Perdidos\u2019, cuya trama permit\u00eda y casi reclamaba un clon en vi\u00f1etas. Fueron muchas las ocasiones en que se anunci\u00f3 el proyecto de que personajes como Hurley o Sawyer se refugiar\u00edan en vi\u00f1etas, sin embargo, ning\u00fan intento prosper\u00f3.<\/span><\/p>\n<p>&nbsp;<\/p>\n<p><span style=\"font-size: large;\"><a href=\"\/elsindromededarrin\/wp-content\/uploads\/sites\/21\/2013\/05\/cartel_pardillos_500.jpg\"><img loading=\"lazy\" class=\"alignleft size-medium wp-image-799\" title=\"cartel_pardillos_500\" src=\"\/elsindromededarrin\/wp-content\/uploads\/sites\/21\/2013\/05\/cartel_pardillos_500.jpg\" alt=\"\" width=\"212\" height=\"300\" srcset=\"https:\/\/static-blogs.lasprovincias.es\/wp-content\/uploads\/sites\/21\/2013\/05\/cartel_pardillos_500.jpg 283w, https:\/\/static-blogs.lasprovincias.es\/wp-content\/uploads\/sites\/21\/2013\/05\/cartel_pardillos_500-212x300.jpg 212w\" sizes=\"(max-width: 212px) 100vw, 212px\" \/><\/a>Aqu\u00ed en Espa\u00f1a s\u00ed sali\u00f3 adelante un divertido webcomic que parodiaba la ficci\u00f3n en torno a la isla. \u2018<a href=\"http:\/\/perdidos-comic.blogspot.com.es\/\" target=\"_blank\" rel=\"external nofollow\">Pardillos<\/a>\u2019 contaba las aventuras de los supervivientes del vuelo 3,1415 de Naufragic Airlines, un avi\u00f3n que se estrella en una isla, pero del mar Mediterr\u00e1neo.\u00a0<\/span><\/p>\n<p><span style=\"font-size: large;\">Algo parecido surgi\u00f3 con \u2018Breaking bad\u2019, una serie en boca de todos continuamente. Se elucubra con un \u2018spin-off\u2019 cuando acabe o, incluso, con una versi\u00f3n latina, pero el c\u00f3mic no llega. O no al menos uno oficial. MS Paint cre\u00f3 <a href=\"http:\/\/knowyourmeme.com\/memes\/breaking-bad-comics\" target=\"_blank\" rel=\"external nofollow\">en Tumblr una versi\u00f3n libre<\/a>, que despu\u00e9s fue bloqueada por el mismo sitio web.<\/span><\/p>\n<p>&nbsp;<\/p>\n<p style=\"text-align: center;\"><a href=\"\/elsindromededarrin\/wp-content\/uploads\/sites\/21\/2013\/05\/tumblr_lts8ejw42O1r5crhao1_500.jpg\"><img loading=\"lazy\" class=\"aligncenter  wp-image-800\" title=\"tumblr_lts8ejw42O1r5crhao1_500\" src=\"\/elsindromededarrin\/wp-content\/uploads\/sites\/21\/2013\/05\/tumblr_lts8ejw42O1r5crhao1_500.jpg\" alt=\"\" width=\"400\" height=\"505\" srcset=\"https:\/\/static-blogs.lasprovincias.es\/wp-content\/uploads\/sites\/21\/2013\/05\/tumblr_lts8ejw42O1r5crhao1_500.jpg 500w, https:\/\/static-blogs.lasprovincias.es\/wp-content\/uploads\/sites\/21\/2013\/05\/tumblr_lts8ejw42O1r5crhao1_500-238x300.jpg 238w\" sizes=\"(max-width: 400px) 100vw, 400px\" \/><\/a><\/p>\n<p>&nbsp;<\/p>\n<p><span style=\"font-size: large;\"><a href=\"\/elsindromededarrin\/wp-content\/uploads\/sites\/21\/2013\/05\/Ben-Dewey-Mad-Men.jpg\"><img loading=\"lazy\" class=\"alignleft size-medium wp-image-801\" title=\"Ben-Dewey-Mad-Men\" src=\"\/elsindromededarrin\/wp-content\/uploads\/sites\/21\/2013\/05\/Ben-Dewey-Mad-Men.jpg\" alt=\"\" width=\"199\" height=\"300\" srcset=\"https:\/\/static-blogs.lasprovincias.es\/wp-content\/uploads\/sites\/21\/2013\/05\/Ben-Dewey-Mad-Men.jpg 465w, https:\/\/static-blogs.lasprovincias.es\/wp-content\/uploads\/sites\/21\/2013\/05\/Ben-Dewey-Mad-Men-199x300.jpg 199w\" sizes=\"(max-width: 199px) 100vw, 199px\" \/><\/a>Incluso \u2018Mad Men\u2019 podr\u00eda prestarse a una versi\u00f3n en vi\u00f1etas. No han sido pocos seguidores los que han imaginado algo as\u00ed e incluso han aportado sus originales interpretaciones animadas. La web <a href=\"http:\/\/flavorwire.com\/389378\/mad-men-characters-and-their-comic-book-counterparts\" target=\"_blank\" rel=\"external nofollow\">Flavorwire<\/a> iba m\u00e1s all\u00e1 hace unas semanas y comparaba a los trabajadores de Madison Avenue con superh\u00e9roes reales. As\u00ed, encontraba similitudes entre Don y Superm\u00e1n, porque ambos esconden identidades secretas y manejan torpemente sus emociones; entre Megan Draper y Dazzler, porque las dos son dos artistas que se debaten entre su vida profesional y la sentimental; entre Peter Campbell y Enigma, por sus caracteres enigm\u00e1ticos e intrigadores; o entre Joan Holloway y Super Woman, por sus estilos feministas y apasionados. <\/span><\/p>\n<p>&nbsp;<\/p>\n<p>&nbsp;<\/p>\n<p><span style=\"font-size: small;\"><em>T\u00edtulos de cr\u00e9dito:\u00a0Para quejas, sugerencias y otras necesidades humanas mi correo es mlabastida@lasprovincias.es<\/em>\u00a0<\/span><\/p>\n<!-- AddThis Advanced Settings generic via filter on the_content --><!-- AddThis Share Buttons generic via filter on the_content -->","protected":false},"excerpt":{"rendered":"<p>&#8220;Las personas normales son tan hostiles&#8230;&#8221; Dexter Morgan &nbsp; &nbsp; Superman, amenazando con renunciar a la ciudadan\u00eda estadounidense; Peter Parker,\u00a0muerto a manos del Duende Verde; y Batman,\u00a0consumido por una bola de fuego. Se nos tambalean los superh\u00e9roes. O al menos los de toda la vida. As\u00ed que no queda m\u00e1s remedio que buscar nuevos. Y [&hellip;]<!-- AddThis Advanced Settings generic via filter on get_the_excerpt --><!-- AddThis Share Buttons generic via filter on get_the_excerpt --><\/p>\n","protected":false},"author":29,"featured_media":0,"comment_status":"open","ping_status":"open","sticky":false,"template":"","format":"standard","meta":[],"categories":[2],"tags":[114,149,183,231,478,612,731,754],"_links":{"self":[{"href":"https:\/\/blogs.lasprovincias.es\/elsindromededarrin\/wp-json\/wp\/v2\/posts\/795"}],"collection":[{"href":"https:\/\/blogs.lasprovincias.es\/elsindromededarrin\/wp-json\/wp\/v2\/posts"}],"about":[{"href":"https:\/\/blogs.lasprovincias.es\/elsindromededarrin\/wp-json\/wp\/v2\/types\/post"}],"author":[{"embeddable":true,"href":"https:\/\/blogs.lasprovincias.es\/elsindromededarrin\/wp-json\/wp\/v2\/users\/29"}],"replies":[{"embeddable":true,"href":"https:\/\/blogs.lasprovincias.es\/elsindromededarrin\/wp-json\/wp\/v2\/comments?post=795"}],"version-history":[{"count":0,"href":"https:\/\/blogs.lasprovincias.es\/elsindromededarrin\/wp-json\/wp\/v2\/posts\/795\/revisions"}],"wp:attachment":[{"href":"https:\/\/blogs.lasprovincias.es\/elsindromededarrin\/wp-json\/wp\/v2\/media?parent=795"}],"wp:term":[{"taxonomy":"category","embeddable":true,"href":"https:\/\/blogs.lasprovincias.es\/elsindromededarrin\/wp-json\/wp\/v2\/categories?post=795"},{"taxonomy":"post_tag","embeddable":true,"href":"https:\/\/blogs.lasprovincias.es\/elsindromededarrin\/wp-json\/wp\/v2\/tags?post=795"}],"curies":[{"name":"wp","href":"https:\/\/api.w.org\/{rel}","templated":true}]}}