{"id":803,"date":"2013-05-29T09:06:56","date_gmt":"2013-05-29T09:06:56","guid":{"rendered":"http:\/\/blogs.lasprovincias.es\/elsindromededarrin\/?p=803"},"modified":"2013-05-29T09:06:56","modified_gmt":"2013-05-29T09:06:56","slug":"la-tonica-mato-a-iggy-pop","status":"publish","type":"post","link":"https:\/\/blogs.lasprovincias.es\/elsindromededarrin\/2013\/05\/29\/la-tonica-mato-a-iggy-pop\/","title":{"rendered":"La t\u00f3nica mat\u00f3 a Iggy Pop"},"content":{"rendered":"<p style=\"text-align: right;\"><span style=\"font-size: small;\"><strong>\u201cHe visto las cosas m\u00e1s raras, he conocido gente de todo tipo\u201d<\/strong><\/span><\/p>\n<p style=\"text-align: right;\"><span style=\"font-size: small;\">Iggy Pop<\/span><\/p>\n<p>&nbsp;<\/p>\n<p style=\"text-align: center;\"><a href=\"\/elsindromededarrin\/wp-content\/uploads\/sites\/21\/2013\/05\/Cover_Home_Schweppes_Limon-para-adultos_Iggy.jpg\"><img loading=\"lazy\" class=\"aligncenter  wp-image-804\" title=\"Cover_Home_Schweppes_Limon-para-adultos_Iggy\" src=\"\/elsindromededarrin\/wp-content\/uploads\/sites\/21\/2013\/05\/Cover_Home_Schweppes_Limon-para-adultos_Iggy.jpg\" alt=\"\" width=\"443\" height=\"337\" srcset=\"https:\/\/static-blogs.lasprovincias.es\/wp-content\/uploads\/sites\/21\/2013\/05\/Cover_Home_Schweppes_Limon-para-adultos_Iggy.jpg 492w, https:\/\/static-blogs.lasprovincias.es\/wp-content\/uploads\/sites\/21\/2013\/05\/Cover_Home_Schweppes_Limon-para-adultos_Iggy-300x228.jpg 300w\" sizes=\"(max-width: 443px) 100vw, 443px\" \/><\/a><\/p>\n<p>&nbsp;<\/p>\n<p><span style=\"font-size: large;\">Espa\u00f1oles, el punk ha muerto. Lo ha matado Iggy Pop. Ha llegado del pasado y le ha dado una pedrada que lo ha dejado tambaleando. <em>El hombre de excepci\u00f3n que ante Dios y ante la Historia asumi\u00f3 la inmensa responsabilidad del m\u00e1s exigente y servicio a la m\u00fasica ha entregado su vida, quemada d\u00eda a d\u00eda, hora a hora, en el cumplimiento de una misi\u00f3n trascendental<\/em>.<\/span><\/p>\n<p><span style=\"font-size: large;\">El hombre que invent\u00f3 el punk con el \u2018Raw Power\u2019 (gracias a David Bowie, que por cierto tambi\u00e9n ha regresado de los pret\u00e9ritos) se ha teletransportado a esta sociedad pol\u00edticamente correcta en la que vivimos para echar por tierra una imagen labrada durante a\u00f1os. El hombre que ped\u00eda lujuria de por vida (s\u00ed, <a href=\"https:\/\/www.youtube.com\/watch?v=jQvUBf5l7Vw&#038;list=PL214E39BB7A02B1C1\" target=\"_blank\" rel=\"external nofollow\">\u2018Trainspotting\u2019 tiene mucho <\/a>que agradecerle, s\u00ed) ahora es una parodia de s\u00ed mismo. Can you feeeeel it?<\/span><\/p>\n<p><span style=\"font-size: large;\">La culpa la tiene Bernard Le Coq, aquel que en los a\u00f1os 80 nos ense\u00f1\u00f3 a aprender a amar la t\u00f3nica. \u00bfLo recuerdan?<\/span><\/p>\n<p>&nbsp;<\/p>\n<p><iframe loading=\"lazy\" src=\"\/\/www.youtube.com\/embed\/0ffMHmKNHwo\" frameborder=\"0\" width=\"420\" height=\"315\"><\/iframe><\/p>\n<p>&nbsp;<\/p>\n<p><span style=\"font-size: large;\">Si el tipo franc\u00e9s aquel de gafas no se hubiese inmiscuido en nuestras vidas seguir\u00edamos sin probar la t\u00f3nica e Iggy continuar\u00eda entre nuestros mitos. Pero Iggy ha ca\u00eddo en la tentaci\u00f3n de la publicidad y ah\u00ed lo tenemos, protagonizando un anuncio de t\u00f3nica en el que aparecen sobreimpresionados consejos de h\u00e1bitos saludables. H\u00e1bitos saludables e Iggy Pop son dos conceptos que cre\u00ed que nunca ver\u00eda juntos. \u00c9l, que jug\u00f3 con toda la hero\u00edna del mundo, nos habla ahora de cosas fuertes despu\u00e9s de dar un trago a un refresco y hacer toda clase de mohines. La publicidad y la necesidad de pagar recibos a final de mes provoca esas cosas. Adi\u00f3s al rockero que volaba por las cabezas de las gentes que abarrotaban sus conciertos, el loco que miraba a los ojos de la ni\u00f1a salvaje.<\/span><\/p>\n<p>&nbsp;<\/p>\n<p><iframe loading=\"lazy\" src=\"\/\/www.youtube.com\/embed\/kmX2sTNnkHc\" frameborder=\"0\" width=\"560\" height=\"315\"><\/iframe><\/p>\n<p>&nbsp;<\/p>\n<p><span style=\"font-size: large;\">Por si esto fuera poco, hace unos d\u00edas le descubrimos jugando con Trancas y Barrancas y <a href=\"http:\/\/www.antena3.com\/videos-online\/programas\/el-hormiguero\/iggy-popla-primera-vez-que-lance-publico-perdi-todos-mis-dientes_2013051300177.html\" target=\"_blank\" rel=\"external nofollow\">hablando con Pablo Motos<\/a> sobre su pene para dar a conocer su nuevo disco. \u00bfQu\u00e9 ser\u00e1 lo pr\u00f3ximo? \u00bfVer a Patti Smith promocionando un enjuague bucal? \u00a0\u00bfA Marilyn Manson en un anuncio de McDonalds? \u00bfA Ozzy Osbourne protagonizando un \u2018reality-show\u2019? Ah no, perd\u00f3n, esto \u00faltimo ya ha pasado\u2026<\/span><\/p>\n<p><span style=\"font-size: large;\">\u201cUno no se convierte en leyenda sin probar un par de cosas\u201d, dice Iggy Pop en el anuncio de t\u00f3nica. \u201cHe hecho de todo, pero \u00bfsabes lo bueno de probar cosas fuertes? Que siempre hay cosas m\u00e1s fuertes esper\u00e1ndote\u201d, contin\u00faa, haciendo un gui\u00f1o a sus seguidores, como record\u00e1ndoles todas las cosas \u201cfuertes\u201d que se esconden tras su carrera. Habr\u00e1 quien diga que Iggy Pop se r\u00ede de s\u00ed mismo, que el anuncio parodia el mito que le rodea y que en cierto modo es un homenaje. Yo no tengo clara mi opini\u00f3n, s\u00f3lo s\u00e9 que la primera vez que vi el anuncio record\u00e9 al personaje de Bill Nighy en \u2018Love actually\u2019, esa vieja estrella de rock dispuesta a renacer de sus cenizas que acepta participar en formatos que a\u00f1os atr\u00e1s hubiese rechazado totalmente.<\/span><\/p>\n<p>&nbsp;<\/p>\n<p><iframe loading=\"lazy\" src=\"\/\/www.youtube.com\/embed\/Vl2vX229e1A\" frameborder=\"0\" width=\"560\" height=\"315\"><\/iframe><\/p>\n<p>&nbsp;<\/p>\n<p><span style=\"font-size: large;\">La relaci\u00f3n famosos y publicidad siempre ha sido compleja ante el peligro de perder credibilidad o de desfigurar su imagen. \u00bfPuede conservar su credibilidad un presentador de informativos despu\u00e9s de aparecer vendiendo un champ\u00fa? \u00bfEs consecuente que un famoso proteste p\u00fablicamente contra los abusos del sistema pol\u00edtico y econ\u00f3mico y luego promocione una entidad bancaria? Por muy \u2018chulo\u2019 que sea el anuncio porque se trata de tener una \u2018conversaci\u00f3n profunda\u2019 sobre lo divino y lo humano\u2026<\/span><\/p>\n<p>&nbsp;<\/p>\n<p><span style=\"font-size: large;\">Mientras piensan la respuesta les dejo con una canci\u00f3n de Iggy Pop. El Iggy Pop anterior a anunciar t\u00f3nicas. Lo que no entiendo es por qu\u00e9 Schweppes eligi\u00f3 a Iggy Pop teniendo a Martina Klein dispuesta a anunciar cualquier cosa\u2026<\/span><\/p>\n<p>&nbsp;<\/p>\n<p><iframe loading=\"lazy\" src=\"\/\/www.youtube.com\/embed\/y4hPnZUMBwA\" frameborder=\"0\" width=\"420\" height=\"315\"><\/iframe><\/p>\n<p>&nbsp;<\/p>\n<p><em>T\u00edtulos de cr\u00e9dito:\u00a0Para quejas, sugerencias y otras necesidades humanas mi correo es mlabastida@lasprovincias.es<\/em><\/p>\n<!-- AddThis Advanced Settings generic via filter on the_content --><!-- AddThis Share Buttons generic via filter on the_content -->","protected":false},"excerpt":{"rendered":"<p>\u201cHe visto las cosas m\u00e1s raras, he conocido gente de todo tipo\u201d Iggy Pop &nbsp; &nbsp; Espa\u00f1oles, el punk ha muerto. Lo ha matado Iggy Pop. Ha llegado del pasado y le ha dado una pedrada que lo ha dejado tambaleando. El hombre de excepci\u00f3n que ante Dios y ante la Historia asumi\u00f3 la inmensa [&hellip;]<!-- AddThis Advanced Settings generic via filter on get_the_excerpt --><!-- AddThis Share Buttons generic via filter on get_the_excerpt --><\/p>\n","protected":false},"author":29,"featured_media":0,"comment_status":"open","ping_status":"open","sticky":false,"template":"","format":"standard","meta":[],"categories":[2],"tags":[365,543,654,720,840],"_links":{"self":[{"href":"https:\/\/blogs.lasprovincias.es\/elsindromededarrin\/wp-json\/wp\/v2\/posts\/803"}],"collection":[{"href":"https:\/\/blogs.lasprovincias.es\/elsindromededarrin\/wp-json\/wp\/v2\/posts"}],"about":[{"href":"https:\/\/blogs.lasprovincias.es\/elsindromededarrin\/wp-json\/wp\/v2\/types\/post"}],"author":[{"embeddable":true,"href":"https:\/\/blogs.lasprovincias.es\/elsindromededarrin\/wp-json\/wp\/v2\/users\/29"}],"replies":[{"embeddable":true,"href":"https:\/\/blogs.lasprovincias.es\/elsindromededarrin\/wp-json\/wp\/v2\/comments?post=803"}],"version-history":[{"count":0,"href":"https:\/\/blogs.lasprovincias.es\/elsindromededarrin\/wp-json\/wp\/v2\/posts\/803\/revisions"}],"wp:attachment":[{"href":"https:\/\/blogs.lasprovincias.es\/elsindromededarrin\/wp-json\/wp\/v2\/media?parent=803"}],"wp:term":[{"taxonomy":"category","embeddable":true,"href":"https:\/\/blogs.lasprovincias.es\/elsindromededarrin\/wp-json\/wp\/v2\/categories?post=803"},{"taxonomy":"post_tag","embeddable":true,"href":"https:\/\/blogs.lasprovincias.es\/elsindromededarrin\/wp-json\/wp\/v2\/tags?post=803"}],"curies":[{"name":"wp","href":"https:\/\/api.w.org\/{rel}","templated":true}]}}