{"id":811,"date":"2013-06-11T10:03:09","date_gmt":"2013-06-11T10:03:09","guid":{"rendered":"http:\/\/blogs.lasprovincias.es\/elsindromededarrin\/?p=811"},"modified":"2013-06-11T10:03:09","modified_gmt":"2013-06-11T10:03:09","slug":"es-posible-recuperar-tu-vida-tras-20-anos-en-la-carcel","status":"publish","type":"post","link":"https:\/\/blogs.lasprovincias.es\/elsindromededarrin\/2013\/06\/11\/es-posible-recuperar-tu-vida-tras-20-anos-en-la-carcel\/","title":{"rendered":"\u00bfEs posible recuperar tu vida tras 20 a\u00f1os en la c\u00e1rcel?"},"content":{"rendered":"<p style=\"text-align: right;\"><strong><span style=\"font-size: small;\">&#8220;En donde yo estaba no hab\u00eda ventanas&#8221;<\/span><\/strong><\/p>\n<p style=\"text-align: right;\"><span style=\"font-size: small;\">Daniel Holden<\/span><\/p>\n<p>&nbsp;<\/p>\n<p><a href=\"\/elsindromededarrin\/wp-content\/uploads\/sites\/21\/2013\/06\/1682237-inline-inline-4-the-trailblazer-meet-the-brit-behind-sundance-channels-push-into-scripted-series.jpg\"><img loading=\"lazy\" class=\"aligncenter size-full wp-image-812\" title=\"1682237-inline-inline-4-the-trailblazer-meet-the-brit-behind-sundance-channels-push-into-scripted-series\" src=\"\/elsindromededarrin\/wp-content\/uploads\/sites\/21\/2013\/06\/1682237-inline-inline-4-the-trailblazer-meet-the-brit-behind-sundance-channels-push-into-scripted-series.jpg\" alt=\"\" width=\"585\" height=\"328\" srcset=\"https:\/\/static-blogs.lasprovincias.es\/wp-content\/uploads\/sites\/21\/2013\/06\/1682237-inline-inline-4-the-trailblazer-meet-the-brit-behind-sundance-channels-push-into-scripted-series.jpg 585w, https:\/\/static-blogs.lasprovincias.es\/wp-content\/uploads\/sites\/21\/2013\/06\/1682237-inline-inline-4-the-trailblazer-meet-the-brit-behind-sundance-channels-push-into-scripted-series-300x168.jpg 300w\" sizes=\"(max-width: 585px) 100vw, 585px\" \/><\/a><\/p>\n<p>&nbsp;<\/p>\n<p><span style=\"font-size: large;\">Vivimos en libertad, m\u00e1s o menos. Una libertad vigilada, controlada y programada. Podemos decidir a d\u00f3nde vamos, pero no siempre por d\u00f3nde vamos. Podemos disponer de nuestro tiempo libre pero no siempre cu\u00e1ndo ni c\u00f3mo nos gustar\u00eda. Podemos elegir, pero siempre dentro de unas opciones impuestas. Es lo m\u00e1s cercano a la libertad que hemos conocido y que seguramente conoceremos.<\/span><\/p>\n<p><span style=\"font-size: large;\">Imaginemos ahora que <strong>nos privan de esa \u2018libertad\u2019 durante veinte a\u00f1os<\/strong>. Que la vida se nos trunca a los dieciocho a\u00f1os y dejamos de tener la posibilidad de decidir d\u00f3nde vamos, porque ya no hay d\u00f3nde ir. La vida reducida a cuatro paredes.<\/span><\/p>\n<p><span style=\"font-size: large;\">Muchas son las series que terminan en una celda o que incluso se desarrollan dentro de ellas. \u2018<a href=\"http:\/\/www.sundancechannel.es\/series\/rectify\" target=\"_blank\" rel=\"external nofollow\">Rectify<\/a>\u2019 (Rectificar) va m\u00e1s all\u00e1 y nos plantea qu\u00e9 sucede despu\u00e9s, qu\u00e9 ocurre con la vida de una persona a la que le privan de la libertad durante un tiempo y, transcurrido un plazo, la recupera. Regresa al juego. A ese gran tablero en el que se desarrolla la libertad vigilada.<\/span><\/p>\n<p>&nbsp;<\/p>\n<p><span style=\"font-size: large;\"><a href=\"\/elsindromededarrin\/wp-content\/uploads\/sites\/21\/2013\/06\/tumblr_mloa37RsKm1qd9dz2o1_500.jpg\"><img loading=\"lazy\" class=\"alignleft size-medium wp-image-813\" title=\"tumblr_mloa37RsKm1qd9dz2o1_500\" src=\"\/elsindromededarrin\/wp-content\/uploads\/sites\/21\/2013\/06\/tumblr_mloa37RsKm1qd9dz2o1_500.jpg\" alt=\"\" width=\"206\" height=\"300\" srcset=\"https:\/\/static-blogs.lasprovincias.es\/wp-content\/uploads\/sites\/21\/2013\/06\/tumblr_mloa37RsKm1qd9dz2o1_500.jpg 500w, https:\/\/static-blogs.lasprovincias.es\/wp-content\/uploads\/sites\/21\/2013\/06\/tumblr_mloa37RsKm1qd9dz2o1_500-207x300.jpg 207w\" sizes=\"(max-width: 206px) 100vw, 206px\" \/><\/a><strong>Daniel Holden fue acusado de violaci\u00f3n<\/strong> y asesinato en plena adolescencia, juzgado y condenado a pena de muerte. Un sinf\u00edn de apelaciones consiguen retrasar su ejecuci\u00f3n hasta que una prueba de ADN permite anular su sentencia. As\u00ed, Holden recobra su inocencia y su \u2018libertad\u2019.<\/span><\/p>\n<p><span style=\"font-size: large;\">Han pasado veinte a\u00f1os desde que Holden entr\u00f3 en prisi\u00f3n y sali\u00f3 del juego. <strong>El mundo ha cambiado<\/strong>. Este mundo que ahora encuentra se comunica por tel\u00e9fonos m\u00f3viles, juega a videojuegos violentos y escucha m\u00fasica que antes no exist\u00eda. \u00c9l se ha convertido bruscamente en un adulto sin haber transitado la juventud apenas, o no del modo en que suele ser habitual. Su familia tambi\u00e9n se ha transformado. Su padre muri\u00f3, su madre ha rehecho su vida junto a otro hombre, tiene un nuevo hermano y un hermanastro, y su hermana ha dejado de ser una ni\u00f1a. Todos ellos tambi\u00e9n han vivido en una especie de celda, la celda del dolor por todo lo sucedido, de la duda, de la verg\u00fcenza, de la rabia.<\/span><\/p>\n<p><span style=\"font-size: large;\">\u00bfPuede alguien recuperar la normalidad, asumir las reglas del juego, despu\u00e9s de veinte a\u00f1os aislado, sin apenas contacto con el exterior? \u00bfEs posible y f\u00e1cil la reinserci\u00f3n?<\/span><\/p>\n<p><span style=\"font-size: large;\">\u2018<a href=\"http:\/\/www.sundancechannel.es\/series\/rectify\" target=\"_blank\" rel=\"external nofollow\">Rectify<\/a>\u2019 es una peque\u00f1a joya que navega en esas ideas. Lo hace con un <strong>ritmo pausado<\/strong>, deleit\u00e1ndose en los detalles. Nos presenta a un protagonista del que no sabemos si es culpable o no de haber violado y matado\u00a0\u00a0a la que entonces era su novia. Esa duda permanece en los seis cap\u00edtulos que componen la primera temporada. Holden sale a la calle y busca su hueco con torpeza. Se deleita con la simple sensaci\u00f3n de tocar el c\u00e9sped o de deshacer una almohada, se ilusiona al recuperar su antiguo walkman, se desespera al intentar adaptarse a un mundo al que perdi\u00f3 la pista, se angustia por el sufrimiento que ha causado a su alrededor.<\/span><\/p>\n<p>&nbsp;<\/p>\n<p><a href=\"\/elsindromededarrin\/wp-content\/uploads\/sites\/21\/2013\/06\/rect.jpg\"><img loading=\"lazy\" class=\"aligncenter size-full wp-image-814\" title=\"rect\" src=\"\/elsindromededarrin\/wp-content\/uploads\/sites\/21\/2013\/06\/rect.jpg\" alt=\"\" width=\"615\" height=\"362\" srcset=\"https:\/\/static-blogs.lasprovincias.es\/wp-content\/uploads\/sites\/21\/2013\/06\/rect.jpg 615w, https:\/\/static-blogs.lasprovincias.es\/wp-content\/uploads\/sites\/21\/2013\/06\/rect-300x177.jpg 300w\" sizes=\"(max-width: 615px) 100vw, 615px\" \/><\/a><\/p>\n<p>&nbsp;<\/p>\n<p><span style=\"font-size: large;\">En torno a \u00e9l nos muestran a una familia destrozada. Ella no pas\u00f3 por un juicio pero fue sentenciada igualmente. Intenta superar sus miedos y se debate entre el modo de ayudar a Daniel a recuperar su espacio y los temores de no estar capacitados para afrontar esta situaci\u00f3n.<\/span><\/p>\n<p><span style=\"font-size: large;\">El tablero de juego es <strong>un pueblo que hace a\u00f1os emiti\u00f3 su veredicto<\/strong> en este caso. Declar\u00f3 a Holden culpable y les da igual lo que ahora digan los jueces. Observan con incredulidad e impotencia c\u00f3mo el que ellos consideran un asesino vaga por las calles. Y no todos est\u00e1n dispuestos a permitirlo. Pero tambi\u00e9n es un pueblo que calla, se esconde y guarda secretos. Y algunos de ellos tienen que ver con el tr\u00e1gico suceso que desencadena esta historia, la abrupta muerte de una joven, Hannah.<\/span><\/p>\n<p><span style=\"font-size: large;\">\u2018<a href=\"http:\/\/www.sundancechannel.es\/series\/rectify\" target=\"_blank\" rel=\"external nofollow\">Rectify<\/a>\u2019 sube tambi\u00e9n al estrado a la propia justicia y analiza las consecuencias de un sistema imperfecto capaz de cometer errores.<\/span><\/p>\n<p><span style=\"font-size: large;\"><strong>Sundance Channel<\/strong> es una cadena americana relativamente joven que ha iniciado su sendero en la ficci\u00f3n y lo ha hecho con apuestas arriesgadas como \u2018<a href=\"http:\/\/www.sundancechannel.es\/series\/rectify\" target=\"_blank\" rel=\"external nofollow\">Rectify<\/a>\u2019 con la que pretende (y consigue) plantar cara a productos s\u00f3lidos de otras emisoras estadounidenses como AMC o HBO.<\/span><\/p>\n<p><span style=\"font-size: large;\">Quien busque acci\u00f3n trepidante e intrigas constantes que mire hacia otro lado, no lo va a hallar en \u2018<a href=\"http:\/\/www.sundancechannel.es\/series\/rectify\" target=\"_blank\" rel=\"external nofollow\">Rectify<\/a>\u2019 porque esta es una ficci\u00f3n que prefiere sugerir a mostrar, que da pistas pero no traza discursos, que somete al espectador a un papel activo en el que se le obliga a pensar y dudar durante seis cap\u00edtulos.<\/span><\/p>\n<p><span style=\"font-size: large;\">\u2018<a href=\"http:\/\/www.sundancechannel.es\/series\/rectify\" target=\"_blank\" rel=\"external nofollow\">Rectify<\/a>\u2019 es una de las pocas alegr\u00edas del curso en un terreno, el de la ficci\u00f3n, cada vez m\u00e1s saturado y en el que es tan complejo ya sobresalir y toparse con argumentos diferentes o no manidos. S\u00f3lo hay que ver el desolador panorama que han dejado otros estrenos de la temporada como \u2018<a href=\"http:\/\/www.aetv.com\/bates-motel\/\" target=\"_blank\" rel=\"external nofollow\">Bates Motel<\/a>\u2019, \u2018<a href=\"http:\/\/www.nbc.com\/revolution\/\" target=\"_blank\" rel=\"external nofollow\">Revolution<\/a>\u2019 o incluso \u2018<a href=\"http:\/\/www.fox.com\/the-following\/\" target=\"_blank\" rel=\"external nofollow\">The following<\/a>\u2019.<\/span><br \/>\n<iframe loading=\"lazy\" src=\"\/\/www.youtube.com\/embed\/RfbO7U7XIgU\" frameborder=\"0\" width=\"560\" height=\"315\"><\/iframe><\/p>\n<p>&nbsp;<\/p>\n<p>&nbsp;<\/p>\n<p><span style=\"font-size: small;\">T\u00edtulos de cr\u00e9dito: Para quejas, sugerencias y otras necesidades humanas mi correo es <a href=\"mailto:mlabastida@lasprovincias.es\">mlabastida@lasprovincias.es<\/a><\/span><\/p>\n<!-- AddThis Advanced Settings generic via filter on the_content --><!-- AddThis Share Buttons generic via filter on the_content -->","protected":false},"excerpt":{"rendered":"<p>&#8220;En donde yo estaba no hab\u00eda ventanas&#8221; Daniel Holden &nbsp; &nbsp; Vivimos en libertad, m\u00e1s o menos. Una libertad vigilada, controlada y programada. Podemos decidir a d\u00f3nde vamos, pero no siempre por d\u00f3nde vamos. Podemos disponer de nuestro tiempo libre pero no siempre cu\u00e1ndo ni c\u00f3mo nos gustar\u00eda. Podemos elegir, pero siempre dentro de unas [&hellip;]<!-- AddThis Advanced Settings generic via filter on get_the_excerpt --><!-- AddThis Share Buttons generic via filter on get_the_excerpt --><\/p>\n","protected":false},"author":29,"featured_media":0,"comment_status":"open","ping_status":"open","sticky":false,"template":"","format":"standard","meta":[],"categories":[2],"tags":[],"_links":{"self":[{"href":"https:\/\/blogs.lasprovincias.es\/elsindromededarrin\/wp-json\/wp\/v2\/posts\/811"}],"collection":[{"href":"https:\/\/blogs.lasprovincias.es\/elsindromededarrin\/wp-json\/wp\/v2\/posts"}],"about":[{"href":"https:\/\/blogs.lasprovincias.es\/elsindromededarrin\/wp-json\/wp\/v2\/types\/post"}],"author":[{"embeddable":true,"href":"https:\/\/blogs.lasprovincias.es\/elsindromededarrin\/wp-json\/wp\/v2\/users\/29"}],"replies":[{"embeddable":true,"href":"https:\/\/blogs.lasprovincias.es\/elsindromededarrin\/wp-json\/wp\/v2\/comments?post=811"}],"version-history":[{"count":0,"href":"https:\/\/blogs.lasprovincias.es\/elsindromededarrin\/wp-json\/wp\/v2\/posts\/811\/revisions"}],"wp:attachment":[{"href":"https:\/\/blogs.lasprovincias.es\/elsindromededarrin\/wp-json\/wp\/v2\/media?parent=811"}],"wp:term":[{"taxonomy":"category","embeddable":true,"href":"https:\/\/blogs.lasprovincias.es\/elsindromededarrin\/wp-json\/wp\/v2\/categories?post=811"},{"taxonomy":"post_tag","embeddable":true,"href":"https:\/\/blogs.lasprovincias.es\/elsindromededarrin\/wp-json\/wp\/v2\/tags?post=811"}],"curies":[{"name":"wp","href":"https:\/\/api.w.org\/{rel}","templated":true}]}}