{"id":815,"date":"2013-06-14T11:34:47","date_gmt":"2013-06-14T11:34:47","guid":{"rendered":"http:\/\/blogs.lasprovincias.es\/elsindromededarrin\/?p=815"},"modified":"2013-06-14T11:34:47","modified_gmt":"2013-06-14T11:34:47","slug":"plataforma-para-que-vuelvan-pepa-y-pepe-a-la-television","status":"publish","type":"post","link":"https:\/\/blogs.lasprovincias.es\/elsindromededarrin\/2013\/06\/14\/plataforma-para-que-vuelvan-pepa-y-pepe-a-la-television\/","title":{"rendered":"Plataforma para que vuelvan Pepa y Pepe a la televisi\u00f3n"},"content":{"rendered":"<p style=\"text-align: right;\"><span style=\"font-size: small;\">Pepa: <strong>\u201cPepe, me llevo las llaves del coche\u201d.<\/strong><\/span><\/p>\n<p style=\"text-align: right;\"><span style=\"font-size: small;\">Pepe: <strong>\u201cSi no tienes carn\u00e9, un d\u00eda nos vas\u00a0 a meter en un l\u00edo\u201d<\/strong>.<\/span><\/p>\n<p style=\"text-align: right;\"><span style=\"font-size: small;\">Pepa: <strong>\u201cPero si es por el barrio\u201d.<\/strong><\/span><\/p>\n<p style=\"text-align: center;\"><a href=\"\/elsindromededarrin\/wp-content\/uploads\/sites\/21\/2013\/06\/pepa-y-pepe1.jpg\"><img loading=\"lazy\" class=\"aligncenter  wp-image-817\" title=\"pepa-y-pepe\" src=\"\/elsindromededarrin\/wp-content\/uploads\/sites\/21\/2013\/06\/pepa-y-pepe1.jpg\" alt=\"\" width=\"472\" height=\"334\" srcset=\"https:\/\/static-blogs.lasprovincias.es\/wp-content\/uploads\/sites\/21\/2013\/06\/pepa-y-pepe1.jpg 590w, https:\/\/static-blogs.lasprovincias.es\/wp-content\/uploads\/sites\/21\/2013\/06\/pepa-y-pepe1-300x212.jpg 300w\" sizes=\"(max-width: 472px) 100vw, 472px\" \/><\/a><\/p>\n<p>&nbsp;<\/p>\n<p>&nbsp;<\/p>\n<p><span style=\"font-size: large;\">Reconozco que hace mucho tiempo que no me engancho a ninguna serie espa\u00f1ola. Esos cap\u00edtulos interminables, esos rellenos innecesarios, esas tramas con poco riesgo\u2026 Nada, que lo intento, y no lo consigo. Y me parece que no soy el \u00fanico. El curso se cierra con m\u00e1s fracasos que \u00e9xitos en el terreno de la ficci\u00f3n nacional. El p\u00fablico no se enganch\u00f3 a las historias costumbristas de \u2018<a href=\"http:\/\/www.telecinco.es\/familia\/\" target=\"_blank\" rel=\"external nofollow\">Familia<\/a>\u2019, al humor exagerado y repetitivo de \u2018<a href=\"http:\/\/www.antena3.com\/series\/fenomenos\/\" target=\"_blank\" rel=\"external nofollow\">Fen\u00f3menos<\/a>\u2019, al retrato grotesco de \u2018<a href=\"http:\/\/www.rtve.es\/television\/stamos-okupa2\/\" target=\"_blank\" rel=\"external nofollow\">Stamos okupados<\/a>\u2019 o al rollo paranormal de \u2018<a href=\"http:\/\/www.telecinco.es\/eldondealba\/\" target=\"_blank\" rel=\"external nofollow\">El don de Alba<\/a>\u2019. A estas se une la ca\u00edda de audiencia que ha experimentado \u2018<a href=\"http:\/\/www.antena3.com\/series\/gran-hotel\/\" target=\"_blank\" rel=\"external nofollow\">Gran Hotel<\/a>\u2019, que se cierra precipitadamente, al igual que hubo que hacer con \u2018<a href=\"http:\/\/www.antena3.com\/series\/el-barco\/\" target=\"_blank\" rel=\"external nofollow\">El barco<\/a>\u2019 o \u2018<a href=\"http:\/\/www.antena3.com\/series\/luna-calenda\/\" target=\"_blank\" rel=\"external nofollow\">Luna<\/a>\u2019.<\/span><\/p>\n<p><span style=\"font-size: large;\">Ya hemos analizado en este blog en alguna ocasi\u00f3n los <a href=\"https:\/\/blogs.lasprovincias.es\/elsindromededarrin\/2012\/12\/04\/son-malas-todas-las-series-espanolas\/\" target=\"_blank\">problemas que presentan los t\u00edtulos espa\u00f1oles<\/a>, que los hace quedar a a\u00f1os luz de series extranjeras como \u2018<a href=\"http:\/\/www.amctv.com\/shows\/mad-men\" target=\"_blank\" rel=\"external nofollow\">Mad Men<\/a>\u2019, \u2018<a href=\"http:\/\/www.amctv.com\/shows\/the-walking-dead\" target=\"_blank\" rel=\"external nofollow\">The walking dead<\/a>\u2019 o \u2018<a href=\"http:\/\/www.hbo.com\/game-of-thrones\/index.html\" target=\"_blank\" rel=\"external nofollow\">Juego de tronos<\/a>\u2019. Si le preguntas a un productor o guionista enseguida te contestar\u00e1n que no se pueden comparar los presupuestos nacionales con los estadounidenses. Y tienen raz\u00f3n. Pero no todo es cuesti\u00f3n de dinero. A veces una idea se puede llevar a cabo con poquitos medios. El principal problema que se plantea en la mayor\u00eda de series es que nada nos sorprende y todo nos recuerda irremediablemente a tramas ya vistas.<\/span><\/p>\n<p><span style=\"font-size: large;\">Hay como una especie de verg\u00fcenza de retratar con naturalidad a la sociedad espa\u00f1ola para que el espectador se identifique (pero sin sentirse un tonto) y a transgredir algunas normas establecidas. Cuando surge este tema no puedo evitar acordarme de \u2018Pepa y Pepe\u2019. \u00a1\u00a1La gran \u2018Pepa y Pepe\u2019!! Serie de culto donde las haya. S\u00ed, as\u00ed como te lo digo.<\/span><\/p>\n<p>&nbsp;<\/p>\n<p><iframe loading=\"lazy\" src=\"\/\/www.youtube.com\/embed\/KRRvpPOAVWw\" frameborder=\"0\" width=\"420\" height=\"315\"><\/iframe><\/p>\n<p>&nbsp;<\/p>\n<p><span style=\"font-size: large;\">Corr\u00eda el a\u00f1o 1995 y Televisi\u00f3n Espa\u00f1ola estrenaba una comedia sin demasiadas pretensiones que intentaba reflejar a la familia t\u00edpicamente espa\u00f1ola. Y cuando digo t\u00edpica es t\u00edpica, no una cutre imitaci\u00f3n de una familia neoyorquina pero hablando castellano. Con sus buenos gritos e insultos y con un mont\u00f3n de conflictos dom\u00e9sticos cotidianos. Como debe ser.<\/span><\/p>\n<p><span style=\"font-size: large;\">Pese al esperp\u00e9ntico panorama que presentaba, aquellas tramas transmit\u00edan verdad por todos los lados. T\u00fa ve\u00edas una pelea entre las hermanas o una discusi\u00f3n con los padres y r\u00e1pidamente te reconoc\u00edas. Por bestias que en ocasiones pareciesen. Y es que \u00bfqui\u00e9n no se ha pasado alguna vez hasta l\u00edmites poco confesables en una bronca con su hermano o su padre?<\/span><\/p>\n<p><span style=\"font-size: large;\">\u2018Pepa y Pepe\u2019 era de todo menos pol\u00edticamente correcta. Esta familia pasaba apuros econ\u00f3micos, se enfrentaba constantemente por el mando de la tele, viv\u00eda en una casa que casi nunca estaba ordenada (como la tuya y como la m\u00eda), y se quer\u00eda, aunque raramente lo parec\u00eda.<\/span><\/p>\n<p><span style=\"font-size: large;\">Pepe (<a href=\"http:\/\/www.imdb.com\/name\/nm0885453\/\" target=\"_blank\" rel=\"external nofollow\">Tito Valverde<\/a>) era un calzonazos de cuidado, bonach\u00f3n y b\u00e1sico a m\u00e1s no poder. Amante del f\u00fatbol y de los animales (regentaba El zoo de Pepe) deb\u00eda lidiar cada d\u00eda con los caprichos y cambios de humor de su mujer y el ninguneo de sus reto\u00f1os. \u00bfY Pepa? Pues Pepa (<a href=\"http:\/\/www.imdb.com\/name\/nm0286579\/\" target=\"_blank\" rel=\"external nofollow\">Ver\u00f3nica Forqu\u00e9<\/a>) era la que en realidad llevaba los pantalones en la casa. Aunque, la verdad, no podr\u00edamos decir que los llevaba muy bien. Nadie le hubiese dado el t\u00edtulo de madre del a\u00f1o, aunque se desviviese por los suyos. Tampoco lo habr\u00eda querido. \u00a1C\u00f3mo nos re\u00edamos cuando buscaba excusas para que sus hijos no fuesen al colegio o no estudiasen! O cuando ped\u00eda pizza un d\u00eda s\u00ed y otro tambi\u00e9n en lugar de procurar una dieta equilibrada. O cuando se pon\u00eda a ver junto a sus hijos \u2018La cosa\u2019 (s\u00ed, la peli de terror de John Carpenter) por la ma\u00f1ana antes de desayunar porque hab\u00eda que devolverla al videoclub.<\/span><\/p>\n<p><span style=\"font-size: large;\">La mayor de los tres hijos era Mar\u00eda (<a href=\"http:\/\/www.imdb.com\/name\/nm0012560\/\" target=\"_blank\" rel=\"external nofollow\">Mar\u00eda Ad\u00e1nez<\/a>), pija, presumida y \u00fanicamente preocupada por los chicos y por tener una moto. Y con neurona y media. Las discusiones con su padre eran \u00e9picas. No fueron pocas las veces que llegaron incluso a las manos. Seguramente hoy en d\u00eda ser\u00eda imposible evitar que despu\u00e9s de cada cap\u00edtulo miles de asociaciones emitieran un comunicado poniendo el grito en el cielo por los \u2018valores\u2019 que transmit\u00edan. Como si los valores hubiera que buscarlos en la tele.<\/span><\/p>\n<p>&nbsp;<\/p>\n<p><iframe loading=\"lazy\" src=\"\/\/www.youtube.com\/embed\/Tt9mwiLAN0Y\" frameborder=\"0\" width=\"420\" height=\"315\"><\/iframe><\/p>\n<p>&nbsp;<\/p>\n<p><span style=\"font-size: large;\">Clara (<a href=\"http:\/\/www.imdb.com\/name\/nm0007711\/\" target=\"_blank\" rel=\"external nofollow\">Silvia Abascal<\/a>) era la ant\u00edtesis de su hermana. Pesimista, ir\u00f3nica y con un sentido est\u00e9tico poco convencional para una ni\u00f1a de su edad (o al menos para las que hasta entonces sal\u00edan por la tele), se pasaba el d\u00eda utilizando su inteligencia para menospreciar a todos los que la rodeaban. Mar\u00eda Ad\u00e1nez y Silvia Abascal son desde entonces hermanas para siempre. El m\u00e1s peque\u00f1o, Jorge (<a href=\"http:\/\/www.imdb.com\/name\/nm0897438\/\" target=\"_blank\" rel=\"external nofollow\">Carlos Vilches<\/a>), representaba al t\u00edpico chaval con pocas luces que recib\u00eda por todos los lados y cuyo \u00fanica motivaci\u00f3n era jugar con coches y con metralletas.<\/span><\/p>\n<p><span style=\"font-size: large;\">De su mano asist\u00edamos a tramas cotidianas tratadas con una naturalidad que las hac\u00eda frescas a m\u00e1s no poder. El principal fuerte de la serie era desconcertar al espectador. Cuando cre\u00edamos que no pod\u00edan superarse lo hac\u00edan. Llegaban al extremo de un modo tan sencillo que asombraba. Recuerdo a\u00fan un estupendo cap\u00edtulo en que Antonio Resines (s\u00ed, el que va a hacer <a href=\"http:\/\/www.lasprovincias.es\/v\/20130611\/culturas\/antonio-resines-regresa-television-20130611.html\" target=\"_blank\" rel=\"external nofollow\">esa serie de gemelos en Telecinco<\/a>) <a href=\"http:\/\/www.youtube.com\/watch?v=U1DaY1FENRc\" target=\"_blank\" rel=\"external nofollow\">traspasaba la pantalla del televisor y aparec\u00eda en el sal\u00f3n de Pepe y Pepa<\/a> para reprender a la propia Ver\u00f3nica Forqu\u00e9 actriz por estar haciendo una serie en la que se burlaban de \u00e9l. Una patada m\u00e1gica a la cuarta pared.<\/span><\/p>\n<p>&nbsp;<\/p>\n<p><span style=\"font-size: large;\">Pepe era un tarugo que cre\u00eda que pod\u00eda hace feliz a su mujer compr\u00e1ndole un lavavajillas, pero a la vez un mo\u00f1as incapaz de contener las l\u00e1grimas viendo \u2018Memorias de \u00c1frica\u2019. Pepa lo mismo se comportaba como una chabacana que sacaba u\u00f1as y dientes por defender sus derechos que perd\u00eda el control y se enfadaba por cualquier tonter\u00eda como si fuese m\u00e1s infantil que sus hijos.<\/span><\/p>\n<p><span style=\"font-size: large;\">A este clan se unieron r\u00e1pidamente otros personajes exc\u00e9ntricos como la t\u00eda Julia, m\u00edstica y despistada, que hac\u00eda de la libertad su bandera. Desde entonces <a href=\"http:\/\/www.imdb.com\/name\/nm0649495\/\" target=\"_blank\" rel=\"external nofollow\">Isabel Ordaz<\/a> ha representado en televisi\u00f3n siempre el mismo papel. O Lola (<a href=\"http:\/\/www.imdb.com\/name\/nm0646010\/\" target=\"_blank\" rel=\"external nofollow\">Gracia Olayo<\/a>), la vecina altiva y distinguida que en realidad escond\u00eda tantas miserias como cualquiera. Ignacio (<a href=\"http:\/\/www.imdb.com\/name\/nm0554694\/\" target=\"_blank\" rel=\"external nofollow\">Lucas Mart\u00edn<\/a>), el medio novio de Clara, con quien coincid\u00eda en gustos musicales, literarios y cinematogr\u00e1ficos, por extra\u00f1os y peculiares que pareciesen, y gorroneaba desayuno todos los d\u00edas en casa Pepe. Ferm\u00edn (<a href=\"http:\/\/www.imdb.com\/name\/nm0094625\/\" target=\"_blank\" rel=\"external nofollow\">Jes\u00fas Bonilla<\/a>), el jefe lig\u00f3n venido a menos del bar en el que trabajaba Pepa. O Pol (<a href=\"http:\/\/www.imdb.com\/name\/nm0258090\/\" target=\"_blank\" rel=\"external nofollow\">Roberto Enr\u00edquez<\/a>), el novio hippy-pol\u00edgamo y gangoso de Mar\u00eda.<\/span><\/p>\n<p><span style=\"font-size: large;\">Un mosaico excelente para contarnos historias sencillas y crudas pero sin envolverlas con trampas. Historias de nuestro mismo rellano. Nada de hoteles que se parecen a \u2018<a href=\"http:\/\/www.itv.com\/downtonabbey\/\" target=\"_blank\" rel=\"external nofollow\">Downton Abbey<\/a>\u2019 ni gladiadores como los de \u2018<a href=\"http:\/\/store.hbouk.com\/?v=hbo-uk_shows_rome&#038;pa=HBO-USAredirect\" target=\"_blank\" rel=\"external nofollow\">Roma<\/a>\u2019 ni m\u00e9diums como la de \u2018<a href=\"http:\/\/www.tv.com\/shows\/ghost-whisperer\/\" target=\"_blank\" rel=\"external nofollow\">Entre fantasmas<\/a>\u2019, personajes de carne y hueso con los que nos divertimos media hora cada semana durante 34 cap\u00edtulos. \u00a1\u00a1Benditos cap\u00edtulos de solo media hora!!<\/span><\/p>\n<p>&nbsp;<\/p>\n<p><span style=\"font-size: large;\">Grandes Pepa y Pepe. Reposici\u00f3n YA (o a buscar en youtube, que est\u00e1n <a href=\"http:\/\/www.youtube.com\/user\/MichaelMyersVTV\/videos?tag_id=&#038;shelf_index=2&#038;view=0&#038;sort=p\" target=\"_blank\" rel=\"external nofollow\">todos los cap\u00edtulos \u00edntegros<\/a>).<\/span><\/p>\n<p>&nbsp;<\/p>\n<p>&nbsp;<\/p>\n<p>T\u00edtulos de cr\u00e9dito: Para quejas, sugerencias y otras necesidades humanas mi correo es\u00a0<a href=\"mailto:mlabastida@lasprovincias.es\">mlabastida@lasprovincias.es<\/a><\/p>\n<!-- AddThis Advanced Settings generic via filter on the_content --><!-- AddThis Share Buttons generic via filter on the_content -->","protected":false},"excerpt":{"rendered":"<p>Pepa: \u201cPepe, me llevo las llaves del coche\u201d. Pepe: \u201cSi no tienes carn\u00e9, un d\u00eda nos vas\u00a0 a meter en un l\u00edo\u201d. Pepa: \u201cPero si es por el barrio\u201d. &nbsp; &nbsp; Reconozco que hace mucho tiempo que no me engancho a ninguna serie espa\u00f1ola. Esos cap\u00edtulos interminables, esos rellenos innecesarios, esas tramas con poco riesgo\u2026 [&hellip;]<!-- AddThis Advanced Settings generic via filter on get_the_excerpt --><!-- AddThis Share Buttons generic via filter on get_the_excerpt --><\/p>\n","protected":false},"author":29,"featured_media":0,"comment_status":"open","ping_status":"open","sticky":false,"template":"","format":"standard","meta":[],"categories":[2],"tags":[58,607,732,856,878],"_links":{"self":[{"href":"https:\/\/blogs.lasprovincias.es\/elsindromededarrin\/wp-json\/wp\/v2\/posts\/815"}],"collection":[{"href":"https:\/\/blogs.lasprovincias.es\/elsindromededarrin\/wp-json\/wp\/v2\/posts"}],"about":[{"href":"https:\/\/blogs.lasprovincias.es\/elsindromededarrin\/wp-json\/wp\/v2\/types\/post"}],"author":[{"embeddable":true,"href":"https:\/\/blogs.lasprovincias.es\/elsindromededarrin\/wp-json\/wp\/v2\/users\/29"}],"replies":[{"embeddable":true,"href":"https:\/\/blogs.lasprovincias.es\/elsindromededarrin\/wp-json\/wp\/v2\/comments?post=815"}],"version-history":[{"count":0,"href":"https:\/\/blogs.lasprovincias.es\/elsindromededarrin\/wp-json\/wp\/v2\/posts\/815\/revisions"}],"wp:attachment":[{"href":"https:\/\/blogs.lasprovincias.es\/elsindromededarrin\/wp-json\/wp\/v2\/media?parent=815"}],"wp:term":[{"taxonomy":"category","embeddable":true,"href":"https:\/\/blogs.lasprovincias.es\/elsindromededarrin\/wp-json\/wp\/v2\/categories?post=815"},{"taxonomy":"post_tag","embeddable":true,"href":"https:\/\/blogs.lasprovincias.es\/elsindromededarrin\/wp-json\/wp\/v2\/tags?post=815"}],"curies":[{"name":"wp","href":"https:\/\/api.w.org\/{rel}","templated":true}]}}