{"id":862,"date":"2013-07-14T15:30:03","date_gmt":"2013-07-14T15:30:03","guid":{"rendered":"http:\/\/blogs.lasprovincias.es\/elsindromededarrin\/?p=862"},"modified":"2013-07-14T15:30:03","modified_gmt":"2013-07-14T15:30:03","slug":"como-se-oxido-anne-igartiburu-y-floto-falete","status":"publish","type":"post","link":"https:\/\/blogs.lasprovincias.es\/elsindromededarrin\/2013\/07\/14\/como-se-oxido-anne-igartiburu-y-floto-falete\/","title":{"rendered":"C\u00f3mo se oxid\u00f3 Anne Igartiburu y flot\u00f3 Falete"},"content":{"rendered":"<p style=\"text-align: right;\"><strong>&#8220;As\u00ed son las cosas y as\u00ed se las hemos contado&#8221;<\/strong><\/p>\n<p style=\"text-align: right;\">Luis Mari\u00f1as<\/p>\n<p style=\"text-align: center;\">\u00a0\u00a0<a href=\"\/elsindromededarrin\/wp-content\/uploads\/sites\/21\/2013\/07\/igarti.jpg\"><img loading=\"lazy\" class=\"aligncenter  wp-image-870\" title=\"DOCU_LP DOCU_TESA Anne Igartiburu, presentadores del programa \"+ Gente\"\" src=\"\/elsindromededarrin\/wp-content\/uploads\/sites\/21\/2013\/07\/igarti.jpg\" alt=\"\" width=\"567\" height=\"356\" srcset=\"https:\/\/static-blogs.lasprovincias.es\/wp-content\/uploads\/sites\/21\/2013\/07\/igarti.jpg 787w, https:\/\/static-blogs.lasprovincias.es\/wp-content\/uploads\/sites\/21\/2013\/07\/igarti-300x188.jpg 300w, https:\/\/static-blogs.lasprovincias.es\/wp-content\/uploads\/sites\/21\/2013\/07\/igarti-768x482.jpg 768w\" sizes=\"(max-width: 567px) 100vw, 567px\" \/><\/a><\/p>\n<p>&nbsp;<\/p>\n<p><span style=\"font-size: large;\">\u00bfQu\u00e9 tienen en com\u00fan Anne Igartiburu y Falete? Aparentemente poco. Sin embargo ambos protagonizaron\u00a0dos de los momentos televisivos m\u00e1s comentados de la temporada 2012\/2013. Esta se cierra\u00a0con dos\u00a0espacios convertidos en fen\u00f3menos indiscutibles, &#8216;<a href=\"http:\/\/www.telecinco.es\/lavoz\/\" rel=\"external nofollow\">La voz<\/a>&#8216; (el concurso ciego de Telecinco), y &#8216;<a href=\"http:\/\/www.rtve.es\/television\/masterchef\/\" target=\"_blank\" rel=\"external nofollow\">Masterchef<\/a>&#8216; (el &#8216;reality&#8217; de sabores de TVE). El curso se acaba y los programas recogen sus notas. Se van con sobresaliente (al menos en t\u00e9rminos de audiencia) &#8216;<a href=\"http:\/\/www.lasexta.com\/programas\/salvados\/\" rel=\"external nofollow\">Salvados<\/a>&#8216;, &#8216;<a href=\"http:\/\/www.antena3.com\/programas\/tu-cara-me-suena\/\" target=\"_blank\" rel=\"external nofollow\">Tu cara me suena<\/a>&#8216; y &#8216;<a href=\"http:\/\/www.lasexta.com\/programas\/pesadilla-en-la-cocina\/\" target=\"_blank\" rel=\"external nofollow\">Pesadilla en la cocina<\/a>&#8216;; consiguen notable &#8216;<a href=\"http:\/\/www.telecinco.es\/hayunacosaquetequierodecir\/\" target=\"_blank\" rel=\"external nofollow\">Hay una cosa que te quiero decir<\/a>&#8216;, &#8216;<a href=\"http:\/\/www.antena3.com\/programas\/el-hormiguero\/\" target=\"_blank\" rel=\"external nofollow\">El hormiguero<\/a>&#8216;, &#8216;<a href=\"http:\/\/www.lasexta.com\/programas\/el-intermedio\/\" target=\"_blank\" rel=\"external nofollow\">El intermedio<\/a>&#8216; y &#8216;<a href=\"http:\/\/www.cuatro.com\/un-principe-para-corina\/\" target=\"_blank\" rel=\"external nofollow\">Un pr\u00edncipe para Corina<\/a>&#8216;; aprueban &#8216;<a href=\"http:\/\/www.telecinco.es\/granhermano\/\" target=\"_blank\" rel=\"external nofollow\">Gran Hermano<\/a>&#8216;, &#8216;<a href=\"http:\/\/www.cuatro.com\/losabenolosabe\/\" target=\"_blank\" rel=\"external nofollow\">Lo sabe, no lo sabe<\/a>&#8216; y &#8216;<a href=\"http:\/\/www.cuatro.com\/quien-quiere-casarse-con-mi-hijo\/\" target=\"_blank\" rel=\"external nofollow\">Qui\u00e9n quiere casarse con mi hijo<\/a>&#8216;; y suspenden &#8216;<a href=\"http:\/\/www.antena3.com\/programas\/numero-uno\/\" target=\"_blank\" rel=\"external nofollow\">El n\u00famero 1<\/a>&#8216;, &#8216;<a href=\"http:\/\/www.antena3.com\/programas\/telomereces\/\" target=\"_blank\" rel=\"external nofollow\">Te lo mereces<\/a>&#8216; y &#8216;<a href=\"http:\/\/www.lasexta.com\/temas\/noticias\/alguien-tenia-que-decirlo-1.html\" rel=\"external nofollow\">Alguien ten\u00eda que decirlo<\/a>&#8216;. Calabazas tambi\u00e9n para series como &#8216;<a href=\"http:\/\/www.telecinco.es\/familia\/\" target=\"_blank\" rel=\"external nofollow\">Familia<\/a>&#8216;, &#8216;<a href=\"http:\/\/www.antena3.com\/series\/fenomenos\/\" target=\"_blank\" rel=\"external nofollow\">Fen\u00f3menos<\/a>&#8216; y &#8216;<a href=\"http:\/\/www.telecinco.es\/eldondealba\/\" target=\"_blank\" rel=\"external nofollow\">El don de Alba<\/a>&#8216;, en una temporada en la que en cuanto a ficci\u00f3n destacaron pesos pesados como &#8216;<a href=\"http:\/\/www.telecinco.es\/laqueseavecina\/\" rel=\"external nofollow\">La que se avecina<\/a>&#8216;, &#8216;<a href=\"http:\/\/www.rtve.es\/television\/aguila-roja\/\" rel=\"external nofollow\">\u00c1guila Roja<\/a>&#8216; y &#8216;<a href=\"http:\/\/www.rtve.es\/television\/cuentame\/\" target=\"_blank\" rel=\"external nofollow\">Cu\u00e9ntame<\/a>&#8216; y en la que se despidieron t\u00edtulos como &#8216;<a href=\"http:\/\/www.antena3.com\/series\/el-barco\/\" target=\"_blank\" rel=\"external nofollow\">El barco<\/a>&#8216; o &#8216;<a href=\"http:\/\/www.antena3.com\/series\/gran-hotel\/\" target=\"_blank\" rel=\"external nofollow\">Gran Hotel<\/a>&#8216;. Ha llegado el momento de repartir diplomas y recordar los momentos televisivos sobre los que m\u00e1s se habl\u00f3 y tuite\u00f3 en los \u00faltimos diez meses.<\/span><\/p>\n<p>&nbsp;<\/p>\n<p><strong><span style=\"font-size: large;\">1. La oxidada Anne Igartiburu<\/span><\/strong><\/p>\n<p><span style=\"font-size: large;\">Iba feliz Anne Igartiburu <a href=\"https:\/\/blogs.lasprovincias.es\/elsindromededarrin\/2012\/09\/20\/anne-igartiburu-y-otros-presentadores-oxidados\/\" target=\"_blank\">al espacio matinal de Maril\u00f3 Montero<\/a> a presentar la nueva apuesta de la tele p\u00fablica para las tardes. Lleg\u00f3 y solt\u00f3 &#8220;hola corazones&#8221; y Maril\u00f3 la recibi\u00f3 con un bufido en plan &#8220;t\u00fa, qu\u00e9 haces aqu\u00ed, mona&#8221;. Igartiburu por un momento pens\u00f3 que se hab\u00eda equivocado y se hab\u00eda metido en un plat\u00f3 de Telecinco o de Antena 3 porque se supone que los programas de la misma cadena se promocionan entre s\u00ed. Pero no, Maril\u00f3 se hab\u00eda levantado flamenca aquella ma\u00f1ana y le someti\u00f3 a su compa\u00f1era a un interrogatorio que dejaba a los de &#8216;S\u00e1lvame&#8217; en un juego de ni\u00f1os.<\/span><\/p>\n<p>&nbsp;<\/p>\n<p><iframe loading=\"lazy\" src=\"\/\/www.dailymotion.com\/embed\/video\/xtot99\" frameborder=\"0\" width=\"480\" height=\"270\"><\/iframe><br \/>\n<strong><\/strong><\/p>\n<p>&nbsp;<\/p>\n<p><strong><span style=\"font-size: large;\">2. Maril\u00f3 en ocasiones ve almas<\/span><\/strong><\/p>\n<p><span style=\"font-size: large;\">Maril\u00f3 ha dado tantos momentazos esta temporada que las semanas en que estaba comedida se la echaba de menos. Todos pensamos de vez en cuando alguna barbaridad, otra cosa es que las verbalicemos todas. Ella una ma\u00f1ana dio una patada a la ciencia y se pregunt\u00f3 si las almas tambi\u00e9n pod\u00edan trasplantarse. Y ni corta ni perezosa traslad\u00f3 la cuesti\u00f3n a su audiencia, que con ella siempre permanece boquiabierta&#8230;<\/span><\/p>\n<p>&nbsp;<\/p>\n<p><iframe loading=\"lazy\" src=\"\/\/www.youtube.com\/embed\/H9CKmwyiVms\" frameborder=\"0\" width=\"420\" height=\"315\"><\/iframe><\/p>\n<p>&nbsp;<\/p>\n<p><span style=\"font-size: large;\"><strong>3. Pelea de micros entre Ana Rosa y Susana<\/strong><\/span><\/p>\n<p><span style=\"font-size: large;\">Mientras Maril\u00f3 est\u00e1 a sus cosas, hablando de almas y esp\u00edritus, al otro lado Ana Rosa y Susana apuestan por lo carnal, cuanta m\u00e1s carnaza mejor. Y tanto es su esfuerzo por ser los primeros en encontrar el mejor g\u00e9nero que no les importa meter el micr\u00f3fono y el pinganillo donde sea necesario. En la carrera han sido varias las ocasiones en que han peleado en directo por atrapar a la presa. Cuesti\u00f3n de supervivencia.<\/span><\/p>\n<div><\/div>\n<div><a href=\"http:\/\/www.telecinco.es\/mdsvideo\/popup.html?contentId=MDSVID20121005_0158&#038;clippingId=9.jpg&#038;clippingContentId=MDSVID20121005_0158&#038;time=37.56\" target=\"_blank\" rel=\"external nofollow\"><img loading=\"lazy\" class=\"alignleft  wp-image-868\" title=\"IMG_0743\" src=\"\/elsindromededarrin\/wp-content\/uploads\/sites\/21\/2013\/07\/IMG_0743.jpg\" alt=\"\" width=\"489\" height=\"268\" srcset=\"https:\/\/static-blogs.lasprovincias.es\/wp-content\/uploads\/sites\/21\/2013\/07\/IMG_0743.jpg 3231w, https:\/\/static-blogs.lasprovincias.es\/wp-content\/uploads\/sites\/21\/2013\/07\/IMG_0743-300x165.jpg 300w, https:\/\/static-blogs.lasprovincias.es\/wp-content\/uploads\/sites\/21\/2013\/07\/IMG_0743-768x421.jpg 768w, https:\/\/static-blogs.lasprovincias.es\/wp-content\/uploads\/sites\/21\/2013\/07\/IMG_0743-1024x562.jpg 1024w\" sizes=\"(max-width: 489px) 100vw, 489px\" \/><\/a><\/div>\n<div><\/div>\n<p>&nbsp;<\/p>\n<p>&nbsp;<\/p>\n<p>&nbsp;<\/p>\n<p>&nbsp;<\/p>\n<p>&nbsp;<\/p>\n<p>&nbsp;<\/p>\n<p>&nbsp;<\/p>\n<p>&nbsp;<\/p>\n<p>&nbsp;<\/p>\n<p style=\"text-align: left;\"><strong>(pulsar sobre la imagen para ver el v\u00eddeo)<\/strong><\/p>\n<p>&nbsp;<\/p>\n<p><strong><span style=\"font-size: large;\">4. Manifestarse es cosa de guapos<\/span><\/strong><\/p>\n<p><span style=\"font-size: large;\">Manifestarse es legal. De momento. Eso s\u00ed, para manifestarse por los recortes, por la subida del IVA, por los despidos o por lo que sea, hay que ponerse guapo. Si eres feo no debes salir a la calle. Mejor, qu\u00e9date encerrado en casa y no nos obligues al resto de seres divinos a verte. Lo dijo el ministro de Asuntos Est\u00e9ticos, Arturo Fern\u00e1ndez. Y qu\u00e9 gracia les hizo al resto de tertulianos de Intereconom\u00eda.<\/span><\/p>\n<p>&nbsp;<\/p>\n<p><iframe loading=\"lazy\" src=\"\/\/www.youtube.com\/embed\/yhgBi-DVBkI\" frameborder=\"0\" width=\"560\" height=\"315\"><\/iframe><\/p>\n<p>&nbsp;<\/p>\n<p><strong><span style=\"font-size: large;\">5. Espa\u00f1a se paraliza por el salto de Falete<\/span><\/strong><\/p>\n<p><span style=\"font-size: large;\">El 3 de marzo de 2013 Espa\u00f1a entera se paraliz\u00f3 y se qued\u00f3 atenta mirando a la pantalla ante la magnitud del acontecimiento que estaba a punto de suceder. \u00bfVolv\u00eda el hombre a la luna? \u00bfHab\u00edan descubierto una vacuna de gran relevancia? No. El suceso en cuesti\u00f3n es que Falete <a href=\"https:\/\/blogs.lasprovincias.es\/elsindromededarrin\/2013\/03\/06\/jesus-gil-se-mojo-antes-que-falete\/\" target=\"_blank\">se iba a tirar a una piscina<\/a>. \u00bfIntentando un triple salto mortal? Nada de eso. De pie, tap\u00e1ndose la nariz y con ba\u00f1ador de volantes. Para las Olimpiadas de 2016 su nombre deber\u00eda figurar en todas las quinielas para ocupar la plaza de abanderado del pa\u00eds.<\/span><\/p>\n<p>&nbsp;<\/p>\n<p><iframe loading=\"lazy\" src=\"\/\/www.youtube.com\/embed\/h-bnhv65LEE\" frameborder=\"0\" width=\"560\" height=\"315\"><\/iframe><\/p>\n<p>&nbsp;<\/p>\n<p><strong><span style=\"font-size: large;\">6. Partirse los brazos para entrar en &#8216;Gran Hermano&#8217;<\/span><\/strong><\/p>\n<p><span style=\"font-size: large;\">Cada cual es muy libre de escoger <a href=\"https:\/\/blogs.lasprovincias.es\/elsindromededarrin\/2013\/05\/20\/de-gran-hermano-a-buscar-principe-para-corina\/\" target=\"_blank\">el modo de hacerse famoso<\/a>. Hay quien aspira a serlo contando su destreza como amante en la cama, quien lucha por su cuota de poder criticando al contrario o quien vende lo que tenga delante por cinco minutos ante una c\u00e1mara. Luego est\u00e1n los que buscan su minuto de gloria quit\u00e1ndose la ropa en un campo de f\u00fatbol o haciendo el tonto detr\u00e1s de un periodista durante una emisi\u00f3n en directo. Lo de \u2018Gran Hermano\u2019 es otra cosa, all\u00ed todo se magnifica. No entra cualquiera. En la edici\u00f3n 12+1 un joven pag\u00f3 69.000 euros por dormir en Guadalix. En la 14, otro se parti\u00f3 los brazos en su accidentada entrada en la popular casa.<\/span><\/p>\n<p>&nbsp;<\/p>\n<p><iframe loading=\"lazy\" src=\"\/\/www.dailymotion.com\/embed\/video\/xxifjm\" frameborder=\"0\" width=\"480\" height=\"270\"><\/iframe><br \/>\n<strong><\/strong><\/p>\n<p>&nbsp;<\/p>\n<p><strong><span style=\"font-size: large;\">7. El Rey y el s\u00fabdito Hermida<\/span><\/strong><\/p>\n<p><span style=\"font-size: large;\">El Rey, en plena operaci\u00f3n lavado de imagen tras las noticias en torno a su yerno, I\u00f1aki Urdangarin, y la pol\u00e9mica por el accidente en Botswana mientras cazaba elefantes, decidi\u00f3 conceder una entrevista en televisi\u00f3n, en la que curiosamente ninguno de estos temas fueron mencionados. Jes\u00fas Hermida subi\u00f3 a palacio para formularle las preguntas pertinentes y a hacerle las oportunas reverencias.<\/span><\/p>\n<p>&nbsp;<\/p>\n<p><iframe loading=\"lazy\" src=\"\/\/www.youtube.com\/embed\/LHsgsX9FPR4\" frameborder=\"0\" width=\"560\" height=\"315\"><\/iframe><\/p>\n<p>&nbsp;<\/p>\n<p><strong><span style=\"font-size: large;\">8. Nunca se puede depilar mientras se prepara la merienda<\/span><\/strong><\/p>\n<p><span style=\"font-size: large;\">Cuatro renov\u00f3 su <a href=\"https:\/\/blogs.lasprovincias.es\/elsindromededarrin\/2012\/09\/25\/quien-quiere-casarse-con-esto-que-me-ha-tocado-por-hijo\/\" target=\"_blank\">galer\u00eda de tr\u00f3spidos<\/a>. Entre los que buscaron pareja esta temporada estaba Javi, que se defin\u00eda como lanzafuegos y muy heterosexual. Como todos los participantes acudi\u00f3 al programa en compa\u00f1\u00eda de su madre, a la que no dudaba en pedirle ayuda para todo. Lo mismo le echaba una mano prepar\u00e1ndole la merienda que a la hora de depilarle el culo, esas cosas cotidianas que hace cualquier madre con su hijo muy heterosexual.<\/span><\/p>\n<p>&nbsp;<\/p>\n<p><iframe loading=\"lazy\" src=\"\/\/www.cuatro.com\/video\/video-embed.html?contentId=MDSVID20120620_0005&#038;showTitle=1&#038;showSummary=1&#038;width=533&#038;height=300\" frameborder=\"0\" width=\"533\" height=\"300\"><\/iframe><\/p>\n<p>&nbsp;<\/p>\n<p><strong><span style=\"font-size: large;\">9. Las ni\u00f1as bien no usan minifalda<\/span><\/strong><\/p>\n<p><span style=\"font-size: large;\">Mucho se ha comentado el cambio de rumbo de los informativos de Televisi\u00f3n Espa\u00f1ola, que le han provocado <a href=\"https:\/\/blogs.lasprovincias.es\/elsindromededarrin\/2013\/02\/25\/ana-blanco-destronada\/\" target=\"_blank\">perder el liderazgo de audiencia<\/a> que hasta ahora consegu\u00edan cada mes. Posiblemente no ha ayudado mucho la selecci\u00f3n de <a href=\"https:\/\/blogs.lasprovincias.es\/elsindromededarrin\/2013\/05\/15\/las-minifaldas-de-ana-blanco\/\" target=\"_blank\">algunos de los temas que conforman su escaleta<\/a>. Entre los m\u00e1s comentados estuvo ese reportaje de investigaci\u00f3n sobre c\u00f3mo provocan las j\u00f3venes de hoy en d\u00eda por ponerse minifalda o por ense\u00f1ar los hombros. Y es que de toda la vida se ha dicho que es mejor sugerir\u00a0<\/span><span style=\"font-size: large;\">que mostrar.<\/span><\/p>\n<p>&nbsp;<\/p>\n<div class=\"VideoContainer f16x9\" data-idmanager=\"default\" data-location=\"embed_videos\" data-permalink=\"http:\/\/www.rtve.es\/alacarta\/videos\/telediario\/taller-pedagogos-recomiendan-poner-ninos-frente-espejo\/1818765\/\" data-assetid=\"1818765_es_videos\" data-sust=\"false\"><span class=\"hddn\" style=\"display: none;\">En un taller de pedagogos recomiendan qu\u00e9 poner a los ni\u00f1os frente al espejo<\/span><object width=\"425\" height=\"239\" classid=\"clsid:d27cdb6e-ae6d-11cf-96b8-444553540000\" codebase=\"http:\/\/download.macromedia.com\/pub\/shockwave\/cabs\/flash\/swflash.cab#version=6,0,40,0\"><param name=\"allowScriptAccess\" value=\"always\" \/><param name=\"allowFullScreen\" value=\"true\" \/><param name=\"flashvars\" value=\"assetID=1818765_es_videos&#038;location=embed_videos\" \/><param name=\"wmode\" value=\"opaque\" \/><param name=\"quality\" value=\"high\" \/><param name=\"src\" value=\"http:\/\/www.rtve.es\/swf\/4.2.8\/RTVEPlayerVideo.swf\" \/><param name=\"allowscriptaccess\" value=\"always\" \/><param name=\"allowfullscreen\" value=\"true\" \/><embed width=\"425\" height=\"239\" type=\"application\/x-shockwave-flash\" src=\"\/\/www.rtve.es\/swf\/4.2.8\/RTVEPlayerVideo.swf\" allowScriptAccess=\"always\" allowFullScreen=\"true\" flashvars=\"assetID=1818765_es_videos&#038;location=embed_videos\" wmode=\"opaque\" quality=\"high\" allowscriptaccess=\"always\" allowfullscreen=\"true\" \/><!--  solo video--><a href=\"http:\/\/www.rtve.es\/alacarta\/videos\/telediario\/taller-pedagogos-recomiendan-poner-ninos-frente-espejo\/1818765\/\" rel=\"external nofollow\"><span class=\"videoplay\"><strong>Ver v\u00eddeo<\/strong><\/span><img width=\"425\" src=\"\/\/img.irtve.es\/imagenes\/debo-poner-verano\/1368540736379.jpg\" alt=\"En un taller de pedagogos recomiendan qu\u00e9 poner a los ni\u00f1os frente al espejo\" title=\"En un taller de pedagogos recomiendan qu\u00e9 poner a los ni\u00f1os frente al espejo\" class=\"jsResizeImage\" \/><\/a><\/object><\/div>\n<p>&nbsp;<\/p>\n<p><strong><span style=\"font-size: large;\">10. \u00bfEs el enemigo? No, soy su hermano<\/span><\/strong><\/p>\n<p><span style=\"font-size: large;\">Jordi\u00a0\u00c9vole rescat\u00f3 del olvido el caso del accidente del metro de Valencia. Con el fin de ofrecer todos los puntos de vista sobre lo que sucedi\u00f3 el presentador de &#8216;Salvados&#8217; quiso contar con la opini\u00f3n de Juan Cotino, que era conseller en aquella \u00e9poca. El tema era suficientemente serio como para que no se colase ninguna nota de humor. A\u00fan as\u00ed el momento en que \u00c9vole intent\u00f3 contactar con \u00e9l por tel\u00e9fono result\u00f3 de lo m\u00e1s surrealista. Ni Gila en sus mejores tiempos.<\/span><\/p>\n<p>&nbsp;<\/p>\n<div style=\"width: 410px; height: 267px; margin: 10px auto;\"><object width=\"410\" height=\"267\" classid=\"clsid:d27cdb6e-ae6d-11cf-96b8-444553540000\" codebase=\"http:\/\/download.macromedia.com\/pub\/shockwave\/cabs\/flash\/swflash.cab#version=6,0,40,0\"><param name=\"allowScriptAccess\" value=\"always\" \/><param name=\"quality\" value=\"high\" \/><param name=\"scale\" value=\"noscale\" \/><param name=\"allowFullScreen\" value=\"true\" \/><param name=\"FlashVars\" value=\"xml=http:\/\/www.antena3.com\/videoxml\/60000001\/60000004\/70000021\/2013\/04\/29\/00051.xml\" \/><param name=\"src\" value=\"http:\/\/www.lasexta.com\/static\/swf\/laSextaVideo.swf\" \/><param name=\"allowscriptaccess\" value=\"always\" \/><param name=\"allowfullscreen\" value=\"true\" \/><param name=\"pluginspage\" value=\"http:\/\/www.macromedia.com\/go\/getflashplayer\" \/><param name=\"flashvars\" value=\"xml=http:\/\/www.antena3.com\/videoxml\/60000001\/60000004\/70000021\/2013\/04\/29\/00051.xml\" \/><embed width=\"410\" height=\"267\" type=\"application\/x-shockwave-flash\" src=\"\/\/www.lasexta.com\/static\/swf\/laSextaVideo.swf\" allowScriptAccess=\"always\" quality=\"high\" scale=\"noscale\" allowFullScreen=\"true\" FlashVars=\"xml=http:\/\/www.antena3.com\/videoxml\/60000001\/60000004\/70000021\/2013\/04\/29\/00051.xml\" allowscriptaccess=\"always\" allowfullscreen=\"true\" pluginspage=\"http:\/\/www.macromedia.com\/go\/getflashplayer\" flashvars=\"xml=http:\/\/www.antena3.com\/videoxml\/60000001\/60000004\/70000021\/2013\/04\/29\/00051.xml\" \/><\/object><\/div>\n<p>&nbsp;<\/p>\n<p><strong><span style=\"font-size: large;\">Bonus: No dej\u00e9is a Paula V\u00e1zquez sola en twitter<\/span><\/strong><\/p>\n<p><span style=\"font-size: large;\">De los creadores de Bisbal y las pir\u00e1mides de Egipto, de Ca\u00f1izares y las fotos en la ducha, y de Elena Valenciano y la belleza de Ribery lleg\u00f3 un nuevo cap\u00edtulo con Paula V\u00e1zquez publicando por error su n\u00famero de tel\u00e9fono en la red. Es verdad que esto no es un momento cat\u00f3dico como tal pero sirve como ejemplo de la cada vez m\u00e1s estrecha relaci\u00f3n que los televisivos mantienen con Twitter. La presentadora sinti\u00f3 la necesidad de mostrar un parte m\u00e9dico, porque l\u00f3gicamente era informaci\u00f3n que ninguno de sus seguidores pod\u00eda perderse y, sin darse cuenta, dej\u00f3 al descubierto su n\u00famero de m\u00f3vil. Y claro las llamadas no tardaron en comenzar. Antes estaban las tarifas ardilla, ballena y delf\u00edn. Desde que Paula public\u00f3 su m\u00f3vil las compa\u00f1\u00edas promocionaron tambi\u00e9n la tarifa V\u00e1zquez&#8230; No es de extra\u00f1ar que tuviese que aguantar m\u00e1s de una broma al respecto.<\/span><\/p>\n<p>&nbsp;<\/p>\n<p><iframe loading=\"lazy\" src=\"\/\/www.youtube.com\/embed\/egUFSI8JH_Q\" frameborder=\"0\" width=\"420\" height=\"315\"><\/iframe><\/p>\n<p>&nbsp;<\/p>\n<p><span style=\"font-size: medium;\">Puedes repasar <a href=\"https:\/\/blogs.lasprovincias.es\/elsindromededarrin\/2012\/07\/12\/del-culo-de-mercedes-mila-al-gafe-de-pilar-rubio\/\" target=\"_blank\">los momentos de los que m\u00e1s se habl\u00f3 en el temporada 2011-2012<\/a>, as\u00ed como otros <a href=\"https:\/\/blogs.lasprovincias.es\/elsindromededarrin\/darrinazos\/\" target=\"_blank\">darrinazos<\/a> televisivos.<\/span><\/p>\n<p>&nbsp;<\/p>\n<p><em>T\u00edtulos de cr\u00e9dito: Para quejas, sugerencias y otras necesidades humanas mi correo es mlabastida@lasprovincias.es<\/em><\/p>\n<p>&nbsp;<\/p>\n<p><span style=\"font-size: medium;\"><strong><br \/>\n<\/strong><\/span><\/p>\n<!-- AddThis Advanced Settings generic via filter on the_content --><!-- AddThis Share Buttons generic via filter on the_content -->","protected":false},"excerpt":{"rendered":"<p>&#8220;As\u00ed son las cosas y as\u00ed se las hemos contado&#8221; Luis Mari\u00f1as \u00a0\u00a0 &nbsp; \u00bfQu\u00e9 tienen en com\u00fan Anne Igartiburu y Falete? Aparentemente poco. Sin embargo ambos protagonizaron\u00a0dos de los momentos televisivos m\u00e1s comentados de la temporada 2012\/2013. Esta se cierra\u00a0con dos\u00a0espacios convertidos en fen\u00f3menos indiscutibles, &#8216;La voz&#8216; (el concurso ciego de Telecinco), y &#8216;Masterchef&#8216; [&hellip;]<!-- AddThis Advanced Settings generic via filter on get_the_excerpt --><!-- AddThis Share Buttons generic via filter on get_the_excerpt --><\/p>\n","protected":false},"author":29,"featured_media":0,"comment_status":"open","ping_status":"open","sticky":false,"template":"","format":"standard","meta":[],"categories":[2],"tags":[47,51,289,301,351,500,600,662,786],"_links":{"self":[{"href":"https:\/\/blogs.lasprovincias.es\/elsindromededarrin\/wp-json\/wp\/v2\/posts\/862"}],"collection":[{"href":"https:\/\/blogs.lasprovincias.es\/elsindromededarrin\/wp-json\/wp\/v2\/posts"}],"about":[{"href":"https:\/\/blogs.lasprovincias.es\/elsindromededarrin\/wp-json\/wp\/v2\/types\/post"}],"author":[{"embeddable":true,"href":"https:\/\/blogs.lasprovincias.es\/elsindromededarrin\/wp-json\/wp\/v2\/users\/29"}],"replies":[{"embeddable":true,"href":"https:\/\/blogs.lasprovincias.es\/elsindromededarrin\/wp-json\/wp\/v2\/comments?post=862"}],"version-history":[{"count":0,"href":"https:\/\/blogs.lasprovincias.es\/elsindromededarrin\/wp-json\/wp\/v2\/posts\/862\/revisions"}],"wp:attachment":[{"href":"https:\/\/blogs.lasprovincias.es\/elsindromededarrin\/wp-json\/wp\/v2\/media?parent=862"}],"wp:term":[{"taxonomy":"category","embeddable":true,"href":"https:\/\/blogs.lasprovincias.es\/elsindromededarrin\/wp-json\/wp\/v2\/categories?post=862"},{"taxonomy":"post_tag","embeddable":true,"href":"https:\/\/blogs.lasprovincias.es\/elsindromededarrin\/wp-json\/wp\/v2\/tags?post=862"}],"curies":[{"name":"wp","href":"https:\/\/api.w.org\/{rel}","templated":true}]}}