{"id":890,"date":"2013-08-19T10:05:35","date_gmt":"2013-08-19T10:05:35","guid":{"rendered":"http:\/\/blogs.lasprovincias.es\/elsindromededarrin\/?p=890"},"modified":"2013-08-19T10:05:35","modified_gmt":"2013-08-19T10:05:35","slug":"el-abecedario-de-las-series-2","status":"publish","type":"post","link":"https:\/\/blogs.lasprovincias.es\/elsindromededarrin\/2013\/08\/19\/el-abecedario-de-las-series-2\/","title":{"rendered":"El abecedario de las series (II)"},"content":{"rendered":"<p style=\"text-align: right;\"><span style=\"font-size: small;\"><strong>&#8220;La televisi\u00f3n es un parque de atracciones. Es una f\u00e1brica para matar el aburrimiento&#8221;<\/strong><\/span><\/p>\n<p style=\"text-align: right;\"><span style=\"font-size: small;\">Sidney Lumet<\/span><\/p>\n<p>&nbsp;<\/p>\n<p><span style=\"font-size: large;\">Proseguimos con el repaso de los\u00a026 t\u00edtulos extranjeros que ya deber\u00edas haber visto, el gran abecedario de las series (de la A a la Z). Para todos aquellos amantes de la ficci\u00f3n que quieran aprovechar el verano para ponerse al d\u00eda con las series que todav\u00eda no han podido ver.\u00a0<\/span><\/p>\n<p><span style=\"font-size: large;\">Si te perdiste la primera entrega <a href=\"https:\/\/blogs.lasprovincias.es\/elsindromededarrin\/2013\/08\/07\/el-abecedario-de-las-series\/\" target=\"_blank\">pincha en este enlace para descubrir los t\u00edtulos se\u00f1alados de la A a la M<\/a>. Si ya los viste contin\u00faa ahora con el resto de letras.<\/span><\/p>\n<p>&nbsp;<\/p>\n<p style=\"text-align: center;\"><strong>\u00a0Pulsa en cada imagen para ver un v\u00eddeo de la serie y sobre los enlaces para obtener m\u00e1s informaci\u00f3n y el modo de conseguirlas.<\/strong><\/p>\n<p>&nbsp;<\/p>\n<p><a href=\"http:\/\/www.youtube.com\/watch?v=Mclbv-E_1y8\" target=\"_blank\" rel=\"external nofollow\"><img loading=\"lazy\" src=\"\/elsindromededarrin\/wp-content\/uploads\/sites\/21\/2013\/05\/nip-tuck-nip-tuck-10089053-1600-1200.jpg\" alt=\"\" width=\"560\" height=\"320\" \/><\/a><\/p>\n<p>&nbsp;<\/p>\n<p><span style=\"font-size: large;\">El peor castigo de dos vendedores de felicidad a trav\u00e9s del culto al cuerpo es quedarse atrapados por la mercanc\u00eda que dispensan. Es lo que les sucede a los cirujanos McNamara y Troy, que regentan una cl\u00ednica en Miami, en la que convierten en realidad las fantas\u00edas de cientos de pacientes y se encargan de disimular sus excrementos y tragedias. &#8216;<a href=\"http:\/\/www.zonadvd.com\/modules.php?name=News&#038;file=article&#038;sid=27246\" target=\"_blank\" rel=\"external nofollow\">Nip\/Tuck<\/a>&#8216; fue c\u00ednica, impredecible, loca y provocadora. L\u00e1stima que acabase convirti\u00e9ndose en una parodia de s\u00ed misma.<\/span><\/p>\n<p>&nbsp;<\/p>\n<p><span style=\"font-size: large;\"><strong>Las otras\u00a0<span style=\"color: #ff0000;\">N<\/span><\/strong>:\u00a0<a href=\"http:\/\/www.filmaffinity.com\/es\/film559032.html\" target=\"_blank\" rel=\"external nofollow\"><span style=\"color: #ff0000;\"><strong>N<\/strong><\/span>ashville<\/a>,\u00a0<a href=\"http:\/\/cine.fnac.es\/a402446\/Pack-Nurse-Jackie-1\u00aa-Temporada-sin-especificar\" target=\"_blank\" rel=\"external nofollow\"><span style=\"color: #ff0000;\"><strong>N<\/strong><\/span>urse Jackie<\/a>,\u00a0<a href=\"http:\/\/cine.fnac.es\/a833520\/Pack-New-Girl-1\u00aa-Temporada-sin-especificar\" target=\"_blank\" rel=\"external nofollow\"><span style=\"color: #ff0000;\"><strong>N<\/strong><\/span>ew Girl<\/a>,\u00a0<a href=\"http:\/\/cine.fnac.es\/a700583\/Pack-Nikita-1\u00aa-Temporada-sin-especificar\" target=\"_blank\" rel=\"external nofollow\"><span style=\"color: #ff0000;\"><strong>N<\/strong><\/span>ikita<\/a>,\u00a0<a href=\"http:\/\/www.elcorteingles.es\/tienda\/cine\/browse\/productDetailCultural.jsp?categoryId=999.468&#038;productId=A2003992\" target=\"_blank\" rel=\"external nofollow\"><span style=\"color: #ff0000;\"><strong>N<\/strong><\/span>orte y Sur<\/a><\/span><\/p>\n<p><span style=\"font-size: large;\"><strong>La\u00a0<span style=\"color: #ff0000;\">N<\/span>\u00a0espa\u00f1ola<\/strong>:\u00a0<a href=\"http:\/\/www.filmaffinity.com\/es\/film970106.html\" target=\"_blank\" rel=\"external nofollow\"><span style=\"color: #ff0000;\"><strong>N<\/strong><\/span>inette y un se\u00f1or de Murcia<\/a><\/span><\/p>\n<p>&nbsp;<\/p>\n<p>&nbsp;<\/p>\n<p><a href=\"http:\/\/www.youtube.com\/watch?v=A3tDndqtNK4\" target=\"_blank\" rel=\"external nofollow\"><img loading=\"lazy\" src=\"\/elsindromededarrin\/wp-content\/uploads\/sites\/21\/2013\/05\/ozz1.jpg\" alt=\"\" width=\"560\" height=\"333\" \/><\/a><\/p>\n<p><span style=\"font-size: large;\">HBO exist\u00eda antes de emitir &#8216;<a href=\"http:\/\/cine.fnac.es\/a123567\/Pack-Los-Soprano-Coleccion-completa-sin-especificar\" target=\"_blank\" rel=\"external nofollow\">Los Soprano<\/a>&#8216; o &#8216;<a href=\"http:\/\/busqueda.fnac.es\/Search\/SearchResult.aspx?SCat=4%211&#038;Search=a+dos+metros+bajo+tierra&#038;sft=1&#038;submitbtn=OK\" target=\"_blank\" rel=\"external nofollow\">A dos metros bajo tierra<\/a>&#8216;, aunque casi nadie lo recuerde. Y era capaz de fabricar joyas de esas a las que nos tiene acostumbrados. Prueba de ello es &#8216;<a href=\"http:\/\/www.seriestop.com\/show\/oz.html\" target=\"_blank\" rel=\"external nofollow\">Oz<\/a>&#8216;, un mundo violento, salvaje, iracundo, un mundo entre rejas, sin reglas, sin valores. Un mundo que poco tiene que ver con Dorothy y sus zapatos rojos.<\/span><\/p>\n<p>&nbsp;<\/p>\n<p><span style=\"font-size: large;\"><strong>Las otras\u00a0<span style=\"color: #ff0000;\">O<\/span><\/strong>:\u00a0<a href=\"http:\/\/cine.fnac.es\/a139867\/Pack-The-O-C-La-serie-completa-Temporadas-1-4-sin-especificar\" target=\"_blank\" rel=\"external nofollow\">The\u00a0<span style=\"color: #ff0000;\"><strong>O<\/strong><\/span>C<\/a>,\u00a0<a href=\"http:\/\/busqueda.fnac.es\/Search\/SearchResult.aspx?SCat=4%211&#038;Search=one+tree+hill&#038;sft=1&#038;submitbtn=OK\" target=\"_blank\" rel=\"external nofollow\"><span style=\"color: #ff0000;\"><strong>O<\/strong><\/span>ne Tree Hill<\/a>,\u00a0<a href=\"http:\/\/www.filmaffinity.com\/es\/film182403.html\" target=\"_blank\" rel=\"external nofollow\"><span style=\"color: #ff0000;\"><strong>O<\/strong><\/span>rzowei<\/a>,\u00a0<a href=\"http:\/\/www.filmaffinity.com\/es\/film356263.html\" target=\"_blank\" rel=\"external nofollow\"><span style=\"color: #ff0000;\"><strong>O<\/strong><\/span>ctober Road<\/a>, <a href=\"http:\/\/www.filmaffinity.com\/es\/film233858.html\" target=\"_blank\" rel=\"external nofollow\"><span style=\"color: #ff0000;\"><strong>O<\/strong><\/span>range is the new black<\/a><\/span><\/p>\n<p><span style=\"font-size: large;\"><strong>La\u00a0<span style=\"color: #ff0000;\">O<\/span>\u00a0espa\u00f1ola<\/strong>:\u00a0<a href=\"http:\/\/www.rtve.es\/television\/operacion-jaque\/\" target=\"_blank\" rel=\"external nofollow\"><span style=\"color: #ff0000;\"><strong>O<\/strong><\/span>peraci\u00f3n Jaque<\/a><\/span><\/p>\n<p>&nbsp;<\/p>\n<p>&nbsp;<\/p>\n<p><a href=\"http:\/\/www.youtube.com\/watch?v=ZZ_JdKsUYZA\" target=\"_blank\" rel=\"external nofollow\"><img loading=\"lazy\" src=\"\/elsindromededarrin\/wp-content\/uploads\/sites\/21\/2013\/05\/Lost.jpg\" alt=\"\" width=\"560\" height=\"263\" \/><\/a><\/p>\n<p>&nbsp;<\/p>\n<p><span style=\"font-size: large;\">Hubo una vez una isla m\u00e1gica, con poderes. Capaz de curar, de encerrar, de cambiar las vidas. La isla nos atrap\u00f3 a todos y, aunque al final no nos proporcion\u00f3 todo lo que esper\u00e1bamos, durante a\u00f1os cre\u00edmos en ella. &#8216;<a href=\"http:\/\/cine.fnac.es\/a663186\/Pack-Perdidos-Serie-completa-sin-especificar\" target=\"_blank\" rel=\"external nofollow\">Perdidos<\/a>&#8216; fue tramposa casi desde el principio y a\u00fan as\u00ed todos de vez en cuando, como Jack, gritamos: &#8220;Tenemos que volver Kate, tenemos que volver&#8221;.\u00a0<\/span><\/p>\n<p>&nbsp;<\/p>\n<p><span style=\"font-size: large;\"><strong>Las otras\u00a0<span style=\"color: #ff0000;\">P<\/span><\/strong>:\u00a0<a href=\"http:\/\/cine.fnac.es\/a343304\/Pack-Prison-Break-Serie-completa-sin-especificar\" target=\"_blank\" rel=\"external nofollow\"><span style=\"color: #ff0000;\"><strong>P<\/strong><\/span>rison Break<\/a>,\u00a0<a href=\"http:\/\/www.filmaffinity.com\/es\/film225440.html\" target=\"_blank\" rel=\"external nofollow\">El\u00a0<span style=\"color: #ff0000;\"><strong>P<\/strong><\/span>r\u00edncipe de Bel Air<\/a>,\u00a0<a href=\"http:\/\/www.filmaffinity.com\/es\/film990974.html\" target=\"_blank\" rel=\"external nofollow\"><span style=\"color: #ff0000;\"><strong>P<\/strong><\/span>adres Forzosos<\/a>,\u00a0<a href=\"http:\/\/cine.fnac.es\/a811300\/Pack-Vigilados-Person-Of-Interest-1\u00aa-Temporada-sin-especificar\" target=\"_blank\" rel=\"external nofollow\"><span style=\"color: #ff0000;\"><strong>P<\/strong><\/span>erson of Interest<\/a>,\u00a0<a href=\"http:\/\/busqueda.fnac.es\/Search\/SearchResult.aspx?SCat=4%211&#038;Search=padre+de+familia&#038;sft=1&#038;submitbtn=OK\" target=\"_blank\" rel=\"external nofollow\"><span style=\"color: #ff0000;\"><strong>P<\/strong><\/span>adre de Familia<\/a><\/span><\/p>\n<p><span style=\"font-size: large;\"><strong>La\u00a0<span style=\"color: #ff0000;\">P<\/span>\u00a0espa\u00f1ola<\/strong>:\u00a0<a href=\"http:\/\/www.youtube.com\/watch?v=7IsOD8wDvqw\" target=\"_blank\" rel=\"external nofollow\"><span style=\"color: #ff0000;\"><strong>P<\/strong><\/span>epa y Pepe<\/a><\/span><\/p>\n<p>&nbsp;<\/p>\n<p>&nbsp;<\/p>\n<p><a href=\"http:\/\/www.youtube.com\/watch?v=WWz-uOE-qTo\" target=\"_blank\" rel=\"external nofollow\"><img loading=\"lazy\" src=\"\/elsindromededarrin\/wp-content\/uploads\/sites\/21\/2013\/05\/queer_as_folk_us_accueil101.jpg\" alt=\"\" width=\"560\" height=\"307\" \/><\/a><\/p>\n<p>&nbsp;<\/p>\n<p><span style=\"font-size: large;\">Ni el m\u00e9dico de &#8216;<a href=\"http:\/\/www.filmaffinity.com\/es\/film537307.html\" target=\"_blank\" rel=\"external nofollow\">Melrose place<\/a>&#8216; ni el hijo de Blake Carrington, los primeros\u00a0<a href=\"https:\/\/blogs.lasprovincias.es\/elsindromededarrin\/2012\/10\/04\/papa-es-gay\/\" target=\"_blank\">gays que se asomaron a la pantalla sin tapujos<\/a>\u00a0ni remilgos fueron los de &#8216;<a href=\"http:\/\/www.amazon.es\/Queer-Folk-Serie-Completa-DVD\/dp\/B0053CA2SK\" target=\"_blank\" rel=\"external nofollow\">Queer as Folk<\/a>&#8216;. Pasearon por el Babyloon su libertad, sus problemas, sus conquistas y, aunque cayeron en estereotipos y t\u00f3picos, abrieron una puerta en la peque\u00f1a pantalla a la visibilidad, de la que despu\u00e9s se han aprovechado otros t\u00edtulos.<\/span><\/p>\n<p>&nbsp;<\/p>\n<p><span style=\"font-size: large;\"><strong>Las otras\u00a0<span style=\"color: #ff0000;\">Q<\/span><\/strong>:\u00a0<a href=\"http:\/\/www.imdb.com\/title\/tt0105937\/\" target=\"_blank\" rel=\"external nofollow\"><span style=\"color: #ff0000;\"><strong>Q<\/strong><\/span>ueen<\/a><\/span><\/p>\n<p><span style=\"font-size: large;\"><strong>La\u00a0<span style=\"color: #ff0000;\">Q<\/span>\u00a0espa\u00f1ola<\/strong>:\u00a0<a href=\"http:\/\/cine.fnac.es\/a633211\/Pack-Que-fue-de-Jorge-Sanz-sin-especificar\" target=\"_blank\" rel=\"external nofollow\"><span style=\"color: #ff0000;\"><strong>Q<\/strong><\/span>u\u00e9 fue de Jorge Sanz<\/a><\/span><\/p>\n<p>&nbsp;<\/p>\n<p>&nbsp;<\/p>\n<p><a href=\"http:\/\/www.youtube.com\/watch?v=RYsMO3rBtYY\" target=\"_blank\" rel=\"external nofollow\"><img loading=\"lazy\" src=\"\/elsindromededarrin\/wp-content\/uploads\/sites\/21\/2013\/05\/cast.jpg\" alt=\"\" width=\"560\" height=\"351\" \/><\/a><\/p>\n<p>&nbsp;<\/p>\n<p><span style=\"font-size: large;\">Mucho antes de que &#8216;<a href=\"http:\/\/busqueda.fnac.es\/Search\/SearchResult.aspx?SCat=4%211&#038;Search=downton&#038;sft=1&#038;submitbtn=OK\" target=\"_blank\" rel=\"external nofollow\">Downton Abbey<\/a>&#8216; se asomase a nuestros hogares los brit\u00e1nicos ya nos hab\u00edan demostrado que eran capaces de producir historias con un gusto delicioso y que dominaban mejor que nadie la insinuaci\u00f3n y la sutilidad. Lo hicieron con &#8216;<a href=\"http:\/\/cine.fnac.es\/a337153\/Pack-Retorno-a-Brideshead-Edicion-restaurada-sin-especificar\" target=\"_blank\" rel=\"external nofollow\">Retorno a Brideshead<\/a>&#8216;, por ejemplo, una estupenda adaptaci\u00f3n de la novela de Evelyn Waugh, que narra la amistad entre dos amigos a trav\u00e9s de un ambiente aristocr\u00e1tico en el que entra Charles Ryder, seducido por la alocada vida de Sebastian.<\/span><\/p>\n<p>&nbsp;<\/p>\n<p><span style=\"font-size: large;\"><strong>Las otras\u00a0<span style=\"color: #ff0000;\">R<\/span><\/strong>:\u00a0<a href=\"http:\/\/www.filmaffinity.com\/es\/film423170.html\" target=\"_blank\" rel=\"external nofollow\"><span style=\"color: #ff0000;\"><strong>R<\/strong><\/span>emington Steele<\/a>,\u00a0<a href=\"http:\/\/www.filmaffinity.com\/es\/film386599.html\" target=\"_blank\" rel=\"external nofollow\"><span style=\"color: #ff0000;\"><strong>R<\/strong><\/span>ubicon<\/a>,\u00a0<a href=\"http:\/\/www.elcorteingles.es\/tienda\/cine\/browse\/productDetailCultural.jsp?categoryId=999.468&#038;productId=A3866628\" target=\"_blank\" rel=\"external nofollow\"><span style=\"color: #ff0000;\"><strong>R<\/strong><\/span>oma<\/a>,\u00a0<a href=\"http:\/\/www.filmaffinity.com\/es\/film259402.html\" target=\"_blank\" rel=\"external nofollow\"><span style=\"color: #ff0000;\"><strong>R<\/strong><\/span>aising Hope<\/a>,\u00a0<a href=\"http:\/\/www.elcorteingles.es\/tienda\/cine\/browse\/productDetailCultural.jsp?productId=A9308182&#038;categoryId=999.468&#038;navAction=jump&#038;navCount=0&#038;isProduct=true&#038;_requestid=437680\" target=\"_blank\" rel=\"external nofollow\">Los\u00a0<span style=\"color: #ff0000;\"><strong>R<\/strong><\/span>oper<\/a><\/span><\/p>\n<p><span style=\"font-size: large;\"><strong>La\u00a0<span style=\"color: #ff0000;\">R<\/span>\u00a0espa\u00f1ola<\/strong>:\u00a0<a href=\"http:\/\/www.filmaffinity.com\/es\/film593191.html\" target=\"_blank\" rel=\"external nofollow\"><span style=\"color: #ff0000;\"><strong>R<\/strong><\/span>aquel busca su sitio<\/a><\/span><\/p>\n<p>&nbsp;<\/p>\n<p>&nbsp;<\/p>\n<p><a href=\"http:\/\/www.youtube.com\/watch?v=kbOi-4yePTM\" target=\"_blank\" rel=\"external nofollow\"><img loading=\"lazy\" src=\"\/elsindromededarrin\/wp-content\/uploads\/sites\/21\/2013\/05\/Soprsnos-S5-Power-12.jpg\" alt=\"\" width=\"560\" height=\"274\" \/><\/a><\/p>\n<p>&nbsp;<\/p>\n<p><span style=\"font-size: large;\">Tony\u00a0<a href=\"http:\/\/cine.fnac.es\/a123567\/Pack-Los-Soprano-Coleccion-completa-sin-especificar\" target=\"_blank\" rel=\"external nofollow\">Soprano<\/a>\u00a0es un padre de familia, preocupado por que no les falte nada a los suyos, agobiado por los problemas de sus hijos, que batalla por mantener su matrimonio. Un tipo cualquiera si no fuese porque, adem\u00e1s de ser el patriarca de un clan com\u00fan, lo es tambi\u00e9n de uno de la mafia, de la de Nueva Jersey que \u00e9l mismo controla. Y aunque un tipo as\u00ed deber\u00eda producirnos rechazo y aversi\u00f3n logra convertirse en un ser entra\u00f1able que, a pesar del mundo del que se rodea y de los salvajes\u00a0<a href=\"https:\/\/blogs.lasprovincias.es\/elsindromededarrin\/2012\/10\/01\/sobrevivir-a-los-soprano\/\" target=\"_blank\">m\u00e9todos que utiliza para sobrevivir,<\/a>\u00a0nos hace plantearnos si nuestra moral reside en el lugar adecuado. \u00a0<\/span><\/p>\n<p>&nbsp;<\/p>\n<p><span style=\"font-size: large;\"><strong>Las otras\u00a0<span style=\"color: #ff0000;\">S<\/span><\/strong>:\u00a0<a href=\"http:\/\/www.elcorteingles.es\/tienda\/cine\/browse\/productDetailCultural.jsp?categoryId=999.468&#038;productId=A3862892\" target=\"_blank\" rel=\"external nofollow\"><span style=\"color: #ff0000;\"><strong>S<\/strong><\/span>exo en Nueva York<\/a>,\u00a0<a href=\"http:\/\/www.elcorteingles.es\/tienda\/cine\/facet\/facetGlossary.jsp?removeAllFacets=true&#038;addFacet=SRCH%3aseinfeld&#038;facetTrail=SRCH%3aseinfeld&#038;trailSize=1&#038;pageSize=&#038;search=busqueda&#038;_requestid=438847\" target=\"_blank\" rel=\"external nofollow\"><span style=\"color: #ff0000;\"><strong>S<\/strong><\/span>einfeld<\/a>,\u00a0<a href=\"http:\/\/www.elcorteingles.es\/tienda\/cine\/facet\/facetGlossary.jsp?removeAllFacets=true&#038;addFacet=SRCH%3ashield&#038;facetTrail=SRCH%3ashield&#038;trailSize=1&#038;pageSize=&#038;search=busqueda&#038;_requestid=438644\" target=\"_blank\" rel=\"external nofollow\">The\u00a0<span style=\"color: #ff0000;\"><strong>S<\/strong><\/span>hield<\/a>,\u00a0<a href=\"http:\/\/www.filmaffinity.com\/es\/film571431.html\" target=\"_blank\" rel=\"external nofollow\"><span style=\"color: #ff0000;\"><strong>S<\/strong><\/span>alvados por la Campana<\/a>,\u00a0<a href=\"http:\/\/www.elcorteingles.es\/tienda\/cine\/facet\/facetGlossary.jsp?removeAllFacets=true&#038;addFacet=SRCH%3asimpson&#038;facetTrail=SRCH%3asimpson&#038;trailSize=1&#038;pageSize=&#038;search=busqueda&#038;_requestid=439008\" target=\"_blank\" rel=\"external nofollow\">Los\u00a0<span style=\"color: #ff0000;\"><strong>S<\/strong><\/span>impson<\/a><\/span><\/p>\n<p><span style=\"font-size: large;\"><strong>La\u00a0<span style=\"color: #ff0000;\">S<\/span>\u00a0espa\u00f1ola<\/strong>:\u00a0<a href=\"http:\/\/cine.fnac.es\/a268366\/Pack-7-vidas-Estuche-Temporadas-1-9-sin-especificar\" target=\"_blank\" rel=\"external nofollow\"><span style=\"color: #ff0000;\"><strong>S<\/strong><\/span>iete Vidas<\/a><\/span><\/p>\n<p>&nbsp;<\/p>\n<p>&nbsp;<\/p>\n<p><a href=\"http:\/\/www.youtube.com\/watch?v=KFEzf9wrrdI\" target=\"_blank\" rel=\"external nofollow\"><img loading=\"lazy\" src=\"\/elsindromededarrin\/wp-content\/uploads\/sites\/21\/2013\/05\/twin-peaks-635.jpg\" alt=\"\" width=\"560\" height=\"378\" \/><\/a><\/p>\n<p>&nbsp;<\/p>\n<p><span style=\"font-size: large;\">Durante unos d\u00edas no hab\u00eda nadie en la faz de la Tierra que no se preguntase qui\u00e9n hab\u00eda matado a Laura Palmer. Poco a poco la respuesta dej\u00f3 de interesarnos. A medida que fuimos conociendo el on\u00edrico e intrigante pueblo de\u00a0<a href=\"http:\/\/cine.fnac.es\/a284822\/Pack-Twin-Peaks-Serie-completa-Edicion-definitiva-sin-especificar\" target=\"_blank\" rel=\"external nofollow\">Twin Peaks<\/a>\u00a0y a sus peculiares habitantes. La locura mejor parida de David Lynch y la madre de todas las series de la \u00faltima generaci\u00f3n.<\/span><\/p>\n<p>&nbsp;<\/p>\n<p><span style=\"font-size: large;\"><strong>Las otras\u00a0<span style=\"color: #ff0000;\">T<\/span><\/strong>:\u00a0<a href=\"http:\/\/www.elcorteingles.es\/tienda\/cine\/browse\/productDetailCultural.jsp?productId=A3863725\" target=\"_blank\" rel=\"external nofollow\"><span style=\"color: #ff0000;\"><strong>T<\/strong><\/span>reme<\/a>,\u00a0<a href=\"http:\/\/www.filmaffinity.com\/es\/film809575.html\" target=\"_blank\" rel=\"external nofollow\"><span style=\"color: #ff0000;\"><strong>T<\/strong><\/span>reintaytantos<\/a>,\u00a0<a href=\"http:\/\/www.elcorteingles.es\/tienda\/cine\/browse\/productDetailCultural.jsp?productId=A3863738&#038;categoryId=999.468&#038;isProduct=true&#038;trail=&#038;trailSize=1&#038;navAction=jump&#038;navCount=0&#038;brandId=\" target=\"_blank\" rel=\"external nofollow\">En\u00a0<span style=\"color: #ff0000;\"><strong>T<\/strong><\/span>erapia<\/a>,\u00a0<a href=\"http:\/\/www.elcorteingles.es\/tienda\/cine\/facet\/facetGlossary.jsp?removeAllFacets=true&#038;addFacet=SRCH%3atudor&#038;facetTrail=SRCH%3atudor&#038;trailSize=1&#038;pageSize=&#038;search=busqueda&#038;_requestid=313498\" target=\"_blank\" rel=\"external nofollow\">Los\u00a0<span style=\"color: #ff0000;\"><strong>T<\/strong><\/span>udor<\/a>,\u00a0<a href=\"http:\/\/www.elcorteingles.es\/tienda\/cine\/facet\/facetGlossary.jsp?removeAllFacets=true&#038;addFacet=SRCH%3atrue+blood&#038;facetTrail=SRCH%3atrue+blood&#038;trailSize=1&#038;pageSize=&#038;search=busqueda&#038;_requestid=313217\" target=\"_blank\" rel=\"external nofollow\"><span style=\"color: #ff0000;\"><strong>T<\/strong><\/span>rue Blood<\/a>, <a href=\"http:\/\/www.filmaffinity.com\/es\/film567799.html\" target=\"_blank\" rel=\"external nofollow\"><span style=\"color: #ff0000;\"><strong>T<\/strong><\/span>ell me you love me<\/a><\/span><\/p>\n<p><span style=\"font-size: large;\"><strong>La\u00a0<span style=\"color: #ff0000;\">T<\/span>\u00a0espa\u00f1ola<\/strong>:\u00a0<a href=\"http:\/\/www.rtve.es\/alacarta\/videos\/series-en-el-archivo-de-rtve\/turno-oficio-capitulo-1\/75134\/\" target=\"_blank\" rel=\"external nofollow\"><span style=\"color: #ff0000;\"><strong>T<\/strong><\/span>urno de Oficio<\/a><\/span><\/p>\n<p>&nbsp;<\/p>\n<p>&nbsp;<\/p>\n<p><a href=\"http:\/\/www.youtube.com\/watch?v=Idfw8PRqzyY\" target=\"_blank\" rel=\"external nofollow\"><img loading=\"lazy\" src=\"\/elsindromededarrin\/wp-content\/uploads\/sites\/21\/2013\/05\/tara_1.jpg\" alt=\"\" width=\"560\" height=\"315\" \/><\/a><\/p>\n<p>&nbsp;<\/p>\n<p><span style=\"font-size: large;\">El de Tara ha sido uno de los mejores papeles de Toni Collette, mucho m\u00e1s complejo y result\u00f3n que el de Muriel (eres mala Muriel, muy mala), aunque aquel lograse mayor repercusi\u00f3n y \u00e9xito. Y es una pena que &#8216;<a href=\"http:\/\/www.filmaffinity.com\/es\/film895671.html\" target=\"_blank\" rel=\"external nofollow\">United States of Tara<\/a>&#8216; pasase tan desapercibida porque Collette logr\u00f3 clavar al alma mater de una familia disfuncional que debe sortear cada d\u00eda los desarreglos de una madre aquejada por un desorden disociativo de la personalidad que provoca que una ma\u00f1ana se levante como una inaguantable adolescente, otra como un veterano de guerra y otra como una psic\u00f3loga todoterreno.<\/span><\/p>\n<p>&nbsp;<\/p>\n<p><span style=\"font-size: large;\"><strong>Las otras\u00a0<span style=\"color: #ff0000;\">U<\/span><\/strong>:\u00a0<a href=\"http:\/\/www.elcorteingles.es\/tienda\/cine\/facet\/facetGlossary.jsp?removeAllFacets=true&#038;addFacet=SRCH%3aurgencias&#038;facetTrail=SRCH%3aurgencias&#038;trailSize=1&#038;pageSize=&#038;search=busqueda&#038;_requestid=314149\" target=\"_blank\" rel=\"external nofollow\"><span style=\"color: #ff0000;\"><strong>U<\/strong><\/span>rgencias<\/a>,\u00a0<a href=\"http:\/\/www.elcorteingles.es\/tienda\/cine\/browse\/productDetailCultural.jsp?productId=A3862924&#038;categoryId=999.468&#038;isProduct=true&#038;trail=&#038;trailSize=1&#038;navAction=jump&#038;navCount=0&#038;brandId=\" target=\"_blank\" rel=\"external nofollow\"><span style=\"color: #ff0000;\"><strong>U<\/strong><\/span>gly Betty<\/a>,\u00a0<a href=\"http:\/\/www.filmaffinity.com\/es\/film296943.html\" target=\"_blank\" rel=\"external nofollow\"><span style=\"color: #ff0000;\"><strong>U<\/strong><\/span>ndercovers<\/a>,\u00a0<a href=\"http:\/\/www.filmaffinity.com\/es\/film168124.html\" target=\"_blank\" rel=\"external nofollow\"><span style=\"color: #ff0000;\"><strong>U<\/strong><\/span>topia<\/a>,\u00a0<a href=\"http:\/\/www.filmaffinity.com\/es\/film394358.html\" target=\"_blank\" rel=\"external nofollow\"><span style=\"color: #ff0000;\"><strong>U<\/strong><\/span>nder the Mountain<\/a><\/span><\/p>\n<p><span style=\"font-size: large;\"><strong>La\u00a0<span style=\"color: #ff0000;\">U<\/span>\u00a0espa\u00f1ola<\/strong>:\u00a0<a href=\"http:\/\/www.rtve.es\/alacarta\/videos\/unidad-central-operativa\/uco-adelanto-capitulo-1\/513825\/\" target=\"_blank\" rel=\"external nofollow\"><span style=\"color: #ff0000;\"><strong>U<\/strong><\/span>CO<\/a><\/span><\/p>\n<p>&nbsp;<\/p>\n<p>&nbsp;<\/p>\n<p><a href=\"http:\/\/www.youtube.com\/watch?v=Wa2aCC-1JEs\" target=\"_blank\" rel=\"external nofollow\"><img loading=\"lazy\" src=\"\/elsindromededarrin\/wp-content\/uploads\/sites\/21\/2013\/05\/4804c2d605f43.jpg\" alt=\"\" width=\"560\" height=\"280\" \/><\/a><\/p>\n<p>&nbsp;<\/p>\n<p><span style=\"font-size: large;\">Para muchos los s\u00e1bados por la tarde se interrump\u00edan cuando comenzaba &#8216;<a href=\"http:\/\/cine.fnac.es\/a50229\/Pack-V-Serie-completa-sin-especificar\" target=\"_blank\" rel=\"external nofollow\">V<\/a>&#8216;. Aunque estuviese organizado el mayor acontecimiento del mundo todo se paralizaba para acercarnos a la nave nodriza a descubrir a Diana zampando ratones, a Donovan intentando desenmascarar a los lagartos y a la ni\u00f1a de las estrellas tomando el cuerpo de una humana. Y mira que vista hoy &#8216;<a href=\"http:\/\/cine.fnac.es\/a50229\/Pack-V-Serie-completa-sin-especificar\" target=\"_blank\" rel=\"external nofollow\">V<\/a>&#8216; produce verg\u00fcenza ajena por esos efectos de andar por casa que ten\u00eda. Y a\u00fan as\u00ed siempre ser\u00e1 un emblema de nuestra infancia.<\/span><\/p>\n<p>&nbsp;<\/p>\n<p><span style=\"font-size: large;\"><strong><span style=\"color: #000000;\">Las otras\u00a0<\/span><span style=\"color: #ff0000;\">V<\/span><\/strong>:\u00a0<a href=\"http:\/\/cine.fnac.es\/a84887\/Pack-Veronica-Mars-1\u00aa-Temporada-sin-especificar\" target=\"_blank\" rel=\"external nofollow\"><span style=\"color: #ff0000;\"><strong>V<\/strong><\/span>eronica Mars<\/a>,\u00a0<a href=\"http:\/\/www.filmaffinity.com\/es\/film481346.html\" target=\"_blank\" rel=\"external nofollow\"><span style=\"color: #ff0000;\"><strong>V<\/strong><\/span>acaciones en el Mar<\/a>,\u00a0<a href=\"http:\/\/www.filmaffinity.com\/es\/film886864.html\" target=\"_blank\" rel=\"external nofollow\">Los\u00a0<span style=\"color: #ff0000;\"><strong>V<\/strong><\/span>igilantes de la Playa<\/a>,\u00a0<a href=\"http:\/\/www.filmaffinity.com\/es\/film158488.html\" target=\"_blank\" rel=\"external nofollow\"><span style=\"color: #ff0000;\"><strong>V<\/strong><\/span>alemont<\/a>,\u00a0<a href=\"http:\/\/www.filmaffinity.com\/es\/film431519.html\" target=\"_blank\" rel=\"external nofollow\"><span style=\"color: #ff0000;\"><strong>V<\/strong><\/span>ida secreta de una adolescente<\/a><\/span><\/p>\n<p><span style=\"font-size: large;\"><strong>La\u00a0<span style=\"color: #ff0000;\">V<\/span>\u00a0espa\u00f1ola<\/strong>:\u00a0<a href=\"http:\/\/www.rtve.es\/television\/verano-azul\/capitulos-completos\/\" target=\"_blank\" rel=\"external nofollow\"><span style=\"color: #ff0000;\"><strong>V<\/strong><\/span>erano Azul<\/a><\/span><\/p>\n<p>&nbsp;<\/p>\n<p>&nbsp;<\/p>\n<p><a href=\"http:\/\/www.youtube.com\/watch?v=E1ABR4UpDSU\" target=\"_blank\" rel=\"external nofollow\"><img loading=\"lazy\" src=\"\/elsindromededarrin\/wp-content\/uploads\/sites\/21\/2013\/05\/2009_10_26_PHOTOGALLERY-ef27ee9672808ab5f968753cd27c1b4a-1256574356.jpg\" alt=\"\" width=\"560\" height=\"341\" \/><\/a><\/p>\n<p>&nbsp;<\/p>\n<p><span style=\"font-size: large;\">&#8216;<a href=\"http:\/\/busqueda.cine.fnac.es\/n4562\/Series-de-TV\/The-Wire#bl=VISeries-de-TVARBO\" target=\"_blank\" rel=\"external nofollow\">The Wire<\/a>&#8216; habr\u00eda sido una muy buena serie si se hubiese centrado en los pormenores de una pandilla de delincuentes de Baltimore. Pero es excelente\u00a0<a href=\"https:\/\/blogs.lasprovincias.es\/elsindromededarrin\/2012\/05\/18\/gonzalez-pons-y-the-wire\/\" target=\"_blank\">porque fue m\u00e1s all\u00e1 y decidi\u00f3 escarbar en el sistema<\/a>\u00a0que rodea a la corrupci\u00f3n en las calles. Lo hizo con un bistur\u00ed preciso para dejar salir las verdaderas enfermedades de nuestra sociedad, los irregulares m\u00e9todos de la polic\u00eda, la falta de \u00e9tica en los medios de comunicaci\u00f3n, la deshonestidad de los pol\u00edticos y la delgada l\u00ednea entre el crimen y la justicia. Pod\u00eda haberse quedado en la c\u00e1scara, pero prefiri\u00f3 mirar qu\u00e9 hab\u00eda dentro.<\/span><\/p>\n<p>&nbsp;<\/p>\n<p><span style=\"font-size: large;\"><strong>Las otras\u00a0<span style=\"color: #ff0000;\">W<\/span><\/strong>:\u00a0<a href=\"http:\/\/busqueda.fnac.es\/Search\/SearchResult.aspx?SCat=4%211&#038;Search=weeds&#038;sft=1&#038;submitbtn=OK\" target=\"_blank\" rel=\"external nofollow\"><span style=\"color: #ff0000;\"><strong>W<\/strong><\/span>eeds<\/a>,\u00a0<a href=\"http:\/\/busqueda.fnac.es\/Search\/SearchResult.aspx?SCat=4%211&#038;Search=walking+dead&#038;sft=1&#038;submitbtn=OK\" target=\"_blank\" rel=\"external nofollow\">The\u00a0<span style=\"color: #ff0000;\"><strong>W<\/strong><\/span>alking Dead<\/a>,\u00a0<a href=\"http:\/\/cine.fnac.es\/a674337\/Pack-Will-et-Grace-Serie-completa-Exclusiva-Fnac-sin-especificar\" target=\"_blank\" rel=\"external nofollow\"><span style=\"color: #ff0000;\"><strong>W<\/strong><\/span>ill and Grace<\/a>,\u00a0<a href=\"http:\/\/www.filmaffinity.com\/es\/film486352.html\" target=\"_blank\" rel=\"external nofollow\"><span style=\"color: #ff0000;\"><strong>W<\/strong><\/span>ilfred<\/a>,\u00a0<a href=\"http:\/\/www.filmaffinity.com\/es\/film795287.html\" target=\"_blank\" rel=\"external nofollow\"><span style=\"color: #ff0000;\"><strong>W<\/strong><\/span>alker Texas Ranger<\/a><\/span><\/p>\n<p><span style=\"font-size: large;\"><strong>La\u00a0<span style=\"color: #ff0000;\">W<\/span>\u00a0espa\u00f1ola<\/strong>:\u00a0<a href=\"http:\/\/cine.fnac.es\/a900933\/Pack-La-vuelta-al-mundo-de-Willy-Fogg-Serie-completa-sin-especificar\" target=\"_blank\" rel=\"external nofollow\"><span style=\"color: #ff0000;\"><strong>W<\/strong><\/span>illy Fog<\/a><\/span><\/p>\n<p>&nbsp;<\/p>\n<p>&nbsp;<\/p>\n<p><a href=\"http:\/\/www.youtube.com\/watch?v=w-iTp7JQOYA\" target=\"_blank\" rel=\"external nofollow\"><img loading=\"lazy\" src=\"\/elsindromededarrin\/wp-content\/uploads\/sites\/21\/2013\/05\/Xena3.jpg\" alt=\"\" width=\"560\" height=\"343\" \/><\/a><\/p>\n<p>&nbsp;<\/p>\n<p><span style=\"font-size: large;\">\u00bfC\u00f3mo una serie con una est\u00e9tica tan de serie B, con unos efectos tan chapuceros y un argumento tan simpl\u00f3n se convierte en un producto de culto? La primera impresi\u00f3n al acercarse a &#8216;<a href=\"http:\/\/busqueda.fnac.es\/Search\/SearchResult.aspx?SCat=4%211&#038;Search=xena&#038;sft=1&#038;submitbtn=OK\" target=\"_blank\" rel=\"external nofollow\">Xena<\/a>&#8216; es que es un desprop\u00f3sito s\u00f3lo apto para necios y, sin embargo, una vez te deshaces de prejuicios empiezas a disfrutar de esta ficci\u00f3n, que tras su est\u00e9tica &#8216;kitsch&#8217;, esconde todo un argumentario de ideas en torno a la mujer, la sexualidad y los valores con los que convivimos.<\/span><\/p>\n<p>&nbsp;<\/p>\n<p><span style=\"font-size: large;\"><strong>Las otras\u00a0<span style=\"color: #ff0000;\">X<\/span><\/strong>:\u00a0<a href=\"http:\/\/www.filmaffinity.com\/es\/film365277.html\" target=\"_blank\" rel=\"external nofollow\"><span style=\"color: #ff0000;\"><strong>X<\/strong><\/span>III La Conspiraci\u00f3n<\/a><\/span><\/p>\n<p><span style=\"font-size: large;\"><strong>La\u00a0<span style=\"color: #ff0000;\">X<\/span>\u00a0espa\u00f1ola<\/strong>:\u00a0<a href=\"http:\/\/www.tv3.cat\/videos\/398329\/Xooof\" target=\"_blank\" rel=\"external nofollow\"><span style=\"color: #ff0000;\"><strong>X<\/strong><\/span>ooof!<\/a><\/span><\/p>\n<p>&nbsp;<\/p>\n<p>&nbsp;<\/p>\n<p><a href=\"http:\/\/www.youtube.com\/watch?v=p_65NrdFzPY\" target=\"_blank\" rel=\"external nofollow\"><img loading=\"lazy\" src=\"\/elsindromededarrin\/wp-content\/uploads\/sites\/21\/2013\/05\/yo-claudio.jpg\" alt=\"\" width=\"560\" height=\"309\" \/><\/a><\/p>\n<p>&nbsp;<\/p>\n<p><span style=\"font-size: large;\">Una encuesta en un peri\u00f3dico catal\u00e1n estableci\u00f3 que &#8216;<a href=\"http:\/\/cine.fnac.es\/a37017\/Pack-Yo-Claudio-Edicion-definitiva-sin-especificar\" target=\"_blank\" rel=\"external nofollow\">Yo Claudio<\/a>&#8216; era la mejor serie del siglo XX y no fue descabellada la determinaci\u00f3n. T\u00edtulos posteriores como &#8216;Roma&#8217; o &#8216;Los Tudor&#8217; han bebido de aquel exquisito t\u00edtulo brit\u00e1nico en torno a la dinast\u00eda claudia desde Augusto hasta Claudio.<\/span><\/p>\n<p>&nbsp;<\/p>\n<p><span style=\"font-size: large;\"><strong>Las otras\u00a0<span style=\"color: #ff0000;\">Y<\/span><\/strong>:\u00a0<a href=\"http:\/\/www.filmaffinity.com\/es\/film667520.html\" target=\"_blank\" rel=\"external nofollow\"><span style=\"color: #ff0000;\"><strong>Y<\/strong><\/span>o y el Mundo<\/a>,\u00a0<a href=\"http:\/\/www.filmaffinity.com\/es\/film921652.html\" target=\"_blank\" rel=\"external nofollow\"><span style=\"color: #ff0000;\"><strong>Y<\/strong><\/span>o, Mi Peor Enemigo<\/a><\/span><\/p>\n<p><span style=\"font-size: large;\"><strong>La\u00a0<span style=\"color: #ff0000;\">Y<\/span>\u00a0espa\u00f1ola<\/strong>:\u00a0<a href=\"http:\/\/www.filmaffinity.com\/es\/film393486.html\" target=\"_blank\" rel=\"external nofollow\"><span style=\"color: #ff0000;\"><strong>Y<\/strong><\/span>o, una mujer<\/a><\/span><\/p>\n<p>&nbsp;<\/p>\n<p>&nbsp;<\/p>\n<p><a href=\"http:\/\/www.youtube.com\/watch?v=OjrxgYH9TYk\" target=\"_blank\" rel=\"external nofollow\"><img loading=\"lazy\" src=\"\/elsindromededarrin\/wp-content\/uploads\/sites\/21\/2013\/05\/the_dead_zone_s5_show.jpg\" alt=\"\" width=\"560\" height=\"280\" \/><\/a><\/p>\n<p>&nbsp;<\/p>\n<p><span style=\"font-size: large;\">Stephen King siempre es sin\u00f3nimo de misterio e inquietud y, aunque la puesta en escena de su novela &#8216;<a href=\"http:\/\/cine.fnac.es\/a198391\/Pack-la-zona-muerta-1\u00aa-temporada-sin-especificar\" target=\"_blank\" rel=\"external nofollow\">La zona muerta<\/a>&#8216;, no satisfizo a todos sus seguidores lo cierto es que pudo ser un buen ejemplo de t\u00edtulo de ciencia ficci\u00f3n. Johnny Smith sufre un accidente que lo deja en coma cuatro a\u00f1os. Al recuperarse se da cuenta de que es capaz de tener visiones sobre el pasado, el presente y el futuro de distintas personas, e intentar\u00e1 buscar la manera de utilizar correctamente este poder.\u00a0<\/span><\/p>\n<p>&nbsp;<\/p>\n<p><span style=\"font-size: large;\"><strong>Las otras\u00a0<span style=\"color: #ff0000;\">Z<\/span><\/strong>:\u00a0<a href=\"http:\/\/www.filmaffinity.com\/es\/film205915.html\" target=\"_blank\" rel=\"external nofollow\"><span style=\"color: #ff0000;\"><strong>Z<\/strong><\/span>ero Hour<\/a>,\u00a0<a href=\"http:\/\/www.filmaffinity.com\/es\/film623436.html\" target=\"_blank\" rel=\"external nofollow\"><span style=\"color: #ff0000;\"><strong>Z<\/strong><\/span>ack and Cody<\/a>, <a href=\"http:\/\/www.bbc.co.uk\/programmes\/b00x9x43\" target=\"_blank\" rel=\"external nofollow\"><strong><span style=\"color: #ff0000;\">Z<\/span><\/strong>en<\/a><\/span><\/p>\n<p><span style=\"font-size: large;\"><strong>La\u00a0<span style=\"color: #ff0000;\">Z<\/span>\u00a0espa\u00f1ola<\/strong>:\u00a0<a href=\"http:\/\/www.elterrat.com\/?rg=tq124\" target=\"_blank\" rel=\"external nofollow\"><span style=\"color: #ff0000;\"><strong>Z<\/strong><\/span>ombis<\/a><\/span><\/p>\n<p>&nbsp;<\/p>\n<p><span style=\"font-size: x-large;\"><strong>Bonus<\/strong><\/span><\/p>\n<p>&nbsp;<\/p>\n<p><a href=\"http:\/\/www.youtube.com\/watch?v=kyWafhzs6zw\" target=\"_blank\" rel=\"external nofollow\"><img loading=\"lazy\" class=\"alignleft  wp-image-892\" title=\"kiefer-sutherland-24\" src=\"\/elsindromededarrin\/wp-content\/uploads\/sites\/21\/2013\/08\/kiefer-sutherland-24.jpg\" alt=\"\" width=\"560\" height=\"348\" \/><\/a><\/p>\n<p>&nbsp;<\/p>\n<p>&nbsp;<\/p>\n<p>&nbsp;<\/p>\n<p>&nbsp;<\/p>\n<p>&nbsp;<\/p>\n<p>&nbsp;<\/p>\n<p>&nbsp;<\/p>\n<p>&nbsp;<\/p>\n<p>&nbsp;<\/p>\n<p>&nbsp;<\/p>\n<p>&nbsp;<\/p>\n<p>&nbsp;<\/p>\n<p><span style=\"font-size: large;\">No s\u00f3lo de letras viven las series. Algunas van y deciden titularse con un n\u00famero por delante. Es el caso de &#8216;<a href=\"http:\/\/cine.fnac.es\/a616240\/Pack-24-Serie-completa-sin-especificar\" target=\"_blank\" rel=\"external nofollow\">24<\/a>&#8216;, la trama en torno al agente federal Jack Bauer, que consegu\u00eda con un formato innovador y trepidante que el espectador no cesase su atenci\u00f3n ni un minuto. Y es que en &#8216;<a href=\"http:\/\/cine.fnac.es\/a616240\/Pack-24-Serie-completa-sin-especificar\" target=\"_blank\" rel=\"external nofollow\">24<\/a>&#8216; cada minuto cuenta. No hay que perder ni uno, teniendo en cuenta que cada cap\u00edtulo de esta ficci\u00f3n se desarrolla durante una hora real y, por tanto, en cada temporada se narraban los hechos sucedidos en un solo d\u00eda. Un reto narrativo superado notablemente.\u00a0<\/span><\/p>\n<p>&nbsp;<\/p>\n<p><span style=\"font-size: large;\"><strong>Los otros\u00a0<span style=\"color: #ff0000;\">n\u00fameros<\/span><\/strong>: <a href=\"http:\/\/www.filmaffinity.com\/es\/film387332.html\" target=\"_blank\" rel=\"external nofollow\"><strong><span style=\"color: #ff0000;\">30<\/span><\/strong> Rock<\/a>, <a href=\"http:\/\/www.filmaffinity.com\/es\/film168709.html\" target=\"_blank\" rel=\"external nofollow\"><strong><span style=\"color: #ff0000;\">18<\/span><\/strong> to life<\/a>, <a href=\"http:\/\/www.filmaffinity.com\/es\/film254768.html\" target=\"_blank\" rel=\"external nofollow\"><strong><span style=\"color: #ff0000;\">2<\/span><\/strong> Broken Girls<\/a>, <a href=\"http:\/\/www.filmaffinity.com\/es\/film982019.html\" target=\"_blank\" rel=\"external nofollow\"><strong><span style=\"color: #ff0000;\">3<\/span><\/strong> Lbs<\/a>, <strong><span style=\"color: #ff0000;\"><a href=\"http:\/\/www.filmaffinity.com\/es\/film936474.html\" target=\"_blank\" rel=\"external nofollow\"><span style=\"color: #ff0000;\">227<\/span><\/a>\u00a0<\/span><\/strong><\/span><\/p>\n<p><span style=\"font-size: large;\"><strong>Los <span style=\"color: #ff0000;\">n\u00fameros<\/span> espa\u00f1oles<\/strong>: <a href=\"http:\/\/cine.fnac.es\/a8475\/Pack-23-F-El-dia-mas-dificil-del-Rey-Miniserie-sin-especificar\" target=\"_blank\" rel=\"external nofollow\"><span style=\"color: #ff0000;\"><strong>23 <\/strong><\/span>F, el d\u00eda m\u00e1s dif\u00edcil para el Rey<\/a><\/span><\/p>\n<p>&nbsp;<\/p>\n<p><strong><span style=\"font-size: large;\"><a href=\"https:\/\/blogs.lasprovincias.es\/elsindromededarrin\/2013\/08\/07\/el-abecedario-de-las-series\/\" target=\"_blank\">Repasa los t\u00edtulos de la series de la A a la M\u00a0<\/a><\/span><\/strong><\/p>\n<p>&nbsp;<\/p>\n<p><em>T\u00edtulos de cr\u00e9dito: Para quejas, sugerencias y otras necesidades humanas mi correo es mlabastida@lasprovincias.es<\/em><\/p>\n<!-- AddThis Advanced Settings generic via filter on the_content --><!-- AddThis Share Buttons generic via filter on the_content -->","protected":false},"excerpt":{"rendered":"<p>&#8220;La televisi\u00f3n es un parque de atracciones. Es una f\u00e1brica para matar el aburrimiento&#8221; Sidney Lumet &nbsp; Proseguimos con el repaso de los\u00a026 t\u00edtulos extranjeros que ya deber\u00edas haber visto, el gran abecedario de las series (de la A a la Z). Para todos aquellos amantes de la ficci\u00f3n que quieran aprovechar el verano para [&hellip;]<!-- AddThis Advanced Settings generic via filter on get_the_excerpt --><!-- AddThis Share Buttons generic via filter on get_the_excerpt --><\/p>\n","protected":false},"author":29,"featured_media":0,"comment_status":"open","ping_status":"open","sticky":false,"template":"","format":"standard","meta":[],"categories":[2],"tags":[6,11,14,114,144,231,285,325,333,359,379,408,475,478,558,581,612,661,691,731,759,817,827,857,864,869,899,902,907],"_links":{"self":[{"href":"https:\/\/blogs.lasprovincias.es\/elsindromededarrin\/wp-json\/wp\/v2\/posts\/890"}],"collection":[{"href":"https:\/\/blogs.lasprovincias.es\/elsindromededarrin\/wp-json\/wp\/v2\/posts"}],"about":[{"href":"https:\/\/blogs.lasprovincias.es\/elsindromededarrin\/wp-json\/wp\/v2\/types\/post"}],"author":[{"embeddable":true,"href":"https:\/\/blogs.lasprovincias.es\/elsindromededarrin\/wp-json\/wp\/v2\/users\/29"}],"replies":[{"embeddable":true,"href":"https:\/\/blogs.lasprovincias.es\/elsindromededarrin\/wp-json\/wp\/v2\/comments?post=890"}],"version-history":[{"count":0,"href":"https:\/\/blogs.lasprovincias.es\/elsindromededarrin\/wp-json\/wp\/v2\/posts\/890\/revisions"}],"wp:attachment":[{"href":"https:\/\/blogs.lasprovincias.es\/elsindromededarrin\/wp-json\/wp\/v2\/media?parent=890"}],"wp:term":[{"taxonomy":"category","embeddable":true,"href":"https:\/\/blogs.lasprovincias.es\/elsindromededarrin\/wp-json\/wp\/v2\/categories?post=890"},{"taxonomy":"post_tag","embeddable":true,"href":"https:\/\/blogs.lasprovincias.es\/elsindromededarrin\/wp-json\/wp\/v2\/tags?post=890"}],"curies":[{"name":"wp","href":"https:\/\/api.w.org\/{rel}","templated":true}]}}