{"id":893,"date":"2013-08-26T16:22:16","date_gmt":"2013-08-26T16:22:16","guid":{"rendered":"http:\/\/blogs.lasprovincias.es\/elsindromededarrin\/?p=893"},"modified":"2013-08-26T16:22:16","modified_gmt":"2013-08-26T16:22:16","slug":"ya-no-quedan-hombres-como-david-hasselhoff","status":"publish","type":"post","link":"https:\/\/blogs.lasprovincias.es\/elsindromededarrin\/2013\/08\/26\/ya-no-quedan-hombres-como-david-hasselhoff\/","title":{"rendered":"Ya no quedan hombres como David Hasselhoff"},"content":{"rendered":"<p style=\"text-align: right;\"><strong><span style=\"font-size: small;\">&#8220;Kitt, te necesito&#8221;<\/span><\/strong><\/p>\n<p style=\"text-align: right;\"><span style=\"font-size: small;\">Michael Knight<\/span><\/p>\n<p>&nbsp;<\/p>\n<p><a href=\"\/elsindromededarrin\/wp-content\/uploads\/sites\/21\/2013\/08\/coche-fantastico-okey.jpg\"><img loading=\"lazy\" class=\"aligncenter size-full wp-image-894\" title=\"coche-fantastico-okey\" src=\"\/elsindromededarrin\/wp-content\/uploads\/sites\/21\/2013\/08\/coche-fantastico-okey.jpg\" alt=\"\" width=\"400\" height=\"300\" srcset=\"https:\/\/static-blogs.lasprovincias.es\/wp-content\/uploads\/sites\/21\/2013\/08\/coche-fantastico-okey.jpg 400w, https:\/\/static-blogs.lasprovincias.es\/wp-content\/uploads\/sites\/21\/2013\/08\/coche-fantastico-okey-300x225.jpg 300w\" sizes=\"(max-width: 400px) 100vw, 400px\" \/><\/a><\/p>\n<p>&nbsp;<\/p>\n<p><span style=\"font-size: large;\">Todos llevamos algo de David Hasselhoff en nuestro interior. Eso es as\u00ed. Es inevitable, no lo neguemos, hemos crecido junto a \u00e9l. Habitualmente, cuando nos preguntan por los referentes cat\u00f3dicos de nuestra infancia solemos referirnos a Espinete, a Alaska, a los electroduendes, a M. A. Barracus e, incluso, a Mayra. Pero renegamos de David Hasselhoff. Puestos a escoger siempre nos inclinamos por MacGyver o Mike Donovan, que los consideramos m\u00e1s aguerridos y viriles. Pobre Hasselhoff.<\/span><\/p>\n<p><span style=\"font-size: large;\">Yo lo reconozco. No hay verano en que no le a\u00f1ore. Enciendo la tele todav\u00eda y espero verlo aparecer pilotando el coche fant\u00e1stico con su chupa de cuero y sus pantalones acampanados o surcando las arenas con su boya torpedo en mano. Un verano sin David Hasselhoff no es un verano.<\/span><\/p>\n<p><span style=\"font-size: large;\">No soy el \u00fanico al que le sucede, aunque os cueste reconocerlo. Hace unos d\u00edas me congratul\u00e9 al descubrir que otros cuantos lo idolatran, que en Estados Unidos incluso llegan a las manos por su culpa. Lo adoran. Como debe ser. Un empleado de gasolinera en Connecticut <a href=\"http:\/\/ecoteuve.eleconomista.es\/ecoteuve\/television\/noticias\/5085851\/08\/13\/El-robo-de-un-cartel-de-David-Hasselhoff-termina-con-un-herido-grave.html\" target=\"_blank\" rel=\"external nofollow\">se encuentra hospitalizado por un atropello que sufri\u00f3 al intentar evitar el robo de unos carteles promocionales <\/a>de una l\u00ednea de bebidas de la que Hasselhoff es imagen. Todo el mundo quiere tener a David cerca, por lo que no han sido pocos los que no han dudado en intentar robar alguno de esos carteles repartidos en las distintas tiendas en las que se dispensa la bebida. Se le echa demasiado de menos a Hasselhoff como para no caer en la tentaci\u00f3n de llevarse una figura con su rostro y cuerpo para que presida nuestro sal\u00f3n, y que nada m\u00e1s verla nos haga recordar aquellos maravillosos est\u00edos que nos propici\u00f3.<\/span><\/p>\n<p>&nbsp;<\/p>\n<p><iframe loading=\"lazy\" src=\"\/\/www.youtube.com\/embed\/vwcXwAyt40U\" frameborder=\"0\" width=\"560\" height=\"315\"><\/iframe><\/p>\n<p>&nbsp;<\/p>\n<p><span style=\"font-size: large;\"><a href=\"\/elsindromededarrin\/wp-content\/uploads\/sites\/21\/2013\/08\/359x400xdavid-hasselhoff.jpg.pagespeed.ic_.GkUBnyQNI0.jpg\"><img loading=\"lazy\" class=\"alignleft  wp-image-895\" title=\"359x400xdavid-hasselhoff.jpg.pagespeed.ic.GkUBnyQNI0\" src=\"\/elsindromededarrin\/wp-content\/uploads\/sites\/21\/2013\/08\/359x400xdavid-hasselhoff.jpg.pagespeed.ic_.GkUBnyQNI0.jpg\" alt=\"\" width=\"323\" height=\"360\" srcset=\"https:\/\/static-blogs.lasprovincias.es\/wp-content\/uploads\/sites\/21\/2013\/08\/359x400xdavid-hasselhoff.jpg.pagespeed.ic_.GkUBnyQNI0.jpg 359w, https:\/\/static-blogs.lasprovincias.es\/wp-content\/uploads\/sites\/21\/2013\/08\/359x400xdavid-hasselhoff.jpg.pagespeed.ic_.GkUBnyQNI0-269x300.jpg 269w\" sizes=\"(max-width: 323px) 100vw, 323px\" \/><\/a>Fue a mediados de los ochenta cuando lo conocimos. Por aquel entonces era un joven solitario embarcado en una cruzada para salvar la causa de los inocentes, los indefensos, los d\u00e9biles, dentro de un mundo de criminales que operan al margen de la ley. Era Michael Knight, el protagonista de una trepidante aventura de un hombre que no existe. Un hombre sin pasado. En realidad, Knight fue Michael Long, un polic\u00eda que durante una investigaci\u00f3n recibi\u00f3 un disparo en la cabeza y al que un multimillonario reconstruy\u00f3 la cara (le plant\u00f3 la de Hasselhoff) para convertirlo en h\u00e9roe inquebrantable.<\/span><\/p>\n<p>&nbsp;<\/p>\n<p><span style=\"font-size: large;\">Michael Knight era el chulazo macarra por antonomasia de los ochenta. Al menos en Estados Unidos. Por estos lares ten\u00edamos a Bert\u00edn Osborne, que en lugar de coches conduc\u00eda caballos. Pelazo en la cabeza, pelazo en el pecho y andares de perdonavidas. Todo aquello que nunca quisimos ser. Y aunque le hablaba a su reloj no estaba loco. Eso ya vino despu\u00e9s, con los a\u00f1os.<\/span><\/p>\n<p><span style=\"font-size: large;\">En realidad se dirig\u00eda a su <a href=\"http:\/\/cine.fnac.es\/a162127\/Pack-El-coche-fantastico-1\u00aa-Temporada-sin-especificar\" target=\"_blank\" rel=\"external nofollow\">coche fant\u00e1stico<\/a>. Kitt te necesito. Y all\u00ed se plantaba un Pontiac Firebird, alma mater de la Fundaci\u00f3n para la Ley y el Orden, capaz de hacer de todo. Conduc\u00eda solo, se dirig\u00eda a cualquier parte del planeta con el GPS m\u00e1s inteligente que veremos jam\u00e1s, saltaba, disparaba y sorteaba con su carrocer\u00eda hasta misiles. Y no hab\u00eda cap\u00edtulo en que no gastase alguna broma en plan vacil\u00f3n a su conductor, justo antes de que este se fuese a tirar a la chati de turno, que, obviamente, no pod\u00eda resistirse a caer en los brazos de semejante machote.<\/span><\/p>\n<p><span style=\"font-size: large;\">Bravo Michael Knight, t\u00fa s\u00ed que vales.<\/span><\/p>\n<p><span style=\"font-size: large;\">Cuatro a\u00f1os estuvimos siguiendo cada tarde de verano a todos los malhechores a los que Knight (con la ayuda de Kitt, el jefe Devon y la mec\u00e1nica Bonnie) capturaba. Una y otra vez, porque nos fueron repitiendo los episodios hasta el hartazgo.<\/span><\/p>\n<p>&nbsp;<\/p>\n<p><iframe loading=\"lazy\" src=\"\/\/www.youtube.com\/embed\/DCLc3UPOgNQ\" frameborder=\"0\" width=\"420\" height=\"315\"><\/iframe><\/p>\n<p>&nbsp;<\/p>\n<p><span style=\"font-size: large;\">Hasta que un d\u00eda Kitt desapareci\u00f3 de nuestras vidas. Y lo l\u00f3gico hubiese sido que Hasselhoff hubiese corrido la misma suerte. Pero no. Porque Hasselhoff es un superviviente y todav\u00eda nos ten\u00eda reservada otra sorpresa, que llegar\u00eda a Espa\u00f1a a principio de los noventa.<\/span><\/p>\n<p>&nbsp;<\/p>\n<p><span style=\"font-size: large;\"><a href=\"\/elsindromededarrin\/wp-content\/uploads\/sites\/21\/2013\/08\/David-Hasselhoff.jpg\"><img loading=\"lazy\" class=\"alignleft size-full wp-image-896\" title=\"David Hasselhoff\" src=\"\/elsindromededarrin\/wp-content\/uploads\/sites\/21\/2013\/08\/David-Hasselhoff.jpg\" alt=\"\" width=\"258\" height=\"320\" srcset=\"https:\/\/static-blogs.lasprovincias.es\/wp-content\/uploads\/sites\/21\/2013\/08\/David-Hasselhoff.jpg 258w, https:\/\/static-blogs.lasprovincias.es\/wp-content\/uploads\/sites\/21\/2013\/08\/David-Hasselhoff-242x300.jpg 242w\" sizes=\"(max-width: 258px) 100vw, 258px\" \/><\/a>Para entonces Hasselhoff se hab\u00eda cortado la cabellera, incluso yo jurar\u00eda que la alis\u00f3 un poco. Cambi\u00f3 los neum\u00e1ticos de Kitt por los de Pamela Anderson. Pill\u00f3 un salvavidas, se quit\u00f3 la ropa, meti\u00f3 tripa y\u2026. \u00a1Equilicua! Se convirti\u00f3 en Mitch Buchannon, jefe de un equipo de socorristas en &#8216;<a href=\"http:\/\/www.filmaffinity.com\/es\/film886864.html\" target=\"_blank\" rel=\"external nofollow\">Los vigilantes de la playa<\/a>&#8216;.<\/span><\/p>\n<p><span style=\"font-size: large;\">La historia parec\u00eda que contaba con todos los ingredientes para ser un enorme \u00e9xito. \u00bfUn gui\u00f3n como el de \u2018<a href=\"http:\/\/cine.fnac.es\/a404816\/Pack-The-Wire-Bajo-escucha-Serie-completa-Exclusiva-Fnac-sin-especificar\" target=\"_blank\" rel=\"external nofollow\">The Wire<\/a>\u2019? \u00bfUn elenco como el de \u2018<a href=\"http:\/\/cine.fnac.es\/a404907\/Pack-A-dos-metros-bajo-tierra-Serie-completa-sin-especificar\" target=\"_blank\" rel=\"external nofollow\">A dos metros bajo tierra<\/a>\u2019? \u00bfUna producci\u00f3n como la de \u2018<a href=\"http:\/\/cine.fnac.es\/a855570\/Pack-Juego-de-tronos-1\u00aa-Temporada-sin-especificar\" target=\"_blank\" rel=\"external nofollow\">Juego de tronos<\/a>\u2019? Nada de eso, un mont\u00f3n de t\u00edos buenos marcando m\u00fasculo y otro mont\u00f3n de t\u00edas buenas que a la m\u00ednima de cambio corr\u00edan dejando que su anatom\u00eda diese toda clase de saltos (que se lo <a href=\"http:\/\/www.youtube.com\/watch?v=MgBg77Bv0Zw\" target=\"_blank\" rel=\"external nofollow\">pregunten a Joey y Chandler de \u2018Friends\u2019<\/a>). Todo ello rehogado por casos imposibles y contratiempos inclasificables (robos, asesinatos, terremotos\u2026), que siempre eran resueltos por los valientes guardacostas. Y para celebrarlo se iban metiendo en la cama todos con todas. Y viceversa. Como debe ser.<\/span><\/p>\n<p><span style=\"font-size: large;\">Le cost\u00f3 arrancar y casi fue cancelada en la primera temporada, pero despu\u00e9s remont\u00f3 y se mantuvo en antena diez a\u00f1os. Nada menos. Dio de s\u00ed hasta para varias versiones.<\/span><\/p>\n<p>&nbsp;<\/p>\n<p><iframe loading=\"lazy\" src=\"\/\/www.youtube.com\/embed\/6B0VV0n9vac\" frameborder=\"0\" width=\"420\" height=\"315\"><\/iframe><\/p>\n<p>&nbsp;<\/p>\n<p><span style=\"font-size: large;\">Pero todo se acaba y hubo un d\u00eda en que Hasselhoff dej\u00f3 de aparecer en nuestras pantallas. Bueno, miento, de vez en cuando hac\u00eda peque\u00f1as apariciones rollo esp\u00edritu y lo ve\u00edamos medio borracho (eufemismo), como cantante de cuarta, o autoparodi\u00e1ndose. Incluso el a\u00f1o pasado quiso acudir a Eurovisi\u00f3n. R\u00edete t\u00fa de Chikilicuatre.<\/span><\/p>\n<p><span style=\"font-size: large;\">Pobre Hasselhoff. Nunca lo reivindicamos lo suficiente pese a todo lo que aport\u00f3. Y mira c\u00f3mo ha terminado. Su nombre y su honor merecen una reparaci\u00f3n y una disculpa p\u00fablica por lo mucho que lo hemos ninguneado.<\/span><\/p>\n<p><span style=\"font-size: large;\">Ning\u00fan verano, desde que dej\u00f3 de lucir pecho en la peque\u00f1a pantalla, ha vuelto a ser lo mismo.<\/span><\/p>\n<p><span style=\"font-size: large;\">Yo tambi\u00e9n me pelear\u00eda por conseguir un cartel troquelado con su figura.<\/span><\/p>\n<p>&nbsp;<\/p>\n<p><em>T\u00edtulos de cr\u00e9dito: Para quejas, sugerencias y otras necesidades humanas mi correo es mlabastida@lasprovincias.es<\/em><\/p>\n<p>&nbsp;<\/p>\n<!-- AddThis Advanced Settings generic via filter on the_content --><!-- AddThis Share Buttons generic via filter on the_content -->","protected":false},"excerpt":{"rendered":"<p>&#8220;Kitt, te necesito&#8221; Michael Knight &nbsp; &nbsp; Todos llevamos algo de David Hasselhoff en nuestro interior. Eso es as\u00ed. Es inevitable, no lo neguemos, hemos crecido junto a \u00e9l. Habitualmente, cuando nos preguntan por los referentes cat\u00f3dicos de nuestra infancia solemos referirnos a Espinete, a Alaska, a los electroduendes, a M. A. Barracus e, incluso, [&hellip;]<!-- AddThis Advanced Settings generic via filter on get_the_excerpt --><!-- AddThis Share Buttons generic via filter on get_the_excerpt --><\/p>\n","protected":false},"author":29,"featured_media":0,"comment_status":"open","ping_status":"open","sticky":false,"template":"","format":"standard","meta":[],"categories":[2],"tags":[218,262,466],"_links":{"self":[{"href":"https:\/\/blogs.lasprovincias.es\/elsindromededarrin\/wp-json\/wp\/v2\/posts\/893"}],"collection":[{"href":"https:\/\/blogs.lasprovincias.es\/elsindromededarrin\/wp-json\/wp\/v2\/posts"}],"about":[{"href":"https:\/\/blogs.lasprovincias.es\/elsindromededarrin\/wp-json\/wp\/v2\/types\/post"}],"author":[{"embeddable":true,"href":"https:\/\/blogs.lasprovincias.es\/elsindromededarrin\/wp-json\/wp\/v2\/users\/29"}],"replies":[{"embeddable":true,"href":"https:\/\/blogs.lasprovincias.es\/elsindromededarrin\/wp-json\/wp\/v2\/comments?post=893"}],"version-history":[{"count":0,"href":"https:\/\/blogs.lasprovincias.es\/elsindromededarrin\/wp-json\/wp\/v2\/posts\/893\/revisions"}],"wp:attachment":[{"href":"https:\/\/blogs.lasprovincias.es\/elsindromededarrin\/wp-json\/wp\/v2\/media?parent=893"}],"wp:term":[{"taxonomy":"category","embeddable":true,"href":"https:\/\/blogs.lasprovincias.es\/elsindromededarrin\/wp-json\/wp\/v2\/categories?post=893"},{"taxonomy":"post_tag","embeddable":true,"href":"https:\/\/blogs.lasprovincias.es\/elsindromededarrin\/wp-json\/wp\/v2\/tags?post=893"}],"curies":[{"name":"wp","href":"https:\/\/api.w.org\/{rel}","templated":true}]}}