{"id":897,"date":"2013-08-29T10:26:26","date_gmt":"2013-08-29T10:26:26","guid":{"rendered":"http:\/\/blogs.lasprovincias.es\/elsindromededarrin\/?p=897"},"modified":"2013-08-29T10:26:26","modified_gmt":"2013-08-29T10:26:26","slug":"las-series-vuelven-al-cole","status":"publish","type":"post","link":"https:\/\/blogs.lasprovincias.es\/elsindromededarrin\/2013\/08\/29\/las-series-vuelven-al-cole\/","title":{"rendered":"Las series vuelven al cole"},"content":{"rendered":"<p style=\"text-align: right;\"><strong>&#8220;Yaba-daba-duuuuu!&#8221;<\/strong><\/p>\n<p style=\"text-align: right;\">Pedro Picapiedra<\/p>\n<p>&nbsp;<\/p>\n<p style=\"text-align: center;\"><a href=\"\/elsindromededarrin\/wp-content\/uploads\/sites\/21\/2013\/08\/imagen-promocional-de-homeland.jpg\"><img loading=\"lazy\" class=\"aligncenter  wp-image-898\" title=\"imagen-promocional-de-homeland\" src=\"\/elsindromededarrin\/wp-content\/uploads\/sites\/21\/2013\/08\/imagen-promocional-de-homeland.jpg\" alt=\"\" width=\"651\" height=\"381\" srcset=\"https:\/\/static-blogs.lasprovincias.es\/wp-content\/uploads\/sites\/21\/2013\/08\/imagen-promocional-de-homeland.jpg 930w, https:\/\/static-blogs.lasprovincias.es\/wp-content\/uploads\/sites\/21\/2013\/08\/imagen-promocional-de-homeland-300x175.jpg 300w, https:\/\/static-blogs.lasprovincias.es\/wp-content\/uploads\/sites\/21\/2013\/08\/imagen-promocional-de-homeland-768x449.jpg 768w\" sizes=\"(max-width: 651px) 100vw, 651px\" \/><\/a><\/p>\n<p>&nbsp;<\/p>\n<p><span style=\"font-size: large;\">Llega septiembre. Y con \u00e9l la vuelta al cole. Hay que afilar el lapicero, forrar los libros, comprar cuadernos&#8230; y cargar el iPad. Se inicia un nuevo curso en el que habr\u00e1 que revalidar los buenos resultados del anterior o solventarlos si no fueron lo suficientemente aceptables. Las series de televisi\u00f3n tambi\u00e9n vuelven a someterse al examen del espectador, que estar\u00e1 atento para darles el aprobado o no. Ha llegado la hora de comprobar si se han aplicado, han hecho los deberes y rinden. Repasamos a continuaci\u00f3n diez de las ficciones extranjeras m\u00e1s esperadas, que inician temporada en las pr\u00f3ximas semanas. Fijamos en el calendario las fechas en que regresan las series de \u00e9xito y las expectativas que tenemos en torno a ellas.<\/span><\/p>\n<p>&nbsp;<\/p>\n<p><span style=\"font-size: large;\">Procura leer s\u00f3lo sobre aquellos t\u00edtulos en los que est\u00e9s al d\u00eda. No conviene saltarse ninguna lecci\u00f3n. <\/span><\/p>\n<p>&nbsp;<\/p>\n<p><span style=\"font-size: large;\">1. <a href=\"http:\/\/www.hbo.com\/boardwalk-empire\/index.html\" target=\"_blank\" rel=\"external nofollow\">Boardwalk Empire<\/a> (8 de septiembre en EE. UU, 9 de septiembre en Canal + Espa\u00f1a)<\/span><\/p>\n<p><span style=\"font-size: large;\">Las puertas de Atlantic City vuelven a abrirse para los espectadores en lo que ser\u00e1 la cuarta temporada de la serie sobre mafiosos en la Am\u00e9rica de la ley seca. Nucky Thompson volver\u00e1 a enfrentarse a un rival de su altura, Valentine Narcisse, el rey del Harlem. Los nuevos cap\u00edtulos no s\u00f3lo prometen por este enfrentamiento sino tambi\u00e9n por la incorporaci\u00f3n de Patricia Arquette (s\u00ed, la de &#8216;Medium&#8217;).<\/span><\/p>\n<p><span style=\"font-size: large;\"><strong>Asignaturas pendientes:<\/strong> No se puede decir que &#8216;Boardwalk Empire&#8217; est\u00e9 estancada, pero a estas alturas todav\u00eda cuesta imaginar hacia d\u00f3nde se dirige y a d\u00f3nde quiere llegar la historia de HBO. Y ya va siendo hora. No vaya a ser que, para cuando se decida, sea demasiado tarde. Como en &#8216;Dexter&#8217;.<\/span><\/p>\n<p>&nbsp;<\/p>\n<p><iframe loading=\"lazy\" src=\"\/\/www.youtube.com\/embed\/r9F4LjWidmk\" frameborder=\"0\" width=\"560\" height=\"315\"><\/iframe><\/p>\n<p>&nbsp;<\/p>\n<p><span style=\"font-size: large;\">2. <a href=\"http:\/\/www.filmaffinity.com\/es\/film141492.html\" target=\"_blank\" rel=\"external nofollow\">Sons of Anarchy<\/a> (10 de septiembre)<\/span><\/p>\n<p><span style=\"font-size: large;\">Las aventuras de un motoclub, que luchan por su supervivencia, se han convertido en la serie m\u00e1s vista de la cadena FX. Nuevas incorporaciones y algunos esperados regresos (como el de Jimmy Smits y Drea de Matteo) son las bazas con las que cuenta la sexta temporada de este t\u00edtulo. Y no ser\u00e1 la \u00faltima. Su creador ya ha avanzado que planea la s\u00e9ptima, siempre y cuando la audiencia acompa\u00f1e.<\/span><\/p>\n<p><span style=\"font-size: large;\"><strong>Asignaturas pendientes:<\/strong> Para muchos (como yo) descubrirla, darle una oportunidad, porque no son pocas las personas que la recomiendan y la llegan a comparar incluso con &#8216;Los Soprano&#8217; (\u00bfsacrilegio?). El hecho de que la cr\u00edtica le haya dado sistematicamente la espalda no ha ayudado mucho.<\/span><\/p>\n<p>&nbsp;<\/p>\n<p><iframe loading=\"lazy\" src=\"\/\/www.youtube.com\/embed\/Wpnf94mAsyc\" frameborder=\"0\" width=\"560\" height=\"315\"><\/iframe><\/p>\n<p>&nbsp;<\/p>\n<p><span style=\"font-size: large;\">3. <a href=\"http:\/\/www.itv.com\/downtonabbey\/\" target=\"_blank\" rel=\"external nofollow\">Downton Abbey<\/a> (17 de septiembre- fecha todav\u00eda no definitiva)<\/span><\/p>\n<p><span style=\"font-size: large;\">Tambi\u00e9n la serie inglesa deber\u00e1 enfrentarse, en su cuarta tanda de cap\u00edtulos, a notables ausencias. Algunas son evidentes tras sus tr\u00e1gicos destinos y otras m\u00e1s inesperadas, como la de O&#8217;Brien, la doncella de Cora, que desaparece de escena despu\u00e9s de que la actriz que la interpreta decidiese abandonar la serie. As\u00ed que habr\u00e1 novedades entre los criados, pero la revoluci\u00f3n no s\u00f3lo llegar\u00e1 a la parte de abajo de la casa. La de arriba tambi\u00e9n se alterar\u00e1 con la llegada de un nuevo amor para Lady Mary y de la sobrina de Violet (a la que ya conocimos en la temporada anterior).<\/span><\/p>\n<p><span style=\"font-size: large;\"><strong>Asignaturas pendientes:<\/strong> Pese al exquisito gusto con que est\u00e1 realizada, &#8216;Downton Abbey&#8217; es una serie de altibajos. Esperemos que la cuarta temporada consiga estar a la altura de la tercera y por encima de la segunda.<\/span><\/p>\n<p>&nbsp;<\/p>\n<p><iframe loading=\"lazy\" src=\"\/\/www.youtube.com\/embed\/8Dfi0ZcHlO0\" frameborder=\"0\" width=\"560\" height=\"315\"><\/iframe><\/p>\n<p>&nbsp;<\/p>\n<p><span style=\"font-size: large;\">4. <a href=\"http:\/\/www.cbs.com\/shows\/how_i_met_your_mother\/\" target=\"_blank\" rel=\"external nofollow\">C\u00f3mo conoc\u00ed a vuestra madre<\/a> (23 de septiembre)<\/span><\/p>\n<p><span style=\"font-size: large;\">Por fin sabremos c\u00f3mo Ted Mosby conoci\u00f3 a la madre de sus hijos. Ya era hora. Despu\u00e9s de que en el pasado curso pusi\u00e9semos cara al enigm\u00e1tico personaje, la serie estrena sus \u00faltimos 24 cap\u00edtulos. Pero, atenci\u00f3n, todos estos episodios se desarrollar\u00e1n s\u00f3lo en tres d\u00edas. La novena y \u00faltima temporada se encargar\u00e1 de cerrar todas las tramas de esta comedia.<\/span><\/p>\n<p><span style=\"font-size: large;\"><strong>Asignaturas pendientes:<\/strong> Darle un final digno a una de las series m\u00e1s frescas que llegaron a la televisi\u00f3n en la \u00faltima d\u00e9cada y que se ha alargado hasta el hartazgo. Nunca, por mucho que lo intenten, estar\u00e1 a la altura de &#8216;Friends&#8217;.<\/span><\/p>\n<p>&nbsp;<\/p>\n<p><iframe loading=\"lazy\" src=\"\/\/www.youtube.com\/embed\/GvGINTSU2AI\" frameborder=\"0\" width=\"560\" height=\"315\"><\/iframe><\/p>\n<p>&nbsp;<\/p>\n<p><span style=\"font-size: large;\">5. <a href=\"http:\/\/abc.go.com\/shows\/modern-family\" target=\"_blank\" rel=\"external nofollow\">Modern Family<\/a> (25 de septiembre)<\/span><\/p>\n<p><span style=\"font-size: large;\">Con un nuevo miembro en la familia y la posibilidad de que Cam y Mitchell contraigan matrimonio se inicia la quinta temporada de la comedia m\u00e1s divertida de los \u00faltimos a\u00f1os. Ha pasado el tiempo y es cierto que la serie apenas ha sufrido desgaste. Hay Gloria, Manny, Claire y Phil para rato.<\/span><\/p>\n<p><span style=\"font-size: large;\"><strong>Asignaturas pendientes:<\/strong> No bajar la guardia, mantenerse donde y como est\u00e1.<\/span><\/p>\n<p>&nbsp;<\/p>\n<p><iframe loading=\"lazy\" src=\"\/\/www.youtube.com\/embed\/oVJtq-jSfHQ\" frameborder=\"0\" width=\"420\" height=\"315\"><\/iframe><\/p>\n<p>&nbsp;<\/p>\n<p><span style=\"font-size: large;\">6. <a href=\"http:\/\/www.fox.com\/glee\/\" target=\"_blank\" rel=\"external nofollow\">Glee<\/a> (26 de septiembre)<\/span><\/p>\n<p><span style=\"font-size: large;\">A estas alturas parece complicado que &#8216;Glee&#8217; consiga enderezar un camino que se torci\u00f3 hace mucho tiempo. Pero, a pesar de que la trama, dej\u00f3 el sentido de lado hace ya varias temporadas (cosas de Ryan Murphy, su creador) sigue contando con adeptos. Uno de los puntos de inter\u00e9s de la quinta temporada estar\u00e1 en el cap\u00edtulo que se dedicar\u00e1 al actor Cory Monteith, que interpretaba a Finn Hudson, y que falleci\u00f3 inesperadamente hace unas semanas.<\/span><\/p>\n<p><span style=\"font-size: large;\"><strong>Asignaturas pendientes:<\/strong> Todas. Verla es un acto de fe (o algo as\u00ed)<\/span><\/p>\n<p>&nbsp;<\/p>\n<p><iframe loading=\"lazy\" src=\"\/\/www.youtube.com\/embed\/YMamSBm4R-s\" frameborder=\"0\" width=\"420\" height=\"315\"><\/iframe><\/p>\n<p>&nbsp;<\/p>\n<p><span style=\"font-size: large;\">7. <a href=\"http:\/\/www.sho.com\/sho\/homeland\/home\" target=\"_blank\" rel=\"external nofollow\">Homeland<\/a> (29 de septiembre)<\/span><\/p>\n<p><span style=\"font-size: large;\">Despu\u00e9s del atentado con el que se cerraba la segunda temporada de &#8216;Homeland&#8217; las vidas de Carrie y Brody volv\u00edan a separarse. Los avances que hemos podido ver ya nos indican que la pareja se reencontrar\u00e1, pero las dudas sobre lo que ha sucedido y sobre las intenciones del sargento siguen en el aire. La tercera tanda de episodios se inicia con los incesantes rumores en torno a las supuestas desavenencias entre los protagonistas.<\/span><\/p>\n<p><span style=\"font-size: large;\"><strong>Asignaturas pendientes:<\/strong> &#8216;Homeland&#8217; nos tiene acostumbrados a sus innumerables vueltas de tuerca, para las que los creadores cuentan con la complicidad de los espectadores. Pero, ojo, no abusen. No se puede tensar tanto la cuerda.<\/span><\/p>\n<p>&nbsp;<\/p>\n<p><iframe loading=\"lazy\" src=\"\/\/www.youtube.com\/embed\/DceMr7ibyYw\" frameborder=\"0\" width=\"420\" height=\"315\"><\/iframe><\/p>\n<p>&nbsp;<\/p>\n<p><span style=\"font-size: large;\">8. <a href=\"http:\/\/www.cbs.com\/shows\/the_good_wife\/\" target=\"_blank\" rel=\"external nofollow\">The good wife<\/a> (29 de septiembre)<\/span><\/p>\n<p><span style=\"font-size: large;\">Tres nuevos personajes se incorporan a esta serie, que ya afronta su quinto a\u00f1o en pantalla. Alicia Florrick y los suyos regresan con esta ficci\u00f3n que, en un principio, parec\u00eda un t\u00edtulo m\u00e1s de abogados y se ha ido convirtiendo en uno de los estandartes m\u00e1s firmes,\u00a0en cuanto a calidad (no tanto en audiencia),\u00a0de la televisi\u00f3n americana.<\/span><\/p>\n<p><span style=\"font-size: large;\"><strong>Asignaturas pendientes:<\/strong> La temporada anterior comenz\u00f3 floja, provocando protestas entre sus seguidores. Algunos truenos debieron llegar al equipo de guionistas para que diesen un golpe de tim\u00f3n y consiguieran remontar la serie. \u00bfVolver\u00e1 a suceder lo mismo este a\u00f1o?<\/span><\/p>\n<p>&nbsp;<\/p>\n<p><iframe loading=\"lazy\" src=\"\/\/www.youtube.com\/embed\/jo_UZh-YPU0\" frameborder=\"0\" width=\"420\" height=\"315\"><\/iframe><\/p>\n<p>&nbsp;<\/p>\n<p><span style=\"font-size: large;\">9. <a href=\"http:\/\/www.filmaffinity.com\/es\/film123048.html\" target=\"_blank\" rel=\"external nofollow\">American Horror Story<\/a> (8 de octubre)<\/span><\/p>\n<p><span style=\"font-size: large;\">30o a\u00f1os despu\u00e9s de los juicios de las brujas de Salem, los que consiguieron escapar est\u00e1n ahora en peligro de extinci\u00f3n. Este es el punto de arranque de la nueva historia que se narrar\u00e1 en &#8216;American Horror Story&#8217;, que como es habitual no tendr\u00e1 nada que ver con las anteriores temporadas. Eso s\u00ed, repiten algunos de los actores anteriores, como la imprescindible Jessica Lange, y se incorporan otros igual de apetecibles, como Kathy Bates.<\/span><\/p>\n<p><span style=\"font-size: large;\"><strong>Asignaturas pendientes:<\/strong> La segunda temporada fue sublime, superando con creces a la anterior. Ryan Murphy, su creador, puede realizar todas las locuras que se le pasen por la cabeza, mientras las ejecute como el curso pasado. &#8216;American Horror Story&#8217; sin esas locuras ser\u00eda demasiado aburrida. Ya sucedi\u00f3 en la primera tanda de cap\u00edtulos. Que no vuelva a ocurrir.<\/span><\/p>\n<p>&nbsp;<\/p>\n<p><iframe loading=\"lazy\" src=\"\/\/www.youtube.com\/embed\/TkPwDPt4JOA\" frameborder=\"0\" width=\"560\" height=\"315\"><\/iframe><\/p>\n<p>&nbsp;<\/p>\n<p><span style=\"font-size: large;\">10. <a href=\"http:\/\/www.amctv.com\/shows\/the-walking-dead\" target=\"_blank\" rel=\"external nofollow\">The walking dead<\/a> (13 de octubre)<\/span><\/p>\n<p><span style=\"font-size: large;\">Refugiados en la prisi\u00f3n de Woodbury encontraremos a los protagonistas de &#8216;The walking dead&#8217; en su cuarta temporada, que, seg\u00fan su creador estar\u00e1 m\u00e1s centrada en las tramas entre sus personajes. Y eso no se sabe si es bueno o malo para una serie que tiene en los zombis a su principal reclamo.<\/span><\/p>\n<p><span style=\"font-size: large;\"><strong>Asignaturas pendientes:<\/strong> No perder nunca de vista el c\u00f3mic en el que se basa, algo que sucede (desgraciadamente) a menudo.<\/span><\/p>\n<p>&nbsp;<\/p>\n<p><iframe loading=\"lazy\" src=\"\/\/www.youtube.com\/embed\/6NXzOaMiCSk\" frameborder=\"0\" width=\"560\" height=\"315\"><\/iframe><\/p>\n<p>&nbsp;<\/p>\n<p><span style=\"font-size: small;\"><em>T\u00edtulos de cr\u00e9dito: Para quejas, sugerencias y otras necesidades humanas mi correo es mlabastida@lasprovincias.es<\/em>\u00a0<\/span><\/p>\n<!-- AddThis Advanced Settings generic via filter on the_content --><!-- AddThis Share Buttons generic via filter on the_content -->","protected":false},"excerpt":{"rendered":"<p>&#8220;Yaba-daba-duuuuu!&#8221; Pedro Picapiedra &nbsp; &nbsp; Llega septiembre. Y con \u00e9l la vuelta al cole. Hay que afilar el lapicero, forrar los libros, comprar cuadernos&#8230; y cargar el iPad. Se inicia un nuevo curso en el que habr\u00e1 que revalidar los buenos resultados del anterior o solventarlos si no fueron lo suficientemente aceptables. Las series de [&hellip;]<!-- AddThis Advanced Settings generic via filter on get_the_excerpt --><!-- AddThis Share Buttons generic via filter on get_the_excerpt --><\/p>\n","protected":false},"author":29,"featured_media":0,"comment_status":"open","ping_status":"open","sticky":false,"template":"","format":"standard","meta":[],"categories":[2],"tags":[41,103,185,250,334,359,526,731,757,813,888],"_links":{"self":[{"href":"https:\/\/blogs.lasprovincias.es\/elsindromededarrin\/wp-json\/wp\/v2\/posts\/897"}],"collection":[{"href":"https:\/\/blogs.lasprovincias.es\/elsindromededarrin\/wp-json\/wp\/v2\/posts"}],"about":[{"href":"https:\/\/blogs.lasprovincias.es\/elsindromededarrin\/wp-json\/wp\/v2\/types\/post"}],"author":[{"embeddable":true,"href":"https:\/\/blogs.lasprovincias.es\/elsindromededarrin\/wp-json\/wp\/v2\/users\/29"}],"replies":[{"embeddable":true,"href":"https:\/\/blogs.lasprovincias.es\/elsindromededarrin\/wp-json\/wp\/v2\/comments?post=897"}],"version-history":[{"count":0,"href":"https:\/\/blogs.lasprovincias.es\/elsindromededarrin\/wp-json\/wp\/v2\/posts\/897\/revisions"}],"wp:attachment":[{"href":"https:\/\/blogs.lasprovincias.es\/elsindromededarrin\/wp-json\/wp\/v2\/media?parent=897"}],"wp:term":[{"taxonomy":"category","embeddable":true,"href":"https:\/\/blogs.lasprovincias.es\/elsindromededarrin\/wp-json\/wp\/v2\/categories?post=897"},{"taxonomy":"post_tag","embeddable":true,"href":"https:\/\/blogs.lasprovincias.es\/elsindromededarrin\/wp-json\/wp\/v2\/tags?post=897"}],"curies":[{"name":"wp","href":"https:\/\/api.w.org\/{rel}","templated":true}]}}