{"id":114,"date":"2014-04-25T12:09:19","date_gmt":"2014-04-25T10:09:19","guid":{"rendered":"http:\/\/blogs.lasprovincias.es\/elturistaindie\/?p=114"},"modified":"2014-04-25T12:09:19","modified_gmt":"2014-04-25T10:09:19","slug":"7-rincones-con-historia-de-berlin-que-deberias-visitar","status":"publish","type":"post","link":"https:\/\/blogs.lasprovincias.es\/elturistaindie\/2014\/04\/25\/7-rincones-con-historia-de-berlin-que-deberias-visitar\/","title":{"rendered":"7 rincones con historia de Berl\u00edn que deber\u00edas visitar"},"content":{"rendered":"<div id=\"attachment_121\" style=\"width: 650px\" class=\"wp-caption aligncenter\"><a href=\"\/elturistaindie\/wp-content\/uploads\/sites\/32\/2014\/04\/Puerta-de-Branderburgo.jpg\"><img aria-describedby=\"caption-attachment-121\" loading=\"lazy\" class=\" wp-image-121 \" title=\"Puerta de Brandenburgo\" src=\"\/elturistaindie\/wp-content\/uploads\/sites\/32\/2014\/04\/Puerta-de-Branderburgo.jpg\" alt=\"Puerta de Brandenburgo\" width=\"640\" height=\"343\" srcset=\"https:\/\/static-blogs.lasprovincias.es\/wp-content\/uploads\/sites\/32\/2014\/04\/Puerta-de-Branderburgo.jpg 800w, https:\/\/static-blogs.lasprovincias.es\/wp-content\/uploads\/sites\/32\/2014\/04\/Puerta-de-Branderburgo-300x161.jpg 300w, https:\/\/static-blogs.lasprovincias.es\/wp-content\/uploads\/sites\/32\/2014\/04\/Puerta-de-Branderburgo-768x412.jpg 768w\" sizes=\"(max-width: 640px) 100vw, 640px\" \/><\/a><p id=\"caption-attachment-121\" class=\"wp-caption-text\">Puerta de Brandenburgo \/ @xmoret<\/p><\/div>\n<p dir=\"ltr\">\n<p dir=\"ltr\"><span style=\"font-size: medium;\">Berl\u00edn posee infinidad de atractivos que la convierten en una de mis ciudades favoritas en Europa.\u00a0Una de las cosas que m\u00e1s impresiona del Berl\u00edn de las mil caras es la\u00a0<strong>capacidad para digerir pasajes de su historia reciente -casi siempre dram\u00e1ticos- y recordarlos a trav\u00e9s de s\u00edmbolos de una brutal fuerza evocadora<\/strong>.<\/span><\/p>\n<p dir=\"ltr\">\n<p dir=\"ltr\"><span style=\"font-size: medium;\">Y es que, al margen de las atracciones imprescindibles que todos tenemos en la cabeza, como la\u00a0<a href=\"http:\/\/www.berlin.de\/orte\/sehenswuerdigkeiten\/brandenburger-tor\/index.en.php?lang=en\" target=\"_blank\" rel=\"external nofollow\">Puerta de Brandenburgo<\/a>, los restos del muro de la\u00a0<a href=\"http:\/\/www.eastsidegallery-berlin.de\/#\" target=\"_blank\" rel=\"external nofollow\">East Side Gallery<\/a>, la\u00a0<a href=\"http:\/\/www.visitberlin.de\/es\/sitio\/isla-de-los-museos-museumsinsel\" target=\"_blank\" rel=\"external nofollow\">Isla de los Museos<\/a>\u00a0o la\u00a0<a href=\"http:\/\/www.tv-turm.de\/es\/index.php?font=inc\" target=\"_blank\" rel=\"external nofollow\">Torre de Telecomunicaciones<\/a>, la capital alemana est\u00e1 repleta de rincones imprescindibles para entender el pasado y el presente de esta ciudad.<!--more--><\/span><\/p>\n<p dir=\"ltr\"><span style=\"font-size: medium;\">Puede que no sean los lugares m\u00e1s visitados ni los m\u00e1s espectaculares, pero <strong>cualquier viajero con una m\u00ednima inquietud por conocer el pasado reciente de la ciudad deber\u00eda visitarlos<\/strong> para comprobar en primera persona su enorme carga simb\u00f3lica.\u00a0<\/span><span style=\"font-size: medium;\">Estos son algunos de esos<strong> rincones hist\u00f3ricos de Berl\u00edn que tal vez no conozcas<\/strong>:<\/span><\/p>\n<ul>\n<li>\n<h5><span style=\"font-size: medium;\">GLEIS 17 (And\u00e9n 17)<\/span><\/h5>\n<\/li>\n<\/ul>\n<p dir=\"ltr\"><span style=\"font-size: medium;\">El 18 de octubre de 1941 parti\u00f3 desde este and\u00e9n un tren especial de la Reichsbahn (compa\u00f1\u00eda ferroviaria) con 1.251 jud\u00edos berlineses que iban a ser deportados a un ghetto de la ciudad polaca de Lodz. <strong>Hasta marzo de 1945 se calcula que los nazis, en colaboraci\u00f3n con la Reichsbahn, continuaron con las deportaciones con otros 185 convoyes<\/strong>. Muchos de esos trenes, que primero estaban formados por coches de pasajeros y, en la etapa final, por vagones de ganado, tuvieron como destino los campos de exterminio.<\/span><\/p>\n<div id=\"attachment_116\" style=\"width: 650px\" class=\"wp-caption aligncenter\"><a href=\"\/elturistaindie\/wp-content\/uploads\/sites\/32\/2014\/04\/gleis17.jpg\"><img aria-describedby=\"caption-attachment-116\" loading=\"lazy\" class=\" wp-image-116\" title=\"Gleis 17\" src=\"\/elturistaindie\/wp-content\/uploads\/sites\/32\/2014\/04\/gleis17.jpg\" alt=\"Gleis 17\" width=\"640\" height=\"357\" srcset=\"https:\/\/static-blogs.lasprovincias.es\/wp-content\/uploads\/sites\/32\/2014\/04\/gleis17.jpg 800w, https:\/\/static-blogs.lasprovincias.es\/wp-content\/uploads\/sites\/32\/2014\/04\/gleis17-300x167.jpg 300w, https:\/\/static-blogs.lasprovincias.es\/wp-content\/uploads\/sites\/32\/2014\/04\/gleis17-768x428.jpg 768w\" sizes=\"(max-width: 640px) 100vw, 640px\" \/><\/a><p id=\"caption-attachment-116\" class=\"wp-caption-text\">Gleis 17 \/ @xmoret<\/p><\/div>\n<p dir=\"ltr\"><span style=\"font-size: medium;\">El lugar pudo haber acabado oculto tras la vegetaci\u00f3n, pero a\u00f1os despu\u00e9s los berlinenes -en concreto la Deutsche Bahn, compa\u00f1\u00eda ferroviaria heredera de la Reichsbahn- decidieron habilitarlo como memorial para no olvidar ese horror. Y la verdad es que hoy <strong>resulta estremecedor situarse sobre el mismo and\u00e9n desde el que los nazis deportaron a miles de jud\u00edos, gitanos y homesexuales<\/strong> a los que se\u00f1alaron como enemigos del r\u00e9gimen.<\/span><\/p>\n<p dir=\"ltr\"><span style=\"font-size: medium;\">Para rescatarlo del olvido, se convoc\u00f3 un concurso de ideas que culmin\u00f3 en 1998 con la <strong>instalaci\u00f3n sobre el and\u00e9n de 186 grandes placas de acero fundido perforadas, una por cada convoy<\/strong>. En cada una de ellas hay una inscripci\u00f3n con la fecha de salida de cada tren, el n\u00famero de deportados y el destino. Es, seg\u00fan sus creadores, un homenaje a las v\u00edctimas y un \u201cadvertencia\u201d a las generaciones futuras.<\/span><\/p>\n<div id=\"attachment_123\" style=\"width: 650px\" class=\"wp-caption aligncenter\"><a href=\"\/elturistaindie\/wp-content\/uploads\/sites\/32\/2014\/04\/gleis-171.jpg\"><img aria-describedby=\"caption-attachment-123\" loading=\"lazy\" class=\" wp-image-123\" title=\"Gleis 17\" src=\"\/elturistaindie\/wp-content\/uploads\/sites\/32\/2014\/04\/gleis-171.jpg\" alt=\"Gleis 17\" width=\"640\" height=\"390\" srcset=\"https:\/\/static-blogs.lasprovincias.es\/wp-content\/uploads\/sites\/32\/2014\/04\/gleis-171.jpg 800w, https:\/\/static-blogs.lasprovincias.es\/wp-content\/uploads\/sites\/32\/2014\/04\/gleis-171-300x183.jpg 300w, https:\/\/static-blogs.lasprovincias.es\/wp-content\/uploads\/sites\/32\/2014\/04\/gleis-171-768x468.jpg 768w\" sizes=\"(max-width: 640px) 100vw, 640px\" \/><\/a><p id=\"caption-attachment-123\" class=\"wp-caption-text\">Gleis 17 \/ @xmoret<\/p><\/div>\n<p dir=\"ltr\"><span style=\"font-size: medium;\">Para m\u00e1s informaci\u00f3n sobre el papel que jug\u00f3 el transporte ferroviario en la ejecuci\u00f3n de los planes nazis resulta muy interesante leer <a href=\"http:\/\/www.deutschebahn.com\/en\/group\/history\/topics\/platform17_memorial.html\" target=\"_blank\" rel=\"external nofollow\">la explicaci\u00f3n que da la propia compa\u00f1\u00eda de transportes<\/a> alemana, Deutsche Bahn.<\/span><\/p>\n<p dir=\"ltr\"><strong><span style=\"font-size: medium;\">::: Situaci\u00f3n y horario :::<\/span><\/strong><\/p>\n<p dir=\"ltr\"><span style=\"font-size: medium;\"><a href=\"https:\/\/maps.google.com\/maps\/place?q=Am+Bahnhof+Grunewald+1,+14193+Berl%C3%ADn,+Alemania&#038;ftid=0x47a8574c62bebd9f:0xbb2481733000f0da\" target=\"_blank\">Am Bahnhof Grunewald 1<\/a>, 14193 Berl\u00edn. No hay horario y es gratis.<\/span><\/p>\n<ul>\n<li>\n<h5><span style=\"font-size: medium;\">NEUE WACHE (La Nueva Guardia)<\/span><\/h5>\n<\/li>\n<\/ul>\n<p dir=\"ltr\"><span style=\"font-size: medium;\">Lugar de una simplicidad extrema y conmovedora, pero una visita m\u00e1s que obligada en Berl\u00edn. Tras la reunificaci\u00f3n alemana, la <a href=\"https:\/\/plus.google.com\/114371461771319703446\/about?hl=es\" target=\"_blank\">Neue Wache<\/a> (Nueva Guardia) fue designado como el <strong>memorial principal del pa\u00eds para las v\u00edctimas de las guerras y los totalitarismos<\/strong>.<\/span><\/p>\n<div id=\"attachment_117\" style=\"width: 320px\" class=\"wp-caption alignright\"><img aria-describedby=\"caption-attachment-117\" loading=\"lazy\" class=\" wp-image-117 \" title=\"Neue Wache \" src=\"\/elturistaindie\/wp-content\/uploads\/sites\/32\/2014\/04\/neue-wache.jpg\" alt=\"Neue Wache \" width=\"310\" height=\"480\" srcset=\"https:\/\/static-blogs.lasprovincias.es\/wp-content\/uploads\/sites\/32\/2014\/04\/neue-wache.jpg 388w, https:\/\/static-blogs.lasprovincias.es\/wp-content\/uploads\/sites\/32\/2014\/04\/neue-wache-194x300.jpg 194w\" sizes=\"(max-width: 310px) 100vw, 310px\" \/><p id=\"caption-attachment-117\" class=\"wp-caption-text\">Neue Wache \/ @xmoret<\/p><\/div>\n<p dir=\"ltr\"><span style=\"font-size: medium;\">Ubicado en la c\u00e9lebre avenida Unter den Linden, en el extremo opuesto a la <a href=\"http:\/\/www.berlin.de\/orte\/sehenswuerdigkeiten\/brandenburger-tor\/index.en.php?lang=en\" target=\"_blank\" rel=\"external nofollow\">Puerta de Brandenburgo<\/a>, se levanta este edificio neocl\u00e1sico con aspecto de templo griego y p\u00f3rtico de columnas d\u00f3ricas. <strong>Concebido por el arquitecto <a href=\"http:\/\/www.karl-friedrich-schinkel.com\/\" target=\"_blank\" rel=\"external nofollow\">Karl Friedrich Schinkel<\/a> en 1818<\/strong> como monumento en honor a los ca\u00eddos en las guerras napole\u00f3nicas, despu\u00e9s de la Segunda Guerra Mundial y el levantamiento del muro la RDA fue declarado \u2018monumento para las v\u00edctimas del fascismo y el militarismo\u2019.<\/span><\/p>\n<p dir=\"ltr\"><span style=\"font-size: medium;\">Hoy en d\u00eda alberga en su interior una r\u00e9plica de la escultura &#8220;Madre con el Hijo Muerto&#8221; de K\u00e4the Kollwitz en la que la artista refleja el dolor por la muerte de su propio hijo en la I Guerra Mundial. El resto es todo un inmenso espacio vac\u00edo, sin adornos.<\/span><\/p>\n<p dir=\"ltr\"><span style=\"font-size: medium;\">La luz que entra por el \u00f3culo del techo le da cierto aire teatral a la composici\u00f3n. La escultura, justo debajo de esta apertura, est\u00e1 expuesta a la lluvia, la nieve y las inclemencias del clima berlines, toda una <strong>met\u00e1fora de la indefensi\u00f3n del ser humano ante la barbarie de los conflictos b\u00e9licos y los totalitarismos<\/strong>.<\/span><\/p>\n<p dir=\"ltr\"><strong><span style=\"font-size: medium;\">::: Situaci\u00f3n y horario\u00a0<strong>:::\u00a0<\/strong><\/span><\/strong><\/p>\n<p dir=\"ltr\"><span style=\"font-size: medium;\">Unter den Linden, 4. 10117 Berlin Mitte. Horario: todos los d\u00edas de 10 a 18 horas. Gratis.<\/span><\/p>\n<p dir=\"ltr\"><span style=\"font-size: small;\">** Si te apetece saber m\u00e1s sobre la Neue Wache, te recomiendo la lectura de la <a href=\"http:\/\/www.abc.es\/blogs\/muro-berlin\/public\/post\/10-al-aire-de-schinkel-unter-den-linden-iii-1992.asp\" target=\"_blank\" rel=\"external nofollow\">gu\u00eda apasionada<\/a> de <a href=\"http:\/\/www.abc.es\/blogs\/muro-berlin\/autori.asp?chi=Emili%20J.%20Blasco\" rel=\"external nofollow\">Emili J. Blasco<\/a>, que fue corresponsal de ABC en la capital alemana **<\/span><\/p>\n<ul>\n<li>\n<h5><span style=\"font-size: medium;\">BEBELPLATZ<\/span><\/h5>\n<\/li>\n<\/ul>\n<p dir=\"ltr\"><span style=\"font-size: medium;\">A escasos metros de la Neue Wache, en la acera de enfrente de la avenida Unter den Linden, se accede a la Bebelplatz, uno de los rincones m\u00e1s bellos de la ciudad por los edificios que lo rodean: la \u00d3pera Nacional y la Biblioteca Real (Kommode) de la Universidad Humboldt.<\/span><\/p>\n<div id=\"attachment_126\" style=\"width: 676px\" class=\"wp-caption aligncenter\"><a href=\"\/elturistaindie\/wp-content\/uploads\/sites\/32\/2014\/04\/babelplatz.jpg\"><img aria-describedby=\"caption-attachment-126\" loading=\"lazy\" class=\"size-full wp-image-126\" title=\"Babelplatz \/ dpa\" src=\"\/elturistaindie\/wp-content\/uploads\/sites\/32\/2014\/04\/babelplatz.jpg\" alt=\"Babelplatz\" width=\"666\" height=\"500\" srcset=\"https:\/\/static-blogs.lasprovincias.es\/wp-content\/uploads\/sites\/32\/2014\/04\/babelplatz.jpg 666w, https:\/\/static-blogs.lasprovincias.es\/wp-content\/uploads\/sites\/32\/2014\/04\/babelplatz-300x225.jpg 300w\" sizes=\"(max-width: 666px) 100vw, 666px\" \/><\/a><p id=\"caption-attachment-126\" class=\"wp-caption-text\">Bebelplatz \/ dpa<\/p><\/div>\n<p dir=\"ltr\"><span style=\"font-size: medium;\">Pero esta plaza tambi\u00e9n ha pasado a la historia como el enclave en el que <strong>el 10 de mayo de 1933 las Juventudes Hitlerianas quemaron miles de libros de Heinrich Mann, Thomas Mann o Karl Marx, entre otros<\/strong>. A un lado pasa pr\u00e1cticamente desapercibida una instalaci\u00f3n art\u00edstica de Micha Ullmann que desde 1995 recuerda estos acontecimientos. Se trata de un monumento subterr\u00e1neo formado por una biblioteca con estanter\u00edas blancas y vac\u00edas que se pueden observar a trav\u00e9s de un cristal en el suelo. Junto a ella, una placa con una cita de <a href=\"http:\/\/es.wikipedia.org\/wiki\/Heinrich_Heine\" rel=\"external nofollow\">Heinrich Heine<\/a>:<\/span><\/p>\n<p style=\"padding-left: 30px;\" dir=\"ltr\"><em><span style=\"font-size: medium;\">&#8220;Das war ein Vorspiel nur, dort wo man B\u00fccher verbrennt, verbrennt man am Ende auch Menschen.&#8221; (Eso s\u00f3lo fue un preludio, ah\u00ed en donde se queman libros, se terminan quemando tambi\u00e9n personas.<\/span><\/em><\/p>\n<p dir=\"ltr\"><strong><span style=\"font-size: medium;\">::: Situaci\u00f3n y horario :::\u00a0<\/span><\/strong><\/p>\n<p dir=\"ltr\"><span style=\"font-size: medium;\"><a href=\"http:\/\/www.visitberlin.de\/es\/sitio\/bebelplatz\" target=\"_blank\" rel=\"external nofollow\">Bebelplatz<\/a>. 10117, Berl\u00edn. Sin horario. Gratis.<\/span><\/p>\n<ul>\n<li>\n<h5><span style=\"font-size: medium;\">TR\u00c4NENPALAST (El Palacio de las L\u00e1grimas)<\/span><\/h5>\n<\/li>\n<\/ul>\n<p dir=\"ltr\"><span style=\"font-size: medium;\">La antigua estaci\u00f3n de tren Friedrichstrasse era la \u00faltima de la l\u00ednea este-oeste antes de llegar a la frontera con Berl\u00edn Occidental. Con el levantamiento del muro y la divisi\u00f3n de la ciudad a partir de agosto de 1961 el edificio de <strong>la estaci\u00f3n se transform\u00f3 en control fronterizo para los berlineses<\/strong> que cruzaban o volv\u00edan del lado occidental.<\/span><\/p>\n<div id=\"attachment_129\" style=\"width: 650px\" class=\"wp-caption aligncenter\"><a href=\"\/elturistaindie\/wp-content\/uploads\/sites\/32\/2014\/04\/Tranenpalast.jpg\"><img aria-describedby=\"caption-attachment-129\" loading=\"lazy\" class=\" wp-image-129 \" title=\"Tr\u00e4nenpalast\" src=\"\/elturistaindie\/wp-content\/uploads\/sites\/32\/2014\/04\/Tranenpalast.jpg\" alt=\"Tr\u00e4nenpalast\" width=\"640\" height=\"309\" srcset=\"https:\/\/static-blogs.lasprovincias.es\/wp-content\/uploads\/sites\/32\/2014\/04\/Tranenpalast.jpg 800w, https:\/\/static-blogs.lasprovincias.es\/wp-content\/uploads\/sites\/32\/2014\/04\/Tranenpalast-300x145.jpg 300w, https:\/\/static-blogs.lasprovincias.es\/wp-content\/uploads\/sites\/32\/2014\/04\/Tranenpalast-768x371.jpg 768w\" sizes=\"(max-width: 640px) 100vw, 640px\" \/><\/a><p id=\"caption-attachment-129\" class=\"wp-caption-text\">Tr\u00e4nenpalast \/ @xmoret<\/p><\/div>\n<p dir=\"ltr\"><span style=\"font-size: medium;\">Durante d\u00e9cadas <strong>fue el escenario de dolorosas despedidas entre berlineses<\/strong> cuyas vidas estaban marcadas por la divisi\u00f3n, hecho que le vali\u00f3 el calificativo de \u201cPalacio de las L\u00e1grimas\u201d. El anodino edificio de acero y cristal de la vieja estaci\u00f3n fue remodelado a mediados de los noventa y actualmente alberga una exposici\u00f3n permanente sobre el impacto de la divisi\u00f3n en la vida cotidiana de los alemanes. All\u00ed es posible ver objetos originales de la \u00e9poca como una cabina de control, postes fronterizos, documentos, audios e im\u00e1genes con testimonios del momento. <strong>Historia pura de Berl\u00edn<\/strong>.<\/span><\/p>\n<p dir=\"ltr\"><strong><span style=\"font-size: medium;\">::: Situaci\u00f3n y horario :::<\/span><\/strong><\/p>\n<p dir=\"ltr\"><span style=\"font-size: medium;\">El <a href=\"http:\/\/www.hdg.de\/fileadmin\/static\/english\/berlin\/\" target=\"_blank\" rel=\"external nofollow\">Tr\u00e4nenpalast<\/a> est\u00e1 abierto de martes a viernes de 9 a 19 horas. Los fines de semana, de 10 a 18 horas. Reichstagufer 17, 10117 Berlin Mitte.\u00a0La entrada a la exposici\u00f3n es gratuita.<\/span><\/p>\n<ul>\n<li>\n<h5><span style=\"font-size: medium;\">BERLIN UNTERWELTEN (El Berl\u00edn subterr\u00e1neo)<\/span><\/h5>\n<\/li>\n<\/ul>\n<p dir=\"ltr\"><span style=\"font-size: medium;\">No es propiamente un rinc\u00f3n, sino varios, todos los que se pueden conocer gracias al esfuerzo de la Sociedad para la Investigaci\u00f3n y Documentaci\u00f3n de Estructuras Subterr\u00e1neas (Berliner Unterwelten) por divulgar la historia de la ciudad desde sus entra\u00f1as. Al margen de su actividad investigadora, esta asociaci\u00f3n organiza visitas guiadas (disponibles tambi\u00e9n en espa\u00f1ol) por diferentes instalaciones en el subsuelo berlin\u00e9s para <strong>reconstruir el pasado de la ciudad desde un original e interesante punto de vista<\/strong>.<\/span><\/p>\n<div id=\"attachment_127\" style=\"width: 658px\" class=\"wp-caption aligncenter\"><a href=\"\/elturistaindie\/wp-content\/uploads\/sites\/32\/2014\/04\/berliner-unterwelten-bunker.jpg\"><img aria-describedby=\"caption-attachment-127\" loading=\"lazy\" class=\" wp-image-127  \" title=\"B\u00fanker \" src=\"\/elturistaindie\/wp-content\/uploads\/sites\/32\/2014\/04\/berliner-unterwelten-bunker.jpg\" alt=\"B\u00fanker \" width=\"648\" height=\"430\" srcset=\"https:\/\/static-blogs.lasprovincias.es\/wp-content\/uploads\/sites\/32\/2014\/04\/berliner-unterwelten-bunker.jpg 900w, https:\/\/static-blogs.lasprovincias.es\/wp-content\/uploads\/sites\/32\/2014\/04\/berliner-unterwelten-bunker-300x199.jpg 300w, https:\/\/static-blogs.lasprovincias.es\/wp-content\/uploads\/sites\/32\/2014\/04\/berliner-unterwelten-bunker-768x510.jpg 768w\" sizes=\"(max-width: 648px) 100vw, 648px\" \/><\/a><p id=\"caption-attachment-127\" class=\"wp-caption-text\">B\u00fanker \/ berliner-unterwelten.de<\/p><\/div>\n<p dir=\"ltr\"><span style=\"font-size: medium;\">Existen varios itinerarios que muestran <a href=\"http:\/\/berliner-unterwelten.de\/tour-1.13.2.html\" target=\"_blank\" rel=\"external nofollow\">la guerra desde la perspectiva de la poblaci\u00f3n civil<\/a> o <strong>la <a href=\"http:\/\/berliner-unterwelten.de\/tour-3.15.2.html\" rel=\"external nofollow\">proliferaci\u00f3n de b\u00fankeres<\/a> durante la guerra fr\u00eda que reflejan la paranoia ante el riesgo de un conflicto nuclear<\/strong>. Los gu\u00edas explican con todo lujo de detalles el funcionamiento de algunas de estas instalaciones que se conservan equipadas y a\u00fan operativas.<\/span><\/p>\n<p dir=\"ltr\"><strong><span style=\"font-size: medium;\">::: Situaci\u00f3n y horario :::<\/span><\/strong><\/p>\n<p dir=\"ltr\"><span style=\"font-size: medium;\">Las oficinas centrales est\u00e1n en Brunnenstra\u00dfe 105, 13355 Berl\u00edn.\u00a0Seg\u00fan indican en <a href=\"http:\/\/berliner-unterwelten.de\/inicio.1.2.html\" rel=\"external nofollow\">su web<\/a> (disponible en espa\u00f1ol), los tours han adquirido mucha fama en los \u00faltimos a\u00f1os, por lo que <strong>conviene ir con antelaci\u00f3n<\/strong> a los puntos de venta de las entradas. Los recorridos duran 90 minutos y cuestan alrededor de 10 euros.<\/span><\/p>\n<ul>\n<li>\n<h5><span style=\"font-size: medium;\">CASA DE LA CONFERENCIA DE WANNSEE<\/span><\/h5>\n<\/li>\n<\/ul>\n<p dir=\"ltr\"><span style=\"font-size: medium;\">20 de enero de 1942. Quince altos representantes de las SS y del gobierno de Hitler se re\u00fanen para debatir la instrumentaci\u00f3n de la deportaci\u00f3n y el asesinato planificado de los jud\u00edos europeos, la llamada \u2018Soluci\u00f3n Final\u2019.<\/span><\/p>\n<div id=\"attachment_125\" style=\"width: 550px\" class=\"wp-caption aligncenter\"><a href=\"\/elturistaindie\/wp-content\/uploads\/sites\/32\/2014\/04\/wannsee-konferenz-villa.jpg\"><img aria-describedby=\"caption-attachment-125\" loading=\"lazy\" class=\"size-full wp-image-125\" title=\"Wannsee Konferenz Villa\" src=\"\/elturistaindie\/wp-content\/uploads\/sites\/32\/2014\/04\/wannsee-konferenz-villa.jpg\" alt=\"Wannsee Konferenz Villa\" width=\"540\" height=\"304\" srcset=\"https:\/\/static-blogs.lasprovincias.es\/wp-content\/uploads\/sites\/32\/2014\/04\/wannsee-konferenz-villa.jpg 540w, https:\/\/static-blogs.lasprovincias.es\/wp-content\/uploads\/sites\/32\/2014\/04\/wannsee-konferenz-villa-300x169.jpg 300w\" sizes=\"(max-width: 540px) 100vw, 540px\" \/><\/a><p id=\"caption-attachment-125\" class=\"wp-caption-text\">Wannsee Konferenz Villa \/ Getty<\/p><\/div>\n<p dir=\"ltr\"><span style=\"font-size: medium;\">En la villa donde se celebr\u00f3 la <a href=\"http:\/\/es.wikipedia.org\/wiki\/Conferencia_de_Wannsee\" rel=\"external nofollow\">conferencia de Wannsee<\/a>, junto al lago hom\u00f3nimo, se encuentra actualmente un <strong>centro conmemorativo y educativo de renombre internacional<\/strong>. Abierto desde 1992 con motivo del 50 aniversario de la conferencia, acoge una <a href=\"http:\/\/www.ghwk.de\" rel=\"external nofollow\">exhibici\u00f3n permanente y una biblioteca multimedia<\/a> que analizan los or\u00edgenes de la persecuci\u00f3n, expulsi\u00f3n y asesinato de los jud\u00edos por parte de los nazis durante la II Guerra Mundial. Un lugar de reflexi\u00f3n para no olvidar uno de los cap\u00edtulos m\u00e1s oscuros de la historia europea reciente.<\/span><\/p>\n<p dir=\"ltr\"><strong><span style=\"font-size: medium;\">::: Situaci\u00f3n y horario :::<\/span><\/strong><\/p>\n<p dir=\"ltr\"><span style=\"font-size: medium;\">Am Grossen Wannsee 56 \u2013 58 D<\/span><span style=\"font-size: medium;\">-14109 Berlin. <a style=\"font-size: medium;\" href=\"mailto:info@ghwk.de\">info@ghwk.de<\/a>.\u00a0Para preparar la visita, tiene una\u00a0<a href=\"http:\/\/www.ghwk.de\/?lang=es\" rel=\"external nofollow\">web muy maja en espa\u00f1ol<\/a>. Abre todos los dias de 10:00 a 18:00 horas (excepto d\u00edas festivos). Mediateca: lunes a viernes de 10:00 a 18:00 horas. Entrada gratuita.<\/span><\/p>\n<ul>\n<li>\n<h5><span style=\"font-size: medium;\">LOS \u2018LUGARES DE LA MEMORIA\u2019 EN EL BARRIO DE BAVIERA<\/span><\/h5>\n<\/li>\n<\/ul>\n<p dir=\"ltr\"><span style=\"font-size: medium;\">En 1991, con Alemania reci\u00e9n unificada, las autoridades locales convocaron un concurso art\u00edstico para recordar <strong>c\u00f3mo el Holocausto lleg\u00f3 a formar parte de todos los aspectos de la vida cotidiana de los berlineses<\/strong>. En lugar de plantar un monumento en alguna plaza, los artistas que ganaron el concurso, <a href=\"http:\/\/www.stih-schnock.de\/\" rel=\"external nofollow\">Renata Stih y Frieder Schnock<\/a> plantearon una revolucionaria y pol\u00e9mica instalaci\u00f3n: \u00bfqu\u00e9 mejor forma para recordar que llenando el barrio de Baviera de carteles con las absurdas normas que los nazis se inventaron en su progresivo proceso de deshumanizaci\u00f3n de los jud\u00edos?<\/span><\/p>\n<div id=\"attachment_122\" style=\"width: 654px\" class=\"wp-caption aligncenter\"><a href=\"\/elturistaindie\/wp-content\/uploads\/sites\/32\/2014\/04\/carteles.png\"><img aria-describedby=\"caption-attachment-122\" loading=\"lazy\" class=\" wp-image-122\" title=\"Lugares de la Memoria\" src=\"\/elturistaindie\/wp-content\/uploads\/sites\/32\/2014\/04\/carteles.png\" alt=\"Lugares de la Memoria\" width=\"644\" height=\"315\" srcset=\"https:\/\/static-blogs.lasprovincias.es\/wp-content\/uploads\/sites\/32\/2014\/04\/carteles.png 1191w, https:\/\/static-blogs.lasprovincias.es\/wp-content\/uploads\/sites\/32\/2014\/04\/carteles-300x147.png 300w, https:\/\/static-blogs.lasprovincias.es\/wp-content\/uploads\/sites\/32\/2014\/04\/carteles-768x377.png 768w, https:\/\/static-blogs.lasprovincias.es\/wp-content\/uploads\/sites\/32\/2014\/04\/carteles-1024x502.png 1024w\" sizes=\"(max-width: 644px) 100vw, 644px\" \/><\/a><p id=\"caption-attachment-122\" class=\"wp-caption-text\">Lugares de la Memoria \/ @xmoret<\/p><\/div>\n<p dir=\"ltr\"><span style=\"font-size: medium;\">\u201c<em>Los judios en Berl\u00edn s\u00f3lo podr\u00e1n comprar alimentos entre las cuatro y las cinco de la tarde<\/em>\u201d o \u201c<em>Los jud\u00edos deben renunciar a sus radios<\/em>\u201d, son algunos de los mensajes que cada d\u00eda ven los vecinos de <strong>este tranquilo barrio residencial en el que un d\u00eda vivieron Albert Einstein o Hannah Arendt<\/strong>.<\/span><\/p>\n<p dir=\"ltr\"><strong><span style=\"font-size: medium;\">::: Situaci\u00f3n y horario :::<\/span><\/strong><\/p>\n<p dir=\"ltr\"><span style=\"font-size: medium;\">El memorial \u2018Lugares de la Memoria\u2019 est\u00e1 formado por 80 se\u00f1ales repartidas por los postes de la luz de este antiguo barrio jud\u00edo. Puedes consultar su localizaci\u00f3n exacta en\u00a0<a href=\"http:\/\/www.stih-schnock.de\/remembrance.html\" rel=\"external nofollow\">estos planos<\/a>.\u00a0Distrito de Sch\u00f6neberg. Sin horario. Gratis.<\/span><\/p>\n<p dir=\"ltr\"><span style=\"font-size: medium;\">Este a\u00f1o se cumple el <strong>25 aniversario de la ca\u00edda del muro de Berl\u00edn<\/strong>, la excusa perfecta para regresar a la capital alemana o visitarla por primera vez. Aunque la agenda conmemorativa incluye <a href=\"http:\/\/www.visitberlin.de\/en\/event\/11-09-2014\/25-years-fall-of-the-berlin-wall\" target=\"_blank\" rel=\"external nofollow\">actos a lo largo de todo el a\u00f1o<\/a>, los m\u00e1s potentes se reservan para la semana del 9 de noviembre.\u00a0<\/span><span style=\"font-size: medium;\">Por lo pronto, la <a href=\"http:\/\/www.berlin.de\/en\/events\/may\/\" target=\"_blank\" rel=\"external nofollow\">agenda de eventos<\/a> destacados en mayo incluye la bienal que comienza a finales de mes.<\/span><\/p>\n<p dir=\"ltr\"><iframe loading=\"lazy\" src=\"https:\/\/mapsengine.google.com\/map\/embed?mid=zXVdhZgW-G6k.kkOSp8I1KJuc\" width=\"640\" height=\"480\"><\/iframe><\/p>\n","protected":false},"excerpt":{"rendered":"<p>Berl\u00edn posee infinidad de atractivos que la convierten en una de mis ciudades favoritas en Europa.\u00a0Una de las cosas que m\u00e1s impresiona del Berl\u00edn de las mil caras es la\u00a0capacidad para digerir pasajes de su historia reciente -casi siempre dram\u00e1ticos- y recordarlos a trav\u00e9s de s\u00edmbolos de una brutal fuerza evocadora. Y es que, al [&hellip;]<\/p>\n","protected":false},"author":37,"featured_media":131,"comment_status":"open","ping_status":"closed","sticky":false,"template":"","format":"standard","meta":[],"categories":[3],"tags":[10,19],"_links":{"self":[{"href":"https:\/\/blogs.lasprovincias.es\/elturistaindie\/wp-json\/wp\/v2\/posts\/114"}],"collection":[{"href":"https:\/\/blogs.lasprovincias.es\/elturistaindie\/wp-json\/wp\/v2\/posts"}],"about":[{"href":"https:\/\/blogs.lasprovincias.es\/elturistaindie\/wp-json\/wp\/v2\/types\/post"}],"author":[{"embeddable":true,"href":"https:\/\/blogs.lasprovincias.es\/elturistaindie\/wp-json\/wp\/v2\/users\/37"}],"replies":[{"embeddable":true,"href":"https:\/\/blogs.lasprovincias.es\/elturistaindie\/wp-json\/wp\/v2\/comments?post=114"}],"version-history":[{"count":0,"href":"https:\/\/blogs.lasprovincias.es\/elturistaindie\/wp-json\/wp\/v2\/posts\/114\/revisions"}],"wp:featuredmedia":[{"embeddable":true,"href":"https:\/\/blogs.lasprovincias.es\/elturistaindie\/wp-json\/wp\/v2\/media\/131"}],"wp:attachment":[{"href":"https:\/\/blogs.lasprovincias.es\/elturistaindie\/wp-json\/wp\/v2\/media?parent=114"}],"wp:term":[{"taxonomy":"category","embeddable":true,"href":"https:\/\/blogs.lasprovincias.es\/elturistaindie\/wp-json\/wp\/v2\/categories?post=114"},{"taxonomy":"post_tag","embeddable":true,"href":"https:\/\/blogs.lasprovincias.es\/elturistaindie\/wp-json\/wp\/v2\/tags?post=114"}],"curies":[{"name":"wp","href":"https:\/\/api.w.org\/{rel}","templated":true}]}}