{"id":206,"date":"2014-06-06T21:48:46","date_gmt":"2014-06-06T19:48:46","guid":{"rendered":"http:\/\/blogs.lasprovincias.es\/elturistaindie\/?p=206"},"modified":"2014-06-06T21:48:46","modified_gmt":"2014-06-06T19:48:46","slug":"de-dubrovnik-a-split-recorrido-esencial-por-la-costa-croata","status":"publish","type":"post","link":"https:\/\/blogs.lasprovincias.es\/elturistaindie\/2014\/06\/06\/de-dubrovnik-a-split-recorrido-esencial-por-la-costa-croata\/","title":{"rendered":"De Dubrovnik a Split, recorrido esencial por la costa croata"},"content":{"rendered":"<p style=\"text-align: center;\"><a href=\"https:\/\/blogs.lasprovincias.es\/elturistaindie\/2014\/06\/06\/de-dubrovnik-a-split-recorrido-esencial-por-la-costa-croata\/\"><img loading=\"lazy\" class=\"aligncenter  wp-image-229\" title=\"Dubrovnik Croacia\" src=\"\/elturistaindie\/wp-content\/uploads\/sites\/32\/2014\/06\/croacia.jpg\" alt=\"\" width=\"640\" height=\"367\" srcset=\"https:\/\/static-blogs.lasprovincias.es\/wp-content\/uploads\/sites\/32\/2014\/06\/croacia.jpg 800w, https:\/\/static-blogs.lasprovincias.es\/wp-content\/uploads\/sites\/32\/2014\/06\/croacia-300x172.jpg 300w, https:\/\/static-blogs.lasprovincias.es\/wp-content\/uploads\/sites\/32\/2014\/06\/croacia-768x441.jpg 768w\" sizes=\"(max-width: 640px) 100vw, 640px\" \/><\/a><\/p>\n<p><span style=\"font-size: medium;\"><a href=\"http:\/\/croatia.hr\/es-ES\/Oficinas-representativas\/Espana\" target=\"_blank\" rel=\"external nofollow\">Croacia<\/a> ha sido una gran desconocida para los turistas espa\u00f1oles durante a\u00f1os pero afortunadamente eso ha cambiado radicalmente y ahora ya casi son legi\u00f3n los viajeros que se animan a descubrir la que durante mucho tiempo ha sido <strong>uno de los tesoros mejor guardados del Adri\u00e1tico<\/strong>.<\/span><\/p>\n<p><span style=\"font-size: medium;\">La entrada en servicio de rutas de bajo coste con Espa\u00f1a &#8211;<a href=\"http:\/\/www.vueling.com\/es\/pais\/vuelos-baratos-a-Croacia\" target=\"_blank\" rel=\"external nofollow\">Vueling<\/a> lleva a\u00f1os operando este destino- ha influido para el despegue definitivo de Croacia como <strong>uno de los destinos de veraneo m\u00e1s populares entre los espa\u00f1oles<\/strong>.\u00a0Argumentos no le faltan.<\/span><\/p>\n<p><!--more(null)--><\/p>\n<div id=\"attachment_259\" style=\"width: 650px\" class=\"wp-caption aligncenter\"><a style=\"text-align: center; background-color: #f3f3f3;\" href=\"\/elturistaindie\/wp-content\/uploads\/sites\/32\/2014\/06\/14359940613_53e5f38b0d_c.jpg\"><img aria-describedby=\"caption-attachment-259\" loading=\"lazy\" class=\"wp-image-259 \" title=\"Dubrovnik\" src=\"\/elturistaindie\/wp-content\/uploads\/sites\/32\/2014\/06\/14359940613_53e5f38b0d_c.jpg\" alt=\"Dubrovnik\" width=\"640\" height=\"394\" srcset=\"https:\/\/static-blogs.lasprovincias.es\/wp-content\/uploads\/sites\/32\/2014\/06\/14359940613_53e5f38b0d_c.jpg 800w, https:\/\/static-blogs.lasprovincias.es\/wp-content\/uploads\/sites\/32\/2014\/06\/14359940613_53e5f38b0d_c-300x185.jpg 300w, https:\/\/static-blogs.lasprovincias.es\/wp-content\/uploads\/sites\/32\/2014\/06\/14359940613_53e5f38b0d_c-768x472.jpg 768w\" sizes=\"(max-width: 640px) 100vw, 640px\" \/><\/a><p id=\"caption-attachment-259\" class=\"wp-caption-text\">Calles de Dubrovnik \/ @xmoret<\/p><\/div>\n<p style=\"text-align: left;\">\u00a0<span style=\"font-size: medium;\">Una de las rutas m\u00e1s populares es la que recorre <\/span><strong style=\"font-size: medium;\">la costa d\u00e1lmata desde <a href=\"http:\/\/www.tzdubrovnik.hr\/esp\/\" target=\"_blank\" rel=\"external nofollow\">Dubrovnik<\/a> hasta <a href=\"http:\/\/www.visitsplit.com\/en\/1\/city-of-split-croatian-tourism-champion\" target=\"_blank\" rel=\"external nofollow\">Split<\/a>, perfecta para hacerla por libre en coche de alquiler<\/strong><span style=\"font-size: medium;\"> de forma relajada durante 10 o 12 d\u00edas. En pareja o con amigos. Los alquileres no son altos y hay facilidades para moverse con los veh\u00edculos en ferry, muchos tramos de carretera brindan unas vistas impresionantes, los restaurantes son asequibles y, muy importante, los croatas preparan un caf\u00e9 magn\u00edfico.<\/span><\/p>\n<p><span style=\"font-size: medium;\">La costa del <a href=\"http:\/\/croatia.hr\/es-ES\/Descubre-Croacia\/Naturaleza\/Mar-Adriatico?Y2lcMTIw\" target=\"_blank\" rel=\"external nofollow\">Adri\u00e1tico<\/a> es perfecta para aquellos viajeros que no\u00a0conciben unas vacaciones del mar pero tampoco quieren renunciar a explorar ciudades con un gran patrimonio hist\u00f3rico como Dubrovnik o Split, los dos polos fundamentales de esta ruta. Su eslogan tur\u00edstico no podr\u00eda ser m\u00e1s acertado: &#8216;<a href=\"http:\/\/youtu.be\/jk_VtCXq3wU\" target=\"_blank\" rel=\"external nofollow\">El Mediterr\u00e1neo tal como era<\/a>&#8216;. Esta es mi <strong>propuesta para diez d\u00edas recorriendo la costa de Dalmacia<\/strong>.<\/span><\/p>\n<div id=\"attachment_260\" style=\"width: 650px\" class=\"wp-caption aligncenter\"><a href=\"\/elturistaindie\/wp-content\/uploads\/sites\/32\/2014\/06\/puerto-dubrovnik.jpg\"><img aria-describedby=\"caption-attachment-260\" loading=\"lazy\" class=\" wp-image-260\" title=\"Puerto de Dubrovnik \" src=\"\/elturistaindie\/wp-content\/uploads\/sites\/32\/2014\/06\/puerto-dubrovnik.jpg\" alt=\"Puerto de Dubrovnik \" width=\"640\" height=\"427\" srcset=\"https:\/\/static-blogs.lasprovincias.es\/wp-content\/uploads\/sites\/32\/2014\/06\/puerto-dubrovnik.jpg 800w, https:\/\/static-blogs.lasprovincias.es\/wp-content\/uploads\/sites\/32\/2014\/06\/puerto-dubrovnik-300x200.jpg 300w, https:\/\/static-blogs.lasprovincias.es\/wp-content\/uploads\/sites\/32\/2014\/06\/puerto-dubrovnik-768x513.jpg 768w\" sizes=\"(max-width: 640px) 100vw, 640px\" \/><\/a><p id=\"caption-attachment-260\" class=\"wp-caption-text\">Puerto de Dubrovnik \/ @xmoret<\/p><\/div>\n<p><span style=\"font-size: medium;\">La ciudad antigua (Stari Grad) y la muralla que la rodea, que se mantiene intacta pese a los intensos bombardeos de 1991, justifican por s\u00ed solos el viaje a Croacia. La estructura defensiva es una de las principales fortificaciones que se conservan de la Edad Media y forma parte del\u00a0<a href=\"http:\/\/whc.unesco.org\/en\/list\/95\" target=\"_blank\" rel=\"external nofollow\">Patrimonio Cultural de la Unesco<\/a>.<\/span><\/p>\n<div id=\"attachment_262\" style=\"width: 352px\" class=\"wp-caption alignleft\"><a href=\"\/elturistaindie\/wp-content\/uploads\/sites\/32\/2014\/06\/dubrovnik1.jpg\"><img aria-describedby=\"caption-attachment-262\" loading=\"lazy\" class=\" wp-image-262 \" title=\"Dubrovnik\" src=\"\/elturistaindie\/wp-content\/uploads\/sites\/32\/2014\/06\/dubrovnik1.jpg\" alt=\"Dubrovnik\" width=\"342\" height=\"512\" srcset=\"https:\/\/static-blogs.lasprovincias.es\/wp-content\/uploads\/sites\/32\/2014\/06\/dubrovnik1.jpg 427w, https:\/\/static-blogs.lasprovincias.es\/wp-content\/uploads\/sites\/32\/2014\/06\/dubrovnik1-200x300.jpg 200w\" sizes=\"(max-width: 342px) 100vw, 342px\" \/><\/a><p id=\"caption-attachment-262\" class=\"wp-caption-text\">Dubrovnik desde la muralla \/ @xmoret<\/p><\/div>\n<p><span style=\"font-size: medium;\">Se extiende durante casi dos kil\u00f3metros y en algunos puntos alcanza los 22 metros de altura y los 6 de espesor. <\/span><strong style=\"font-size: medium;\">Es absolutamente imprescindible dedicar al menos una hora a recorrerla. Mejor si es al atardecer.<\/strong><span style=\"font-size: medium;\"> Las vistas que ofrece son incre\u00edbles. La visi\u00f3n de las aguas cristalinas del Adri\u00e1tico contrasta con la blancura de la piedra en la que est\u00e1n tallados los palacios de la ciudad vieja y los tejados rojos de las casas.<\/span><\/p>\n<p><span style=\"font-size: medium;\">En verano est\u00e1 abierta hasta las 19.30 horas y <strong>la entrada para un adulto cuesta 100 kunas (HRK), aproximadamente unos 13 euros<\/strong>. En el caso de los ni\u00f1os, el precio se reduce a la tercera parte: 30 HRK, casi 4 euros. Puedes ver toda la informaci\u00f3n sobre esta y otras atracciones en el <a href=\"http:\/\/www.tzdubrovnik.hr\/esp\/#.U5IMk3J_vE0\" target=\"_blank\" rel=\"external nofollow\">portal tur\u00edstico<\/a> municipal. \u00a0Hay tres entradas: a trav\u00e9s de la puerta de Pile, en la calle principal (Stradun); en la Fortaleza de San Juan; y en la Fortaleza de San Lucas.<\/span><\/p>\n<p><span style=\"font-size: medium;\">Ya en la ciudad antigua,\u00a0la mencionada calle de Stradun\u00a0es el eje fundamental. La entrada principal es la Puerta de Pile y<strong> todo el casco hist\u00f3rico est\u00e1 libre de tr\u00e1fico<\/strong>. Toda la ciudad se organiza a ambos lados de la amplia calle principal, de casi 300 metros de largo: palacios de piedra blanca, plazas con solado de m\u00e1rmol, fuentes, iglesias, monasterios, museos&#8230; <\/span><\/p>\n<p>&nbsp;<\/p>\n<div id=\"attachment_263\" style=\"width: 352px\" class=\"wp-caption alignleft\"><a href=\"\/elturistaindie\/wp-content\/uploads\/sites\/32\/2014\/06\/14354698764_b34904ebe7_z.jpg\"><img aria-describedby=\"caption-attachment-263\" loading=\"lazy\" class=\" wp-image-263 \" title=\"Dubrovnik\" src=\"\/elturistaindie\/wp-content\/uploads\/sites\/32\/2014\/06\/14354698764_b34904ebe7_z.jpg\" alt=\"Dubrovnik\" width=\"342\" height=\"512\" srcset=\"https:\/\/static-blogs.lasprovincias.es\/wp-content\/uploads\/sites\/32\/2014\/06\/14354698764_b34904ebe7_z.jpg 427w, https:\/\/static-blogs.lasprovincias.es\/wp-content\/uploads\/sites\/32\/2014\/06\/14354698764_b34904ebe7_z-200x300.jpg 200w\" sizes=\"(max-width: 342px) 100vw, 342px\" \/><\/a><p id=\"caption-attachment-263\" class=\"wp-caption-text\">Dubrovnik \/ @xmoret<\/p><\/div>\n<p><span style=\"font-size: medium;\">Lo ideal ser\u00eda dedicar como m\u00ednimo dos jornadas a disfrutar relajadamente de los placeres de la ciudad, alternar el callejeo por la parte antigua con los momentos de relax en alguna playa cercana o para disfrutar de un buen caf\u00e9 en alguna plaza. <strong>Absolutamente aconsejable es la visita al <a href=\"http:\/\/www.tripadvisor.es\/Attraction_Review-g295371-d552668-Reviews-Cafe_Buza-Dubrovnik_Dubrovnik_Neretva_County_Dalmatia.html\" target=\"_blank\" rel=\"external nofollow\">Buza Bar<\/a><\/strong>, un garito suspendido de la muralla (se accede por un boquete) desde cuya terraza se puede disfrutar de un espectacular atardecer mientras se toma algo. Caro (no escandalosamente), pero imperdible.<\/span><\/p>\n<div id=\"attachment_264\" style=\"width: 650px\" class=\"wp-caption aligncenter\"><a href=\"\/elturistaindie\/wp-content\/uploads\/sites\/32\/2014\/06\/Buza-Bar-Dubrovnik.jpg\"><img aria-describedby=\"caption-attachment-264\" loading=\"lazy\" class=\" wp-image-264 \" title=\"Buza Bar Dubrovnik\" src=\"\/elturistaindie\/wp-content\/uploads\/sites\/32\/2014\/06\/Buza-Bar-Dubrovnik.jpg\" alt=\"Buza Bar Dubrovnik\" width=\"640\" height=\"390\" srcset=\"https:\/\/static-blogs.lasprovincias.es\/wp-content\/uploads\/sites\/32\/2014\/06\/Buza-Bar-Dubrovnik.jpg 800w, https:\/\/static-blogs.lasprovincias.es\/wp-content\/uploads\/sites\/32\/2014\/06\/Buza-Bar-Dubrovnik-300x183.jpg 300w, https:\/\/static-blogs.lasprovincias.es\/wp-content\/uploads\/sites\/32\/2014\/06\/Buza-Bar-Dubrovnik-768x468.jpg 768w\" sizes=\"(max-width: 640px) 100vw, 640px\" \/><\/a><p id=\"caption-attachment-264\" class=\"wp-caption-text\">Buza Bar (Dubrovnik) \/ @xmoret<\/p><\/div>\n<p><span style=\"font-size: medium;\">Antes de abandonar la ciudad para continuar con la ruta hacia el norte, camino de Split, hay dos excursiones muy recomendables que se pueden realizar en un d\u00eda desde Dubrovnik. Una es a <strong><a href=\"http:\/\/www.bhtourism.ba\/eng\/mostar.wbsp\" target=\"_blank\" rel=\"external nofollow\">Mostar<\/a><\/strong>. La <a href=\"http:\/\/www.atlas-croatia.com\/arrangement\/mostar-traces-of-orient\/\" target=\"_blank\" rel=\"external nofollow\">agencia local Atlas<\/a> organiza visitas de un d\u00eda a esta ciudad de la vecina Rep\u00fablica de Bosnia-Herzegovina donde las huellas de la guerra a\u00fan son muy evidentes. La excursi\u00f3n recorre el centro hist\u00f3rico de la ciudad, con especial atenci\u00f3n al ic\u00f3nico Puente Viejo hoy reconstruido como s\u00edmbolo de uni\u00f3n tras ser derribado durante la guerra de Bosnia. Cuesta 53 euros y dura todo el d\u00eda.<\/span><\/p>\n<div id=\"attachment_265\" style=\"width: 650px\" class=\"wp-caption aligncenter\"><a href=\"\/elturistaindie\/wp-content\/uploads\/sites\/32\/2014\/06\/Mostar.jpg\"><img aria-describedby=\"caption-attachment-265\" loading=\"lazy\" class=\" wp-image-265 \" title=\"Mostar\" src=\"\/elturistaindie\/wp-content\/uploads\/sites\/32\/2014\/06\/Mostar.jpg\" alt=\"Mostar\" width=\"640\" height=\"396\" srcset=\"https:\/\/static-blogs.lasprovincias.es\/wp-content\/uploads\/sites\/32\/2014\/06\/Mostar.jpg 800w, https:\/\/static-blogs.lasprovincias.es\/wp-content\/uploads\/sites\/32\/2014\/06\/Mostar-300x186.jpg 300w, https:\/\/static-blogs.lasprovincias.es\/wp-content\/uploads\/sites\/32\/2014\/06\/Mostar-768x475.jpg 768w\" sizes=\"(max-width: 640px) 100vw, 640px\" \/><\/a><p id=\"caption-attachment-265\" class=\"wp-caption-text\">Mostar \/ @xmoret<\/p><\/div>\n<p><span style=\"font-size: medium;\">La otra es el <strong><a href=\"http:\/\/www.np-mljet.hr\/\" target=\"_blank\" rel=\"external nofollow\">Parque Nacional de la isla de Mljet<\/a><\/strong>, tambi\u00e9n de un d\u00eda y que recomiendo hacer por libre. Desde Dubrovnik es muy sencillo llegar hasta la isla en ferry r\u00e1pido, un desplazamiento de apenas una hora. En <a href=\"http:\/\/www.gv-line.hr\/raspored1.php?linija=3\" target=\"_blank\" rel=\"external nofollow\">su web<\/a> puedes consultar los horarios actualizados para el verano de 2014, precios y lugar de partida. Imprescindible llevar biodramina (el barco se mueve, s\u00ed) y escarpines o cangrejeras para ba\u00f1arte en las playas de roca.<\/span><\/p>\n<p><span style=\"font-size: medium;\">Lo que te vas a encontrar en Mljet es <strong>una isla que no debe de haber cambiado demasiado a lo largo de los siglos<\/strong>. Un remanso de naturaleza (cinco tipos de bosque) y paz que invita a ser recorrido en bicicleta (f\u00e1ciles de alquilar) por la pista de tierra que rodea el lago en busca del mejor rinc\u00f3n para zambullirse. En Mljet se da un curioso fen\u00f3meno: dentro del inmenso lago central (en realidad son dos lagos conectados) hay un peque\u00f1o islote, una isla dentro de otra isla.<\/span><\/p>\n<div id=\"attachment_266\" style=\"width: 650px\" class=\"wp-caption aligncenter\"><a href=\"\/elturistaindie\/wp-content\/uploads\/sites\/32\/2014\/06\/Mljet.jpg\"><img aria-describedby=\"caption-attachment-266\" loading=\"lazy\" class=\" wp-image-266 \" title=\"Isla de Mljet\" src=\"\/elturistaindie\/wp-content\/uploads\/sites\/32\/2014\/06\/Mljet.jpg\" alt=\"Isla de Mljet\" width=\"640\" height=\"400\" srcset=\"https:\/\/static-blogs.lasprovincias.es\/wp-content\/uploads\/sites\/32\/2014\/06\/Mljet.jpg 800w, https:\/\/static-blogs.lasprovincias.es\/wp-content\/uploads\/sites\/32\/2014\/06\/Mljet-300x188.jpg 300w, https:\/\/static-blogs.lasprovincias.es\/wp-content\/uploads\/sites\/32\/2014\/06\/Mljet-768x480.jpg 768w\" sizes=\"(max-width: 640px) 100vw, 640px\" \/><\/a><p id=\"caption-attachment-266\" class=\"wp-caption-text\">Isla de Mljet \/ @xmoret<\/p><\/div>\n<p><span style=\"font-size: medium;\">Llegado el quinto d\u00eda en Croacia, es momento de <strong>recoger el coche de alquiler para comenzar propiamente la ruta hacia el norte en direcci\u00f3n a Split<\/strong>. Concentrar las visitas en y desde Dubrovnik al principio o el final del viaje permite ahorrar d\u00edas de alquiler de coche, ya que el veh\u00edculo no te va a servir de nada en Dubrovnik.<\/span><\/p>\n<p><span style=\"font-size: medium;\">El viaje por la carretera costera es un placer en s\u00ed mismo y conviene tomarlo con calma para disfrutar de <strong>espectaculares panor\u00e1micas, con el Mar Adri\u00e1tico asomando casi tras cada curva<\/strong>. El siguiente destino, <a href=\"http:\/\/croatia.hr\/es-ES\/Destinos\/Localidad\/Orebic?ZHNcMTg3LHBcNw%3D%3D\" target=\"_blank\" rel=\"external nofollow\">Orebic<\/a>, se encuentra a menos de dos horas en coche atravesando la pen\u00ednsula de Peljesac. A mitad de camino, a unos 50 kil\u00f3metros de Dubrovnik, es interesante realizar una parada t\u00e9cnica en el pintoresco <a href=\"http:\/\/croatia.hr\/es-ES\/Destinos\/Localidad\/Ston?ZHNcMjA5LHBcNw%3d%3d\" target=\"_blank\" rel=\"external nofollow\">Ston<\/a>, un pueblo costero famoso por su muralla y sus criaderos de ostras.<\/span><\/p>\n<div id=\"attachment_268\" style=\"width: 650px\" class=\"wp-caption aligncenter\"><a href=\"\/elturistaindie\/wp-content\/uploads\/sites\/32\/2014\/06\/Kor\u00e7ula.jpg\"><img aria-describedby=\"caption-attachment-268\" loading=\"lazy\" class=\" wp-image-268 \" title=\"Kor\u00e7ula\" src=\"\/elturistaindie\/wp-content\/uploads\/sites\/32\/2014\/06\/Kor\u00e7ula.jpg\" alt=\"Kor\u00e7ula\" width=\"640\" height=\"368\" srcset=\"https:\/\/static-blogs.lasprovincias.es\/wp-content\/uploads\/sites\/32\/2014\/06\/Kor\u00e7ula.jpg 800w, https:\/\/static-blogs.lasprovincias.es\/wp-content\/uploads\/sites\/32\/2014\/06\/Kor\u00e7ula-300x173.jpg 300w, https:\/\/static-blogs.lasprovincias.es\/wp-content\/uploads\/sites\/32\/2014\/06\/Kor\u00e7ula-768x442.jpg 768w\" sizes=\"(max-width: 640px) 100vw, 640px\" \/><\/a><p id=\"caption-attachment-268\" class=\"wp-caption-text\">Kor\u00e7ula \/ @xmoret<\/p><\/div>\n<p><span style=\"font-size: medium;\">Desde Orebic parte un barco tur\u00edstico que lleva directamente al puerto de la ciudad antigua de <a href=\"http:\/\/croatia.hr\/es-ES\/Destinos\/Localidad\/Korcula?ZHNcMTcxLHBcNw%3d%3d\" target=\"_blank\" rel=\"external nofollow\">Kor\u00e7ula<\/a> en apenas 20 minutos.\u00a0Kor\u00e7ula es conocida como la isla de Marco Polo. Su capital, que recibe el mismo nombre, es una t\u00edpica ciudad d\u00e1lmata medieval\u00a0fortificada. Conviene estar atento porque <strong>la <a href=\"https:\/\/flic.kr\/p\/nSptmm\" target=\"_blank\" rel=\"external nofollow\">imagen<\/a> que se obtiene en la aproximaci\u00f3n desde el ferry es una de las mejores que te vas a llevar de tu paso por Croacia<\/strong>. Las calles del pueblo tienen una curiosa disposici\u00f3n en forma de &#8216;espina de pez&#8217; para maximizar la entrada del viento fresco del oeste y cortar el paso del viento fr\u00edo del norte. Visitarla lleva apenas unas pocas horas.<\/span><\/p>\n<div id=\"attachment_267\" style=\"width: 650px\" class=\"wp-caption aligncenter\"><a href=\"\/elturistaindie\/wp-content\/uploads\/sites\/32\/2014\/06\/Playa-en-Orebic.jpg\"><img aria-describedby=\"caption-attachment-267\" loading=\"lazy\" class=\" wp-image-267 \" title=\"Playa en Orebic\" src=\"\/elturistaindie\/wp-content\/uploads\/sites\/32\/2014\/06\/Playa-en-Orebic.jpg\" alt=\"Playa en Orebic\" width=\"640\" height=\"346\" srcset=\"https:\/\/static-blogs.lasprovincias.es\/wp-content\/uploads\/sites\/32\/2014\/06\/Playa-en-Orebic.jpg 800w, https:\/\/static-blogs.lasprovincias.es\/wp-content\/uploads\/sites\/32\/2014\/06\/Playa-en-Orebic-300x162.jpg 300w, https:\/\/static-blogs.lasprovincias.es\/wp-content\/uploads\/sites\/32\/2014\/06\/Playa-en-Orebic-768x415.jpg 768w\" sizes=\"(max-width: 640px) 100vw, 640px\" \/><\/a><p id=\"caption-attachment-267\" class=\"wp-caption-text\">Playa en Orebic \/ @xmoret<\/p><\/div>\n<p><span style=\"font-size: medium;\">Por la tarde, de regreso a <a href=\"http:\/\/croatia.hr\/es-ES\/Destinos\/Localidad\/Orebic?ZHNcMTg3LHBcNw%3D%3D\" target=\"_blank\" rel=\"external nofollow\">Orebic<\/a>, cogemos el coche y retomamos la ruta cruzando la pen\u00ednsula en transversal (19kms)\u00a0en direcci\u00f3n al puerto de <a href=\"http:\/\/croatia.hr\/es-ES\/Destinos\/Localidad\/Trpanj?ZHNcMjExLHBcNw%3d%3d\" target=\"_blank\" rel=\"external nofollow\">Trpanj<\/a>. Si puedes, ven con tiempo porque por<strong> aqu\u00ed podr\u00e1s encontrar fant\u00e1sticas playas de grava semidesiertas y aguas aut\u00e9nticamente cristalinas<\/strong>. Desde Trpanj se puede cruzar en un corto trayecto de apenas 40 minutos en ferry hasta\u00a0<a href=\"http:\/\/croatia.hr\/es-ES\/Destinos\/Localidad\/Ploce?ZHNcMTkxLHBcNw%3d%3d\" target=\"_blank\" rel=\"external nofollow\">Ploce<\/a> y nos ahorramos tener que volver atr\u00e1s por el camino recorrido en la pen\u00ednsula de Peljesac.<\/span><\/p>\n<p><span style=\"font-size: medium;\">De nuevo en la carretera costera de la regi\u00f3n de Dalmacia, lo ideal seria establecer la pr\u00f3xima base en <strong>alguno de los pueblos costeros que forman la <a href=\"http:\/\/www.dalmatia.hr\/en\/makarska-riviera\" target=\"_blank\" rel=\"external nofollow\">ribera de Makarska<\/a> como Podgora, <a href=\"http:\/\/www.dalmatia.hr\/en\/makarska-riviera\/tucepi\" target=\"_blank\" rel=\"external nofollow\">Tucepi<\/a><\/strong> o la propia ciudad de Makarska, el m\u00e1s grande la zona.<\/span><\/p>\n<div id=\"attachment_269\" style=\"width: 650px\" class=\"wp-caption aligncenter\"><a href=\"\/elturistaindie\/wp-content\/uploads\/sites\/32\/2014\/06\/Kor\u00e7ula1.jpg\"><img aria-describedby=\"caption-attachment-269\" loading=\"lazy\" class=\" wp-image-269 \" title=\"Kor\u00e7ula\" src=\"\/elturistaindie\/wp-content\/uploads\/sites\/32\/2014\/06\/Kor\u00e7ula1.jpg\" alt=\"Kor\u00e7ula\" width=\"640\" height=\"427\" srcset=\"https:\/\/static-blogs.lasprovincias.es\/wp-content\/uploads\/sites\/32\/2014\/06\/Kor\u00e7ula1.jpg 800w, https:\/\/static-blogs.lasprovincias.es\/wp-content\/uploads\/sites\/32\/2014\/06\/Kor\u00e7ula1-300x200.jpg 300w, https:\/\/static-blogs.lasprovincias.es\/wp-content\/uploads\/sites\/32\/2014\/06\/Kor\u00e7ula1-768x513.jpg 768w\" sizes=\"(max-width: 640px) 100vw, 640px\" \/><\/a><p id=\"caption-attachment-269\" class=\"wp-caption-text\">Kor\u00e7ula \/ @xmoret<\/p><\/div>\n<p><span style=\"font-size: medium;\">Sexto d\u00eda. La propuesta para hoy consiste en cruzar en el ferry para veh\u00edculos desde Makarska hasta Sumartin, en la cercana isla de <a href=\"http:\/\/croatia.hr\/es-ES\/Destinos\/Islas\/Isla\/Brac?ZHNcNTU4\" target=\"_blank\" rel=\"external nofollow\">Brac<\/a>. En esta isla, f\u00e1cil de recorrer con el veh\u00edculo, hay un punto esencial: <strong>la playa de Bol<\/strong>, al sur, en la ciudad del mismo nombre. Es una de las m\u00e1s espectaculares del pa\u00eds y me atrever\u00eda a decir que de todo el Mediterr\u00e1neo, un singular <a href=\"https:\/\/www.google.es\/search?q=bol+beach+brac&#038;espv=2&#038;source=lnms&#038;tbm=isch&#038;sa=X&#038;ei=sA-SU6urBKiB4gS2uIGQCA&#038;ved=0CAYQ_AUoAQ&#038;biw=1680&#038;bih=935\" target=\"_blank\" rel=\"external nofollow\">cuerno de oro<\/a> que cambia de forma en funci\u00f3n de las mareas.<\/span><\/p>\n<p><span style=\"font-size: medium;\">Aunque es posible ir y volver en un mismo d\u00eda a Brac desde Makarska, puede ser interesante hacer noche en la isla con la idea de abordar en la siguiente jornada, la s\u00e9ptima, la vecina isla de <a href=\"http:\/\/www.dalmatia.hr\/en\/island-of-hvar\" target=\"_blank\" rel=\"external nofollow\">Hvar<\/a>. Esta es <strong>la isla m\u00e1s elitista de todas las que salpican la costa croata<\/strong>. Famosa por sus campos de lavanda, la <\/span><a style=\"font-size: medium;\" href=\"http:\/\/www.tzhvar.hr\/en\/\" rel=\"external nofollow\">ciudad antigua<\/a><span style=\"font-size: medium;\">\u00a0de Hvar es su principal atracci\u00f3n tur\u00edstica. A escasa distancia de Hvar se encuentra <a href=\"http:\/\/www.dalmatia.hr\/en\/island-of-hvar\/stari-grad\" target=\"_blank\" rel=\"external nofollow\">Stari Grad<\/a> desde cuyo puerto parten varios ferrys al d\u00eda hasta Split (dos horas en barco), \u00faltima parada del itinerario propuesto y base de operaciones para el tramo final del viaje.<\/span><\/p>\n<div id=\"attachment_273\" style=\"width: 650px\" class=\"wp-caption aligncenter\"><a href=\"\/elturistaindie\/wp-content\/uploads\/sites\/32\/2014\/06\/Hvar.jpg\"><img aria-describedby=\"caption-attachment-273\" loading=\"lazy\" class=\" wp-image-273 \" title=\"Isla de Hvar\" src=\"\/elturistaindie\/wp-content\/uploads\/sites\/32\/2014\/06\/Hvar.jpg\" alt=\"Isla de Hvar\" width=\"640\" height=\"427\" srcset=\"https:\/\/static-blogs.lasprovincias.es\/wp-content\/uploads\/sites\/32\/2014\/06\/Hvar.jpg 800w, https:\/\/static-blogs.lasprovincias.es\/wp-content\/uploads\/sites\/32\/2014\/06\/Hvar-300x200.jpg 300w, https:\/\/static-blogs.lasprovincias.es\/wp-content\/uploads\/sites\/32\/2014\/06\/Hvar-768x513.jpg 768w\" sizes=\"(max-width: 640px) 100vw, 640px\" \/><\/a><p id=\"caption-attachment-273\" class=\"wp-caption-text\">Isla de Hvar \/ @xmoret<\/p><\/div>\n<p><span style=\"font-size: medium;\">Llegado el octavo d\u00eda es momento de explorar a fondo <strong><a href=\"http:\/\/www.dalmatia.hr\/virtual-walk\/\" target=\"_blank\" rel=\"external nofollow\">Split<\/a>, uno de los puntos fuertes del viaje y la segunda ciudad m\u00e1s importante de Croacia<\/strong>, por lo que bien merece que le dediquemos al menos un par de d\u00edas.<\/span><\/p>\n<p><span style=\"font-size: medium;\">Un buen punto de partida para visitarla es su evocador paseo mar\u00edtimo, entre las aguas del Adri\u00e1tico y los muros de su principal atracci\u00f3n, el <a href=\"http:\/\/www.dalmatia.hr\/en\/culture-and-sights\/split-diocletian-palace\" target=\"_blank\" rel=\"external nofollow\">Palacio de Diocleciano<\/a>. Declarado Patrimonio de la Humanidad por Unesco se trata de una <strong>mezcla de palacio imperial y fortaleza<\/strong> que este emperador romano mand\u00f3 construir a finales del siglo III con piedra blanca extra\u00edda de las canteras de la cercana isla de brac y m\u00e1rmoles tra\u00eddos de otras zonas del imperio.<\/span><\/p>\n<div id=\"attachment_272\" style=\"width: 650px\" class=\"wp-caption aligncenter\"><a href=\"\/elturistaindie\/wp-content\/uploads\/sites\/32\/2014\/06\/Split.jpg\"><img aria-describedby=\"caption-attachment-272\" loading=\"lazy\" class=\" wp-image-272 \" title=\"Templo de Diocleciano en Split\" src=\"\/elturistaindie\/wp-content\/uploads\/sites\/32\/2014\/06\/Split.jpg\" alt=\"Templo de Diocleciano en Split\" width=\"640\" height=\"444\" srcset=\"https:\/\/static-blogs.lasprovincias.es\/wp-content\/uploads\/sites\/32\/2014\/06\/Split.jpg 800w, https:\/\/static-blogs.lasprovincias.es\/wp-content\/uploads\/sites\/32\/2014\/06\/Split-300x208.jpg 300w, https:\/\/static-blogs.lasprovincias.es\/wp-content\/uploads\/sites\/32\/2014\/06\/Split-768x533.jpg 768w\" sizes=\"(max-width: 640px) 100vw, 640px\" \/><\/a><p id=\"caption-attachment-272\" class=\"wp-caption-text\">Templo de Diocleciano en Split \/ @xmoret<\/p><\/div>\n<p><span style=\"font-size: medium;\">Espl\u00e9ndidamente conservado, hoy en d\u00eda alrededor de <strong>3.000 vecinos de Split viven dentro de sus murallas<\/strong>. Son los herederos de quienes fijaron su vivienda dentro d el palacio cuando \u00e9ste perdi\u00f3 su uso original. En total ocupa una superficie de m\u00e1s de 30.000 metros cuadrados dispuestos con una planta cuadrada casi perfecta.<\/span><\/p>\n<p><span style=\"font-size: medium;\">El palacio tiene cuatro entradas. Junto a la entrada norte (Puerta de Oro) se encuentra una enorme estatua de bronce del obispo croata Gregorio de Nin. La tradici\u00f3n manda que, <strong>para tener buena suerte, hay que frotarle el <a href=\"http:\/\/www.dalmatia.hr\/en\/culture-and-sights\/split-gregory-s-big-toe\" target=\"_blank\" rel=\"external nofollow\">dedo gordo del pie<\/a><\/strong>, reluciente despu\u00e9s de tanto sobeteo. Una vez dentro, conviene hacerse con un buen plano y no perderse puntos como el Palacio Papalic o el Templo de J\u00fapiter.<\/span><\/p>\n<div id=\"attachment_271\" style=\"width: 650px\" class=\"wp-caption aligncenter\"><a href=\"\/elturistaindie\/wp-content\/uploads\/sites\/32\/2014\/06\/Sibenik.jpg\"><img aria-describedby=\"caption-attachment-271\" loading=\"lazy\" class=\" wp-image-271 \" title=\"Catedral de Sibenik\" src=\"\/elturistaindie\/wp-content\/uploads\/sites\/32\/2014\/06\/Sibenik.jpg\" alt=\"Catedral de Sibenik\" width=\"640\" height=\"387\" srcset=\"https:\/\/static-blogs.lasprovincias.es\/wp-content\/uploads\/sites\/32\/2014\/06\/Sibenik.jpg 800w, https:\/\/static-blogs.lasprovincias.es\/wp-content\/uploads\/sites\/32\/2014\/06\/Sibenik-300x182.jpg 300w, https:\/\/static-blogs.lasprovincias.es\/wp-content\/uploads\/sites\/32\/2014\/06\/Sibenik-768x465.jpg 768w\" sizes=\"(max-width: 640px) 100vw, 640px\" \/><\/a><p id=\"caption-attachment-271\" class=\"wp-caption-text\">Catedral de Sibenik \/ @xmoret<\/p><\/div>\n<p><span style=\"font-size: medium;\">Muy cerca de Split, a s\u00f3lo 10 kil\u00f3metros en direcci\u00f3n al norte, se encuentran las ruinas romanas de la antigua <\/span><a style=\"font-size: medium;\" href=\"http:\/\/www.solin-info.com\" rel=\"external nofollow\">Salona<\/a><span style=\"font-size: medium;\">, ciudad que hoy recibe el nombre de Solin, uno de los restos arqueol\u00f3gicos m\u00e1s importantes de Croacia. M\u00e1s recomendable resulta la visita a la cercana ciudad amurallada de <\/span><strong><a style=\"font-size: medium;\" href=\"http:\/\/www.tztrogir.hr\" rel=\"external nofollow\">Trogir<\/a><\/strong><span style=\"font-size: medium;\"><strong>, a solo 28 kil\u00f3metros al norte de Split, tambi\u00e9n declarada Patrimonio de la Humanidad por la Unesco<\/strong>.<\/span><\/p>\n<p><span style=\"font-size: medium;\">La propuesta para el d\u00e9cimo d\u00eda consiste en realizar una incursi\u00f3n a los dos puntos de mayor inter\u00e9s de la parte m\u00e1s septeptrional de la regi\u00f3n de Dalmacia. La ciudad de <strong><a href=\"http:\/\/www.sibenik-tourism.hr\/hr\/eng\" target=\"_blank\" rel=\"external nofollow\">Sibenik<\/a><\/strong>, y en particular su catedral, bien merecen una visita en nuestro camino de regreso a Split desde el otro punto de obligado visita: el parque nacional de Krka.<\/span><\/p>\n<div id=\"attachment_270\" style=\"width: 650px\" class=\"wp-caption aligncenter\"><a href=\"\/elturistaindie\/wp-content\/uploads\/sites\/32\/2014\/06\/Krka.jpg\"><img aria-describedby=\"caption-attachment-270\" loading=\"lazy\" class=\" wp-image-270 \" title=\"Parque Nacional de Krka\" src=\"\/elturistaindie\/wp-content\/uploads\/sites\/32\/2014\/06\/Krka.jpg\" alt=\"Parque Nacional de Krka\" width=\"640\" height=\"369\" srcset=\"https:\/\/static-blogs.lasprovincias.es\/wp-content\/uploads\/sites\/32\/2014\/06\/Krka.jpg 800w, https:\/\/static-blogs.lasprovincias.es\/wp-content\/uploads\/sites\/32\/2014\/06\/Krka-300x173.jpg 300w, https:\/\/static-blogs.lasprovincias.es\/wp-content\/uploads\/sites\/32\/2014\/06\/Krka-768x443.jpg 768w\" sizes=\"(max-width: 640px) 100vw, 640px\" \/><\/a><p id=\"caption-attachment-270\" class=\"wp-caption-text\">Parque Nacional de Krka \/ @xmoret<\/p><\/div>\n<p><span style=\"font-size: medium;\">A poco m\u00e1s de una hora en coche desde Split por la autopista A1, el <a href=\"http:\/\/www.vodice.hr\/en\/experience-vodice\/national-parks\/national-park-krka.htm\" target=\"_blank\" rel=\"external nofollow\">parque nacional de Krka<\/a> supone una buena aproximaci\u00f3n a la riqueza natural de la que presume Croacia. A lo largo de los siglos, el r\u00edo que da nombre al parque ha ido generando <strong>una sucesi\u00f3n de espectaculares ca\u00f1ones y cascadas en algunas de las cuales es posible darse un ba\u00f1o<\/strong>. Un colof\u00f3n magn\u00edfico al viaje por este pa\u00eds que combina con maestr\u00eda patrimonio hist\u00f3rico y natural y un estilo de vida genuinamente mediterr\u00e1neo.<\/span><\/p>\n<p><span style=\"font-size: medium;\">Espero que esta ruta te sea de utilidad para organizar tus d\u00edas en la costa de Dalmacia y, si te gusta, \u00a1comp\u00e1rtela!<\/span><\/p>\n","protected":false},"excerpt":{"rendered":"<p>Croacia ha sido una gran desconocida para los turistas espa\u00f1oles durante a\u00f1os pero afortunadamente eso ha cambiado radicalmente y ahora ya casi son legi\u00f3n los viajeros que se animan a descubrir la que durante mucho tiempo ha sido uno de los tesoros mejor guardados del Adri\u00e1tico. La entrada en servicio de rutas de bajo coste [&hellip;]<\/p>\n","protected":false},"author":37,"featured_media":229,"comment_status":"open","ping_status":"closed","sticky":false,"template":"","format":"standard","meta":[],"categories":[4],"tags":[29,32,49,91],"_links":{"self":[{"href":"https:\/\/blogs.lasprovincias.es\/elturistaindie\/wp-json\/wp\/v2\/posts\/206"}],"collection":[{"href":"https:\/\/blogs.lasprovincias.es\/elturistaindie\/wp-json\/wp\/v2\/posts"}],"about":[{"href":"https:\/\/blogs.lasprovincias.es\/elturistaindie\/wp-json\/wp\/v2\/types\/post"}],"author":[{"embeddable":true,"href":"https:\/\/blogs.lasprovincias.es\/elturistaindie\/wp-json\/wp\/v2\/users\/37"}],"replies":[{"embeddable":true,"href":"https:\/\/blogs.lasprovincias.es\/elturistaindie\/wp-json\/wp\/v2\/comments?post=206"}],"version-history":[{"count":0,"href":"https:\/\/blogs.lasprovincias.es\/elturistaindie\/wp-json\/wp\/v2\/posts\/206\/revisions"}],"wp:featuredmedia":[{"embeddable":true,"href":"https:\/\/blogs.lasprovincias.es\/elturistaindie\/wp-json\/wp\/v2\/media\/229"}],"wp:attachment":[{"href":"https:\/\/blogs.lasprovincias.es\/elturistaindie\/wp-json\/wp\/v2\/media?parent=206"}],"wp:term":[{"taxonomy":"category","embeddable":true,"href":"https:\/\/blogs.lasprovincias.es\/elturistaindie\/wp-json\/wp\/v2\/categories?post=206"},{"taxonomy":"post_tag","embeddable":true,"href":"https:\/\/blogs.lasprovincias.es\/elturistaindie\/wp-json\/wp\/v2\/tags?post=206"}],"curies":[{"name":"wp","href":"https:\/\/api.w.org\/{rel}","templated":true}]}}