{"id":235,"date":"2014-06-20T12:09:02","date_gmt":"2014-06-20T10:09:02","guid":{"rendered":"http:\/\/blogs.lasprovincias.es\/elturistaindie\/?p=235"},"modified":"2014-06-20T12:09:02","modified_gmt":"2014-06-20T10:09:02","slug":"los-destinos-mas-deseados-del-verano-y-otros-que-deberias-considerar","status":"publish","type":"post","link":"https:\/\/blogs.lasprovincias.es\/elturistaindie\/2014\/06\/20\/los-destinos-mas-deseados-del-verano-y-otros-que-deberias-considerar\/","title":{"rendered":"Los destinos m\u00e1s deseados del verano (y otros que deber\u00edas considerar)"},"content":{"rendered":"<div id=\"attachment_242\" style=\"width: 650px\" class=\"wp-caption aligncenter\"><a href=\"\/elturistaindie\/wp-content\/uploads\/sites\/32\/2014\/06\/Reichstag.jpg\"><img aria-describedby=\"caption-attachment-242\" loading=\"lazy\" class=\" wp-image-242 \" title=\"Reichstag\" src=\"\/elturistaindie\/wp-content\/uploads\/sites\/32\/2014\/06\/Reichstag.jpg\" alt=\"Reichstag\" width=\"640\" height=\"426\" srcset=\"https:\/\/static-blogs.lasprovincias.es\/wp-content\/uploads\/sites\/32\/2014\/06\/Reichstag.jpg 800w, https:\/\/static-blogs.lasprovincias.es\/wp-content\/uploads\/sites\/32\/2014\/06\/Reichstag-300x200.jpg 300w, https:\/\/static-blogs.lasprovincias.es\/wp-content\/uploads\/sites\/32\/2014\/06\/Reichstag-768x512.jpg 768w\" sizes=\"(max-width: 640px) 100vw, 640px\" \/><\/a><p id=\"caption-attachment-242\" class=\"wp-caption-text\">Reichstag \/ @xmoret<\/p><\/div>\n<p dir=\"ltr\"><span style=\"font-size: medium;\">El verano ya est\u00e1 aqu\u00ed y parece que <strong>por primera vez en mucho tiempo los espa\u00f1oles vamos a viajar <del>masivamente<\/del> m\u00e1s que en los \u00faltimos a\u00f1os<\/strong>. El portal Tripadvisor ha preguntado a sus usuarios y la <\/span><a style=\"font-size: medium;\" href=\"http:\/\/blog.tripadvisor.es\/2014\/06\/11\/el-92-de-los-espanoles-viajara-este-verano\/\" target=\"_blank\" rel=\"external nofollow\">conclusi\u00f3n<\/a><span style=\"font-size: medium;\"> es clara: un 92% prev\u00e9 viajar este verano y un 20% ampliar\u00e1 el presupuesto (mucho me parece).<\/span><\/p>\n<p dir=\"ltr\"><span style=\"font-size: medium;\">Aunque a estas alturas las cosas ya deber\u00edan estar m\u00e1s o menos definidas, es cierto que los espa\u00f1oles y los valencianos somos muy de dejarlo todo para el \u00faltimo momento, por lo que no viene mal inspirarse con algunas propuestas. Desde acudir a<strong> la fiesta callejera m\u00e1s multitudinaria de Europa, el carnaval de Notting Hill de Londres, hasta ver una pel\u00edcula en un parque de Manhattan<\/strong>. Los planes se multiplican en verano, as\u00ed que no te quedes descolgad@.<!--more--><\/span><\/p>\n<div style=\"width: 510px\" class=\"wp-caption aligncenter\"><a title=\"NYC 365 \"Cinema Paradiso\" por Bobby Plasencia, en Flickr\" href=\"https:\/\/www.flickr.com\/photos\/op204\/4810871469\/\" rel=\"external nofollow\"><img loading=\"lazy\" src=\"https:\/\/farm5.staticflickr.com\/4135\/4810871469_5de612182d.jpg\" alt=\"NYC 365 \"Cinema Paradiso\"\" width=\"500\" height=\"218\" \/><\/a><p class=\"wp-caption-text\">Bryant Park Film Festival \/ Bobby Plasencia (Flickr)<\/p><\/div>\n<p dir=\"ltr\"><span style=\"font-size: medium;\">A partir de las tendencias de b\u00fasqueda en su web, el comparador Skyscanner ha elaborado un <a href=\"http:\/\/www.skyscanner.es\/noticias\/nueva-york-londres-y-bangkok-destinos-mas-buscados-por-los-espanoles-para-el-verano\" target=\"_blank\" rel=\"external nofollow\">ranking<\/a> con los destinos preferidos por los valencianos para este verano. No hay grandes sorpresas, la mayor\u00eda son destinos m\u00e1s que consolidados como <strong>Londres, Nueva York o Par\u00eds, que copan el podio<\/strong>.<\/span><\/p>\n<p dir=\"ltr\"><span style=\"font-size: medium;\">Sin embargo, hay otros destinos que merecen especial atenci\u00f3n en 2014 por acoger citas importantes o conmemorar acontecimientos hist\u00f3ricos, una buena excusa para conocerlos porque la efem\u00e9ride suele ir acompa\u00f1ada de una agenda extraordinaria de eventos. Esta es la lista de <strong>los destinos m\u00e1s deseados y otras sugerencias que tambi\u00e9n deber\u00edas tener en cuenta<\/strong>.<\/span><\/p>\n<ul>\n<li>\n<h2><strong><span style=\"font-size: medium;\"><a style=\"font-size: medium;\" href=\"http:\/\/www.visitlondon.com\/es\" target=\"_blank\" rel=\"external nofollow\">LONDRES<\/a><\/span><\/strong><\/h2>\n<\/li>\n<\/ul>\n<p dir=\"ltr\"><span style=\"font-size: medium;\">Cl\u00e1sico entre los cl\u00e1sicos. La ciudad es un buen refugio veraniego por sus infinitas opciones. Una de las mejores en los pr\u00f3ximas semanas es sin duda <strong>el <\/strong><\/span><strong><a style=\"font-size: medium;\" href=\"http:\/\/www.visitlondon.com\/es\/cosas-que-hacer\/evento\/9023471\" target=\"_blank\" rel=\"external nofollow\">Carnaval de Notting Hill<\/a><\/strong><span style=\"font-size: medium;\"><strong> , la mayor fiesta callejera de Europa<\/strong> que a\u00f1o tras a\u00f1o inunda de color las calles y plazas de este popular barrio al oeste de la ciudad. Dos d\u00edas de desfiles, m\u00fasica y baile al que acuden cerca de un mill\u00f3n de personas. Se celebra el 24 y 25 de agosto.<\/span><\/p>\n<div id=\"attachment_237\" style=\"width: 650px\" class=\"wp-caption aligncenter\"><a href=\"\/elturistaindie\/wp-content\/uploads\/sites\/32\/2014\/06\/Notting-Hill-Carnival-2014.jpg\"><img aria-describedby=\"caption-attachment-237\" loading=\"lazy\" class=\"size-full wp-image-237\" title=\"Notting Hill Carnival\" src=\"\/elturistaindie\/wp-content\/uploads\/sites\/32\/2014\/06\/Notting-Hill-Carnival-2014.jpg\" alt=\"\" width=\"640\" height=\"360\" srcset=\"https:\/\/static-blogs.lasprovincias.es\/wp-content\/uploads\/sites\/32\/2014\/06\/Notting-Hill-Carnival-2014.jpg 640w, https:\/\/static-blogs.lasprovincias.es\/wp-content\/uploads\/sites\/32\/2014\/06\/Notting-Hill-Carnival-2014-300x169.jpg 300w\" sizes=\"(max-width: 640px) 100vw, 640px\" \/><\/a><p id=\"caption-attachment-237\" class=\"wp-caption-text\">Notting Hill Carnival \/ YaNaS Media<\/p><\/div>\n<p dir=\"ltr\"><span style=\"font-size: medium;\">Conviene estar atento a la <\/span><a style=\"font-size: medium;\" href=\"http:\/\/www.timeout.com\/london\/things-to-do\/london-events-calendar\" target=\"_blank\" rel=\"external nofollow\">agenda<\/a><span style=\"font-size: medium;\"> para hacer coincidir la visita con otros eventos interesantes, como por ejemplo los <strong>conciertos de Goldfrapp o Sinead O\u2019Connor en agosto<\/strong>.<\/span><\/p>\n<p dir=\"ltr\"><span style=\"font-size: medium;\">No importa las veces que se haya venido, siempre se descubren locales y rincones nuevos como los jardines japoneses de <\/span><a style=\"font-size: medium;\" href=\"http:\/\/www.rbkc.gov.uk\/leisureandlibraries\/parksandgardens\/yourlocalpark\/hollandpark.aspx\" target=\"_blank\" rel=\"external nofollow\">Holland Park<\/a><span style=\"font-size: medium;\"> o <strong>los nuevos <\/strong><\/span><strong><a style=\"font-size: medium;\" href=\"http:\/\/dalstongarden.org\/\" target=\"_blank\" rel=\"external nofollow\">Dalston Eastern Curve Garden<\/a><\/strong><span style=\"font-size: medium;\"><strong>, el preferido de los hipsters urbanos<\/strong>.<\/span><\/p>\n<p dir=\"ltr\"><span style=\"font-size: medium;\">Londres puede presumir, adem\u00e1s, de ofrecer <strong>un gran n\u00famero de actividades <\/strong><\/span><strong><a style=\"font-size: medium;\" href=\"http:\/\/www.visitlondon.com\/es\/tag\/free-attractions?ref=carousel\" rel=\"external nofollow\">gratuitas<\/a><\/strong><span style=\"font-size: medium;\">. Pasear por Hyde Park o St Jame\u2019s Park no cuesta nada, como tampoco pasar la ma\u00f1ana en el Museo Brit\u00e1nico, la Galer\u00eda Nacional o la Tate Modern.<\/span><\/p>\n<p dir=\"ltr\"><span style=\"font-size: medium;\">Entre junio y septiembre, tambi\u00e9n se celebra el festival <strong><a href=\"http:\/\/www.morelondon.com\/\" target=\"_blank\" rel=\"external nofollow\">More London<\/a>, con multitud de actividades culturales, todas ellas de entrada libre<\/strong>. Otro plan es recorrer los lujosos salones del Palacio de Bukingham, que se abre en verano para mostrar los tesoros de la Real Colecci\u00f3n Brit\u00e1nica.<\/span><\/p>\n<p dir=\"ltr\"><span style=\"font-size: medium;\">La siempre eficiente oficina de promoci\u00f3n tur\u00edstica de la ciudad ha lanzado un v\u00eddeo con algunos <strong>consejos para <\/strong><\/span><strong><a style=\"font-size: medium;\" href=\"http:\/\/www.visitlondon.com\/es\/cosas-que-hacer\/turismo\/itinerarios\/itinerario-por-londres-visitantes-primerizos?ref=nav\" rel=\"external nofollow\">primerizos<\/a><\/strong><span style=\"font-size: medium;\">.<\/span><\/p>\n<p><iframe loading=\"lazy\" src=\"\/\/www.youtube.com\/embed\/0F4GDdanQNA?rel=0\" frameborder=\"0\" width=\"480\" height=\"270\"><\/iframe><\/p>\n<ul>\n<li>\n<h2><strong><a style=\"font-size: medium;\" href=\"http:\/\/www.nycgo.com\/es\" rel=\"external nofollow\">NUEVA YORK<\/a><\/strong><\/h2>\n<\/li>\n<\/ul>\n<p dir=\"ltr\"><span style=\"font-size: medium;\">La ciudad de los rascacielos <strong>sigue teniendo un enorme tir\u00f3n entre los viajeros espa\u00f1oles<\/strong>. Tan es as\u00ed que es la \u00fanica ciudad no europea que aparece en los primeros puestos en cuanto a preferencias para este verano.<\/span><\/p>\n<p dir=\"ltr\"><span style=\"font-size: medium;\">\u00bfPor qu\u00e9 ir ahora? Los pr\u00f3ximos meses a\u00fan son un buen momento para aprovechar la fortaleza del euro mientras dure, lo que har\u00e1 <strong>los d\u00f3lares cundan m\u00e1s para comprar<\/strong> en <a href=\"http:\/\/www1.macys.com\/\" target=\"_blank\" rel=\"external nofollow\">Macy\u2019s<\/a> o ese gadget que seguro que te habr\u00e1 encargado alg\u00fan amig@. Si se cumplen las previsiones de los expertos, parece que la diferencia de valor entre d\u00f3lar y euro se va a reducir dentro de poco, as\u00ed que aprovecha mientras puedas.<\/span><\/p>\n<p dir=\"ltr\"><span style=\"font-size: medium;\">Los primerizos en Nueva York, como es natural, centrar\u00e1n su atenci\u00f3n en<strong>\u00a0las visitas t\u00edpicas en Manhattan<\/strong>. A saber, el\u00a0<a href=\"http:\/\/www.rockefellercenter.com\/\" target=\"_blank\" rel=\"external nofollow\">Rockefeller Center<\/a>, el\u00a0<a href=\"http:\/\/www.esbnyc.com\/\" rel=\"external nofollow\">Empire State<\/a>, la\u00a0<a href=\"http:\/\/www.nps.gov\/stli\/index.htm\" target=\"_blank\" rel=\"external nofollow\">Estatua de la Libertad<\/a>, el\u00a0<a href=\"http:\/\/www.nyc.gov\/html\/dot\/html\/infrastructure\/brooklyn-bridge.shtml\" rel=\"external nofollow\">Puente de Brooklyn<\/a>, <a href=\"http:\/\/www.centralpark.com\/\" target=\"_blank\" rel=\"external nofollow\">Central Park<\/a>\u00a0y, como no,\u00a0<a href=\"http:\/\/www.timessquarenyc.org\/index.aspx\" rel=\"external nofollow\">Times Square<\/a>.<\/span><\/p>\n<div id=\"attachment_239\" style=\"width: 655px\" class=\"wp-caption aligncenter\"><a href=\"\/elturistaindie\/wp-content\/uploads\/sites\/32\/2014\/06\/central_park_skyline_from_mandarin_hotel_marley_white_nycandco.jpg\"><img aria-describedby=\"caption-attachment-239\" loading=\"lazy\" class=\" wp-image-239  \" title=\"View from the Mandarin Hotel\" src=\"\/elturistaindie\/wp-content\/uploads\/sites\/32\/2014\/06\/central_park_skyline_from_mandarin_hotel_marley_white_nycandco.jpg\" alt=\"\" width=\"645\" height=\"449\" srcset=\"https:\/\/static-blogs.lasprovincias.es\/wp-content\/uploads\/sites\/32\/2014\/06\/central_park_skyline_from_mandarin_hotel_marley_white_nycandco.jpg 1344w, https:\/\/static-blogs.lasprovincias.es\/wp-content\/uploads\/sites\/32\/2014\/06\/central_park_skyline_from_mandarin_hotel_marley_white_nycandco-300x209.jpg 300w, https:\/\/static-blogs.lasprovincias.es\/wp-content\/uploads\/sites\/32\/2014\/06\/central_park_skyline_from_mandarin_hotel_marley_white_nycandco-768x535.jpg 768w, https:\/\/static-blogs.lasprovincias.es\/wp-content\/uploads\/sites\/32\/2014\/06\/central_park_skyline_from_mandarin_hotel_marley_white_nycandco-1024x713.jpg 1024w\" sizes=\"(max-width: 645px) 100vw, 645px\" \/><\/a><p id=\"caption-attachment-239\" class=\"wp-caption-text\">Central Park Skyline \/ Turismo NYC<\/p><\/div>\n<p dir=\"ltr\"><span style=\"font-size: medium;\">Los m\u00e1s veteranos pueden optar por una estancia m\u00e1s relajada celebrando, por ejemplo, <\/span><strong style=\"font-size: medium;\">el quinto aniversario del <a href=\"http:\/\/www.thehighline.org\/\" target=\"_blank\" rel=\"external nofollow\">High Line<\/a><\/strong><span style=\"font-size: medium;\">, un parque elevado construido sobre las antiguas v\u00edas del ferrocarril que en poco tiempo se ha convertido en uno de los lugares preferidos por los neoyorkinos para escapar del caos de la ciudad.<\/span><\/p>\n<p dir=\"ltr\"><span style=\"font-size: medium;\">Como en el caso de Londres, la agenda cultural es amplia y variada. Entre junio y agosto, todos los lunes hay <\/span><strong style=\"font-size: medium;\">sesiones de cine al aire libre en Bryant Park (<a href=\"http:\/\/gonyc.about.com\/cs\/summer\/a\/hbobryantpark_2.htm\" target=\"_blank\" rel=\"external nofollow\">programaci\u00f3n<\/a>) y en <a href=\"http:\/\/gonyc.about.com\/od\/summer\/a\/river_flicks.htm\" target=\"_blank\" rel=\"external nofollow\">River Flicks<\/a>, junto al r\u00edo Hudson, con hasta palomitas gratis<\/strong><span style=\"font-size: medium;\">. Cine de verano bajo el cielo estrellado de Nueva York, \u00bfsuena bien, verdad?<\/span><\/p>\n<p dir=\"ltr\"><span style=\"font-size: medium;\">Los planes musicales tambi\u00e9n se multiplican en verano. En el <a href=\"http:\/\/www.riverrocksnyc.com\/\" rel=\"external nofollow\">River Rocks<\/a>, que se celebra en Hudson River\u2019s Park, podr\u00e1s <strong>asistir gratis a conciertos de Temples, Here We Go Magic, Wild Beasts a Teenage Fanclub<\/strong>. El viernes 25 de julio, Kings of Leon tocan en Central Park dentro del ciclo <a href=\"http:\/\/www.centralpark.com\/guide\/activities\/concerts\/gma-concerts.html\" rel=\"external nofollow\">GMA Concerts<\/a>, que tambi\u00e9n son gratis (una semana despu\u00e9s toca Enrique Iglesias, pero t\u00fa mism@&#8230;)<\/span><\/p>\n<div id=\"attachment_240\" style=\"width: 681px\" class=\"wp-caption aligncenter\"><a href=\"\/elturistaindie\/wp-content\/uploads\/sites\/32\/2014\/06\/Hudson-River-Park.jpg\"><img aria-describedby=\"caption-attachment-240\" loading=\"lazy\" class=\" wp-image-240 \" title=\"Hudson River Park\" src=\"\/elturistaindie\/wp-content\/uploads\/sites\/32\/2014\/06\/Hudson-River-Park.jpg\" alt=\"\" width=\"671\" height=\"441\" srcset=\"https:\/\/static-blogs.lasprovincias.es\/wp-content\/uploads\/sites\/32\/2014\/06\/Hudson-River-Park.jpg 839w, https:\/\/static-blogs.lasprovincias.es\/wp-content\/uploads\/sites\/32\/2014\/06\/Hudson-River-Park-300x197.jpg 300w, https:\/\/static-blogs.lasprovincias.es\/wp-content\/uploads\/sites\/32\/2014\/06\/Hudson-River-Park-768x504.jpg 768w\" sizes=\"(max-width: 671px) 100vw, 671px\" \/><\/a><p id=\"caption-attachment-240\" class=\"wp-caption-text\">Hudson River Park \/ @HudsonRiverPark<\/p><\/div>\n<p dir=\"ltr\"><span style=\"font-size: medium;\"><strong>En Nueva York no te faltar\u00e1 ni la playa<\/strong>. Sin salir de la ciudad, puedes dejarte caer por la de <a href=\"http:\/\/www.nycgovparks.org\/parks\/coneyisland\/map\" rel=\"external nofollow\">Coney Island<\/a> o por la de <a href=\"http:\/\/www.nycgovparks.org\/parks\/rockawaybeach\/\" rel=\"external nofollow\">Rockaway<\/a>, en Queens. En <a href=\"http:\/\/www.pageturnpro.com\/NYC-Company\/58561-NYC-Official-Visitor-Guide--Summer-2014\/index.html#1\" rel=\"external nofollow\">este enlace<\/a> puedes descargar la <a href=\"http:\/\/www.pageturnpro.com\/NYC-Company\/58561-NYC-Official-Visitor-Guide--Summer-2014\/index.html#1\" rel=\"external nofollow\">gu\u00eda oficial tur\u00edstica de Nueva York<\/a> con todos los eventos de este verano.<\/span><\/p>\n<ul>\n<li>\n<h2><strong><a style=\"font-size: medium; font-weight: normal;\" href=\"http:\/\/en.parisinfo.com\/\" target=\"_blank\" rel=\"external nofollow\">PAR\u00cdS<\/a><\/strong><\/h2>\n<\/li>\n<\/ul>\n<p dir=\"ltr\"><span style=\"font-size: medium;\">La conexi\u00f3n a\u00e9rea directa en menos de dos horas y su extraordinaria riqueza cultural hacen de Par\u00eds uno de los <strong>destinos preferidos por los valencianos<\/strong> en cualquier momento del a\u00f1o, ya sea para una escapada de fin de semana o como destino vacacional.<\/span><\/p>\n<p dir=\"ltr\"><span style=\"font-size: medium;\">La \u2018otra\u2019 ciudad de la luz tambi\u00e9n vive su particular eclosi\u00f3n veraniega y ofrece opciones suficientes como para adaptar la visita a las circunstancias. Si se viaja en familia, por supuesto no puede obviarse el paso por <a href=\"http:\/\/www.disneylandparis.co.uk\/index.html\" rel=\"external nofollow\">Disneyland Paris<\/a>. Un buen lugar para el esparcimiento de peque\u00f1os y mayores es <strong>el <a href=\"http:\/\/www.villette.com\/en\/about-the-park\/who-are-we\/#!section-sad9ag45K1\" rel=\"external nofollow\">Parque de la Villete<\/a>, un espacio que se autodefine como parque cultural urbano<\/strong> que entre junio y septiembre ofrece cantidad de eventos como sesiones de <a href=\"http:\/\/www.villette.com\/fr\/agenda\/cinema-en-plein-air-2014.htm\" rel=\"external nofollow\">cine<\/a> al aire libre o conciertos.<\/span><\/p>\n<div id=\"attachment_241\" style=\"width: 665px\" class=\"wp-caption aligncenter\"><a href=\"\/elturistaindie\/wp-content\/uploads\/sites\/32\/2014\/06\/Parc-de-la-Villette.jpg\"><img aria-describedby=\"caption-attachment-241\" loading=\"lazy\" class=\" wp-image-241  \" title=\"Parc de la Villette\" src=\"\/elturistaindie\/wp-content\/uploads\/sites\/32\/2014\/06\/Parc-de-la-Villette.jpg\" alt=\"\" width=\"655\" height=\"436\" srcset=\"https:\/\/static-blogs.lasprovincias.es\/wp-content\/uploads\/sites\/32\/2014\/06\/Parc-de-la-Villette.jpg 1775w, https:\/\/static-blogs.lasprovincias.es\/wp-content\/uploads\/sites\/32\/2014\/06\/Parc-de-la-Villette-300x200.jpg 300w, https:\/\/static-blogs.lasprovincias.es\/wp-content\/uploads\/sites\/32\/2014\/06\/Parc-de-la-Villette-768x511.jpg 768w, https:\/\/static-blogs.lasprovincias.es\/wp-content\/uploads\/sites\/32\/2014\/06\/Parc-de-la-Villette-1024x681.jpg 1024w\" sizes=\"(max-width: 655px) 100vw, 655px\" \/><\/a><p id=\"caption-attachment-241\" class=\"wp-caption-text\">Parc de la Villette \/ Parc de la Villette<\/p><\/div>\n<p dir=\"ltr\"><span style=\"font-size: medium;\">Redescubrir el Louvre o embarcarse en un <a href=\"http:\/\/www.bateauxparisiens.com\/Espanol.html\" rel=\"external nofollow\">paseo por el Sena<\/a> para observar la ciudad y sus puentes desde una perspectiva diferente son buenas opciones. Como tambi\u00e9n lo es adentrarse en el universo gastron\u00f3mico de una capital con m\u00e1s de <a href=\"http:\/\/es.parisinfo.com\/donde-comer-en-paris\/los-restaurantes-gastronomicos\/los-mejores-con-estrellas-michelin\" rel=\"external nofollow\">70 restaurantes<\/a> distinguidos con estrellas Michel\u00edn.<\/span><\/p>\n<p dir=\"ltr\"><span style=\"font-size: medium;\">Para apasionados de la historia, en la cercana <a href=\"http:\/\/www.normandie-tourisme.fr\/agenda\/fiestas-y-manifestaciones-188-5.html\" rel=\"external nofollow\">Normand\u00eda<\/a> los acontecimientos para conmemorar el <a href=\"http:\/\/www.le70e-normandie.fr\/?lang=en\" rel=\"external nofollow\">70 aniversario<\/a> del desembarco se extienden hasta el pr\u00f3ximo mes de agosto.<\/span><\/p>\n<p>&nbsp;<\/p>\n<p style=\"padding-left: 30px;\"><span style=\"font-size: medium;\">Al margen de los anteriores, que forman el podium de los destinos preferidos por los valencianos, <strong>te propongo otros tres que podr\u00edas considerar si a\u00fan no has fijado el rumbo<\/strong> para los pr\u00f3ximos dos meses.<\/span><\/p>\n<ul>\n<li>\n<h2><strong><span style=\"font-size: medium;\"><a style=\"font-size: medium;\" href=\"https:\/\/www.glasgow2014.com\/\" rel=\"external nofollow\">GLASGOW<\/a><\/span><\/strong><\/h2>\n<\/li>\n<\/ul>\n<p dir=\"ltr\"><span style=\"font-size: medium;\">Aprovechar los d\u00edas c\u00e1lidos del verano siempre es una muy buena opci\u00f3n para conocer <a href=\"http:\/\/www.visitscotland.com\/es-es\/\" rel=\"external nofollow\">Escocia<\/a>. \u00bfPor qu\u00e9 este a\u00f1o? Pues porque la <a href=\"http:\/\/www.visitscotland.com\/ebrochures\/en\/homecoming2014\/\" rel=\"external nofollow\">agenda<\/a> viene realmente apretada. <strong>Escocia, y Glasgow en particular, es uno de los destinos que va a pegar fuerte estos meses<\/strong>.<\/span><\/p>\n<p dir=\"ltr\"><span style=\"font-size: medium;\">A la considerable oferta de atractivos al aire libre, el pa\u00eds acaba de sumar este a\u00f1o uno de primera magnitud: la ampliaci\u00f3n de la ruta <a href=\"http:\/\/johnmuirway.org\/\" rel=\"external nofollow\">John Muir Way<\/a>, que permite <strong>cruzar Escocia de costa a costa atravesando las tierras altas entre <a href=\"http:\/\/johnmuirway.org\/route\/helensburgh-balloch\" rel=\"external nofollow\">Helensburgh<\/a> y <a href=\"http:\/\/johnmuirway.org\/route\/north-berwick-dunbar\" rel=\"external nofollow\">Dunbar<\/a>, pasando por Edimburgo<\/strong>. Una tentaci\u00f3n a la que los amantes del senderismo y la naturaleza tendr\u00e1n complicado resistirse porque se atraviesan paisajes espectaculares.<\/span><\/p>\n<div style=\"width: 510px\" class=\"wp-caption aligncenter\"><a title=\"John Muir Way por VisitScotland, en Flickr\" href=\"https:\/\/www.flickr.com\/photos\/visitscotland\/13624254903\/\" rel=\"external nofollow\"><img loading=\"lazy\" src=\"https:\/\/farm4.staticflickr.com\/3691\/13624254903_0e514d3453.jpg\" alt=\"John Muir Way\" width=\"500\" height=\"333\" \/><\/a><p class=\"wp-caption-text\">John Muir Way \/ Visit Scotland<\/p><\/div>\n<p dir=\"ltr\"><span style=\"font-size: medium;\">Completarla a pie requiere unos doce d\u00edas, pero el camino est\u00e1 dividido en diez etapas, por lo que no es necesario cubrirlo de costa a costa. <strong>Hacerlo en bicicleta lleva entre 5 y 6 d\u00edas<\/strong>. Durante el camino, las opciones para el alojamiento van desde los camping a la posibilidad de pasar la noche en un castillo.<\/span><\/p>\n<p dir=\"ltr\"><span style=\"font-size: medium;\">La otra gran cita es la <strong>celebraci\u00f3n en Glasgow de los vig\u00e9simos <\/strong><a href=\"http:\/\/www.glasgow2014.com\/\" rel=\"external nofollow\"><strong>Juegos de la Commonwealth<\/strong>,<\/a> entre el 23 de julio y el 3 de agosto. Vale pero, \u00bfde qu\u00e9 va esto? Los juegos son una especie de miniolimpiadas que cada cuatro a\u00f1os celebran los 53 pa\u00edses integrantes de la <a href=\"http:\/\/thecommonwealth.org\/about-us\" rel=\"external nofollow\">Commonwealth<\/a>, entre los cuales est\u00e1 Canad\u00e1, Australia, Kenia, Sud\u00e1frica, Malasia, Nueva Zelanda y, por supuesto, Reino Unido.<\/span><\/p>\n<ul>\n<li>\n<h2><span style=\"font-size: medium;\"><a style=\"font-size: medium; font-weight: normal;\" href=\"http:\/\/www.visitberlin.de\/es\" rel=\"external nofollow\">BERL\u00cdN<\/a><\/span><\/h2>\n<\/li>\n<\/ul>\n<p dir=\"ltr\"><span style=\"font-size: medium;\">Los seguidores habituales de este blog saben que soy un apasionado de Berl\u00edn y no pierdo ocasi\u00f3n de recomendar una escapada. Pero este a\u00f1o no hay que buscar demasiados pretextos: la capital alemana conmemora el <\/span><strong><a style=\"font-size: medium;\" href=\"http:\/\/mauer.visitberlin.de\/en\/\" rel=\"external nofollow\">25 aniversario de la ca\u00edda del muro<\/a><\/strong><span style=\"font-size: medium;\"> y eso ya es motivo suficiente para volver.<\/span><\/p>\n<div style=\"width: 510px\" class=\"wp-caption aligncenter\"><a title=\"Mauerpark por visitBerlin, en Flickr\" href=\"https:\/\/www.flickr.com\/photos\/visitberlin\/6149364949\/\" rel=\"external nofollow\"><img loading=\"lazy\" src=\"https:\/\/farm7.staticflickr.com\/6082\/6149364949_3ab7842f4d.jpg\" alt=\"Mauerpark\" width=\"500\" height=\"333\" \/><\/a><p class=\"wp-caption-text\">Mauerpark \/ visitBerlin<\/p><\/div>\n<p dir=\"ltr\"><span style=\"font-size: medium;\">Los actos principales tendr\u00e1n lugar en la semana del 9 de noviembre, pero la agenda vinculada a este acontecimiento se extienden durante todo el a\u00f1o. Puedes consultar la <\/span><strong><a style=\"font-size: medium;\" href=\"http:\/\/www.visitberlin.de\/sites\/default\/files\/25-years-fall-of-the-berlin-wall_en.pdf\" rel=\"external nofollow\">agenda completa<\/a><\/strong><span style=\"font-size: medium;\"> para tener detalles sobre eventos y fechas relacionados.<\/span><\/p>\n<p dir=\"ltr\"><span style=\"font-size: medium;\">Pero ah\u00ed no acaba la cosa. <strong>Los fans de David Bowie<\/strong> encontrar\u00e1n un aliciente m\u00e1s para visitar la ciudad con la <\/span><a style=\"font-size: medium;\" href=\"http:\/\/www.visitberlin.de\/en\/event\/08-10-2014\/david-bowie-1\" rel=\"external nofollow\">exposici\u00f3n<\/a><span style=\"font-size: medium;\"> sobre el artista hasta el 10 de agosto en el \u00a0<\/span><a style=\"font-size: medium;\" href=\"http:\/\/www.berlinerfestspiele.de\/en\/aktuell\/festivals\/gropiusbau\/ueber_uns_mgb\/aktuell_mgb\/start.php\" rel=\"external nofollow\">Martin-Gropius-Bau<\/a><span style=\"font-size: medium;\">.<\/span><\/p>\n<p dir=\"ltr\"><span style=\"font-size: medium;\">Entre el 3 y el 7 de julio, la Gendarmenmarkt, una de las plazas m\u00e1s bonitas de la ciudad, alberga el <\/span><strong><a style=\"font-size: medium;\" href=\"http:\/\/www.classicopenair.de\/\" rel=\"external nofollow\">Classic Open Air 2014<\/a><\/strong><span style=\"font-size: medium;\"><strong>, cinco noches seguidas de conciertos con un repertorio de lo m\u00e1s variado<\/strong>: desde \u00f3pera cl\u00e1sicos hasta cl\u00e1sicos del pop, soul o jazz.<\/span><\/p>\n<p dir=\"ltr\"><span style=\"font-size: medium;\">Al margen de estas citas, conocer la ciudad en la temporada m\u00e1s c\u00e1lida permite disfrutar de agradables paseos por pulmones verdes como <\/span><a style=\"font-size: medium;\" href=\"http:\/\/www.visitberlin.de\/es\/sitio\/tiergarten\" rel=\"external nofollow\">Tiergarten<\/a><span style=\"font-size: medium;\"> o saborear una cerveza mientras se observa pasar los barcos pasar por el r\u00edo Spree desde alguno de <strong>los <\/strong><\/span><strong><a style=\"font-size: medium;\" href=\"http:\/\/www.visitberlin.de\/es\/para-experimentar\/verano\/bares-de-playa\" rel=\"external nofollow\">bares de playa<\/a><\/strong><span style=\"font-size: medium;\"><strong> montados en las riberas<\/strong>.<\/span><\/p>\n<div style=\"width: 510px\" class=\"wp-caption aligncenter\"><a title=\"Arena Badeschiff | swimming pool embedded in the Spree por visitBerlin, en Flickr\" href=\"https:\/\/www.flickr.com\/photos\/visitberlin\/4534552636\/\" rel=\"external nofollow\"><img loading=\"lazy\" src=\"https:\/\/farm5.staticflickr.com\/4069\/4534552636_0a81b63a3c.jpg\" alt=\"Arena Badeschiff | swimming pool embedded in the Spree\" width=\"500\" height=\"333\" \/><\/a><p class=\"wp-caption-text\">Bar de playa junto al Spree \/ visitBerlin<\/p><\/div>\n<p dir=\"ltr\"><span style=\"font-size: medium;\">No olvides, por \u00faltimo, <strong>explorar por ti mismo alguno de los <\/strong><\/span><strong><a style=\"font-size: medium;\" href=\"https:\/\/blogs.lasprovincias.es\/elturistaindie\/2014\/04\/25\/7-rincones-con-historia-de-berlin-que-deberias-visitar\/\">rincones con m\u00e1s historia de Berl\u00edn<\/a><\/strong><span style=\"font-size: medium;\"> que, aunque menos conocidos, te cautivar\u00e1n.<\/span><\/p>\n<ul>\n<li>\n<h2><span style=\"font-size: medium;\"><a style=\"font-size: medium;\" href=\"http:\/\/www.visitsweden.com\/sweden\/regions--cities\/northern-sweden\/umea\/\" rel=\"external nofollow\">UMEA<\/a><\/span><\/h2>\n<\/li>\n<\/ul>\n<p dir=\"ltr\"><span style=\"font-size: medium;\">Su condici\u00f3n de <\/span><a style=\"font-size: medium;\" href=\"http:\/\/umea2014.se\/en\/\" rel=\"external nofollow\">Capital Europea de la Cultura<\/a><span style=\"font-size: medium;\"> -junto a Riga (Letonia)- es un perfecto pretexto para acercarse a conocer Umea. La principal ciudad al norte de Suecia es <strong>una de las m\u00e1s j\u00f3venes y cosmopolitas del pa\u00eds<\/strong>, ya que es sede de las principales universidades suecas. Ubicado junto al r\u00edo Ume\u00e4lven el <\/span><a style=\"font-size: medium;\" href=\"http:\/\/www.umu.se\/english\/about-umu\/our-campuses\/umea-arts-campus?languageId=1\" rel=\"external nofollow\">Konstn\u00e4rligt Campus<\/a><span style=\"font-size: medium;\"> recibe 36.000 alumnos de todo el mundo por ser un referente en estudios sobre dise\u00f1o, arte y arquitectura.<\/span><\/p>\n<div id=\"attachment_243\" style=\"width: 528px\" class=\"wp-caption aligncenter\"><a href=\"\/elturistaindie\/wp-content\/uploads\/sites\/32\/2014\/06\/Umea-University-Campus.jpg\"><img aria-describedby=\"caption-attachment-243\" loading=\"lazy\" class=\" wp-image-243    \" title=\"Umea University Campus\" src=\"\/elturistaindie\/wp-content\/uploads\/sites\/32\/2014\/06\/Umea-University-Campus.jpg\" alt=\"Umea University Campus\" width=\"518\" height=\"346\" srcset=\"https:\/\/static-blogs.lasprovincias.es\/wp-content\/uploads\/sites\/32\/2014\/06\/Umea-University-Campus.jpg 1000w, https:\/\/static-blogs.lasprovincias.es\/wp-content\/uploads\/sites\/32\/2014\/06\/Umea-University-Campus-300x200.jpg 300w, https:\/\/static-blogs.lasprovincias.es\/wp-content\/uploads\/sites\/32\/2014\/06\/Umea-University-Campus-768x512.jpg 768w\" sizes=\"(max-width: 518px) 100vw, 518px\" \/><\/a><p id=\"caption-attachment-243\" class=\"wp-caption-text\">Umea University Campus \/ Umea University<\/p><\/div>\n<p>La <a style=\"font-size: medium;\" href=\"http:\/\/umea2014.se\/en\/event\/\" rel=\"external nofollow\">agenda de eventos<\/a><span style=\"font-size: medium;\"> se ha dividido en ocho partes seg\u00fan el calendario Sami, el \u00fanico pueblo ind\u00edgena europeo que habita estas tierras. El verano, o \u201ctemporada de la contemplaci\u00f3n\u201d, arranca el pr\u00f3ximo 11 de julio. La cita m\u00e1s destacada de este periodo es <strong>el festival de m\u00fasica <\/strong><\/span><strong><a style=\"font-size: medium;\" href=\"http:\/\/www.uxufestival.com\/en\/info-2\/about-u-x-u\/\" rel=\"external nofollow\">U x U,<\/a><\/strong><span style=\"font-size: medium;\"><strong> una novedosa iniciativa que se ha organizado mediante crowdfunding<\/strong> para conseguir una cita \u201cpor la gente, para la gente\u201d.<\/span><\/p>\n<p dir=\"ltr\"><span style=\"font-size: medium;\">El festival se celebra el 18 y 19 de julio. La duraci\u00f3n se ha establecido por las entradas vendidas: por cada una comprada, el festival se ha alargado 15 segundos. <strong>En el cartel hay bandas de primer\u00edsimo nivel como los franceses <\/strong><\/span><strong><a style=\"font-size: medium;\" href=\"http:\/\/www.uxufestival.com\/artist\/phoenix\/\" rel=\"external nofollow\">Phoenix<\/a><\/strong><span style=\"font-size: medium;\">.<\/span><\/p>\n<p dir=\"ltr\"><span style=\"font-size: medium;\">Las noches del 2, 9 y 16 de julio, adem\u00e1s, el centro de Umea acoge el festival <strong><a href=\"http:\/\/umea2014.se\/en\/event\/sommaren-i-city-6\/\" target=\"_blank\" rel=\"external nofollow\">Summer in the city<\/a><\/strong>, tres noches de m\u00fasica de bandas locales y actividades para ni\u00f1os. Es gratis.<\/span><\/p>\n<p><iframe loading=\"lazy\" src=\"\/\/www.youtube.com\/embed\/cOAjGE-Jh2g?rel=0\" frameborder=\"0\" width=\"480\" height=\"270\"><\/iframe><\/p>\n<p dir=\"ltr\"><span style=\"font-size: medium;\">Ume\u00e5 se encuentra a unos 600 kil\u00f3metros al norte de Estocolmo y a 400 kil\u00f3metros al sur del c\u00edrculo polar \u00e1rtico. Aqu\u00ed puedes <strong>consultar <\/strong><\/span><strong><a style=\"font-size: medium;\" href=\"http:\/\/www.visitumea.se\/sites\/umea\/files\/utb.bas_.esp_.pdf\" rel=\"external nofollow\">informaci\u00f3n en espa\u00f1ol<\/a><\/strong><span style=\"font-size: medium;\"> que te permitir\u00e1 una primera aproximaci\u00f3n a la ciudad.<\/span><\/p>\n<p dir=\"ltr\"><span style=\"font-size: medium;\">Sea cual sea tu destino elegido, \u00a1disfruta del verano!<\/span><\/p>\n<p dir=\"ltr\">\n","protected":false},"excerpt":{"rendered":"<p>El verano ya est\u00e1 aqu\u00ed y parece que por primera vez en mucho tiempo los espa\u00f1oles vamos a viajar masivamente m\u00e1s que en los \u00faltimos a\u00f1os. El portal Tripadvisor ha preguntado a sus usuarios y la conclusi\u00f3n es clara: un 92% prev\u00e9 viajar este verano y un 20% ampliar\u00e1 el presupuesto (mucho me parece). Aunque [&hellip;]<\/p>\n","protected":false},"author":37,"featured_media":0,"comment_status":"open","ping_status":"closed","sticky":false,"template":"","format":"standard","meta":[],"categories":[4],"tags":[19,42,58,72,75,97],"_links":{"self":[{"href":"https:\/\/blogs.lasprovincias.es\/elturistaindie\/wp-json\/wp\/v2\/posts\/235"}],"collection":[{"href":"https:\/\/blogs.lasprovincias.es\/elturistaindie\/wp-json\/wp\/v2\/posts"}],"about":[{"href":"https:\/\/blogs.lasprovincias.es\/elturistaindie\/wp-json\/wp\/v2\/types\/post"}],"author":[{"embeddable":true,"href":"https:\/\/blogs.lasprovincias.es\/elturistaindie\/wp-json\/wp\/v2\/users\/37"}],"replies":[{"embeddable":true,"href":"https:\/\/blogs.lasprovincias.es\/elturistaindie\/wp-json\/wp\/v2\/comments?post=235"}],"version-history":[{"count":0,"href":"https:\/\/blogs.lasprovincias.es\/elturistaindie\/wp-json\/wp\/v2\/posts\/235\/revisions"}],"wp:attachment":[{"href":"https:\/\/blogs.lasprovincias.es\/elturistaindie\/wp-json\/wp\/v2\/media?parent=235"}],"wp:term":[{"taxonomy":"category","embeddable":true,"href":"https:\/\/blogs.lasprovincias.es\/elturistaindie\/wp-json\/wp\/v2\/categories?post=235"},{"taxonomy":"post_tag","embeddable":true,"href":"https:\/\/blogs.lasprovincias.es\/elturistaindie\/wp-json\/wp\/v2\/tags?post=235"}],"curies":[{"name":"wp","href":"https:\/\/api.w.org\/{rel}","templated":true}]}}