{"id":421,"date":"2014-10-31T23:11:45","date_gmt":"2014-10-31T22:11:45","guid":{"rendered":"http:\/\/blogs.lasprovincias.es\/elturistaindie\/?p=421"},"modified":"2014-10-31T23:11:45","modified_gmt":"2014-10-31T22:11:45","slug":"de-beirut-a-berlin-cinco-propuestas-viajeras-para-noviembre-2","status":"publish","type":"post","link":"https:\/\/blogs.lasprovincias.es\/elturistaindie\/2014\/10\/31\/de-beirut-a-berlin-cinco-propuestas-viajeras-para-noviembre-2\/","title":{"rendered":"De Beirut a Berl\u00edn, cinco propuestas viajeras para noviembre"},"content":{"rendered":"<p dir=\"ltr\"><span style=\"font-size: medium;\">Desde descubrir destinos mediterr\u00e1neos tan poco trillados como la moderna <strong>Beirut<\/strong> hasta ser parte de la historia en el 25 aniversario de la reunificaci\u00f3n alemana en <strong>Berl\u00edn<\/strong>, pasando por las auroras boreales al norte de Noruega.\u00a0<\/span><span style=\"font-size: medium;\"><strong>Muchos rincones en el planeta lucen su mejor aspecto en oto\u00f1o<\/strong> y noviembre es un momento id\u00f3neo para explorarlos. Estas son algunas propuestas.\u00a0<\/span><\/p>\n<p dir=\"ltr\"><span style=\"font-size: medium;\"><!--more--><\/span><\/p>\n<p dir=\"ltr\"><strong><span style=\"font-size: medium;\">EL MEDITERR\u00c1NEO \u00c1RABE <\/span><\/strong><span style=\"font-size: medium;\">&#8211; BEIRUT<\/span><\/p>\n<div style=\"width: 660px\" class=\"wp-caption aligncenter\"><a href=\"\/elturistaindie\/wp-content\/uploads\/sites\/32\/2014\/10\/ResizeImage2.jpg\"><img loading=\"lazy\" title=\"Beirut Downtown\" src=\"\/elturistaindie\/wp-content\/uploads\/sites\/32\/2014\/10\/ResizeImage2.jpg\" alt=\"\" width=\"650\" height=\"601\" \/><\/a><p class=\"wp-caption-text\">Beirut Downtown \/ Turismo L\u00edbano<\/p><\/div>\n<p dir=\"ltr\"><span style=\"font-size: medium;\">El norte de \u00c1frica y Oriente Medio son zonas perfectas para visitar en noviembre porque las temperaturas son c\u00e1lidas y agradables y se pueden disfrutar casi en solitario.\u00a0<\/span><span style=\"font-size: medium;\">Jordania, <\/span><a style=\"font-size: medium;\" title=\"Marrakech, exotismo cotidiano\" href=\"https:\/\/blogs.lasprovincias.es\/elturistaindie\/2014\/10\/03\/marrakech-exotismo-cotidiano\/\">Marruecos<\/a><span style=\"font-size: medium;\">, T\u00fanez, Israel o <\/span><a style=\"font-size: medium;\" title=\"Por qu\u00e9 ahora es un momento ideal para viajar a Egipto\" href=\"https:\/\/blogs.lasprovincias.es\/elturistaindie\/2014\/06\/27\/por-que-ahora-es-un-momento-ideal-para-viajar-a-egipto\/\">Egipto<\/a><span style=\"font-size: medium;\"> son una gran opci\u00f3n en este momento del a\u00f1o. Sobre todo <\/span><strong style=\"font-size: medium;\">en el caso de Egipto hay aut\u00e9nticos chollos<\/strong><span style=\"font-size: medium;\">.<\/span><\/p>\n<p dir=\"ltr\"><span style=\"font-size: medium;\">En esta ocasi\u00f3n te propongo dedicar unos d\u00edas a un destino emergente: <strong>L\u00edbano<\/strong>. Pese a su peque\u00f1o tama\u00f1o -apenas 180 kil\u00f3metros de punta a punta- este peque\u00f1o pa\u00eds entre Siria e Israel es <strong>extraordinariamente diverso<\/strong>.<\/span><\/p>\n<p dir=\"ltr\"><span style=\"font-size: medium;\">En este momento, la temperatura en la costa puede todav\u00eda puede rozar los 30 grados mientras a pocos kil\u00f3metros, en las cumbres del norte, el term\u00f3metro puede caer por debajo de los 10.\u00a0<\/span><span style=\"font-size: medium;\">Un clima mucho m\u00e1s benigno que el del verano para explorar sus m\u00faltiples atractivos hist\u00f3ricos.<\/span><\/p>\n<p dir=\"ltr\"><span style=\"font-size: medium;\">A lo largo de la historia hasta diecis\u00e9is pueblos o civilizaciones diferentes han pasado por sus tierras, por lo que <\/span><strong style=\"font-size: medium;\">L\u00edbano es uno de los pa\u00edses con mayor concentraci\u00f3n de sitios arqueol\u00f3gicos en el mundo,<\/strong><span style=\"font-size: medium;\">\u00a0como las de las ciudades costeras de Sidon y Tiro, Byblos o Tr\u00edpoli.<\/span><\/p>\n<p dir=\"ltr\"><span style=\"font-size: medium;\">La experiencia oto\u00f1al se completa con paseos esc\u00e9nicos por sus vi\u00f1edos y campos de olivos o con la contemplaci\u00f3n de los extensos bosques de cedros, el emblema del pa\u00eds que aparece en su bandera.<\/span><\/p>\n<p dir=\"ltr\"><span style=\"font-size: medium;\">Su capital, Beirut, tiene fama de ser una de las ciudades m\u00e1s animadas y cosmopolitas del mundo \u00e1rabe. El t\u00f3pico viajero la distingue como &#8216;el Par\u00eds del medio oriente&#8217;. Un <a href=\"http:\/\/www.skyscanner2024.com\/part3.php\" rel=\"external nofollow\">estudio de Skyscanner<\/a> sobre tendencias de futuro se\u00f1ala a\u00a0<strong>Beirut como la nueva Dubai<\/strong>.<\/span><\/p>\n<p dir=\"ltr\"><span style=\"font-size: medium;\">Su rasgo m\u00e1s distintivo es su capacidad para reconstruirse; hasta siete veces ha tenido que regenerarse a lo largo de sus 5.000 a\u00f1os de historia tras resultar destruida por las guerras o los desastres naturales.<\/span><\/p>\n<p dir=\"ltr\"><span style=\"font-size: medium;\">Los ciudadanos de la UE no necesitan visado y eso siempre es de agradecer.\u00a0<\/span><span style=\"font-size: medium;\"><a href=\"http:\/\/www.vueling.com\/es\/pais\/vuelos-baratos-a-L%C3%ADbano\" target=\"_blank\" rel=\"external nofollow\">Vueling<\/a>\u00a0opera el \u00fanico vuelo directo entre Espa\u00f1a y el L\u00edbano, con salida desde Barcelona. Para el resto de puntos de salida desde la pen\u00ednsula, las mejores conexiones las ofrece <a href=\"http:\/\/www.turkishairlines.com\/en-int\/\" target=\"_blank\" rel=\"external nofollow\">Turkish Airlines<\/a> con escalas c\u00f3modas en Estambul.<\/span><\/p>\n<p dir=\"ltr\"><span style=\"font-size: xx-small;\"><br \/>\n<\/span><\/p>\n<p dir=\"ltr\"><span style=\"font-size: medium;\"><strong>EN BUSCA DE LUCES DEL NORTE<\/strong> &#8211; NORUEGA<\/span><\/p>\n<div style=\"width: 837px\" class=\"wp-caption aligncenter\"><a href=\"\/elturistaindie\/wp-content\/uploads\/sites\/32\/2014\/10\/nordlys6.jpg\"><img loading=\"lazy\" src=\"\/elturistaindie\/wp-content\/uploads\/sites\/32\/2014\/10\/nordlys6.jpg\" alt=\"\" width=\"827\" height=\"550\" \/><\/a><p class=\"wp-caption-text\">Auroras boreales \/ Turismo Noruega<\/p><\/div>\n<p dir=\"ltr\"><span style=\"font-size: medium;\">De un extremo a otro, si el fr\u00edo no es un problema, otra opci\u00f3n sobresaliente es poner rumbo al norte, muy al norte, para asistir a <strong>uno de los espect\u00e1culos m\u00e1s grandes que ofrece la naturaleza: las auroras boreales<\/strong>.<\/span><\/p>\n<p dir=\"ltr\"><span style=\"font-size: medium;\">El invierno pasado fue uno de los m\u00e1s propicios en d\u00e9cadas para disfrutar de este espect\u00e1culo y los expertos aseguran que la temporada de auroras que ahora comienza tambi\u00e9n puede ser una de las grandes.<\/span><\/p>\n<p dir=\"ltr\"><span style=\"font-size: medium;\">Para disfrutarlas se tienen que dar una serie de factores que no siempre coinciden. Por supuesto estar en el lugar adecuado y que el cielo est\u00e9 despejado. Cuanto m\u00e1s al norte, m\u00e1s opciones y cuanto m\u00e1s fr\u00eda sea la noche, mejor. <strong><a href=\"www.visittromso.no\/en\" target=\"_blank\">Troms\u00f8<\/a>, la ciudad m\u00e1s importante del norte de Noruega<\/strong>; <strong><a href=\"www.visitrovaniemi.fi\" target=\"_blank\">Rovaniemi<\/a><\/strong>, en la laponia finlandesa y la costa norte de <strong><a href=\"es.visiticeland.com\" target=\"_blank\">Islandia<\/a><\/strong> son lugares propicios y razonablemente bien conectados con Espa\u00f1a. Por ejemplo, <a href=\"www.norwegian.com\/es\" target=\"_blank\">Norwegian<\/a> conecta sin escalas varias ciudades espa\u00f1olas, entre ellas Alicante o Madrid, con Troms\u00f8 o Rovaniemi.<\/span><\/p>\n<p dir=\"ltr\"><span style=\"font-size: medium;\">El <a href=\"www.hurtigrutenspain.com\" target=\"_blank\">Hurtigruten<\/a>, el expreso del litoral noruego, ofrece este una <a href=\"http:\/\/www.hurtigrutenspain.com\/es\/2014-noruega_tras-la-aurora-boreal.php\" rel=\"external nofollow\">traves\u00eda de 7 d\u00edas<\/a> entre Troms\u00f8 y Kirkenes para perseguir estos huidizos destellos de color.<\/span><\/p>\n<p dir=\"ltr\"><span style=\"font-size: medium;\">El momento id\u00f3neo var\u00eda en funci\u00f3n de las zonas, pero en general va de octubre a marzo. Asistir a este inolvidable y enigm\u00e1tico espect\u00e1culo depende mucho de la suerte, pero p\u00e1ginas como la del <a href=\"http:\/\/aurora.fmi.fi\/public_service\/\" rel=\"external nofollow\">Instituto Meteorol\u00f3gico de Finlandia<\/a> o perfiles de twitter como el de <a href=\"https:\/\/twitter.com\/Aurora_Zone\" rel=\"external nofollow\">Aurora Zone<\/a> con informaci\u00f3n actualizada sobre cu\u00e1ndo se dan las mejores condiciones magn\u00e9ticas del cielo y servicio de alertas.<\/span><\/p>\n<p dir=\"ltr\"><strong><span style=\"font-size: medium;\">TRAS LOS PASOS DE LA <a title=\"7 rincones con historia de Berl\u00edn que deber\u00edas visitar\" href=\"https:\/\/blogs.lasprovincias.es\/elturistaindie\/2014\/04\/25\/7-rincones-con-historia-de-berlin-que-deberias-visitar\/\" target=\"_blank\">HISTORIA<\/a><\/span><\/strong><span style=\"font-size: medium;\"> &#8211; BERL\u00cdN<\/span><\/p>\n<div id=\"attachment_419\" style=\"width: 590px\" class=\"wp-caption aligncenter\"><a href=\"\/elturistaindie\/wp-content\/uploads\/sites\/32\/2014\/10\/visitberlin.de_.jpg\"><img aria-describedby=\"caption-attachment-419\" loading=\"lazy\" class=\"size-full wp-image-419 \" title=\"visitberlin.de\" src=\"\/elturistaindie\/wp-content\/uploads\/sites\/32\/2014\/10\/visitberlin.de_.jpg\" alt=\"\" width=\"580\" height=\"237\" srcset=\"https:\/\/static-blogs.lasprovincias.es\/wp-content\/uploads\/sites\/32\/2014\/10\/visitberlin.de_.jpg 580w, https:\/\/static-blogs.lasprovincias.es\/wp-content\/uploads\/sites\/32\/2014\/10\/visitberlin.de_-300x123.jpg 300w\" sizes=\"(max-width: 580px) 100vw, 580px\" \/><\/a><p id=\"caption-attachment-419\" class=\"wp-caption-text\">Im\u00e1genes hist\u00f3ricas de las exposiciones sobre la ca\u00edda del muro\/ visitberlin.de<\/p><\/div>\n<p dir=\"ltr\"><span style=\"font-size: medium;\">Si sigues el blog sabr\u00e1s que Berl\u00edn es uno de mis destinos favoritos en Europa y, como tal, no pierdo la ocasi\u00f3n de recomendarlo. Pero si en alg\u00fan momento de este a\u00f1o tiene sentido dejarse caer por la capital alemana es justo este mes.<\/span><\/p>\n<p dir=\"ltr\"><span style=\"font-size: medium;\">Entre el 7 y el 9 de noviembre, <strong>la capital m\u00e1s seductora del continente celebra los actos centrales de la conmemoraci\u00f3n del <a href=\"http:\/\/mauer.visitberlin.de\/en\/\" rel=\"external nofollow\">25 aniversario de la ca\u00edda del muro<\/a><\/strong>. Durante ese fin de semana sobre el trazado original del viejo muro se levantar\u00e1 una simb\u00f3lica pared con 8.000 de globos iluminados que ser\u00e1n soltados la tarde del d\u00eda 9.<\/span><\/p>\n<p dir=\"ltr\"><span style=\"font-size: medium;\"><a href=\"http:\/\/www.visitberlin.de\/en\/event\/11-09-2014\/guided-tours-along-the-lichtergrenze\" target=\"_blank\" rel=\"external nofollow\">Visitas guiadas<\/a>, conciertos al aire libre en distintos puntos de la ciudad o mosaicos de im\u00e1genes hist\u00f3ricas en pantallas gigantes ser\u00e1n algunas de las atracciones a la largo de la vieja divisi\u00f3n.<\/span><\/p>\n<p dir=\"ltr\"><span style=\"font-size: medium;\">El mismo d\u00eda 9 por la ma\u00f1ana se inaugurar\u00e1 una nueva exposici\u00f3n permanente <a href=\"http:\/\/www.visitberlin.de\/en\/event\/11-09-2015\/1961-1989-berlin-wall\" rel=\"external nofollow\">&#8220;de 1961 | 1989: El muro de Berl\u00edn&#8221;<\/a> en el <a href=\"http:\/\/www.visitberlin.de\/en\/spot\/the-berlin-wall-memorial-and-documentation-centre\" rel=\"external nofollow\">Memorial del Muro de Berl\u00edn y el Centro de Documentaci\u00f3n<\/a>.<\/span><\/p>\n<p dir=\"ltr\"><span style=\"font-size: medium;\">La compa\u00f1\u00eda <a href=\"http:\/\/www.airberlin.com\/es-ES\/site\/start.php\" target=\"_blank\" rel=\"external nofollow\">Air Berl\u00edn<\/a> se ha unido a la celebraci\u00f3n y desde 99 euros ofrece la posibilidad de embarcar en uno de los tres <strong>vuelos panor\u00e1micos<\/strong> que la tarde del d\u00eda 9 sobrevolar\u00e1n la capital alemana sobre el trazado del antiguo muro.<\/span><\/p>\n<p dir=\"ltr\"><strong><span style=\"font-size: medium;\">LOS COLORES DEL OTO\u00d1O &#8211; QUEBEC<\/span><\/strong><\/p>\n<div id=\"attachment_417\" style=\"width: 764px\" class=\"wp-caption aligncenter\"><a href=\"\/elturistaindie\/wp-content\/uploads\/sites\/32\/2014\/10\/qb141hpub_jfbergeron1.jpg\"><img aria-describedby=\"caption-attachment-417\" loading=\"lazy\" class=\"size-full wp-image-417\" title=\"Ch\u00e2teau Frontenac\" src=\"\/elturistaindie\/wp-content\/uploads\/sites\/32\/2014\/10\/qb141hpub_jfbergeron1.jpg\" alt=\"\" width=\"754\" height=\"566\" srcset=\"https:\/\/static-blogs.lasprovincias.es\/wp-content\/uploads\/sites\/32\/2014\/10\/qb141hpub_jfbergeron1.jpg 754w, https:\/\/static-blogs.lasprovincias.es\/wp-content\/uploads\/sites\/32\/2014\/10\/qb141hpub_jfbergeron1-300x225.jpg 300w\" sizes=\"(max-width: 754px) 100vw, 754px\" \/><\/a><p id=\"caption-attachment-417\" class=\"wp-caption-text\">Ch\u00e2teau Frontenac \/ Turismo Quebec<\/p><\/div>\n<p dir=\"ltr\"><span style=\"font-size: medium;\">Canad\u00e1, y m\u00e1s en concreto la provincia de <a href=\"www.quebecregion.com\/en\" target=\"_blank\">Quebec<\/a>, es sin duda uno de los destinos m\u00e1s gloriosos del oto\u00f1o. Aqu\u00ed <strong>la paleta de colores de esta estaci\u00f3n se muestra en todo su esplendor<\/strong>: ocres, naranjas, amarillos, marrones\u2026<\/span><\/p>\n<p dir=\"ltr\"><span style=\"font-size: medium;\">Fundada a comienzos del siglo XVII por el explorador Champlain, la ciudad de Quebec es una rareza, <strong>una urbe cl\u00e1sica que conserva intacto su car\u00e1cter afrancesado a pesar de estar en pleno coraz\u00f3n de norteam\u00e9rica<\/strong>. Su ciudadela amurallada, la \u00fanica que se conserva al norte de M\u00e9xico, le confieren un ambiente encantador.<\/span><\/p>\n<p dir=\"ltr\"><span style=\"font-size: medium;\">El icono m\u00e1s reconocible del Quebec antiguo, <a href=\"http:\/\/whc.unesco.org\/es\/list\/300\" target=\"_blank\" rel=\"external nofollow\">Patrimonio de la Humanidad por la Unesco<\/a>, es el hotel <strong><a href=\"http:\/\/www.quebecregion.com\/en\/hotels\/fairmont-le-chateau-frontenac\/\" target=\"_blank\" rel=\"external nofollow\">Ch\u00e2teau Frontenac<\/a><\/strong>, un imponente edificio con aspecto de castillo medieval en la cima del acantilado que define la parte alta de la ciudad. Desde all\u00ed se puede descender hasta la coqueta Petit Champlain, una pintoresca calle que apenas parece haber cambiado desde el siglo XVIII atestada de talleres artesanales.<\/span><\/p>\n<p dir=\"ltr\"><span style=\"font-size: medium;\">La regi\u00f3n ofrece multitud de atractivos naturales para <strong>disfrutar del oto\u00f1o en todo su esplendor<\/strong>. Muchos de ellos tienen como protagonista al omnipresente r\u00edo San Lorenzo, donde en esta \u00e9poca del a\u00f1o es posible asistir a la migraci\u00f3n de miles de gansos blancos.<\/span><\/p>\n<p dir=\"ltr\"><strong><span style=\"font-size: medium;\">OPORTUNIDAD PARA LAS &#8216;OTRAS CIUDADES&#8217;<\/span><\/strong><\/p>\n<div id=\"attachment_423\" style=\"width: 650px\" class=\"wp-caption aligncenter\"><a href=\"\/elturistaindie\/wp-content\/uploads\/sites\/32\/2014\/10\/Het-Park-Rotterdam.jpg\"><img aria-describedby=\"caption-attachment-423\" loading=\"lazy\" class=\" wp-image-423 \" title=\"Het Park Rotterdam\" src=\"\/elturistaindie\/wp-content\/uploads\/sites\/32\/2014\/10\/Het-Park-Rotterdam.jpg\" alt=\"\" width=\"640\" height=\"426\" srcset=\"https:\/\/static-blogs.lasprovincias.es\/wp-content\/uploads\/sites\/32\/2014\/10\/Het-Park-Rotterdam.jpg 800w, https:\/\/static-blogs.lasprovincias.es\/wp-content\/uploads\/sites\/32\/2014\/10\/Het-Park-Rotterdam-300x200.jpg 300w, https:\/\/static-blogs.lasprovincias.es\/wp-content\/uploads\/sites\/32\/2014\/10\/Het-Park-Rotterdam-768x512.jpg 768w\" sizes=\"(max-width: 640px) 100vw, 640px\" \/><\/a><p id=\"caption-attachment-423\" class=\"wp-caption-text\">Het Park (Rotterdam) \/ @xmoret<\/p><\/div>\n<p dir=\"ltr\"><span style=\"font-size: medium;\">S\u00f3lo tres d\u00edas son suficientes para visitar ciudades europeas que merecen atenci\u00f3n en oto\u00f1o. No necesariamente se trata de las grandes capitales que acuden primero a la mente cuando uno se plantea una escapada por el continente.<\/span><\/p>\n<p dir=\"ltr\"><span style=\"font-size: medium;\">Burdeos, <a title=\"Qu\u00e9 ver y hacer en Rotterdam\" href=\"https:\/\/blogs.lasprovincias.es\/elturistaindie\/2014\/10\/24\/que-ver-y-hacer-en-rotterdam\/\">Rotterdam<\/a>, Munich, Frankfurt, Liverpool u Oporto, por citar algunas, forman parte de ese circuito de \u2018otras ciudades&#8217; ideales para una escapada corta.<\/span><\/p>\n<p><span style=\"font-size: medium;\">A ello se une que <a title=\"Todo lo que debes saber para reservar vuelos baratos\" href=\"https:\/\/blogs.lasprovincias.es\/elturistaindie\/2014\/04\/11\/todo-lo-que-debes-saber-para-reservar-vuelos-baratos\/\" target=\"_blank\">noviembre es uno de los meses m\u00e1s asequibles para volar<\/a>. Con muy poca antelaci\u00f3n, <strong>todav\u00eda es posible reservar vuelos por debajo de 80 euros<\/strong> desde varias ciudades espa\u00f1olas a destinos como Hamburgo, Frankfurt, Dubl\u00edn, Oporto o Eindhoven.<\/span><\/p>\n","protected":false},"excerpt":{"rendered":"<p>Desde descubrir destinos mediterr\u00e1neos tan poco trillados como la moderna Beirut hasta ser parte de la historia en el 25 aniversario de la reunificaci\u00f3n alemana en Berl\u00edn, pasando por las auroras boreales al norte de Noruega.\u00a0Muchos rincones en el planeta lucen su mejor aspecto en oto\u00f1o y noviembre es un momento id\u00f3neo para explorarlos. Estas [&hellip;]<\/p>\n","protected":false},"author":37,"featured_media":0,"comment_status":"open","ping_status":"closed","sticky":false,"template":"","format":"standard","meta":[],"categories":[3],"tags":[17,19,57,70,78],"_links":{"self":[{"href":"https:\/\/blogs.lasprovincias.es\/elturistaindie\/wp-json\/wp\/v2\/posts\/421"}],"collection":[{"href":"https:\/\/blogs.lasprovincias.es\/elturistaindie\/wp-json\/wp\/v2\/posts"}],"about":[{"href":"https:\/\/blogs.lasprovincias.es\/elturistaindie\/wp-json\/wp\/v2\/types\/post"}],"author":[{"embeddable":true,"href":"https:\/\/blogs.lasprovincias.es\/elturistaindie\/wp-json\/wp\/v2\/users\/37"}],"replies":[{"embeddable":true,"href":"https:\/\/blogs.lasprovincias.es\/elturistaindie\/wp-json\/wp\/v2\/comments?post=421"}],"version-history":[{"count":0,"href":"https:\/\/blogs.lasprovincias.es\/elturistaindie\/wp-json\/wp\/v2\/posts\/421\/revisions"}],"wp:attachment":[{"href":"https:\/\/blogs.lasprovincias.es\/elturistaindie\/wp-json\/wp\/v2\/media?parent=421"}],"wp:term":[{"taxonomy":"category","embeddable":true,"href":"https:\/\/blogs.lasprovincias.es\/elturistaindie\/wp-json\/wp\/v2\/categories?post=421"},{"taxonomy":"post_tag","embeddable":true,"href":"https:\/\/blogs.lasprovincias.es\/elturistaindie\/wp-json\/wp\/v2\/tags?post=421"}],"curies":[{"name":"wp","href":"https:\/\/api.w.org\/{rel}","templated":true}]}}