{"id":483,"date":"2014-12-26T20:25:08","date_gmt":"2014-12-26T19:25:08","guid":{"rendered":"http:\/\/blogs.lasprovincias.es\/elturistaindie\/?p=483"},"modified":"2014-12-26T20:25:08","modified_gmt":"2014-12-26T19:25:08","slug":"asi-hemos-viajado-en-2014","status":"publish","type":"post","link":"https:\/\/blogs.lasprovincias.es\/elturistaindie\/2014\/12\/26\/asi-hemos-viajado-en-2014\/","title":{"rendered":"As\u00ed hemos viajado en 2014"},"content":{"rendered":"<p style=\"text-align: center;\" dir=\"ltr\"><a href=\"\/elturistaindie\/wp-content\/uploads\/sites\/32\/2014\/12\/eti.jpg\"><img loading=\"lazy\" class=\"wp-image-485 aligncenter\" title=\"ETI\" src=\"\/elturistaindie\/wp-content\/uploads\/sites\/32\/2014\/12\/eti.jpg\" alt=\"\" width=\"748\" height=\"466\" srcset=\"https:\/\/static-blogs.lasprovincias.es\/wp-content\/uploads\/sites\/32\/2014\/12\/eti.jpg 1039w, https:\/\/static-blogs.lasprovincias.es\/wp-content\/uploads\/sites\/32\/2014\/12\/eti-300x187.jpg 300w, https:\/\/static-blogs.lasprovincias.es\/wp-content\/uploads\/sites\/32\/2014\/12\/eti-768x479.jpg 768w, https:\/\/static-blogs.lasprovincias.es\/wp-content\/uploads\/sites\/32\/2014\/12\/eti-1024x639.jpg 1024w\" sizes=\"(max-width: 748px) 100vw, 748px\" \/><\/a><\/p>\n<p dir=\"ltr\"><span style=\"font-size: medium;\">Si un a\u00f1o pasa volando, no digamos diez meses. El turista indie naci\u00f3 hace muy poco y de momento todav\u00eda gatea. A\u00fan as\u00ed, ya ha habido tiempo de <strong>viajar por cuatro continentes y m\u00e1s de veinte pa\u00edses<\/strong>.<\/span><\/p>\n<p dir=\"ltr\"><span style=\"font-size: medium;\">La traves\u00eda de ETI comenz\u00f3 en marzo con <a title=\"7 planes para escapar de Valencia en Fallas\" href=\"https:\/\/blogs.lasprovincias.es\/elturistaindie\/2014\/03\/06\/7-planes-para-escapar-de-valencia-en-fallas\/\" target=\"_blank\">propuestas viajeras para anti falleros<\/a>. Desde entonces, a trav\u00e9s de m\u00e1s de 30 post, hemos descubierto templos secretos ocultos bajo la jungla camboyana en <a title=\"Angkor, la ciudad engullida por la jungla\" href=\"https:\/\/blogs.lasprovincias.es\/elturistaindie\/2014\/09\/19\/angkor-la-ciudad-engullida-por-la-jungla\/\" target=\"_blank\">Angkor<\/a>, explorado los encantos de interesantes capitales europeas como <a title=\"Copenhague, el placer de la buena vida\" href=\"https:\/\/blogs.lasprovincias.es\/elturistaindie\/2014\/09\/26\/copenhague-el-placer-de-la-buena-vida\/\" target=\"_blank\">Copenhague<\/a> o <a title=\"Qu\u00e9 ver y hacer en Rotterdam\" href=\"https:\/\/blogs.lasprovincias.es\/elturistaindie\/2014\/10\/24\/que-ver-y-hacer-en-rotterdam\/\" target=\"_blank\">Rotterdam<\/a> y paseado por uno de los desiertos m\u00e1s bellos del mundo, el de <a title=\"Por qu\u00e9 Jordania es mucho m\u00e1s que Petra\" href=\"https:\/\/blogs.lasprovincias.es\/elturistaindie\/2014\/05\/09\/por-que-jordania-es-mucho-mas-que-petra\/\" target=\"_blank\">Wadi Rum en Jordania<\/a>. Por no hablar de <strong>maravillas como las pir\u00e1mides de <a title=\"Por qu\u00e9 ahora es un momento ideal para viajar a Egipto\" href=\"https:\/\/blogs.lasprovincias.es\/elturistaindie\/2014\/06\/27\/por-que-ahora-es-un-momento-ideal-para-viajar-a-egipto\/\" target=\"_blank\">Egipto<\/a>, los <a title=\"Viaja aqu\u00ed antes de que sea tarde: los templos de Bagan\" href=\"https:\/\/blogs.lasprovincias.es\/elturistaindie\/2014\/04\/18\/viaja-aqui-antes-de-que-sea-tarde-los-templos-de-bagan\/\" target=\"_blank\">templos de Bagan<\/a> en <a title=\"Myanmar, el \u00faltimo secreto de Asia\" href=\"https:\/\/blogs.lasprovincias.es\/elturistaindie\/2014\/07\/25\/myanmar-el-ultimo-secreto-de-asia\/\" target=\"_blank\">Birmania<\/a>\u00a0o la ciudad rosada de <a title=\"Cuando las piedras hablan: Petra\" href=\"https:\/\/blogs.lasprovincias.es\/elturistaindie\/2014\/06\/13\/petra-cuando-las-piedras-hablan\/\" target=\"_blank\">Petra<\/a><\/strong>.<!--more--><\/span><\/p>\n<p dir=\"ltr\"><span style=\"font-size: medium;\">El cambio de a\u00f1o es un <strong>momento ideal para pararse y mirar por el retrovisor<\/strong>. Hojear el pasaporte, hacer balance, recrear lo que sentimos en aquellos rincones especiales que visitamos por primera vez y fantasear con los cu\u00f1os que nos gustar\u00eda estampar en las p\u00e1ginas que todav\u00eda est\u00e1n en blanco.<\/span><\/p>\n<p><span style=\"font-size: medium;\">Por eso te propongo viajar de regreso a esos lugares a trav\u00e9s de este <strong>repaso por los post m\u00e1s le\u00eddos en estos diez meses<\/strong>.<\/span><\/p>\n<p>&nbsp;<\/p>\n<p style=\"text-align: center;\"><a href=\"\/elturistaindie\/wp-content\/uploads\/sites\/32\/2014\/11\/Egipto.jpg\"><img loading=\"lazy\" class=\"aligncenter  wp-image-444\" title=\"Egipto\" src=\"\/elturistaindie\/wp-content\/uploads\/sites\/32\/2014\/11\/Egipto.jpg\" alt=\"\" width=\"640\" height=\"426\" srcset=\"https:\/\/static-blogs.lasprovincias.es\/wp-content\/uploads\/sites\/32\/2014\/11\/Egipto.jpg 800w, https:\/\/static-blogs.lasprovincias.es\/wp-content\/uploads\/sites\/32\/2014\/11\/Egipto-300x200.jpg 300w, https:\/\/static-blogs.lasprovincias.es\/wp-content\/uploads\/sites\/32\/2014\/11\/Egipto-768x512.jpg 768w\" sizes=\"(max-width: 640px) 100vw, 640px\" \/><\/a><\/p>\n<p>\u00b7\u00a0<a style=\"font-size: medium;\" title=\"Por qu\u00e9 ahora es un momento ideal para viajar a Egipto\" href=\"https:\/\/blogs.lasprovincias.es\/elturistaindie\/2014\/06\/27\/por-que-ahora-es-un-momento-ideal-para-viajar-a-egipto\/\" target=\"_blank\">Por qu\u00e9 ahora es un momento ideal para viajar a Egipto<\/a><span style=\"font-size: medium;\"> (12.581 p\u00e1ginas vistas)<\/span><\/p>\n<p dir=\"ltr\"><span style=\"font-size: medium;\">Uno de mis post preferidos del a\u00f1o y, a juzgar por las veces que se ha compartido, tambi\u00e9n de los lectores del blog. Es el reflejo de uno de los mejores viajes que he hecho este a\u00f1o pero, sobre todo, un alegato para convencer a los temerosos: <strong>es el mejor momento para visitar este incre\u00edble pa\u00eds<\/strong>.<\/span><\/p>\n<p><span style=\"font-size: medium;\">No lo dudes, <strong>no va a haber muchas ocasiones<\/strong> de conocer una s\u00faper potencia tur\u00edstica como esta a los precios actuales y sin las aglomeraciones propias de un destino top como este. Hazme caso, no te arrepentir\u00e1s.<\/span><\/p>\n<p>&nbsp;<\/p>\n<p>\u00b7\u00a0<a style=\"font-size: medium;\" title=\"5 alternativas para comer barato (y bien) en \u00c1msterdam\" href=\"https:\/\/blogs.lasprovincias.es\/elturistaindie\/2014\/03\/28\/5-alternativas-para-comer-barato-y-bien-en-amsterdam\/\" target=\"_blank\">5 alternativas para comer barato (y bien) en \u00c1msterdam<\/a><span style=\"font-size: medium;\">\u00a0(10.228 p\u00e1ginas vistas)<\/span><\/p>\n<p><span style=\"font-size: medium;\">Merece la pena buscar entre los canales de \u00c1msterdam el Winkel 43 para saborear <strong>la mejor tarta de manzana de la ciudad<\/strong> o cruzar a Pancake Bakery, un local ideal para tomar pancakes, una opci\u00f3n t\u00edpica adem\u00e1s de econ\u00f3mica. Comer bien en la capital holandesa no siempre requiere grandes desembolsos. Aqu\u00ed te propongo varias alternativas para conseguirlo.<\/span><\/p>\n<p>&nbsp;<\/p>\n<p style=\"text-align: center;\"><a href=\"\/elturistaindie\/wp-content\/uploads\/sites\/32\/2014\/06\/croacia.jpg\"><img loading=\"lazy\" class=\"aligncenter  wp-image-229\" title=\"Dubrovnik Croacia\" src=\"\/elturistaindie\/wp-content\/uploads\/sites\/32\/2014\/06\/croacia.jpg\" alt=\"\" width=\"640\" height=\"367\" srcset=\"https:\/\/static-blogs.lasprovincias.es\/wp-content\/uploads\/sites\/32\/2014\/06\/croacia.jpg 800w, https:\/\/static-blogs.lasprovincias.es\/wp-content\/uploads\/sites\/32\/2014\/06\/croacia-300x172.jpg 300w, https:\/\/static-blogs.lasprovincias.es\/wp-content\/uploads\/sites\/32\/2014\/06\/croacia-768x441.jpg 768w\" sizes=\"(max-width: 640px) 100vw, 640px\" \/><\/a><\/p>\n<p>\u00b7\u00a0<a style=\"font-size: medium;\" title=\"De Dubrovnik a Split, recorrido esencial por la costa croata\" href=\"https:\/\/blogs.lasprovincias.es\/elturistaindie\/2014\/06\/06\/de-dubrovnik-a-split-recorrido-esencial-por-la-costa-croata\/\" target=\"_blank\">De Dubrovnik a Split, recorrido esencial por la costa croata<\/a><span style=\"font-size: medium;\">\u00a0(6.681 p\u00e1ginas vistas)<\/span><\/p>\n<p dir=\"ltr\"><span style=\"font-size: medium;\">La costa de Dalmacia es una delicia. Un destino ideal para explorar con calma y por tu cuenta, en pareja o con amigos, y siempre dispuesto a cambiar de planes sobre la marcha para disfrutar de <strong>playas que aparecen por sorpresa o caf\u00e9s que se alargan m\u00e1s de la cuenta<\/strong>.<\/span><\/p>\n<p><span style=\"font-size: medium;\">La belleza de Dubrovnik, la perla del Adri\u00e1tico, ya no tienen secretos para los <strong>cientos de miles de turistas de todo el mundo que la visitan cada a\u00f1o<\/strong>. Pero por la sinuosa carretera costera que une esta ciudad con la tambi\u00e9n esencial Split siempre surgen oportunidades para conocer enclaves menos explotados, como la isla de Miljet o los pueblecitos de la ribera de Makarska.<\/span><\/p>\n<p>&nbsp;<\/p>\n<p><span style=\"font-size: medium;\">\u00b7\u00a0<a title=\"Once \u2018gadgets\u2019 sorprendentes para viajeros\" href=\"https:\/\/blogs.lasprovincias.es\/elturistaindie\/2014\/11\/28\/diez-gadgets-sorprendentes-para-viajeros\/\" target=\"_blank\">11 \u2018gadgets\u2019 sorprendentes para viajeros<\/a>\u00a0(2.799 p\u00e1ginas vistas)<\/span><\/p>\n<p dir=\"ltr\"><span style=\"font-size: medium;\">Que levante la mano quien no tenga su <strong>personal kit de viaje<\/strong>. A todos nos gusta cargar con objetos que pensamos que nos pueden ser de utilidad en un entorno extra\u00f1o, aunque muchas veces acabemos no utiliz\u00e1ndolos.<\/span><\/p>\n<p><span style=\"font-size: medium;\">Planchas port\u00e1tiles, potabilizadoras de bolsillo u hornillos que te cargan el m\u00f3vil o la tablet por usb. Estos son algunos de <strong>los gadgets m\u00e1s curiosos para viajeros inquietos<\/strong>.<\/span><\/p>\n<p>&nbsp;<\/p>\n<p style=\"text-align: center;\"><a href=\"\/elturistaindie\/wp-content\/uploads\/sites\/32\/2014\/04\/gleis17.jpg\"><img loading=\"lazy\" class=\"aligncenter  wp-image-116\" title=\"gleis17\" src=\"\/elturistaindie\/wp-content\/uploads\/sites\/32\/2014\/04\/gleis17.jpg\" alt=\"\" width=\"648\" height=\"361\" srcset=\"https:\/\/static-blogs.lasprovincias.es\/wp-content\/uploads\/sites\/32\/2014\/04\/gleis17.jpg 800w, https:\/\/static-blogs.lasprovincias.es\/wp-content\/uploads\/sites\/32\/2014\/04\/gleis17-300x167.jpg 300w, https:\/\/static-blogs.lasprovincias.es\/wp-content\/uploads\/sites\/32\/2014\/04\/gleis17-768x428.jpg 768w\" sizes=\"(max-width: 648px) 100vw, 648px\" \/><\/a><\/p>\n<p><span style=\"font-size: medium;\">\u00b7\u00a0<a title=\"7 rincones con historia de Berl\u00edn que deber\u00edas visitar\" href=\"https:\/\/blogs.lasprovincias.es\/elturistaindie\/2014\/04\/25\/7-rincones-con-historia-de-berlin-que-deberias-visitar\/\" target=\"_blank\">7 rincones con historia de Berl\u00edn que deber\u00edas visitar<\/a>\u00a0(2.689 p\u00e1ginas vistas)<\/span><\/p>\n<p dir=\"ltr\"><span style=\"font-size: medium;\">Uno de mis post preferidos, fruto de la admiraci\u00f3n que siento por esta ciudad y la capacidad de sus habitantes para<strong> recrear con enorme rigor hist\u00f3rico y sin estridencias<\/strong> cualquier acontecimiento pasado, por doloroso que \u00e9ste sea.<\/span><\/p>\n<p><span style=\"font-size: medium;\">Un itinerario por siete rincones no tan conocidos pero imprescindibles para <strong>rememorar el pasado m\u00e1s inmediato<\/strong> de la ciudad alemana y el continente europeo.<\/span><\/p>\n<p>&nbsp;<\/p>\n<p><span style=\"font-size: medium;\">\u00b7\u00a0<a title=\"Todo lo que debes saber para reservar vuelos baratos\" href=\"https:\/\/blogs.lasprovincias.es\/elturistaindie\/2014\/04\/11\/todo-lo-que-debes-saber-para-reservar-vuelos-baratos\/\" target=\"_blank\">Todo lo que debes saber para reservar vuelos baratos<\/a>\u00a0(2.615 p\u00e1ginas vistas)<\/span><\/p>\n<p dir=\"ltr\"><span style=\"font-size: medium;\">Pr\u00e1cticamente no hay dos pasajeros en un avi\u00f3n que hayan pagado lo mismo por su billete, aunque est\u00e9n sentados en la misma fila. Que internet y las compa\u00f1\u00edas de bajo coste han revolucionado la industria tur\u00edstica lo sabes de sobra, pero <strong>no todo el mundo tiene tan claras las claves para aprovecharlo<\/strong>.<\/span><\/p>\n<p><span style=\"font-size: medium;\"> En este post te aconsejo dos premisas b\u00e1sicas para ahorrar en tus billetes de avi\u00f3n: <strong>flexibilidad y anticipaci\u00f3n<\/strong>. A partir de ah\u00ed te presento una serie de trucos para pagar lo m\u00ednimo posible, desde probar a reservar los billetes por separado a c\u00f3mo usar el m\u00e1ximo partido de los comparadores.<\/span><\/p>\n<p>&nbsp;<\/p>\n<p><span style=\"font-size: medium;\">\u00b7\u00a0<a title=\"10 aplicaciones imprescindibles (y gratuitas) para viajar\" href=\"https:\/\/blogs.lasprovincias.es\/elturistaindie\/2014\/05\/16\/10-apliaciones-imprescindibles-y-gratuitas-para-viajar\/\" target=\"_blank\">10 aplicaciones imprescindibles (y gratuitas) para viajar<\/a>\u00a0(2.484 p\u00e1ginas vistas)<\/span><\/p>\n<p dir=\"ltr\"><span style=\"font-size: medium;\">El smartphone es <strong>la navaja suiza de los viajeros del siglo XXI<\/strong>. Las aplicaciones para viajeros son un universo en el que es f\u00e1cil perderse, pero hay algunas que s\u00ed o s\u00ed deber\u00edas tener instaladas porque te puede sacar de importantes apuros.<\/span><\/p>\n<p><span style=\"font-size: medium;\">Aqu\u00ed recopilo algunas de las que, a mi juicio, <strong>no pueden faltar en el terminal o la tablet de cualquier viajero<\/strong>\u00a0que quiera desenvolverse de forma m\u00ednimamente independiente. Y todas son gratuitas.<\/span><\/p>\n<p>&nbsp;<\/p>\n<p style=\"text-align: center;\"><a href=\"\/elturistaindie\/wp-content\/uploads\/sites\/32\/2014\/08\/IMG_9167.jpg\"><img loading=\"lazy\" class=\" wp-image-329 aligncenter\" title=\"Impalas en Samburu - Kenia\" src=\"\/elturistaindie\/wp-content\/uploads\/sites\/32\/2014\/08\/IMG_9167.jpg\" alt=\"Impalas en Samburu - Kenia\" width=\"644\" height=\"266\" srcset=\"https:\/\/static-blogs.lasprovincias.es\/wp-content\/uploads\/sites\/32\/2014\/08\/IMG_9167.jpg 1555w, https:\/\/static-blogs.lasprovincias.es\/wp-content\/uploads\/sites\/32\/2014\/08\/IMG_9167-300x124.jpg 300w, https:\/\/static-blogs.lasprovincias.es\/wp-content\/uploads\/sites\/32\/2014\/08\/IMG_9167-768x317.jpg 768w, https:\/\/static-blogs.lasprovincias.es\/wp-content\/uploads\/sites\/32\/2014\/08\/IMG_9167-1024x423.jpg 1024w\" sizes=\"(max-width: 644px) 100vw, 644px\" \/><\/a><\/p>\n<p><span style=\"font-size: medium;\">\u00b7\u00a0<a href=\"disfrutar de la Navidad\" target=\"_blank\">Destinos para disfrutar de la Navidad\u2026 O huir de ella<\/a>\u00a0(2.140 p\u00e1ginas vistas)<\/span><\/p>\n<p dir=\"ltr\"><span style=\"font-size: medium;\">Qu\u00e9 os voy a contar si seguramente muchos de vosotros vais camino de vuestro destino para despedir el a\u00f1o. Si eres de l@s que disfruta de estos d\u00edas como un ni\u00f1@, deber\u00edas pensar en conocer <strong>los tradicionales mercados navide\u00f1os<\/strong> que estos d\u00edas llenan de color el centro de muchas ciudades europeas.<\/span><\/p>\n<p><span style=\"font-size: medium;\">Si tus gustos son totalmente opuestos, huye del fr\u00edo y pon rumbo a <strong>destinos como el norte de \u00c1frica, Kenia o Tailandia<\/strong>.<\/span><\/p>\n<p>&nbsp;<\/p>\n<p><span style=\"font-size: medium;\">\u00b7\u00a0<a title=\"Los destinos m\u00e1s deseados del verano (y otros que deber\u00edas considerar)\" href=\"https:\/\/blogs.lasprovincias.es\/elturistaindie\/2014\/06\/20\/los-destinos-mas-deseados-del-verano-y-otros-que-deberias-considerar\/\" target=\"_blank\">Los destinos m\u00e1s deseados del verano (y otros que deber\u00edas considerar)<\/a>\u00a0(1.901 p\u00e1ginas vistas)<\/span><\/p>\n<p dir=\"ltr\"><span style=\"font-size: medium;\">Conciertos, exposiciones, proyecciones al aire libre\u2026 La actividad en muchas capitales europeas ha sido fren\u00e9tica este a\u00f1o, especialmente en los meses de verano. <strong>Londres y su espectacular carnaval de Notting Hill<\/strong> siempre es una buena opci\u00f3n para los \u00faltimos d\u00edas de agosto.<\/span><\/p>\n<p dir=\"ltr\"><span style=\"font-size: medium;\">Tambi\u00e9n Par\u00eds, con la actividad estival del Parque de la Villete, o Nueva York son siempre apuesta seguras del verano, pero este a\u00f1o ha sido especialmente <strong>interesante en otras capitales como Glasgow o Umea<\/strong>.<\/span><\/p>\n<p style=\"text-align: center;\" dir=\"ltr\"><a href=\"\/elturistaindie\/wp-content\/uploads\/sites\/32\/2014\/12\/Ostrich-Pillow.jpg\"><img loading=\"lazy\" class=\"aligncenter  wp-image-487\" title=\"Ostrich-Pillow\" src=\"\/elturistaindie\/wp-content\/uploads\/sites\/32\/2014\/12\/Ostrich-Pillow.jpg\" alt=\"\" width=\"621\" height=\"328\" srcset=\"https:\/\/static-blogs.lasprovincias.es\/wp-content\/uploads\/sites\/32\/2014\/12\/Ostrich-Pillow.jpg 690w, https:\/\/static-blogs.lasprovincias.es\/wp-content\/uploads\/sites\/32\/2014\/12\/Ostrich-Pillow-300x158.jpg 300w\" sizes=\"(max-width: 621px) 100vw, 621px\" \/><\/a><\/p>\n<p><span style=\"font-size: medium;\">\u00b7\u00a0<a title=\"Dormir en un avi\u00f3n es posible (si sabes c\u00f3mo)\" href=\"https:\/\/blogs.lasprovincias.es\/elturistaindie\/2014\/11\/06\/dormir-en-un-avion-es-posible-si-sabes-como\/\" target=\"_blank\">Dormir en un avi\u00f3n es posible (si sabes c\u00f3mo)<\/a>\u00a0(1.877 p\u00e1ginas vistas)<\/span><\/p>\n<p dir=\"ltr\"><span style=\"font-size: medium;\">Uno de los temas m\u00e1s controvertidos para cualquier viajero. Somos muchos los que tenemos dificultades para conciliar el sue\u00f1o en un avi\u00f3n, pero seguir una serie de <strong>trucos aumenta mucho las posibilidades de descanso<\/strong>.<\/span><\/p>\n<p><span style=\"font-size: medium;\">Elegir un buen asiento, desterrar el caf\u00e9 y no desde\u00f1ar tapones o antifaces son requisitos b\u00e1sicos, sin olvidar la posibilidad de recurrir a algunas de <strong>las innovadoras almohadas<\/strong> o sistemas de descanso que han surgido para hacer m\u00e1s llevaderas las horas de vuelo.<\/span><\/p>\n<p>&nbsp;<\/p>\n<p style=\"text-align: center;\"><a href=\"\/elturistaindie\/wp-content\/uploads\/sites\/32\/2014\/12\/analytics.jpg\"><img loading=\"lazy\" class=\"wp-image-486 aligncenter\" title=\"analytics\" src=\"\/elturistaindie\/wp-content\/uploads\/sites\/32\/2014\/12\/analytics.jpg\" alt=\"\" width=\"735\" height=\"474\" srcset=\"https:\/\/static-blogs.lasprovincias.es\/wp-content\/uploads\/sites\/32\/2014\/12\/analytics.jpg 2042w, https:\/\/static-blogs.lasprovincias.es\/wp-content\/uploads\/sites\/32\/2014\/12\/analytics-300x193.jpg 300w, https:\/\/static-blogs.lasprovincias.es\/wp-content\/uploads\/sites\/32\/2014\/12\/analytics-768x495.jpg 768w, https:\/\/static-blogs.lasprovincias.es\/wp-content\/uploads\/sites\/32\/2014\/12\/analytics-1024x660.jpg 1024w\" sizes=\"(max-width: 735px) 100vw, 735px\" \/><\/a><\/p>\n<p><span style=\"font-size: medium;\">Y hasta aqu\u00ed lleg\u00f3 2014. Si ya formas parte de los <strong>m\u00e1s de 33.000 lectores<\/strong> que han pasado por ETI a lo largo de estos meses, s\u00f3lo me queda darte sinceramente las gracias. Si acabas de llegar y te apetece subir, adelante, esta puerta de embarque no cierra nunca.<\/span><\/p>\n<p><span style=\"font-size: medium;\">Espero que 2015 nos traiga <strong>muchas y muy buenas experiencias viajeras<\/strong>.<\/span><\/p>\n","protected":false},"excerpt":{"rendered":"<p>Si un a\u00f1o pasa volando, no digamos diez meses. El turista indie naci\u00f3 hace muy poco y de momento todav\u00eda gatea. A\u00fan as\u00ed, ya ha habido tiempo de viajar por cuatro continentes y m\u00e1s de veinte pa\u00edses. La traves\u00eda de ETI comenz\u00f3 en marzo con propuestas viajeras para anti falleros. Desde entonces, a trav\u00e9s de [&hellip;]<\/p>\n","protected":false},"author":37,"featured_media":0,"comment_status":"open","ping_status":"closed","sticky":false,"template":"","format":"standard","meta":[],"categories":[3],"tags":[],"_links":{"self":[{"href":"https:\/\/blogs.lasprovincias.es\/elturistaindie\/wp-json\/wp\/v2\/posts\/483"}],"collection":[{"href":"https:\/\/blogs.lasprovincias.es\/elturistaindie\/wp-json\/wp\/v2\/posts"}],"about":[{"href":"https:\/\/blogs.lasprovincias.es\/elturistaindie\/wp-json\/wp\/v2\/types\/post"}],"author":[{"embeddable":true,"href":"https:\/\/blogs.lasprovincias.es\/elturistaindie\/wp-json\/wp\/v2\/users\/37"}],"replies":[{"embeddable":true,"href":"https:\/\/blogs.lasprovincias.es\/elturistaindie\/wp-json\/wp\/v2\/comments?post=483"}],"version-history":[{"count":0,"href":"https:\/\/blogs.lasprovincias.es\/elturistaindie\/wp-json\/wp\/v2\/posts\/483\/revisions"}],"wp:attachment":[{"href":"https:\/\/blogs.lasprovincias.es\/elturistaindie\/wp-json\/wp\/v2\/media?parent=483"}],"wp:term":[{"taxonomy":"category","embeddable":true,"href":"https:\/\/blogs.lasprovincias.es\/elturistaindie\/wp-json\/wp\/v2\/categories?post=483"},{"taxonomy":"post_tag","embeddable":true,"href":"https:\/\/blogs.lasprovincias.es\/elturistaindie\/wp-json\/wp\/v2\/tags?post=483"}],"curies":[{"name":"wp","href":"https:\/\/api.w.org\/{rel}","templated":true}]}}