{"id":8,"date":"2014-03-06T21:51:44","date_gmt":"2014-03-06T20:51:44","guid":{"rendered":"http:\/\/blogs.lasprovincias.es\/elturistaindie\/?p=8"},"modified":"2014-03-06T21:51:44","modified_gmt":"2014-03-06T20:51:44","slug":"7-planes-para-escapar-de-valencia-en-fallas","status":"publish","type":"post","link":"https:\/\/blogs.lasprovincias.es\/elturistaindie\/2014\/03\/06\/7-planes-para-escapar-de-valencia-en-fallas\/","title":{"rendered":"7 planes para escapar de Valencia en Fallas"},"content":{"rendered":"<p dir=\"ltr\"><span style=\"font-size: medium;\">Admit\u00e1moslo. No a todos los valencianos les gustan las Fallas. O mejor dicho, no todos llevan igual de bien las \u2018<a href=\"http:\/\/www.lasprovincias.es\/20140302\/mas-actualidad\/politica\/fallas-mediador-nuevo-valencia-201403021205.html\" target=\"_blank\" rel=\"external nofollow\">molestias<\/a>\u2019 aparejadas. Como para tantas otras cosas, los valencianos no tenemos t\u00e9rmino medio, o las adoras o las detestas. Por un lado, est\u00e1n los que el 15 de marzo se plantan el <del>polar Quechua<\/del> blus\u00f3n, las zapatillas y los mo\u00f1os (si es el caso) y no se los quitan hasta que arde el \u00faltimo &#8216;ninot&#8217;. Este post es para la otra mitad, para los que cada a\u00f1o os jur\u00e1is que no, que del a\u00f1o que viene no pasa <strong>poner tierra de por medio hasta que explote el \u00faltimo masclet<\/strong>. Todav\u00eda est\u00e1is a tiempo de organizaros una escapada que calmar\u00e1 vuestro mono viajero hasta el verano.<!--more--><\/span><\/p>\n<p dir=\"ltr\"><span style=\"font-size: medium;\">El calendario este a\u00f1o est\u00e1 a favor. Si puedes disponer del lunes 17 y martes 18, tendr\u00e1s el camino expedito para disfrutar de cinco estupendos d\u00edas alejado del estruendo.<\/span><\/p>\n<p dir=\"ltr\"><span style=\"font-size: medium;\">Adem\u00e1s, el invierno est\u00e1 de retirada, lo que convierte a muchas ciudades del centro y norte de Europa con las que existe buena combinaci\u00f3n a\u00e9rea desde Valencia en destinos <strong>excelentes para una escapada de cuatro o cinco d\u00edas<\/strong>. \u00bfTodav\u00eda no te has convencido? Aqu\u00ed va otro argumento: es temporada baja, lo que seguramente te va a permitir encontrar mejores precios, menos gente y el placer a\u00f1adido de disfrutar del ritmo habitual de las ciudades al viajar cuando la mayor\u00eda no puede hacerlo.<\/span><\/p>\n<p dir=\"ltr\"><span style=\"font-size: medium;\">Todo depende del presupuesto y del tiempo del que dispongas. Si no es mucho, no hace falta que salgas de la Comunitat para disfrutar de <strong>planes alternativos a las Fallas<\/strong>:<\/span><\/p>\n<ul>\n<li><span style=\"font-size: medium;\">Sobrevolar en globo el <a href=\"http:\/\/parquesnaturales.gva.es\/webdoc\/documento.ashx?id=149836\" target=\"_blank\" rel=\"external nofollow\">Parque Natural de la Sierra de Mariola<\/a><\/span><\/li>\n<\/ul>\n<p style=\"padding-left: 30px;\" dir=\"ltr\"><span style=\"font-size: medium;\">El <strong>parque natural de la Sierra de Mariola<\/strong> es una buena opci\u00f3n para pasar unos d\u00edas por el equilibrio que ofrece entre la naturaleza del parque y el <a href=\"http:\/\/www.bocairent.org\/index.php?option=com_content&#038;view=article&#038;id=21%3Aper-la-vora-del-riu&#038;catid=6%3Apassejades&#038;Itemid=72&#038;lang=es\" rel=\"external nofollow\">r\u00edo Clari\u00e0<\/a> y el patrimonio hist\u00f3rico-art\u00edstico de sus municipios como Agres, Alcoi, Banyeres de Mariola, Cocentaina o Bocairent. En este \u00faltimo se pueden realizar varias visitas, como la de su <a href=\"http:\/\/www.bocairent.org\/index.php?option=com_content&#038;view=article&#038;id=25&#038;Itemid=70&#038;lang=es\" rel=\"external nofollow\">barrio medieval<\/a>, declarado conjunto hist\u00f3rico-art\u00edstico y que ofrecer un agradable paseo salpicado de fuentes calles escalonadas. . Entre las m\u00faltiples opciones de turismo activo y alternativo, una de las m\u00e1s originales es realizar un vuelo en globo sobre el parque. \u00a0La empresa <a href=\"https:\/\/www.facebook.com\/VOLARENGLOBO\" rel=\"external nofollow\">totglobo<\/a> ofrece varias posibilidades para sobrevolar la sierra desde 165 euros.<\/span><\/p>\n<p style=\"padding-left: 30px; text-align: center;\" dir=\"ltr\"><span style=\"font-size: medium;\"><a href=\"\/elturistaindie\/wp-content\/uploads\/sites\/32\/2014\/03\/vall-de-laguar.jpg\"><img loading=\"lazy\" class=\"aligncenter  wp-image-11\" title=\"Vall de Laguar\" src=\"\/elturistaindie\/wp-content\/uploads\/sites\/32\/2014\/03\/vall-de-laguar.jpg\" alt=\"Vall de Laguar\" width=\"614\" height=\"401\" srcset=\"https:\/\/static-blogs.lasprovincias.es\/wp-content\/uploads\/sites\/32\/2014\/03\/vall-de-laguar.jpg 2047w, https:\/\/static-blogs.lasprovincias.es\/wp-content\/uploads\/sites\/32\/2014\/03\/vall-de-laguar-300x196.jpg 300w, https:\/\/static-blogs.lasprovincias.es\/wp-content\/uploads\/sites\/32\/2014\/03\/vall-de-laguar-768x502.jpg 768w, https:\/\/static-blogs.lasprovincias.es\/wp-content\/uploads\/sites\/32\/2014\/03\/vall-de-laguar-1024x670.jpg 1024w\" sizes=\"(max-width: 614px) 100vw, 614px\" \/><\/a><\/span><\/p>\n<ul>\n<li dir=\"ltr\">\n<p dir=\"ltr\"><span style=\"font-size: medium;\">Recorrer el Barranc de l&#8217;Infern<\/span><\/p>\n<\/li>\n<\/ul>\n<p style=\"padding-left: 30px;\" dir=\"ltr\"><span style=\"font-size: medium;\">Otra gran opci\u00f3n es desplazarse a la comarca de la Marina Alta para pasar unos d\u00edas alejado del bullicio en <strong>la Vall de Laguar<\/strong>, formado por los municipios de Fleix, Benimaurell y Campell. All\u00ed podr\u00e1s relajarte y descansar rememorando el pasado \u00e1rabe de estas poblaciones y disfrutando de su contundente gastronom\u00eda o atreverte con un recorrido por la que muchos consideran la catedral del senderismo: la <a href=\"http:\/\/www.cma.gva.es\/web\/indice.aspx?nodo=5315&#038;idioma=C\" target=\"_blank\" rel=\"external nofollow\">ruta del Barranc de l&#8217;Infern<\/a>. Los casi 7.000 escalones de piedra que componen este recorrido circular de 14,4 kil\u00f3metros y 800 kil\u00f3metros de desnivel requieren buena forma y experiencia, ya que la ruta es de dificultad alta. El <a href=\"http:\/\/www.hotelalahuar.com\/es\/index.html\" target=\"_blank\" rel=\"external nofollow\">Hotel Alahuar<\/a>, en Benimaurell, es una buena base de operaciones. Su enclave elevado permite dominar todo el valle con la vista de Denia y el mar al fondo. Habitaciones desde 51,40 euros, desayuno incluido.<\/span><\/p>\n<p><span style=\"font-size: medium;\">Pensaba incluir una tercera opci\u00f3n m\u00e1s relajada en alguno de los mejores hoteles con spa de la Comunitat como <a href=\"http:\/\/www.palasiet.com\/\" target=\"_blank\" rel=\"external nofollow\">El Palasiet<\/a>, en Benicassim, o el <a href=\"http:\/\/elrodat.com\/\" target=\"_blank\" rel=\"external nofollow\">Village &#038; Spa El Rodat<\/a>, en J\u00e1vea, pero todav\u00eda est\u00e1n cerrados y no vuelven a abrir hasta finales de marzo o abril, as\u00ed que me han quedado dos propuestas de turismo muy activo (\u00bfhay turismo no activo?)<\/span><\/p>\n<p><span style=\"font-size: medium;\">Si miras fuera de la Comunitat, te propongo poner rumbo al centro:<\/span><\/p>\n<ul>\n<li dir=\"ltr\">\n<p style=\"text-align: left;\" dir=\"ltr\"><span style=\"font-size: medium;\">Madrid. <strong>Siempre tiene algo que ofrecer<\/strong>: un concierto, un musical o exposiciones temporales como la de los <a href=\"http:\/\/teatrofernangomez.esmadrid.com\/espectaculo\/851\/terracotta-army\" rel=\"external nofollow\">Guerreros de Xi\u2019an en el Fern\u00e1n G\u00f3mez<\/a> o la de <a href=\"http:\/\/www.museothyssen.org\/thyssen\/ficha_artista\/129\" rel=\"external nofollow\">C\u00e9zanne en el Thyssen<\/a>. \u00a0El resto del tiempo lo puedes ocupar recorriendo el rastro el domingo por la ma\u00f1ana, latineando o viendo el atardecer desde el <a href=\"http:\/\/templodedebod.memoriademadrid.es\/\" rel=\"external nofollow\">Templo de Debod<\/a>. Comer un cocido en <a href=\"http:\/\/www.tabernadeladaniela.com\/\" rel=\"external nofollow\">La Daniela<\/a> antes de que el fr\u00edo se despida definitivamente tambi\u00e9n es una feliz idea. \u00a0Hotel recomendado: <a href=\"http:\/\/www.tripadvisor.es\/Hotel_Review-g187514-d1510402-Reviews-Urban_Sea_Atocha_113-Madrid.html\" rel=\"external nofollow\">Urban Sea Atocha (antiguo Chic &#038; Basic)<\/a>. Bien situado, sin pretensiones y con buena RCP. Habitaciones desde 53 euros (sin desayuno)<\/span><\/p>\n<\/li>\n<\/ul>\n<p style=\"text-align: center;\"><span style=\"font-size: medium;\"><a href=\"\/elturistaindie\/wp-content\/uploads\/sites\/32\/2014\/03\/Templo_de_Debod_Madrid_28.jpg\"><img loading=\"lazy\" class=\"wp-image-9 aligncenter\" title=\"Templo de Debod (Madrid)\" src=\"\/elturistaindie\/wp-content\/uploads\/sites\/32\/2014\/03\/Templo_de_Debod_Madrid_28.jpg\" alt=\"Templo de Debod (Madrid)\" width=\"512\" height=\"343\" srcset=\"https:\/\/static-blogs.lasprovincias.es\/wp-content\/uploads\/sites\/32\/2014\/03\/Templo_de_Debod_Madrid_28.jpg 800w, https:\/\/static-blogs.lasprovincias.es\/wp-content\/uploads\/sites\/32\/2014\/03\/Templo_de_Debod_Madrid_28-300x201.jpg 300w, https:\/\/static-blogs.lasprovincias.es\/wp-content\/uploads\/sites\/32\/2014\/03\/Templo_de_Debod_Madrid_28-768x515.jpg 768w\" sizes=\"(max-width: 512px) 100vw, 512px\" \/><\/a><\/span><\/p>\n<ul>\n<li><span style=\"font-size: medium;\">Toledo. El 14 de marzo se inaugura la muestra<strong> \u2018El Griego de Toledo\u2019<\/strong>, la primera de las grandes <a href=\"http:\/\/www.toledo-turismo.com\/cms\/js\/kcfinder\/upload\/files\/PO2014.pdf\" rel=\"external nofollow\">exposiciones programadas<\/a> para conmemorar el 400 aniversario de la muerte del pintor. La excusa perfecta para perderte unos d\u00edas por una de las <a href=\"http:\/\/www.toledo-turismo.com\/es\/grandes-monumentos_82\" rel=\"external nofollow\">ciudades<\/a> con m\u00e1s solera de Espa\u00f1a.<\/span><\/li>\n<\/ul>\n<p><span style=\"font-size: medium;\">Si el tiempo y el presupuesto no son un problema, puedes darte una vuelta r\u00e1pida por alguna capital europea. No todas son chollos, lo s\u00e9. Pero si tienes en cuenta que falta s\u00f3lo una semana y que no eres el \u00fanico que escapa de las Fallas, creo que son propuestas que no est\u00e1n nada mal. <strong>Vuelos directos desde Valencia<\/strong> y de menos de dos horas y media. Ah\u00ed van:<\/span><\/p>\n<ul>\n<li dir=\"ltr\">\n<p dir=\"ltr\"><span style=\"font-size: medium;\">R\u00f3terdam<\/span><\/p>\n<\/li>\n<\/ul>\n<p style=\"padding-left: 30px;\" dir=\"ltr\"><span style=\"font-size: medium;\">Holanda <a href=\"http:\/\/www.youtube.com\/watch?v=hqEh0iFWlgs\" rel=\"external nofollow\">mola<\/a>. Eso ya deber\u00eda ser suficiente para visitar uno de los puertos m\u00e1s importantes del mundo, pero es que <strong><a href=\"http:\/\/www.youtube.com\/watch?v=p99-FxeSZXk#t=67\" rel=\"external nofollow\">R\u00f3terdam est\u00e1 despertando al turismo<\/a> como uno de los destinos de moda de 2014<\/strong>. Su skyline se est\u00e1 configurando como uno de los m\u00e1s espectaculares del norte de Europa en el que sobresalen edificios como el del reci\u00e9n inaugurado <a href=\"http:\/\/nhow-rotterdam.com\/about\/\" rel=\"external nofollow\">Hotel Nhow Rotterdam<\/a>. M\u00e1s alicientes arquitect\u00f3nicos: la nueva <a href=\"http:\/\/www.rotterdam.nl\/rotterdamcentraal\" rel=\"external nofollow\">estaci\u00f3n central<\/a> reabre con un impactante dise\u00f1o el pr\u00f3ximo d\u00eda 13. <a href=\"http:\/\/es.rotterdam.info\/visitantes\/\" rel=\"external nofollow\">Informaci\u00f3n<\/a> tur\u00edstica.\u00a0El vuelo desde Valencia a R\u00f3terdam con salida el d\u00eda 16 y volviendo el 19 de marzo sale por\u00a0<a href=\"http:\/\/www.skyscanner.es\/transporte\/vuelos\/vlc\/rtm\/140316\/140319\/tarifas-de-valencia-a-roterdam-en-marzo-2014.html?rtn=1\" rel=\"external nofollow\">175 euros<\/a>\u00a0con Transavia.<\/span><\/p>\n<p style=\"text-align: center;\"><span style=\"font-size: medium;\"><img loading=\"lazy\" class=\"aligncenter\" title=\"R\u00f3terdam\" src=\"https:\/\/lh5.googleusercontent.com\/k4UeZapN3m7hQVVqkUDAFowqb0sP2tBffioOS5O6SIgiBYHv5XjRGN2mf-xZo_WClUT91lIy485oN1WkTzIx6dY4ApoIpu53svIvONC0g3m53BhnwDYBID5DSi_dww\" alt=\"R\u00f3terdam\" width=\"624px;\" height=\"232px;\" \/><\/span><\/p>\n<ul>\n<li dir=\"ltr\">\n<p dir=\"ltr\"><span style=\"font-size: medium;\">Mil\u00e1n<\/span><\/p>\n<\/li>\n<\/ul>\n<p style=\"padding-left: 30px;\" dir=\"ltr\"><span style=\"font-size: medium;\">Dicen que es gris e industrial. De acuerdo, no es la ciudad m\u00e1s bonita de Italia, pero lo compensa con su ambiente cosmopolita. A <strong>la capital de la moda<\/strong> no le faltan argumentos para justificar una escalada corta. Los imprescindibles son el <a href=\"http:\/\/www.duomomilano.it\/en\/\" rel=\"external nofollow\">Duomo<\/a> y la galer\u00eda<a href=\"http:\/\/www.milan.org.es\/galeria-vittorio-emanuele\" rel=\"external nofollow\"> Vittorio Emanuele<\/a>, donde la tradici\u00f3n obliga a girar sobre los test\u00edculos del toro que hay en el mosaico del centro. El vuelo Valencia-Mil\u00e1n del 16 al 9 marzo, <a href=\"http:\/\/www.skyscanner.es\/transporte\/vuelos\/vlc\/mila\/140316\/140319\/tarifas-de-valencia-a-milan-en-marzo-2014.html?rtn=1\" rel=\"external nofollow\">200 euros<\/a> con Ryanair.<\/span><\/p>\n<ul>\n<li dir=\"ltr\">\n<p dir=\"ltr\"><span style=\"font-size: medium;\">Bruselas y Brujas<\/span><\/p>\n<\/li>\n<\/ul>\n<p style=\"padding-left: 30px;\" dir=\"ltr\"><span style=\"font-size: medium;\">Europa en estado puro. <a href=\"http:\/\/www.brussel.be\/artdet.cfm\/5757\" rel=\"external nofollow\">Grand Place<\/a>, Godiva, paseos entre joyas del <a href=\"http:\/\/www.flandes.net\/descubre-flandes\/index\/art-nouveau\/\" target=\"_blank\" rel=\"external nofollow\">Art Noveau<\/a>, el <a href=\"http:\/\/atomium.be\/\" rel=\"external nofollow\">Atomium<\/a>, el Manneken Pis (atento, no te pases de largo), mejillones con patatas fritas\u2026 Por si fuera poco, en apenas una hora de tren te plantas en <a href=\"http:\/\/visitbruges.be\/es\/\" rel=\"external nofollow\">Brujas<\/a>, <strong>una joya que de tan perfecta parece que no es real<\/strong>. Nunca olvidar\u00e1s un paseo por sus canales. El vuelo a Bruselas desde Valencia, con salida el d\u00eda 16 y regreso el 20 (llegada a Valencia a las 9.20 horas), sale por <a href=\"http:\/\/www.skyscanner.es\/transporte\/vuelos\/vlc\/brus\/140316\/140320\/tarifas-de-valencia-a-bruselas-en-marzo-2014.html?rtn=1\" rel=\"external nofollow\">110 euros<\/a> con Vueling Airlines y Ryanair.<\/span><\/p>\n<p style=\"padding-left: 30px; text-align: center;\" dir=\"ltr\"><span style=\"font-size: medium;\"><img loading=\"lazy\" class=\"aligncenter\" title=\"Brujas (B\u00e9lgica)\" src=\"https:\/\/lh5.googleusercontent.com\/eXpgipfdjCzkExZLBIK_iobu8IiVAGAUO5EffCQz50xyuR2fv6B557Mi6m0XCkxWA9iMRksotvIRV_EzWCm9Gh3EOJs1qf6rpP9OGrE5IxNgUDrlCM9bHLfot8V5DA\" alt=\"Brujas (B\u00e9lgica)\" width=\"500px;\" height=\"500px;\" \/><\/span><\/p>\n","protected":false},"excerpt":{"rendered":"<p>Admit\u00e1moslo. No a todos los valencianos les gustan las Fallas. O mejor dicho, no todos llevan igual de bien las \u2018molestias\u2019 aparejadas. Como para tantas otras cosas, los valencianos no tenemos t\u00e9rmino medio, o las adoras o las detestas. Por un lado, est\u00e1n los que el 15 de marzo se plantan el polar Quechua blus\u00f3n, [&hellip;]<\/p>\n","protected":false},"author":37,"featured_media":13,"comment_status":"open","ping_status":"closed","sticky":false,"template":"","format":"standard","meta":[],"categories":[3],"tags":[22,23,36,39,60,66,80,88,95,98,99],"_links":{"self":[{"href":"https:\/\/blogs.lasprovincias.es\/elturistaindie\/wp-json\/wp\/v2\/posts\/8"}],"collection":[{"href":"https:\/\/blogs.lasprovincias.es\/elturistaindie\/wp-json\/wp\/v2\/posts"}],"about":[{"href":"https:\/\/blogs.lasprovincias.es\/elturistaindie\/wp-json\/wp\/v2\/types\/post"}],"author":[{"embeddable":true,"href":"https:\/\/blogs.lasprovincias.es\/elturistaindie\/wp-json\/wp\/v2\/users\/37"}],"replies":[{"embeddable":true,"href":"https:\/\/blogs.lasprovincias.es\/elturistaindie\/wp-json\/wp\/v2\/comments?post=8"}],"version-history":[{"count":0,"href":"https:\/\/blogs.lasprovincias.es\/elturistaindie\/wp-json\/wp\/v2\/posts\/8\/revisions"}],"wp:featuredmedia":[{"embeddable":true,"href":"https:\/\/blogs.lasprovincias.es\/elturistaindie\/wp-json\/wp\/v2\/media\/13"}],"wp:attachment":[{"href":"https:\/\/blogs.lasprovincias.es\/elturistaindie\/wp-json\/wp\/v2\/media?parent=8"}],"wp:term":[{"taxonomy":"category","embeddable":true,"href":"https:\/\/blogs.lasprovincias.es\/elturistaindie\/wp-json\/wp\/v2\/categories?post=8"},{"taxonomy":"post_tag","embeddable":true,"href":"https:\/\/blogs.lasprovincias.es\/elturistaindie\/wp-json\/wp\/v2\/tags?post=8"}],"curies":[{"name":"wp","href":"https:\/\/api.w.org\/{rel}","templated":true}]}}