{"id":107,"date":"2013-12-17T01:30:04","date_gmt":"2013-12-17T01:30:04","guid":{"rendered":"http:\/\/blogs.lasprovincias.es\/empleoytalento\/?p=107"},"modified":"2013-12-17T01:30:04","modified_gmt":"2013-12-17T01:30:04","slug":"entrevistas-de-trabajo-tu-historia-en-1-minuto","status":"publish","type":"post","link":"https:\/\/blogs.lasprovincias.es\/empleoytalento\/2013\/12\/17\/entrevistas-de-trabajo-tu-historia-en-1-minuto\/","title":{"rendered":"ENTREVISTAS DE TRABAJO: TU HISTORIA EN 1 MINUTO"},"content":{"rendered":"<p><a href=\"\/empleoytalento\/wp-content\/uploads\/sites\/24\/2013\/12\/Duda1.jpg\"><img loading=\"lazy\" class=\"alignleft size-medium wp-image-110\" title=\"Duda\" src=\"\/empleoytalento\/wp-content\/uploads\/sites\/24\/2013\/12\/Duda1.jpg\" alt=\"\" width=\"300\" height=\"277\" srcset=\"https:\/\/static-blogs.lasprovincias.es\/wp-content\/uploads\/sites\/24\/2013\/12\/Duda1.jpg 334w, https:\/\/static-blogs.lasprovincias.es\/wp-content\/uploads\/sites\/24\/2013\/12\/Duda1-300x278.jpg 300w\" sizes=\"(max-width: 300px) 100vw, 300px\" \/><\/a>Todos tenemos claro que nos conocemos a \u201cnosotros\u201d mismos en mayor o menor medida. Sin embargo, cuando alguien nos pregunta que nos definamos o digamos <strong>qui\u00e9n somos en un espacio corto de tiempo<\/strong>, lo escribamos en un papel o lo contemos en un ascensor\u2026 parece que nos entran m\u00e1s dudas de las normales. Hace poco a mis alumnos del Master en Gesti\u00f3n del Talento (5\u00aa Edici\u00f3n) que dirijo en la Universidad de Valencia les ped\u00ed que me hicieran una <strong>versi\u00f3n reducida de su presentaci\u00f3n<\/strong> para que los profesores que ven\u00edan a darles clase pudieran conocerlos en un documento \u00fanico. Algo que parec\u00eda inicialmente sencillo se convirti\u00f3 en una complejidad no esperada. Y no por nada en particular, sino porque <strong>a todos nos cuesta poner en pocas palabras quienes somos<\/strong>. En muchos casos nos metemos en un mundo interior tan lleno de experiencias y contenidos que consideramos casi imposible poder hacerlo. O por el contrario porque nos presentamos como una serie de hechos o diplomas en nuestras vidas que a veces poco dicen de nosotros mismos. Pero aun as\u00ed <strong>es vital afrontar este ejercicio<\/strong>, sencillamente porque si nos ponemos en el lugar del otro, es decir, del profesor en caso de mis alumnos, o en el del <strong>entrevistador<\/strong> en el caso de una<strong> entrevista de trabajo<\/strong>, comprenderemos que el otro no nos conoce de nada y hasta puede que ni le importemos apenas. <strong>\u00bfC\u00f3mo hacer que alguien que no te conoce nada pueda comprender lo mejor de ti en un minuto?<\/strong> \u00bfLo has pensado alguna vez? \u00bfHas hecho la prueba? Mi recomendaci\u00f3n es que os pong\u00e1is en el lugar del otro, es decir, de la empresa que os est\u00e1 entrevistando, principalmente para poder <strong>seleccionar lo mejor de tu versi\u00f3n (real)<\/strong> para \u201cesa\u201d empresa concreta. Ese es el verdadero \u201carte\u201d que se deber\u00eda <strong>trabajar, ensayar y entrenar<\/strong>. Y cuantas m\u00e1s veces lo hagas, mejor. Pues sobre todo <strong>se gana en espontaneidad, en autenticidad y en conocimiento de uno mismo<\/strong>, pues uno se lleva muchas sorpresas a veces con ejercicios muy simples. Adem\u00e1s, nos sorprenderemos de la cantidad de <strong>versiones de nosotros mismos<\/strong> que podemos tener sin perder coherencia con uno mismo. \u00bfY todas esas versiones son nuestras? En efecto, todas esas versiones son de la misma persona, son <strong>tu identidad<\/strong>. Afortunadamente tu identidad no se resquebraja por esta alta capacidad de \u00a0deshilacharnos en diferentes versiones o en versiones adaptadas. Muy al contrario se fortalece con todas. Pues todos somos <strong>retazos de historias<\/strong> que puestas en el tiempo insistimos en darles una estabilidad como si fuera un \u00fanico ente estable. Y eso dista mucho de nuestra realidad cambiante. Afortunadamente.<\/p>\n<p><strong>Te propongo entonces dos ejercicios muy \u201csimples\u201d:<\/strong><\/p>\n<ol>\n<li><strong><a style=\"font-weight: normal;\" href=\"\/empleoytalento\/wp-content\/uploads\/sites\/24\/2013\/12\/quien-eres-1-minuto1.jpg\"><img loading=\"lazy\" class=\"alignleft size-medium wp-image-111\" title=\"quien eres 1 minuto\" src=\"\/empleoytalento\/wp-content\/uploads\/sites\/24\/2013\/12\/quien-eres-1-minuto1.jpg\" alt=\"\" width=\"300\" height=\"128\" srcset=\"https:\/\/static-blogs.lasprovincias.es\/wp-content\/uploads\/sites\/24\/2013\/12\/quien-eres-1-minuto1.jpg 927w, https:\/\/static-blogs.lasprovincias.es\/wp-content\/uploads\/sites\/24\/2013\/12\/quien-eres-1-minuto1-300x128.jpg 300w, https:\/\/static-blogs.lasprovincias.es\/wp-content\/uploads\/sites\/24\/2013\/12\/quien-eres-1-minuto1-768x329.jpg 768w\" sizes=\"(max-width: 300px) 100vw, 300px\" \/><\/a><strong><\/strong>Def\u00ednete<\/strong>, como mis alumnos, <strong>en un papel. M\u00e1ximo unas 10 l\u00edneas<\/strong>. Y si puedes pon una foto aut\u00e9ntica tuya. No de carnet. Y despu\u00e9s mu\u00e9straselo a tus amigos, para que ellos te puedan decir si te reconocen en esta identidad. Despu\u00e9s, piensa en 5 empresas diferentes que te pueden contratar en aquello que est\u00e1s buscando. Y haz 5 historias diferentes. Invest\u00edgalas por internet y analiza c\u00f3mo son, con qu\u00e9 parte de tu identidad tienen m\u00e1s que ver. Y haz que florezca esa parte tuya. Y redef\u00ednete 5 veces.<\/li>\n<li>Este segundo ejercicio es m\u00e1s dif\u00edcil. Sencillamente <strong>cuenta tu historia en un minuto<\/strong>. Primero l\u00e9ela, despu\u00e9s ponte un cron\u00f3metro. Un minuto nada m\u00e1s. No hagas concesiones en el tiempo. Tu esencia compartida en un minuto. Comprender\u00e1s lo importante que es narrar, simplificar, enfatizar y sobre todo destacar tu talento, tu valor.\u00a0Aprender\u00e1s a ser espontaneo, a quitar partes que sobran. A equilibrar tu\u00a0presentaci\u00f3n para darte tiempo. Y sobre todo aprender\u00e1s a ponerte en el lugar del que solo tiene un minuto para escucharte.<\/li>\n<\/ol>\n<p>SUERTE Y YA ME CONTARAS&#8230;<\/p>\n<p><a title=\"Web de Roberto Luna\" href=\"http:\/\/www.robertoluna.es\" rel=\"external nofollow\">www.robertoluna.es<\/a> @<a title=\"Twitter de Roberto Luna\" href=\"https:\/\/twitter.com\/RoberiLuna\" rel=\"external nofollow\">roberiluna<\/a><\/p>\n<!-- AddThis Advanced Settings generic via filter on the_content --><!-- AddThis Share Buttons generic via filter on the_content -->","protected":false},"excerpt":{"rendered":"<p>Todos tenemos claro que nos conocemos a \u201cnosotros\u201d mismos en mayor o menor medida. Sin embargo, cuando alguien nos pregunta que nos definamos o digamos qui\u00e9n somos en un espacio corto de tiempo, lo escribamos en un papel o lo contemos en un ascensor\u2026 parece que nos entran m\u00e1s dudas de las normales. Hace poco [&hellip;]<!-- AddThis Advanced Settings generic via filter on get_the_excerpt --><!-- AddThis Share Buttons generic via filter on get_the_excerpt --><\/p>\n","protected":false},"author":32,"featured_media":0,"comment_status":"open","ping_status":"open","sticky":false,"template":"","format":"standard","meta":[],"categories":[10,25,27,29],"tags":[38,55,56,60,81,83,92,94,98],"_links":{"self":[{"href":"https:\/\/blogs.lasprovincias.es\/empleoytalento\/wp-json\/wp\/v2\/posts\/107"}],"collection":[{"href":"https:\/\/blogs.lasprovincias.es\/empleoytalento\/wp-json\/wp\/v2\/posts"}],"about":[{"href":"https:\/\/blogs.lasprovincias.es\/empleoytalento\/wp-json\/wp\/v2\/types\/post"}],"author":[{"embeddable":true,"href":"https:\/\/blogs.lasprovincias.es\/empleoytalento\/wp-json\/wp\/v2\/users\/32"}],"replies":[{"embeddable":true,"href":"https:\/\/blogs.lasprovincias.es\/empleoytalento\/wp-json\/wp\/v2\/comments?post=107"}],"version-history":[{"count":0,"href":"https:\/\/blogs.lasprovincias.es\/empleoytalento\/wp-json\/wp\/v2\/posts\/107\/revisions"}],"wp:attachment":[{"href":"https:\/\/blogs.lasprovincias.es\/empleoytalento\/wp-json\/wp\/v2\/media?parent=107"}],"wp:term":[{"taxonomy":"category","embeddable":true,"href":"https:\/\/blogs.lasprovincias.es\/empleoytalento\/wp-json\/wp\/v2\/categories?post=107"},{"taxonomy":"post_tag","embeddable":true,"href":"https:\/\/blogs.lasprovincias.es\/empleoytalento\/wp-json\/wp\/v2\/tags?post=107"}],"curies":[{"name":"wp","href":"https:\/\/api.w.org\/{rel}","templated":true}]}}