{"id":112,"date":"2014-01-04T09:12:01","date_gmt":"2014-01-04T09:12:01","guid":{"rendered":"http:\/\/blogs.lasprovincias.es\/empleoytalento\/?p=112"},"modified":"2014-01-04T09:12:01","modified_gmt":"2014-01-04T09:12:01","slug":"lo-que-no-dice-tu-curriculum-sobre-ti-6-consejos-practicos","status":"publish","type":"post","link":"https:\/\/blogs.lasprovincias.es\/empleoytalento\/2014\/01\/04\/lo-que-no-dice-tu-curriculum-sobre-ti-6-consejos-practicos\/","title":{"rendered":"LO QUE NO DICE TU CURRICULUM SOBRE TI\u2026 6 CONSEJOS PR\u00c1CTICOS"},"content":{"rendered":"<p><a href=\"\/empleoytalento\/wp-content\/uploads\/sites\/24\/2014\/01\/writing-a-CV.jpg\"><img loading=\"lazy\" class=\"alignleft size-full wp-image-113\" title=\"writing-a-CV\" src=\"\/empleoytalento\/wp-content\/uploads\/sites\/24\/2014\/01\/writing-a-CV.jpg\" alt=\"\" width=\"269\" height=\"187\" \/><\/a>En estos momento tan turbulentos econ\u00f3micos y con tan pocas ofertas de empleo, el <strong>Curriculum Vitae (CV)<\/strong> se convierte en una herramienta m\u00e1s que <span style=\"text-decoration: underline;\">indispensable para mejorar tus posibilidades de encontrar trabajo.<\/span> Pero sin embargo, no es f\u00e1cil en tan solo una o dos p\u00e1ginas resumir no s\u00f3lo qui\u00e9n eres laboralmente sino tus fortalezas y competencias principales (v\u00e9ase anterior entrada titulada <a href=\"https:\/\/blogs.lasprovincias.es\/empleoytalento\/2013\/12\/17\/entrevistas-de-trabajo-tu-historia-en-1-minuto\/\">Entrevistas de trabajo: tu historia en 1 minuto<\/a>). Conociendo c\u00f3mo funcionan los <strong>recursos humanos<\/strong> en las empresas (soy el presidente nacional de directores de recursos humanos <a href=\"www.aedipecv.com\">AEDIPE \u00a0<\/a>con m\u00e1s de 4000 asociados y 48 a\u00f1os de historia como asociaci\u00f3n) es fundamental que tu CV aparte de cumplir las condiciones que se solicitan tenga algo <strong>diferencial<\/strong> al resto para llamar la atenci\u00f3n. No es lo mismo llamar la atenci\u00f3n en una carpeta donde hay 30 CV que en una donde hay 300 o 500. Y tristemente, la situaci\u00f3n actual es la \u00faltima.<\/p>\n<p>Pero<strong> \u00bfqu\u00e9 podemos hacer para diferenciarnos?<\/strong> Perm\u00edteme que te recomiende <span style=\"text-decoration: underline;\">algunas estrategias<\/span> que seguramente ayudaran a mejorar tu primer impacto en cualquier proceso de selecci\u00f3n:<\/p>\n<p>1)\u00a0\u00a0\u00a0\u00a0\u00a0 Escribe una <strong>carta personalizada pero con tu sello personal<\/strong>, de modo que se deduzca claramente c\u00f3mo eres. Los especialistas en selecci\u00f3n leen continuamente cartas de introducci\u00f3n a los CV todas muy oficialistas y formales que en poco se diferencian. \u00a1Dale tu toque personal! <span style=\"text-decoration: underline;\">Y recuerda dos o tres p\u00e1rrafos como mucho, claros y cortos<\/span>.<\/p>\n<p>2)\u00a0\u00a0\u00a0\u00a0\u00a0 El <strong>formato del CV<\/strong> dice mucho incluso sobre tu capacidad de poder manejar una herramienta como el Word. Y eso siempre es una muestra de una competencia m\u00e1s que fundamental como el dominio del Office en muchos puestos laborales. Ded\u00edcale tiempo y personal\u00edzalo. <span style=\"text-decoration: underline;\">Y recuerda hacerlo atractivo a la vista<\/span>.<\/p>\n<p>3)\u00a0\u00a0\u00a0\u00a0\u00a0 La <strong>informaci\u00f3n<\/strong> debe ajustarse al puesto de trabajo pero sobre todo a la <span style=\"text-decoration: underline;\">carencia de tiempo del tiempo del especialista que la lee<\/span>. Por lo que, ponte en su lugar y no hagas frases largas ni expliques cosas demasiado, sencillamente pon la informaci\u00f3n que m\u00e1s impacto tenga y que sea de f\u00e1cil lectura. Intenta por lo tanto que el CV sea lo m\u00e1s corto posible. <span style=\"text-decoration: underline;\">Y recuerda, si puedes con una hoja basta<\/span>.<\/p>\n<p>4)\u00a0\u00a0\u00a0\u00a0\u00a0 Una <strong>buena foto<\/strong> siempre dice mucho. As\u00ed que no dudes en dedicarle el tiempo que haga falta a una foto que denote saber estar, equilibrio y optimismo. \u00a0<span style=\"text-decoration: underline;\">Y recuerda peguntar a tus amigos para que te orienten donde mejor te ven<\/span>.<\/p>\n<p>5)\u00a0\u00a0\u00a0\u00a0\u00a0 <strong>La informaci\u00f3n m\u00e1s actual antes<\/strong>. Comienza siempre por tu \u00faltimo trabajo, tu \u00faltimo nivel formativo, de tal modo que lo primero que se lea sea tu situaci\u00f3n m\u00e1s competente. <span style=\"text-decoration: underline;\">Y recuerda, \u00a0no pongas informaci\u00f3n redundante que no aporta.<\/span><\/p>\n<p>6)\u00a0\u00a0\u00a0\u00a0\u00a0 Refuerza tu CV con tu informaci\u00f3n actualizada en <strong>Linkedin<\/strong>. Esta herramienta de redes se ha convertido en fundamental para los procesos de selecci\u00f3n. <span style=\"text-decoration: underline;\">Y recuerda, actualiza tu formaci\u00f3n y conocimientos en redes 2.0, siempre ayuda.\u00a0<\/span><\/p>\n<p>Espero te puedan servir y no dudes seguir\u00e9 ampliando esta secci\u00f3n de utilidades en los procesos de selecci\u00f3n.<\/p>\n<p>@roberiluna<\/p>\n<p>www.robertoluna.es<\/p>\n<p>www.aedipe.es<\/p>\n<p>www.aedipecv.com<\/p>\n<p>&nbsp;<\/p>\n<!-- AddThis Advanced Settings generic via filter on the_content --><!-- AddThis Share Buttons generic via filter on the_content -->","protected":false},"excerpt":{"rendered":"<p>En estos momento tan turbulentos econ\u00f3micos y con tan pocas ofertas de empleo, el Curriculum Vitae (CV) se convierte en una herramienta m\u00e1s que indispensable para mejorar tus posibilidades de encontrar trabajo. Pero sin embargo, no es f\u00e1cil en tan solo una o dos p\u00e1ginas resumir no s\u00f3lo qui\u00e9n eres laboralmente sino tus fortalezas y [&hellip;]<!-- AddThis Advanced Settings generic via filter on get_the_excerpt --><!-- AddThis Share Buttons generic via filter on get_the_excerpt --><\/p>\n","protected":false},"author":32,"featured_media":0,"comment_status":"open","ping_status":"open","sticky":false,"template":"","format":"standard","meta":[],"categories":[10,25,29],"tags":[33,45,56,93,98],"_links":{"self":[{"href":"https:\/\/blogs.lasprovincias.es\/empleoytalento\/wp-json\/wp\/v2\/posts\/112"}],"collection":[{"href":"https:\/\/blogs.lasprovincias.es\/empleoytalento\/wp-json\/wp\/v2\/posts"}],"about":[{"href":"https:\/\/blogs.lasprovincias.es\/empleoytalento\/wp-json\/wp\/v2\/types\/post"}],"author":[{"embeddable":true,"href":"https:\/\/blogs.lasprovincias.es\/empleoytalento\/wp-json\/wp\/v2\/users\/32"}],"replies":[{"embeddable":true,"href":"https:\/\/blogs.lasprovincias.es\/empleoytalento\/wp-json\/wp\/v2\/comments?post=112"}],"version-history":[{"count":0,"href":"https:\/\/blogs.lasprovincias.es\/empleoytalento\/wp-json\/wp\/v2\/posts\/112\/revisions"}],"wp:attachment":[{"href":"https:\/\/blogs.lasprovincias.es\/empleoytalento\/wp-json\/wp\/v2\/media?parent=112"}],"wp:term":[{"taxonomy":"category","embeddable":true,"href":"https:\/\/blogs.lasprovincias.es\/empleoytalento\/wp-json\/wp\/v2\/categories?post=112"},{"taxonomy":"post_tag","embeddable":true,"href":"https:\/\/blogs.lasprovincias.es\/empleoytalento\/wp-json\/wp\/v2\/tags?post=112"}],"curies":[{"name":"wp","href":"https:\/\/api.w.org\/{rel}","templated":true}]}}