{"id":140,"date":"2014-09-10T08:35:54","date_gmt":"2014-09-10T08:35:54","guid":{"rendered":"http:\/\/blogs.lasprovincias.es\/empleoytalento\/?p=140"},"modified":"2014-09-10T08:35:54","modified_gmt":"2014-09-10T08:35:54","slug":"el-talento-joven-en-version-videoclip","status":"publish","type":"post","link":"https:\/\/blogs.lasprovincias.es\/empleoytalento\/2014\/09\/10\/el-talento-joven-en-version-videoclip\/","title":{"rendered":"EL TALENTO JOVEN EN VERSI\u00d3N VIDEOCLIP"},"content":{"rendered":"<p>Todos somos conscientes de la dura realidad que est\u00e1 viviendo nuestro pa\u00eds con el talento joven que se va de nuestro pa\u00eds, inversiones en educaci\u00f3n y profesionalizaci\u00f3n que buscan mercados externos donde poder sobrevivir fuera de la cultura que las form\u00f3, y lo que es m\u00e1s dram\u00e1tico fuera de sus familias y amigos, aspectos centrales de la cultura espa\u00f1ola. Aunque es verdad que nuestro pa\u00eds ha sido un pa\u00eds \u201cprotector\u201d en cuanto a sus valores sociales donde se prefiere la cooperaci\u00f3n al individualismo, la realidad del mercado \u201cobliga\u201d a cambiar esta tendencia si queremos tener una generaci\u00f3n de j\u00f3venes activa.<\/p>\n<p>Fruto de reflexiones de este estilo, como director del master de gesti\u00f3n del talento que dirijo en la universidad de valencia, uno de los seis Outdoor training lo enfocamos a hacer un videoclip profesional. La tarea que se pidi\u00f3 a los alumnos por grupos fue la de hacer estrofas con la problem\u00e1tica del talento joven que se va, y una vez localizadas las \u00e1reas principales en un debate com\u00fan, cada grupo escribi\u00f3 la letra de su tem\u00e1tica. La melod\u00eda y el estribillo lo pusieron nuestros profesionales, Pablo (alumno m\u00edo en la universidad del GIB, Grado International Business) y Jorge (colega profesional de Pablo). La convivencia de fin de semana la hicimos en la casa rural \u201cmonasterio de Tejeda\u201d un paraje \u00fanico en Cuenca.<\/p>\n<p>El resultado es espectacular, os sugiero pong\u00e1is en opciones de youtube \u201csubtitulos\u201d as\u00ed podr\u00e9is valorar mejor la letra. Espero os guste.<br \/>\n<object width=\"560\" height=\"315\" classid=\"clsid:d27cdb6e-ae6d-11cf-96b8-444553540000\" codebase=\"http:\/\/download.macromedia.com\/pub\/shockwave\/cabs\/flash\/swflash.cab#version=6,0,40,0\"><param name=\"allowFullScreen\" value=\"true\" \/><param name=\"allowscriptaccess\" value=\"always\" \/><param name=\"src\" value=\"\/\/www.youtube.com\/v\/JmoYmvYQfXA?version=3&#038;hl=es_ES\" \/><param name=\"allowfullscreen\" value=\"true\" \/><embed width=\"560\" height=\"315\" type=\"application\/x-shockwave-flash\" src=\"\/\/www.youtube.com\/v\/JmoYmvYQfXA?version=3&#038;hl=es_ES\" allowFullScreen=\"true\" allowscriptaccess=\"always\" allowfullscreen=\"true\" \/><\/object><\/p>\n<p>&nbsp;<\/p>\n<p>&nbsp;<\/p>\n<!-- AddThis Advanced Settings generic via filter on the_content --><!-- AddThis Share Buttons generic via filter on the_content -->","protected":false},"excerpt":{"rendered":"<p>Todos somos conscientes de la dura realidad que est\u00e1 viviendo nuestro pa\u00eds con el talento joven que se va de nuestro pa\u00eds, inversiones en educaci\u00f3n y profesionalizaci\u00f3n que buscan mercados externos donde poder sobrevivir fuera de la cultura que las form\u00f3, y lo que es m\u00e1s dram\u00e1tico fuera de sus familias y amigos, aspectos centrales [&hellip;]<!-- AddThis Advanced Settings generic via filter on get_the_excerpt --><!-- AddThis Share Buttons generic via filter on get_the_excerpt --><\/p>\n","protected":false},"author":32,"featured_media":0,"comment_status":"open","ping_status":"open","sticky":false,"template":"","format":"standard","meta":[],"categories":[10,22,25,29],"tags":[],"_links":{"self":[{"href":"https:\/\/blogs.lasprovincias.es\/empleoytalento\/wp-json\/wp\/v2\/posts\/140"}],"collection":[{"href":"https:\/\/blogs.lasprovincias.es\/empleoytalento\/wp-json\/wp\/v2\/posts"}],"about":[{"href":"https:\/\/blogs.lasprovincias.es\/empleoytalento\/wp-json\/wp\/v2\/types\/post"}],"author":[{"embeddable":true,"href":"https:\/\/blogs.lasprovincias.es\/empleoytalento\/wp-json\/wp\/v2\/users\/32"}],"replies":[{"embeddable":true,"href":"https:\/\/blogs.lasprovincias.es\/empleoytalento\/wp-json\/wp\/v2\/comments?post=140"}],"version-history":[{"count":0,"href":"https:\/\/blogs.lasprovincias.es\/empleoytalento\/wp-json\/wp\/v2\/posts\/140\/revisions"}],"wp:attachment":[{"href":"https:\/\/blogs.lasprovincias.es\/empleoytalento\/wp-json\/wp\/v2\/media?parent=140"}],"wp:term":[{"taxonomy":"category","embeddable":true,"href":"https:\/\/blogs.lasprovincias.es\/empleoytalento\/wp-json\/wp\/v2\/categories?post=140"},{"taxonomy":"post_tag","embeddable":true,"href":"https:\/\/blogs.lasprovincias.es\/empleoytalento\/wp-json\/wp\/v2\/tags?post=140"}],"curies":[{"name":"wp","href":"https:\/\/api.w.org\/{rel}","templated":true}]}}