{"id":269,"date":"2016-09-21T17:29:49","date_gmt":"2016-09-21T17:29:49","guid":{"rendered":"http:\/\/blogs.lasprovincias.es\/empleoytalento\/?p=269"},"modified":"2016-09-21T17:29:49","modified_gmt":"2016-09-21T17:29:49","slug":"cuando-el-talento-escasea","status":"publish","type":"post","link":"https:\/\/blogs.lasprovincias.es\/empleoytalento\/2016\/09\/21\/cuando-el-talento-escasea\/","title":{"rendered":"Cuando el talento escasea&#8230;"},"content":{"rendered":"<p><a href=\"\/empleoytalento\/wp-content\/uploads\/sites\/24\/2016\/09\/personasdespaldas.jpg\"><img loading=\"lazy\" class=\"alignleft size-full wp-image-270\" title=\"personasdespaldas\" src=\"\/empleoytalento\/wp-content\/uploads\/sites\/24\/2016\/09\/personasdespaldas.jpg\" alt=\"\" width=\"268\" height=\"188\" \/><\/a><\/p>\n<p>Dicen que el talento escasea y yo repito eso de que se cambien las gafas, pues con estas que llevamos no somos capaces de verlo. El talento no es solo acci\u00f3n y valor, es el resultado de mucho esfuerzo, concentraci\u00f3n, experiencia y pr\u00e1ctica. El talento no se compra se desarrolla como en un viaje, es un proceso largo y continuado que sujeto a la disciplina, al entrenamiento constante y a los objetivos claros puede llegar a dar sus frutos. \u00bfDe qui\u00e9n depende? De nosotros claro, somos la clave motivacional de encender o apagar nuestras pasiones, de dirigir nuestro comportamiento, de atrevernos, de poner el foco a expensas de otras cosas. S\u00ed, somos nosotros los que interiormente decidimos que vamos \u201ccon todo\u201d para conseguir aquello por lo que luchar. Y no hablamos de un resultado a corto plazo, el talento no entiende de cortoplacismos, sus proyectos son vitales, son en el medio y largo plazo. El cortoplacismo trae ca\u00eddas y derrotas muchas veces y eso no lo aguanta una persona que no es capaz de mirar m\u00e1s all\u00e1. En efecto, lleno de heridas de los errores y de las experiencias, de la lucha por la mejora y la superaci\u00f3n, el talento emerge, se activa, se ilumina poco a poco. Y es que talento tenemos todos, no puede ser que escasee el talento, quiz\u00e1s no sabemos reconocerlo, y eso s\u00ed que es una pena pues entonces pasar\u00e1 por delante de nosotros y se ir\u00e1. Y eso dir\u00e1 poco de nuestra capacidad de captar el talento, de nuestra mentalidad de talento capaz de implicar a personas de val\u00eda en proyectos. Ya sabe, cuando diga que el talento escasea, cambie las gafas\u2026 y mire de un modo diferente. Descubrir\u00e1 nuevas realidades y nuevas personas que seguro valen la pena descubrir.<\/p>\n<!-- AddThis Advanced Settings generic via filter on the_content --><!-- AddThis Share Buttons generic via filter on the_content -->","protected":false},"excerpt":{"rendered":"<p>Dicen que el talento escasea y yo repito eso de que se cambien las gafas, pues con estas que llevamos no somos capaces de verlo. El talento no es solo acci\u00f3n y valor, es el resultado de mucho esfuerzo, concentraci\u00f3n, experiencia y pr\u00e1ctica. El talento no se compra se desarrolla como en un viaje, es [&hellip;]<!-- AddThis Advanced Settings generic via filter on get_the_excerpt --><!-- AddThis Share Buttons generic via filter on get_the_excerpt --><\/p>\n","protected":false},"author":32,"featured_media":0,"comment_status":"open","ping_status":"open","sticky":false,"template":"","format":"standard","meta":[],"categories":[27],"tags":[38,67,83],"_links":{"self":[{"href":"https:\/\/blogs.lasprovincias.es\/empleoytalento\/wp-json\/wp\/v2\/posts\/269"}],"collection":[{"href":"https:\/\/blogs.lasprovincias.es\/empleoytalento\/wp-json\/wp\/v2\/posts"}],"about":[{"href":"https:\/\/blogs.lasprovincias.es\/empleoytalento\/wp-json\/wp\/v2\/types\/post"}],"author":[{"embeddable":true,"href":"https:\/\/blogs.lasprovincias.es\/empleoytalento\/wp-json\/wp\/v2\/users\/32"}],"replies":[{"embeddable":true,"href":"https:\/\/blogs.lasprovincias.es\/empleoytalento\/wp-json\/wp\/v2\/comments?post=269"}],"version-history":[{"count":0,"href":"https:\/\/blogs.lasprovincias.es\/empleoytalento\/wp-json\/wp\/v2\/posts\/269\/revisions"}],"wp:attachment":[{"href":"https:\/\/blogs.lasprovincias.es\/empleoytalento\/wp-json\/wp\/v2\/media?parent=269"}],"wp:term":[{"taxonomy":"category","embeddable":true,"href":"https:\/\/blogs.lasprovincias.es\/empleoytalento\/wp-json\/wp\/v2\/categories?post=269"},{"taxonomy":"post_tag","embeddable":true,"href":"https:\/\/blogs.lasprovincias.es\/empleoytalento\/wp-json\/wp\/v2\/tags?post=269"}],"curies":[{"name":"wp","href":"https:\/\/api.w.org\/{rel}","templated":true}]}}