{"id":271,"date":"2016-09-27T20:45:06","date_gmt":"2016-09-27T20:45:06","guid":{"rendered":"http:\/\/blogs.lasprovincias.es\/empleoytalento\/?p=271"},"modified":"2016-09-27T20:45:06","modified_gmt":"2016-09-27T20:45:06","slug":"reinvencion-profesional-las-claves-para-tu-exito","status":"publish","type":"post","link":"https:\/\/blogs.lasprovincias.es\/empleoytalento\/2016\/09\/27\/reinvencion-profesional-las-claves-para-tu-exito\/","title":{"rendered":"Reinvenci\u00f3n Profesional: las claves para tu \u00e9xito"},"content":{"rendered":"<p>&nbsp;<\/p>\n<p><a href=\"\/empleoytalento\/wp-content\/uploads\/sites\/24\/2016\/09\/Captura-de-pantalla-2016-09-27-a-las-22.41.172.png\"><img loading=\"lazy\" class=\"aligncenter size-medium wp-image-274\" title=\"Captura de pantalla 2016-09-27 a las 22.41.17\" src=\"\/empleoytalento\/wp-content\/uploads\/sites\/24\/2016\/09\/Captura-de-pantalla-2016-09-27-a-las-22.41.172.png\" alt=\"\" width=\"300\" height=\"102\" srcset=\"https:\/\/static-blogs.lasprovincias.es\/wp-content\/uploads\/sites\/24\/2016\/09\/Captura-de-pantalla-2016-09-27-a-las-22.41.172.png 1248w, https:\/\/static-blogs.lasprovincias.es\/wp-content\/uploads\/sites\/24\/2016\/09\/Captura-de-pantalla-2016-09-27-a-las-22.41.172-300x102.png 300w, https:\/\/static-blogs.lasprovincias.es\/wp-content\/uploads\/sites\/24\/2016\/09\/Captura-de-pantalla-2016-09-27-a-las-22.41.172-768x262.png 768w, https:\/\/static-blogs.lasprovincias.es\/wp-content\/uploads\/sites\/24\/2016\/09\/Captura-de-pantalla-2016-09-27-a-las-22.41.172-1024x350.png 1024w\" sizes=\"(max-width: 300px) 100vw, 300px\" \/><\/a><a href=\"\/empleoytalento\/wp-content\/uploads\/sites\/24\/2016\/09\/Captura-de-pantalla-2016-09-27-a-las-22.41.171.png\"><br \/>\n<\/a>El proximo 4 de octubre a las 16 horas tenemos una gran jornada en VALENCIA en el Teatro Talia con tres grandes ponentes: Alfonso Alcantara, Francisco Alcaide y Marcos Alvarez. Tres grandes profesionales con gran experiencia que van a compartir con nosotros una tarde. La 17\u00aa Jornadad TMT, Talento &#038; Management Tendencias, \u00fanicas jornadas en Valencia desde hace 6 a\u00f1os que cuenta con 3 jornadas al a\u00f1o y que ha tra\u00eddo ya a m\u00e1s de 50 ponentes. Actualmente ha movido a m\u00e1s de 13.000 profesionales en Valencia y Provincia y son referente actual en las nueva tendencias para la empresa.<\/p>\n<p>Con el t\u00edtulo REINVENCION PROFESIONAL: LAS CLAVES DEL EXITO no dudes en ver el programa entero y conseguir tu entrada ya:\u00a0<a title=\"JORNADAS TALENTO &#038; MANAGEMENT TENDENCIAS - VALENCIA\" href=\"http:\/\/tmtexperience.com\/jornadas\/proxima-jornada\/\" rel=\"external nofollow\">PROXIMA JORNADA<\/a><\/p>\n<p>Fecha: 4 de Octubre 2016 \u00a0 \u00a0Hora: 16:00h. -21:00h.<\/p>\n<p>Lugar: \u00a0TEATRO TALIA, Carrer del Cavallers , 31, 46001 Valencia.<\/p>\n<div>\n<h4>Alfonso Alc\u00e1ntara\u00a0<span style=\"font-weight: normal;\">Alfonso Alc\u00e1ntara es un activo coach y consultor en desarrollo profesional, redes sociales, reputaci\u00f3n digital, productividad personal y empleo 2.0, interesado principalmente por los emprendedores y las redes sociales. As\u00ed, desde 1994, desarrolla proyectos, conferencias, acciones formativas y talleres que dirigidos a empresas, profesionales y emprendedores. Tambi\u00e9n ejerci\u00f3 como especialista en recursos humanos en el [\u2026]<\/span><\/h4>\n<div>\n<h4>Francisco Alcaide\u00a0<span style=\"font-weight: normal;\">Conferenciante, escritor y formador en temas de liderazgo y motivaci\u00f3n. Licenciado en Administraci\u00f3n y Direcci\u00f3n de Empresas por la Universidad Aut\u00f3noma de Madrid; Licenciado en Derecho por esta misma Universidad; M\u00e1ster en Banca y Finanzas por la Escuela de Finanzas Aplicadas (Grupo Analistas); y Doctor en Organizaci\u00f3n de Empresas (UAM) con una Tesis Doctoral cum [\u2026]<\/span><\/h4>\n<div>\n<h4>Marcos \u00c1lvarez\u00a0<span style=\"font-weight: normal;\">Tiend\u00f3logo, Economista y experto en Recursos Humanos. Licenciado en Econom\u00eda y Postgrado en Direcci\u00f3n de Empresas en la Universidad de Oviedo. Master in Business Administration, Master en Direcci\u00f3n de Recursos Humanos, Certificaci\u00f3n como Coach Ejecutivo y Coaching de Equipos por la ICF y Master Practitioner PNL, certificado por The Society of NLP (R. Bandler). Lleva [\u2026]<\/span><\/h4>\n<p><a href=\"\/empleoytalento\/wp-content\/uploads\/sites\/24\/2016\/09\/programa-17\u00aa-TMT-724x1024.jpg\"><img loading=\"lazy\" class=\"alignleft size-medium wp-image-275\" title=\"programa-17\u00aa-TMT-724x1024\" src=\"\/empleoytalento\/wp-content\/uploads\/sites\/24\/2016\/09\/programa-17\u00aa-TMT.jpg\" alt=\"\" width=\"212\" height=\"300\" \/><\/a><\/p>\n<\/div>\n<\/div>\n<\/div>\n<!-- AddThis Advanced Settings generic via filter on the_content --><!-- AddThis Share Buttons generic via filter on the_content -->","protected":false},"excerpt":{"rendered":"<p>&nbsp; El proximo 4 de octubre a las 16 horas tenemos una gran jornada en VALENCIA en el Teatro Talia con tres grandes ponentes: Alfonso Alcantara, Francisco Alcaide y Marcos Alvarez. Tres grandes profesionales con gran experiencia que van a compartir con nosotros una tarde. La 17\u00aa Jornadad TMT, Talento &#038; Management Tendencias, \u00fanicas jornadas [&hellip;]<!-- AddThis Advanced Settings generic via filter on get_the_excerpt --><!-- AddThis Share Buttons generic via filter on get_the_excerpt --><\/p>\n","protected":false},"author":32,"featured_media":0,"comment_status":"open","ping_status":"open","sticky":false,"template":"","format":"standard","meta":[],"categories":[4,10,13,21,23,27,29],"tags":[58,67,72,84,95],"_links":{"self":[{"href":"https:\/\/blogs.lasprovincias.es\/empleoytalento\/wp-json\/wp\/v2\/posts\/271"}],"collection":[{"href":"https:\/\/blogs.lasprovincias.es\/empleoytalento\/wp-json\/wp\/v2\/posts"}],"about":[{"href":"https:\/\/blogs.lasprovincias.es\/empleoytalento\/wp-json\/wp\/v2\/types\/post"}],"author":[{"embeddable":true,"href":"https:\/\/blogs.lasprovincias.es\/empleoytalento\/wp-json\/wp\/v2\/users\/32"}],"replies":[{"embeddable":true,"href":"https:\/\/blogs.lasprovincias.es\/empleoytalento\/wp-json\/wp\/v2\/comments?post=271"}],"version-history":[{"count":0,"href":"https:\/\/blogs.lasprovincias.es\/empleoytalento\/wp-json\/wp\/v2\/posts\/271\/revisions"}],"wp:attachment":[{"href":"https:\/\/blogs.lasprovincias.es\/empleoytalento\/wp-json\/wp\/v2\/media?parent=271"}],"wp:term":[{"taxonomy":"category","embeddable":true,"href":"https:\/\/blogs.lasprovincias.es\/empleoytalento\/wp-json\/wp\/v2\/categories?post=271"},{"taxonomy":"post_tag","embeddable":true,"href":"https:\/\/blogs.lasprovincias.es\/empleoytalento\/wp-json\/wp\/v2\/tags?post=271"}],"curies":[{"name":"wp","href":"https:\/\/api.w.org\/{rel}","templated":true}]}}