{"id":819,"date":"2022-02-24T10:16:41","date_gmt":"2022-02-24T10:16:41","guid":{"rendered":"https:\/\/blogs.lasprovincias.es\/empleoytalento\/?p=819"},"modified":"2022-02-24T10:16:41","modified_gmt":"2022-02-24T10:16:41","slug":"las-pymes-y-la-gestion-del-talento","status":"publish","type":"post","link":"https:\/\/blogs.lasprovincias.es\/empleoytalento\/2022\/02\/24\/las-pymes-y-la-gestion-del-talento\/","title":{"rendered":"Las PYMES y la gesti\u00f3n del talento"},"content":{"rendered":"<p>Muchos empresarios y directivos dicen que esto de los RRHH y la Gesti\u00f3n del Talento es para las empresas grandes, que no va con ellos, que ellos no tienen departamento de RRHH o si lo tienen es muy justo. Se suele decir que a partir de 75-100 empleados debe haber ya un departamento de RRHH. Pero mi gran pregunta es \u00bfacaso no necesitamos gestionar el talento de nuestra empresa independientemente si somos 5, 20, 80, 200 o 5000? Da igual el tama\u00f1o de la empresa pues SIEMPRE necesitamos gestionar el talento para conseguir ser competitivos, productivos e innovadores.<\/p>\n<p>Por supuesto en empresas m\u00e1s peque\u00f1as gran parte de estas funciones las hacen los propios mandos de la organizaci\u00f3n, y por eso su rol es m\u00e1s multifuncional. Pero eso no justifica que creamos que ya no hay que hacer nada de RRHH. Nuestras personas se tienen que formar, tienen que seguir aprendiendo y plasmando sus conocimientos en el d\u00eda a d\u00eda de la organizaci\u00f3n. Tienen expectativas de mejora profesional y debemos plantearnos c\u00f3mo pagar tanto a nivel financiero como no financiero su contribuci\u00f3n. Quiz\u00e1s en muchos casos podemos acudir a la consultor\u00eda externa para ayudarnos en momentos puntuales de selecci\u00f3n, formaci\u00f3n o a nivel estrat\u00e9gico de RRHH y gesti\u00f3n del talento.<\/p>\n<p>Fruto de las investigaciones y de la experiencia profesional en 2010 saqu\u00e9 un libro sobre gesti\u00f3n del talento con un modelo que presento en este post simplificado para PYMES. Y es que siempre se puede y debe aplicar una estrategia de gesti\u00f3n del talento. A veces es mucho m\u00e1s sencillo en las peque\u00f1as gracias a su tama\u00f1o reducido, pero aun as\u00ed, RRHH siempre es complejo por lo subjetivo e intangible que es.<\/p>\n<p>Te presento el modelo que estoy trabajando para PYMES de gesti\u00f3n del talento que se basa en tres planes de acci\u00f3n estrat\u00e9gicos y que reducen mucho la complejidad de las intervenciones.\u00a0Si quieres m\u00e1s informaci\u00f3n del modelo o de las posibles intervenciones a trav\u00e9s de la universidad no dudes en contactarnos al mail <a href=\"mailto:talento@uv.es\">talento@uv.es<\/a><\/p>\n<div id=\"attachment_821\" style=\"width: 609px\" class=\"wp-caption alignnone\"><a href=\"https:\/\/static-blogs.lasprovincias.es\/wp-content\/uploads\/sites\/24\/2022\/02\/Modelo-Gesta-3-PYMES.jpg\"><img aria-describedby=\"caption-attachment-821\" loading=\"lazy\" class=\"size-full wp-image-821\" src=\"https:\/\/static-blogs.lasprovincias.es\/wp-content\/uploads\/sites\/24\/2022\/02\/Modelo-Gesta-3-PYMES.jpg\" alt=\"Modelo Gesta-3 PYMES Gesti\u00f3n del Talento Roberto Luna\" width=\"599\" height=\"436\" srcset=\"https:\/\/static-blogs.lasprovincias.es\/wp-content\/uploads\/sites\/24\/2022\/02\/Modelo-Gesta-3-PYMES.jpg 599w, https:\/\/static-blogs.lasprovincias.es\/wp-content\/uploads\/sites\/24\/2022\/02\/Modelo-Gesta-3-PYMES-300x218.jpg 300w\" sizes=\"(max-width: 599px) 100vw, 599px\" \/><\/a><p id=\"caption-attachment-821\" class=\"wp-caption-text\">Modelo Gesta-3 PYMES Gesti\u00f3n del Talento Roberto Luna<\/p><\/div>\n<p>&nbsp;<\/p>\n<p>&nbsp;<\/p>\n<h6>Imagen del post de\u00a0<a href=\"https:\/\/pixabay.com\/es\/users\/ronaldcandonga-17383039\/?utm_source=link-attribution&amp;utm_medium=referral&amp;utm_campaign=image&amp;utm_content=5382501\" rel=\"external nofollow\">Ronald Carre\u00f1o<\/a>\u00a0en\u00a0<a href=\"https:\/\/pixabay.com\/es\/?utm_source=link-attribution&amp;utm_medium=referral&amp;utm_campaign=image&amp;utm_content=5382501\" rel=\"external nofollow\">Pixabay<\/a><\/h6>\n<!-- AddThis Advanced Settings generic via filter on the_content --><!-- AddThis Share Buttons generic via filter on the_content -->","protected":false},"excerpt":{"rendered":"<p>Muchos empresarios y directivos dicen que esto de los RRHH y la Gesti\u00f3n del Talento es para las empresas grandes, que no va con ellos, que ellos no tienen departamento de RRHH o si lo tienen es muy justo. Se suele decir que a partir de 75-100 empleados debe haber ya un departamento de RRHH. [&hellip;]<!-- AddThis Advanced Settings generic via filter on get_the_excerpt --><!-- AddThis Share Buttons generic via filter on get_the_excerpt --><\/p>\n","protected":false},"author":32,"featured_media":820,"comment_status":"open","ping_status":"open","sticky":false,"template":"","format":"standard","meta":[],"categories":[4,111,117,12,13,105,21,23],"tags":[],"_links":{"self":[{"href":"https:\/\/blogs.lasprovincias.es\/empleoytalento\/wp-json\/wp\/v2\/posts\/819"}],"collection":[{"href":"https:\/\/blogs.lasprovincias.es\/empleoytalento\/wp-json\/wp\/v2\/posts"}],"about":[{"href":"https:\/\/blogs.lasprovincias.es\/empleoytalento\/wp-json\/wp\/v2\/types\/post"}],"author":[{"embeddable":true,"href":"https:\/\/blogs.lasprovincias.es\/empleoytalento\/wp-json\/wp\/v2\/users\/32"}],"replies":[{"embeddable":true,"href":"https:\/\/blogs.lasprovincias.es\/empleoytalento\/wp-json\/wp\/v2\/comments?post=819"}],"version-history":[{"count":1,"href":"https:\/\/blogs.lasprovincias.es\/empleoytalento\/wp-json\/wp\/v2\/posts\/819\/revisions"}],"predecessor-version":[{"id":822,"href":"https:\/\/blogs.lasprovincias.es\/empleoytalento\/wp-json\/wp\/v2\/posts\/819\/revisions\/822"}],"wp:featuredmedia":[{"embeddable":true,"href":"https:\/\/blogs.lasprovincias.es\/empleoytalento\/wp-json\/wp\/v2\/media\/820"}],"wp:attachment":[{"href":"https:\/\/blogs.lasprovincias.es\/empleoytalento\/wp-json\/wp\/v2\/media?parent=819"}],"wp:term":[{"taxonomy":"category","embeddable":true,"href":"https:\/\/blogs.lasprovincias.es\/empleoytalento\/wp-json\/wp\/v2\/categories?post=819"},{"taxonomy":"post_tag","embeddable":true,"href":"https:\/\/blogs.lasprovincias.es\/empleoytalento\/wp-json\/wp\/v2\/tags?post=819"}],"curies":[{"name":"wp","href":"https:\/\/api.w.org\/{rel}","templated":true}]}}