{"id":828,"date":"2022-03-07T11:38:51","date_gmt":"2022-03-07T11:38:51","guid":{"rendered":"https:\/\/blogs.lasprovincias.es\/empleoytalento\/?p=828"},"modified":"2022-03-07T11:38:51","modified_gmt":"2022-03-07T11:38:51","slug":"profesores-internacionales-estan-esta-semana-en-valencia-erasmus-week-facultad-economia-uv","status":"publish","type":"post","link":"https:\/\/blogs.lasprovincias.es\/empleoytalento\/2022\/03\/07\/profesores-internacionales-estan-esta-semana-en-valencia-erasmus-week-facultad-economia-uv\/","title":{"rendered":"Profesores internacionales est\u00e1n esta semana en Valencia: Erasmus Week Facultad Econom\u00eda UV"},"content":{"rendered":"<p>Comienza la Erasmus Week en la Facultad de Econom\u00eda de la Universidad de Valencia. Esta semana m\u00e1s de 50 profesores y personal administrativo de otras universidades extranjeras tiene cita en la Erasmus Week.<\/p>\n<p>La idea es compartir conocimiento y experiencias entre colegas, y de paso, los profesores invitados dan alguna clase a nuestros alumnos.<\/p>\n<p>Al programa de trabajo, le acompa\u00f1a tambi\u00e9n un programa de ocio donde van a conocer nuestra universidad hist\u00f3rica, La Seu, la albufera, y donde aparte probaran t\u00edpicos platos valencianos como la paella, la horchata y los fartons.<\/p>\n<p><a href=\"https:\/\/www.uv.es\/uvweb\/economy\/en\/mobility-exchanges\/ori-faculty-economics\/valencia-erasmus-week\/2022-1286223295884.html\" rel=\"external nofollow\">Informaci\u00f3n<\/a><\/p>\n<!-- AddThis Advanced Settings generic via filter on the_content --><!-- AddThis Share Buttons generic via filter on the_content -->","protected":false},"excerpt":{"rendered":"<p>Comienza la Erasmus Week en la Facultad de Econom\u00eda de la Universidad de Valencia. Esta semana m\u00e1s de 50 profesores y personal administrativo de otras universidades extranjeras tiene cita en la Erasmus Week. La idea es compartir conocimiento y experiencias entre colegas, y de paso, los profesores invitados dan alguna clase a nuestros alumnos. Al [&hellip;]<!-- AddThis Advanced Settings generic via filter on get_the_excerpt --><!-- AddThis Share Buttons generic via filter on get_the_excerpt --><\/p>\n","protected":false},"author":32,"featured_media":829,"comment_status":"open","ping_status":"open","sticky":false,"template":"","format":"standard","meta":[],"categories":[123,122,132],"tags":[],"_links":{"self":[{"href":"https:\/\/blogs.lasprovincias.es\/empleoytalento\/wp-json\/wp\/v2\/posts\/828"}],"collection":[{"href":"https:\/\/blogs.lasprovincias.es\/empleoytalento\/wp-json\/wp\/v2\/posts"}],"about":[{"href":"https:\/\/blogs.lasprovincias.es\/empleoytalento\/wp-json\/wp\/v2\/types\/post"}],"author":[{"embeddable":true,"href":"https:\/\/blogs.lasprovincias.es\/empleoytalento\/wp-json\/wp\/v2\/users\/32"}],"replies":[{"embeddable":true,"href":"https:\/\/blogs.lasprovincias.es\/empleoytalento\/wp-json\/wp\/v2\/comments?post=828"}],"version-history":[{"count":1,"href":"https:\/\/blogs.lasprovincias.es\/empleoytalento\/wp-json\/wp\/v2\/posts\/828\/revisions"}],"predecessor-version":[{"id":830,"href":"https:\/\/blogs.lasprovincias.es\/empleoytalento\/wp-json\/wp\/v2\/posts\/828\/revisions\/830"}],"wp:featuredmedia":[{"embeddable":true,"href":"https:\/\/blogs.lasprovincias.es\/empleoytalento\/wp-json\/wp\/v2\/media\/829"}],"wp:attachment":[{"href":"https:\/\/blogs.lasprovincias.es\/empleoytalento\/wp-json\/wp\/v2\/media?parent=828"}],"wp:term":[{"taxonomy":"category","embeddable":true,"href":"https:\/\/blogs.lasprovincias.es\/empleoytalento\/wp-json\/wp\/v2\/categories?post=828"},{"taxonomy":"post_tag","embeddable":true,"href":"https:\/\/blogs.lasprovincias.es\/empleoytalento\/wp-json\/wp\/v2\/tags?post=828"}],"curies":[{"name":"wp","href":"https:\/\/api.w.org\/{rel}","templated":true}]}}