{"id":838,"date":"2022-03-16T14:14:48","date_gmt":"2022-03-16T14:14:48","guid":{"rendered":"https:\/\/blogs.lasprovincias.es\/empleoytalento\/?p=838"},"modified":"2022-03-16T14:15:45","modified_gmt":"2022-03-16T14:15:45","slug":"somos-un-pais-de-atajos-y-asi-nos-va-con-la-educacion","status":"publish","type":"post","link":"https:\/\/blogs.lasprovincias.es\/empleoytalento\/2022\/03\/16\/somos-un-pais-de-atajos-y-asi-nos-va-con-la-educacion\/","title":{"rendered":"Somos un pa\u00eds de atajos\u2026 y as\u00ed nos va con la educaci\u00f3n"},"content":{"rendered":"<p>No dudo de la importancia de un atajo, sobre todo cuando conducimos o vamos andando con prisa a alg\u00fan sitio. Sin embargo, los temas importantes de nuestras vida no deber\u00edan buscar ese tipo de atajos si los beneficios de usarlos impiden precisamente comprenderlos.<\/p>\n<p>Pongamos por ejemplo la educaci\u00f3n, nos fijamos en las <em>best practices<\/em> de otros pa\u00edses que inicialmente tienen una mejor educaci\u00f3n seg\u00fan unos determinados indicadores. Y con esas pr\u00e1cticas que supuestamente nos van a sacar el caos que vivimos actualmente en educaci\u00f3n se dise\u00f1an planes pol\u00edticos para combatir unos partidos a otros. No voy a hablar de pol\u00edtica, pues creo todo el mundo sabe mi opini\u00f3n de que la educaci\u00f3n deber\u00eda estar en manos de los educadores en un gran pacto social, pero ese es otro tema.<\/p>\n<p>Lo que quiero matizar es que en realidad intentamos obtener los mismos resultados que otros pa\u00edses sin haber pasado por el proceso de debate y maduraci\u00f3n que debe pasar un pa\u00eds. Porque nuestra cultura y nuestra historia merece una reflexi\u00f3n idiosincr\u00e1tica y no un copia-pega que no es digno de la calidad que esperamos de los pol\u00edticos. Merecemos reunirnos los educadores de todos los ciclos para comprender mejor por qu\u00e9 nuestra educaci\u00f3n se ha convertido en algo tedioso que no interesa a una gran mayor\u00eda de alumnos, y que decimos de modo narcisista que las generaciones cambian y que los j\u00f3venes no quieren ser educados.<\/p>\n<p>Lo que no quieren los j\u00f3venes es una educaci\u00f3n digna del medievo. Lo que no quieren los j\u00f3venes es una educaci\u00f3n fragmentada, especializada como se hace en el mundo de la empresa y de los procesos productivos. Porque la vida bien merece una visi\u00f3n m\u00e1s integral y sist\u00e9mica donde la historia, la geograf\u00eda, la matem\u00e1tica, la f\u00edsica, la lengua o la filosof\u00eda encuentren su espacio de modo natural en su narrativa.<\/p>\n<p>Pero como digo queremos ser como otros sin hacer lo que hacen otros, que es pensar y debatir entre especialistas sin partidos pol\u00edticos por medio, porque la educaci\u00f3n lo merece.<\/p>\n<p>&nbsp;<\/p>\n<p>&nbsp;<\/p>\n<h6>Imagen de\u00a0<a href=\"https:\/\/pixabay.com\/es\/users\/darkmoon_art-1664300\/?utm_source=link-attribution&amp;utm_medium=referral&amp;utm_campaign=image&amp;utm_content=3518726\" rel=\"external nofollow\">Darkmoon_Art<\/a>\u00a0en\u00a0<a href=\"https:\/\/pixabay.com\/es\/?utm_source=link-attribution&amp;utm_medium=referral&amp;utm_campaign=image&amp;utm_content=3518726\" rel=\"external nofollow\">Pixabay<\/a><\/h6>\n<!-- AddThis Advanced Settings generic via filter on the_content --><!-- AddThis Share Buttons generic via filter on the_content -->","protected":false},"excerpt":{"rendered":"<p>No dudo de la importancia de un atajo, sobre todo cuando conducimos o vamos andando con prisa a alg\u00fan sitio. Sin embargo, los temas importantes de nuestras vida no deber\u00edan buscar ese tipo de atajos si los beneficios de usarlos impiden precisamente comprenderlos. Pongamos por ejemplo la educaci\u00f3n, nos fijamos en las best practices de [&hellip;]<!-- AddThis Advanced Settings generic via filter on get_the_excerpt --><!-- AddThis Share Buttons generic via filter on get_the_excerpt --><\/p>\n","protected":false},"author":32,"featured_media":839,"comment_status":"open","ping_status":"open","sticky":false,"template":"","format":"standard","meta":[],"categories":[3,4,110,111,9,127,27],"tags":[],"_links":{"self":[{"href":"https:\/\/blogs.lasprovincias.es\/empleoytalento\/wp-json\/wp\/v2\/posts\/838"}],"collection":[{"href":"https:\/\/blogs.lasprovincias.es\/empleoytalento\/wp-json\/wp\/v2\/posts"}],"about":[{"href":"https:\/\/blogs.lasprovincias.es\/empleoytalento\/wp-json\/wp\/v2\/types\/post"}],"author":[{"embeddable":true,"href":"https:\/\/blogs.lasprovincias.es\/empleoytalento\/wp-json\/wp\/v2\/users\/32"}],"replies":[{"embeddable":true,"href":"https:\/\/blogs.lasprovincias.es\/empleoytalento\/wp-json\/wp\/v2\/comments?post=838"}],"version-history":[{"count":3,"href":"https:\/\/blogs.lasprovincias.es\/empleoytalento\/wp-json\/wp\/v2\/posts\/838\/revisions"}],"predecessor-version":[{"id":842,"href":"https:\/\/blogs.lasprovincias.es\/empleoytalento\/wp-json\/wp\/v2\/posts\/838\/revisions\/842"}],"wp:featuredmedia":[{"embeddable":true,"href":"https:\/\/blogs.lasprovincias.es\/empleoytalento\/wp-json\/wp\/v2\/media\/839"}],"wp:attachment":[{"href":"https:\/\/blogs.lasprovincias.es\/empleoytalento\/wp-json\/wp\/v2\/media?parent=838"}],"wp:term":[{"taxonomy":"category","embeddable":true,"href":"https:\/\/blogs.lasprovincias.es\/empleoytalento\/wp-json\/wp\/v2\/categories?post=838"},{"taxonomy":"post_tag","embeddable":true,"href":"https:\/\/blogs.lasprovincias.es\/empleoytalento\/wp-json\/wp\/v2\/tags?post=838"}],"curies":[{"name":"wp","href":"https:\/\/api.w.org\/{rel}","templated":true}]}}