{"id":855,"date":"2022-04-12T11:04:49","date_gmt":"2022-04-12T11:04:49","guid":{"rendered":"https:\/\/blogs.lasprovincias.es\/empleoytalento\/?p=855"},"modified":"2022-04-12T11:04:49","modified_gmt":"2022-04-12T11:04:49","slug":"las-dudas-de-los-jovenes-ante-su-futuro-profesional","status":"publish","type":"post","link":"https:\/\/blogs.lasprovincias.es\/empleoytalento\/2022\/04\/12\/las-dudas-de-los-jovenes-ante-su-futuro-profesional\/","title":{"rendered":"Las dudas de los j\u00f3venes ante su futuro profesional"},"content":{"rendered":"<p>No es f\u00e1cil tomar decisiones sobre nuestro futuro profesional sobre todo cuando tenemos entre 12 y 17 a\u00f1os. La vida te va poniendo pistas sobre qu\u00e9 cosas te gustan hacer m\u00e1s y de las cuales podr\u00edas inferir que puedes tener talento. Aun as\u00ed, es un periodo que se est\u00e1 muy solo y donde normalmente solo se hace caso de los pares o amigos de la misma edad, los cuales est\u00e1n tan perdidos como t\u00fa.<\/p>\n<p>Las pistas de la vida vienen sobre todo de la experiencia que vamos teniendo cuando hacemos cosas, cuando interactuamos con otros o cuando nos imaginamos c\u00f3mo ser\u00edamos si fu\u00e9ramos ya un profesional. Pero no solo est\u00e1n los alumnos perdidos entre esas edades, incluso cuando est\u00e1n en la carrera en cualquiera de los cuatro o cinco a\u00f1os, siempre hay dudas de si se ha tomado la elecci\u00f3n correcta.<\/p>\n<p>Yo siempre digo que da igual, has escogido, has aprendido y ahora a seguir adelante. Cualquier momento es bueno para hacer un cambio en tu vida incluso un cambio de orientaci\u00f3n profesional. Lo aprendido\u00a0 no\u00a0 se pierde, sencillamente lo tienes en tu bagaje y seguro te sirve, aunque no me gusta pensar desde el utilitarismo sino m\u00e1s bien desde el aprendizaje de vida.<\/p>\n<p>Hagas lo que hagas hazlo desde tu instinto m\u00e1s profundo, desde la conexi\u00f3n contigo mismo, desde tu autoconocimiento, esa es la verdadera clave. Y el tiempo ya dir\u00e1 si ese camino hay que enderezarlo o darle alg\u00fan giro. Cada vida es \u00fanica. Cada viaje es personal. Nadie deber\u00eda elegir por ti, recuerda tu vida es tuya. Nos podemos dejar influir por padres, amigos o familiares, pero desde la soledad de la decisi\u00f3n tenemos que elegir cada uno de nosotros.<\/p>\n<h6>Imagen de\u00a0<a href=\"https:\/\/pixabay.com\/es\/users\/white77-185772\/?utm_source=link-attribution&amp;utm_medium=referral&amp;utm_campaign=image&amp;utm_content=286245\" rel=\"external nofollow\">White77<\/a>\u00a0en\u00a0<a href=\"https:\/\/pixabay.com\/es\/?utm_source=link-attribution&amp;utm_medium=referral&amp;utm_campaign=image&amp;utm_content=286245\" rel=\"external nofollow\">Pixabay<\/a><\/h6>\n<!-- AddThis Advanced Settings generic via filter on the_content --><!-- AddThis Share Buttons generic via filter on the_content -->","protected":false},"excerpt":{"rendered":"<p>No es f\u00e1cil tomar decisiones sobre nuestro futuro profesional sobre todo cuando tenemos entre 12 y 17 a\u00f1os. La vida te va poniendo pistas sobre qu\u00e9 cosas te gustan hacer m\u00e1s y de las cuales podr\u00edas inferir que puedes tener talento. Aun as\u00ed, es un periodo que se est\u00e1 muy solo y donde normalmente solo [&hellip;]<!-- AddThis Advanced Settings generic via filter on get_the_excerpt --><!-- AddThis Share Buttons generic via filter on get_the_excerpt --><\/p>\n","protected":false},"author":32,"featured_media":856,"comment_status":"open","ping_status":"open","sticky":false,"template":"","format":"standard","meta":[],"categories":[1],"tags":[],"_links":{"self":[{"href":"https:\/\/blogs.lasprovincias.es\/empleoytalento\/wp-json\/wp\/v2\/posts\/855"}],"collection":[{"href":"https:\/\/blogs.lasprovincias.es\/empleoytalento\/wp-json\/wp\/v2\/posts"}],"about":[{"href":"https:\/\/blogs.lasprovincias.es\/empleoytalento\/wp-json\/wp\/v2\/types\/post"}],"author":[{"embeddable":true,"href":"https:\/\/blogs.lasprovincias.es\/empleoytalento\/wp-json\/wp\/v2\/users\/32"}],"replies":[{"embeddable":true,"href":"https:\/\/blogs.lasprovincias.es\/empleoytalento\/wp-json\/wp\/v2\/comments?post=855"}],"version-history":[{"count":1,"href":"https:\/\/blogs.lasprovincias.es\/empleoytalento\/wp-json\/wp\/v2\/posts\/855\/revisions"}],"predecessor-version":[{"id":857,"href":"https:\/\/blogs.lasprovincias.es\/empleoytalento\/wp-json\/wp\/v2\/posts\/855\/revisions\/857"}],"wp:featuredmedia":[{"embeddable":true,"href":"https:\/\/blogs.lasprovincias.es\/empleoytalento\/wp-json\/wp\/v2\/media\/856"}],"wp:attachment":[{"href":"https:\/\/blogs.lasprovincias.es\/empleoytalento\/wp-json\/wp\/v2\/media?parent=855"}],"wp:term":[{"taxonomy":"category","embeddable":true,"href":"https:\/\/blogs.lasprovincias.es\/empleoytalento\/wp-json\/wp\/v2\/categories?post=855"},{"taxonomy":"post_tag","embeddable":true,"href":"https:\/\/blogs.lasprovincias.es\/empleoytalento\/wp-json\/wp\/v2\/tags?post=855"}],"curies":[{"name":"wp","href":"https:\/\/api.w.org\/{rel}","templated":true}]}}