{"id":863,"date":"2022-04-25T19:28:38","date_gmt":"2022-04-25T19:28:38","guid":{"rendered":"https:\/\/blogs.lasprovincias.es\/empleoytalento\/?p=863"},"modified":"2022-04-25T19:28:38","modified_gmt":"2022-04-25T19:28:38","slug":"aprendamos-de-estonia-con-un-plan-educativo-consensuado-hasta-2035","status":"publish","type":"post","link":"https:\/\/blogs.lasprovincias.es\/empleoytalento\/2022\/04\/25\/aprendamos-de-estonia-con-un-plan-educativo-consensuado-hasta-2035\/","title":{"rendered":"Aprendamos de Estonia con un plan educativo consensuado hasta 2035"},"content":{"rendered":"<p>La verdad es que no puedo m\u00e1s que mirar con envidia como otros pa\u00edses, en este caso un pa\u00eds muy peque\u00f1o Estonia, nos muestra un camino que todos los expertos y profesionales de la educaci\u00f3n mencionamos pero no somos capaces de alcanzar: un gran pacto educativo. En el caso de Estonia tienen un plan hasta 2035, \u00a1no est\u00e1 nada mal!<\/p>\n<p>Claro con este panorama y con una mente diversa y centrada en el talento y desarrollo profesional y personal de sus ciudadanos, han logrado estar a la cabeza del \u00faltimo informe PISA.<\/p>\n<p>Me gusta la idea de la inclusi\u00f3n, de la educaci\u00f3n que da autonom\u00eda a los profesores y que los respeta, del desarrollo personal de los alumnos con clases de m\u00fasica o artes, o de la fuerte inversi\u00f3n en nuevas tecnolog\u00edas para potenciar el aprendizaje vivencial y experiencial.<\/p>\n<p>Yo s\u00e9 que estamos en Espa\u00f1a, un pa\u00eds con otra realidad, con mucha m\u00e1s poblaci\u00f3n y con una maravillosa realidad auton\u00f3mica que a veces provoca mas caos que respeto a la diversidad. Y aun sabiendo todo esto me da pena pensar, y sobre todo ver, c\u00f3mo a\u00f1o tras a\u00f1o seguimos con una educaci\u00f3n del medievo.<\/p>\n<p>Me cuesta no rebelarme antes esta realidad, me cuesta pensar que no somos capaces de lograr un gran pacto transformador de la educaci\u00f3n. Me cuesta\u2026<\/p>\n<p>&nbsp;<\/p>\n<p>Para m\u00e1s informaci\u00f3n ver <a href=\"https:\/\/www.abc.es\/xlsemanal\/a-fondo\/educacion-estonia-mejor-sistema-educativo-informe-pisa.html\" rel=\"external nofollow\">noticia<\/a> que explica la educaci\u00f3n en Estonia del ABC \u201cAS\u00cd SE HA CONVERTIDO ESTONIA EN LA NUEVA FINLANDIA\u201d<\/p>\n<p>&nbsp;<\/p>\n<p>Imagen de\u00a0<a href=\"https:\/\/pixabay.com\/es\/users\/artsybee-462611\/?utm_source=link-attribution&amp;utm_medium=referral&amp;utm_campaign=image&amp;utm_content=2761394\" rel=\"external nofollow\">Oberholster Venita<\/a>\u00a0en\u00a0<a href=\"https:\/\/pixabay.com\/es\/?utm_source=link-attribution&amp;utm_medium=referral&amp;utm_campaign=image&amp;utm_content=2761394\" rel=\"external nofollow\">Pixabay<\/a><\/p>\n<!-- AddThis Advanced Settings generic via filter on the_content --><!-- AddThis Share Buttons generic via filter on the_content -->","protected":false},"excerpt":{"rendered":"<p>La verdad es que no puedo m\u00e1s que mirar con envidia como otros pa\u00edses, en este caso un pa\u00eds muy peque\u00f1o Estonia, nos muestra un camino que todos los expertos y profesionales de la educaci\u00f3n mencionamos pero no somos capaces de alcanzar: un gran pacto educativo. En el caso de Estonia tienen un plan hasta [&hellip;]<!-- AddThis Advanced Settings generic via filter on get_the_excerpt --><!-- AddThis Share Buttons generic via filter on get_the_excerpt --><\/p>\n","protected":false},"author":32,"featured_media":864,"comment_status":"open","ping_status":"open","sticky":false,"template":"","format":"standard","meta":[],"categories":[110,111,9,105,20,27,132,30],"tags":[],"_links":{"self":[{"href":"https:\/\/blogs.lasprovincias.es\/empleoytalento\/wp-json\/wp\/v2\/posts\/863"}],"collection":[{"href":"https:\/\/blogs.lasprovincias.es\/empleoytalento\/wp-json\/wp\/v2\/posts"}],"about":[{"href":"https:\/\/blogs.lasprovincias.es\/empleoytalento\/wp-json\/wp\/v2\/types\/post"}],"author":[{"embeddable":true,"href":"https:\/\/blogs.lasprovincias.es\/empleoytalento\/wp-json\/wp\/v2\/users\/32"}],"replies":[{"embeddable":true,"href":"https:\/\/blogs.lasprovincias.es\/empleoytalento\/wp-json\/wp\/v2\/comments?post=863"}],"version-history":[{"count":1,"href":"https:\/\/blogs.lasprovincias.es\/empleoytalento\/wp-json\/wp\/v2\/posts\/863\/revisions"}],"predecessor-version":[{"id":865,"href":"https:\/\/blogs.lasprovincias.es\/empleoytalento\/wp-json\/wp\/v2\/posts\/863\/revisions\/865"}],"wp:featuredmedia":[{"embeddable":true,"href":"https:\/\/blogs.lasprovincias.es\/empleoytalento\/wp-json\/wp\/v2\/media\/864"}],"wp:attachment":[{"href":"https:\/\/blogs.lasprovincias.es\/empleoytalento\/wp-json\/wp\/v2\/media?parent=863"}],"wp:term":[{"taxonomy":"category","embeddable":true,"href":"https:\/\/blogs.lasprovincias.es\/empleoytalento\/wp-json\/wp\/v2\/categories?post=863"},{"taxonomy":"post_tag","embeddable":true,"href":"https:\/\/blogs.lasprovincias.es\/empleoytalento\/wp-json\/wp\/v2\/tags?post=863"}],"curies":[{"name":"wp","href":"https:\/\/api.w.org\/{rel}","templated":true}]}}