{"id":873,"date":"2022-05-09T16:55:41","date_gmt":"2022-05-09T16:55:41","guid":{"rendered":"https:\/\/blogs.lasprovincias.es\/empleoytalento\/?p=873"},"modified":"2022-05-09T16:55:41","modified_gmt":"2022-05-09T16:55:41","slug":"rock-your-life-viernes-13-y-sabado-14-de-mayo-no-te-lo-puedes-perder","status":"publish","type":"post","link":"https:\/\/blogs.lasprovincias.es\/empleoytalento\/2022\/05\/09\/rock-your-life-viernes-13-y-sabado-14-de-mayo-no-te-lo-puedes-perder\/","title":{"rendered":"&#8220;Rock Your Life&#8221; Viernes 13 y S\u00e1bado 14 de Mayo \u00a1No te lo puedes perder!"},"content":{"rendered":"<p><em><strong>No puedo m\u00e1s que aconsejar que conozcas esta formac\u00f3n de dos d\u00edas que imparte JUAN PLANES y que tanta huella est\u00e1 dejando en Valencia. Te paso la informaci\u00f3n con m\u00e1s detalle:\u00a0<\/strong><\/em><\/p>\n<p><em>Rock your Life<\/em> es probablemente el curso de transformaci\u00f3n personal m\u00e1s eficaz, motivador y divertido que puedes encontrar hoy en d\u00eda en Espa\u00f1a, y ya lo han realizado m\u00e1s de 14.000 personas.<\/p>\n<p>Los estudios corroboran que los empleados felices son m\u00e1s productivos y m\u00e1s comprometidos, disfrutan de mejor salud, son menos conflictivos y trabajan mejor en equipo. <em>\u201cM\u00e1s de ciento ochenta y un modelos de an\u00e1lisis de competencias estudiados demostraron que el 67% de las habilidades esenciales para el desempe\u00f1o profesional son emocionales, dos veces m\u00e1s que las ligadas al Cociente Intelectual y la experiencia\u201d (Goleman, 1998).<\/em><\/p>\n<p>Asistir a <em>Rock your Life <\/em>es una experiencia de aprendizaje \u00fanica (y super divertida) donde descubrir\u00e1s las claves para aumentar tus niveles de felicidad y de eficacia.<\/p>\n<p>Si te interesa aqu\u00ed tienes un <a href=\"https:\/\/drive.google.com\/file\/d\/1MXZUp55eK2hzXeMHsOL2dk4doudX33nu\/view?usp=sharing\"><strong>folleto<\/strong><\/a> con toda la informaci\u00f3n del seminario, y un enlace con un <a href=\"https:\/\/www.youtube.com\/watch?v=7BWk4_-QRIM\" rel=\"external nofollow\"><strong>v\u00eddeo<\/strong> <\/a>para de un minuto para que te hagas una idea de la din\u00e1mica del mismo. La entrada al evento es gratuita con la compra del libro \u201cRevoluciona tu Vida. Desata tu Potencial\u201d (18,90 \u20ac),\u00a0 que se adquiere al realizar la inscripci\u00f3n.<\/p>\n<p>El evento se realiza en Valencia,\u00a0 el 13 y 14 de mayo, viernes tarde de 16:00 a 22:00 y s\u00e1bado ma\u00f1ana, de 9:00 a 14:00. Las inscripciones se realizan en la web\u00a0 <a href=\"https:\/\/www.desatatupotencial.org\/events\/rock2022\/\" rel=\"external nofollow\">https:\/\/www.desatatupotencial.org\/events\/rock2022\/<\/a><\/p>\n<p><iframe loading=\"lazy\" title=\"YouTube video player\" src=\"https:\/\/www.youtube.com\/embed\/7BWk4_-QRIM\" width=\"560\" height=\"315\" frameborder=\"0\" allowfullscreen=\"allowfullscreen\"><\/iframe><\/p>\n<!-- AddThis Advanced Settings generic via filter on the_content --><!-- AddThis Share Buttons generic via filter on the_content -->","protected":false},"excerpt":{"rendered":"<p>No puedo m\u00e1s que aconsejar que conozcas esta formac\u00f3n de dos d\u00edas que imparte JUAN PLANES y que tanta huella est\u00e1 dejando en Valencia. Te paso la informaci\u00f3n con m\u00e1s detalle:\u00a0 Rock your Life es probablemente el curso de transformaci\u00f3n personal m\u00e1s eficaz, motivador y divertido que puedes encontrar hoy en d\u00eda en Espa\u00f1a, y [&hellip;]<!-- AddThis Advanced Settings generic via filter on get_the_excerpt --><!-- AddThis Share Buttons generic via filter on get_the_excerpt --><\/p>\n","protected":false},"author":32,"featured_media":874,"comment_status":"open","ping_status":"open","sticky":false,"template":"","format":"standard","meta":[],"categories":[4,110,111,9,14,105,27],"tags":[],"_links":{"self":[{"href":"https:\/\/blogs.lasprovincias.es\/empleoytalento\/wp-json\/wp\/v2\/posts\/873"}],"collection":[{"href":"https:\/\/blogs.lasprovincias.es\/empleoytalento\/wp-json\/wp\/v2\/posts"}],"about":[{"href":"https:\/\/blogs.lasprovincias.es\/empleoytalento\/wp-json\/wp\/v2\/types\/post"}],"author":[{"embeddable":true,"href":"https:\/\/blogs.lasprovincias.es\/empleoytalento\/wp-json\/wp\/v2\/users\/32"}],"replies":[{"embeddable":true,"href":"https:\/\/blogs.lasprovincias.es\/empleoytalento\/wp-json\/wp\/v2\/comments?post=873"}],"version-history":[{"count":1,"href":"https:\/\/blogs.lasprovincias.es\/empleoytalento\/wp-json\/wp\/v2\/posts\/873\/revisions"}],"predecessor-version":[{"id":875,"href":"https:\/\/blogs.lasprovincias.es\/empleoytalento\/wp-json\/wp\/v2\/posts\/873\/revisions\/875"}],"wp:featuredmedia":[{"embeddable":true,"href":"https:\/\/blogs.lasprovincias.es\/empleoytalento\/wp-json\/wp\/v2\/media\/874"}],"wp:attachment":[{"href":"https:\/\/blogs.lasprovincias.es\/empleoytalento\/wp-json\/wp\/v2\/media?parent=873"}],"wp:term":[{"taxonomy":"category","embeddable":true,"href":"https:\/\/blogs.lasprovincias.es\/empleoytalento\/wp-json\/wp\/v2\/categories?post=873"},{"taxonomy":"post_tag","embeddable":true,"href":"https:\/\/blogs.lasprovincias.es\/empleoytalento\/wp-json\/wp\/v2\/tags?post=873"}],"curies":[{"name":"wp","href":"https:\/\/api.w.org\/{rel}","templated":true}]}}