{"id":10338,"date":"2017-01-20T10:02:54","date_gmt":"2017-01-20T08:02:54","guid":{"rendered":"http:\/\/blogs.lasprovincias.es\/historiascondelantal\/?p=10338"},"modified":"2017-01-20T10:02:54","modified_gmt":"2017-01-20T08:02:54","slug":"pappardella-y-al-pomodoro-el-clan-de-los-italianos","status":"publish","type":"post","link":"https:\/\/blogs.lasprovincias.es\/historiascondelantal\/2017\/01\/20\/pappardella-y-al-pomodoro-el-clan-de-los-italianos\/","title":{"rendered":"Pappardella y Al Pomodoro: El clan de los italianos"},"content":{"rendered":"<p>&nbsp;<\/p>\n<p style=\"text-align: center;\">HISTORIAS CON DELANTAL<\/p>\n<p style=\"text-align: center;\">se cuela en la historia de<\/p>\n<p style=\"text-align: center;\"><strong><span style=\"color: #888888;\">PAPPARDELLA Y AL POMODORO<\/span><\/strong><\/p>\n<p style=\"text-align: center;\"><span style=\"font-size: xx-large; color: #ff0000;\">EL CLAN DE LOS ITALIANOS<\/span><\/p>\n<div id=\"attachment_10339\" style=\"width: 1034px\" class=\"wp-caption aligncenter\"><a href=\"\/historiascondelantal\/wp-content\/uploads\/sites\/18\/2017\/01\/57142959.jpg\"><img aria-describedby=\"caption-attachment-10339\" loading=\"lazy\" class=\"size-full wp-image-10339\" title=\"C\" src=\"\/historiascondelantal\/wp-content\/uploads\/sites\/18\/2017\/01\/57142959.jpg\" alt=\"\" width=\"1024\" height=\"673\" srcset=\"https:\/\/static-blogs.lasprovincias.es\/wp-content\/uploads\/sites\/18\/2017\/01\/57142959.jpg 1024w, https:\/\/static-blogs.lasprovincias.es\/wp-content\/uploads\/sites\/18\/2017\/01\/57142959-300x197.jpg 300w, https:\/\/static-blogs.lasprovincias.es\/wp-content\/uploads\/sites\/18\/2017\/01\/57142959-768x505.jpg 768w\" sizes=\"(max-width: 1024px) 100vw, 1024px\" \/><\/a><p id=\"caption-attachment-10339\" class=\"wp-caption-text\">Foto Dami\u00e1n Torres\/LP<\/p><\/div>\n<address style=\"text-align: center;\">\u00a0<\/address>\n<p style=\"text-align: left;\"><span style=\"font-style: normal;\"><strong>Veinte a\u00f1os despu\u00e9s de desembarcar<\/strong> los cinco amigos en Valencia se han convertido en todo un referente por su manera de entender la cocina italiana. Sus restaurantes ya son parte de la historia gastron\u00f3mica de la ciudad. Pappardella, Al Pomodoro, Sorni e Morsi&#8230; \u00a0son algunos de los mimbres con los que se ha construido su \u00e9xito.\u00a0<\/span><\/p>\n<div id=\"attachment_10340\" style=\"width: 1034px\" class=\"wp-caption aligncenter\"><a href=\"\/historiascondelantal\/wp-content\/uploads\/sites\/18\/2017\/01\/57143148.jpg\"><img aria-describedby=\"caption-attachment-10340\" loading=\"lazy\" class=\"size-full wp-image-10340\" title=\"C\" src=\"\/historiascondelantal\/wp-content\/uploads\/sites\/18\/2017\/01\/57143148.jpg\" alt=\"\" width=\"1024\" height=\"661\" srcset=\"https:\/\/static-blogs.lasprovincias.es\/wp-content\/uploads\/sites\/18\/2017\/01\/57143148.jpg 1024w, https:\/\/static-blogs.lasprovincias.es\/wp-content\/uploads\/sites\/18\/2017\/01\/57143148-300x194.jpg 300w, https:\/\/static-blogs.lasprovincias.es\/wp-content\/uploads\/sites\/18\/2017\/01\/57143148-768x496.jpg 768w\" sizes=\"(max-width: 1024px) 100vw, 1024px\" \/><\/a><p id=\"caption-attachment-10340\" class=\"wp-caption-text\">Foto Dami\u00e1n Torres\/LP<\/p><\/div>\n<p style=\"text-align: right;\"><span style=\"color: #808080;\">REPORTAJE FOTOGR\u00c1FICO:<\/span><strong><span style=\"color: #808080;\"> DAMI\u00c1N TORRES\/LP<\/span><\/strong><\/p>\n<p style=\"text-align: right;\"><strong><span style=\"color: #ff9900;\">#ElDiariodeMrCooking<\/span><\/strong>2017<\/p>\n<p><!--more--><\/p>\n<p><strong>Paseaban hace unas semanas por el barrio del Carme<\/strong>, all\u00ed donde se fragu\u00f3 su sue\u00f1o, cuando Paola le pregunt\u00f3 a Vincenzo:<strong><span style=\"color: #ff0000;\"> \u00ab\u00bfTe imaginabas cuando llegamos que \u00edbamos a estar tan bien?\u00bb.<\/span><\/strong> Los dos forman parte del grupo de cinco amigos que hace ahora veinte a\u00f1os decidieron aterrizar en Valencia para conquistar los paladares m\u00e1s desenfadados de la ciudad con su particular cocina italiana. \u00abLlegamos en 1996, en aquella \u00e9poca estaba todo por hacer en la ciudad. Nosotros \u00e9ramos unos j\u00f3venes que ofrec\u00edamos una gastronom\u00eda que no era la t\u00edpica y que comunic\u00e1bamos y hac\u00edamos m\u00e1rquetin&#8230;\u00bb, fue relatando Laura. Ella es como la locomotora del grupo. O al menos as\u00ed la califican en este clan que, en la actualidad est\u00e1 formado por la propia <strong>Laura Motolesse, Paola de Vera, Vincenzo Cancillieri, Alessandro Romitelli y Paul Doyen<\/strong> (\u00abel belga\u00bb, como a \u00e9l le gusta remarcar), que fue el \u00faltimo en incorporarse al club.<\/p>\n<p><a href=\"\/historiascondelantal\/wp-content\/uploads\/sites\/18\/2017\/01\/57143134.jpg\"><img loading=\"lazy\" class=\"aligncenter size-full wp-image-10341\" title=\"C\" src=\"\/historiascondelantal\/wp-content\/uploads\/sites\/18\/2017\/01\/57143134.jpg\" alt=\"\" width=\"1024\" height=\"685\" srcset=\"https:\/\/static-blogs.lasprovincias.es\/wp-content\/uploads\/sites\/18\/2017\/01\/57143134.jpg 1024w, https:\/\/static-blogs.lasprovincias.es\/wp-content\/uploads\/sites\/18\/2017\/01\/57143134-300x201.jpg 300w, https:\/\/static-blogs.lasprovincias.es\/wp-content\/uploads\/sites\/18\/2017\/01\/57143134-768x514.jpg 768w\" sizes=\"(max-width: 1024px) 100vw, 1024px\" \/><\/a><\/p>\n<p>\u00ab\u00bfC\u00f3mo empez\u00f3 todo?\u00bb, les pregunt\u00e9 sentado ante los cinco en una mesa de Al Pomodoro \u2013uno de sus restaurantes, junto a la Pappardella o la franquicia Sorni e Morsi\u2013. <strong><span style=\"color: #ff0000;\">\u00abFue una idea que naci\u00f3 de una borrachera, pero luego ya nos lo tomamos m\u00e1s en serio porque todos nos quer\u00edamos escapar de Londres\u00bb<\/span><\/strong>, explicaron casi de manera coral. La aventura, en concreto, n<strong>aci\u00f3 una noche de fiesta entre amigos en el Covent Garden en Londres, donde estaban trabajando<\/strong> todos ellos en proyectos del \u00e1mbito de la hosteler\u00eda. Aquellos d\u00edas se marcaron una hoja de ruta en la que perfilaron que quer\u00edan abrir tres tipos de negocio distintos: \u00abun sitio de fiambre italiano, uno de pasta y otro de pizzas\u00bb. Y marcaron en el mapa su destino: Valencia. \u00abHab\u00edamos estado trabajando un verano en Cullera y era lo que busc\u00e1bamos: \u00a1el sol, el buen vivir&#8230;!\u00bb, exclamaron. \u00abEra la \u00e9poca de la apertura de Espa\u00f1a\u00bb, remarc\u00f3 Paul.<\/p>\n<p>&nbsp;<\/p>\n<p style=\"text-align: center;\"><em><span style=\"color: #ff0000; font-size: large;\">Se marcaron una hoja de ruta;<\/span><\/em><\/p>\n<p style=\"text-align: center;\"><em><span style=\"color: #ff0000; font-size: large;\">iban a abrir tres restaurantes:<\/span><\/em><\/p>\n<p style=\"text-align: center;\"><em><span style=\"color: #ff0000; font-size: large;\">fiambres, pizza y pasta<\/span><\/em><\/p>\n<p style=\"text-align: center;\"><span style=\"font-size: large; color: #ff0000;\">\u03b6<\/span><\/p>\n<p>Paola fue la primera en dejarse el trabajo y venir con Favio (que era su pareja y m\u00e1s tarde dej\u00f3 el proyecto) hasta Valencia. Juntos localizaron el local que iba a acoger el primer proyecto de restauraci\u00f3n. \u00abLo alquilamos sin poder verlo por dentro y luego nos llevamos la sorpresa. Ten\u00eda unos 40 metros y estaba fatal. Nos sentamos en una silla y nos preguntamos: \u00bfqu\u00e9 hacemos aqu\u00ed?\u00bb, rememor\u00f3 Paola entre carcajadas generalizadas. Como no daba prestaciones suficientes para acoger la pizzer\u00eda, que era su primero objetivo, acab\u00f3 siendo un local en el que se serv\u00edan fiambres y verduras en aceite al estilo italiano. Un local que bautizaron como <strong>La Bottega del Ocio<\/strong> y que, al poco tiempo, se convirti\u00f3 en su primer bistr\u00f3 de \u00e9xito. Fueron, eso s\u00ed, los a\u00f1os m\u00e1s duros, pero al tiempo los m\u00e1s divertidos para ellos. De hecho, una vez puesto en marcha el negocio se fueron a vivir juntos todos a un piso, que se podr\u00eda decir hac\u00eda hasta las veces de almac\u00e9n. <strong><span style=\"color: #ff0000;\">\u00abTen\u00edamos los fiambres colgados en el sal\u00f3n de casa, porque en el local no hab\u00eda espacio para guardarlos\u00bb<\/span><\/strong>, record\u00f3 Alessandro. \u00abE \u00edbamos all\u00ed a preparar las verduras. Compramos las berenjenas, las pon\u00edamos en sal, las herv\u00edamos, luego se pon\u00edan en aceite&#8230;\u00bb, fueron relatando Paola y Laura. \u00ab\u00a1Pero si hac\u00edamos el tiramis\u00fa a mano porque no quer\u00edamos ni comprar una batidora!\u00bb, confesaron.<\/p>\n<p><a href=\"\/historiascondelantal\/wp-content\/uploads\/sites\/18\/2017\/01\/57143145.jpg\"><img loading=\"lazy\" class=\"aligncenter size-full wp-image-10342\" title=\"C\" src=\"\/historiascondelantal\/wp-content\/uploads\/sites\/18\/2017\/01\/57143145.jpg\" alt=\"\" width=\"1024\" height=\"670\" srcset=\"https:\/\/static-blogs.lasprovincias.es\/wp-content\/uploads\/sites\/18\/2017\/01\/57143145.jpg 1024w, https:\/\/static-blogs.lasprovincias.es\/wp-content\/uploads\/sites\/18\/2017\/01\/57143145-300x196.jpg 300w, https:\/\/static-blogs.lasprovincias.es\/wp-content\/uploads\/sites\/18\/2017\/01\/57143145-768x503.jpg 768w\" sizes=\"(max-width: 1024px) 100vw, 1024px\" \/><\/a><\/p>\n<p>&nbsp;<\/p>\n<p>Luego lleg\u00f3 la <strong>Pappardella<\/strong>, el segundo local, que les dio a conocer definitivamente en la ciudad, con una propuesta basada por completo en la pasta. \u00abQue al principio era demasiado dura para el gusto de los clientes y nos tuvimos que adaptar\u00bb. Fue otro rotundo \u00e9xito. \u00abEl primer d\u00eda ten\u00edamos diez clavos metidos en un tablero para las comandas, pero superamos las cuarenta mesas\u00bb, explic\u00f3 Paul. \u00abSe levantaron hasta amigos a ayudarnos\u00bb. La apertura, meses despu\u00e9s, de <strong>Al Pomodoro<\/strong> supuso la consolidaci\u00f3n definitiva del proyecto. Las pizzas recibieron el aplauso de su p\u00fablico, toda una legi\u00f3n que les han seguido desde entonces, y el grupo Vicios Italianos se consolid\u00f3 con \u00e9ste y otros proyectos m\u00e1s que fueron naciendo. Algunos fuera de Valencia y otros dentro que acabaron siendo traspasados. \u00abMontamos tambi\u00e9n una franquicia,<strong> Sorsi e Morsi<\/strong>, que ya cuenta con varios locales en la ciudad\u00bb, explic\u00f3 Laura.<\/p>\n<p style=\"text-align: center;\"><em><span style=\"font-size: large; color: #ff0000;\">Dicen que todo empez\u00f3 como un juego, <\/span><\/em><\/p>\n<p style=\"text-align: center;\"><em><span style=\"font-size: large; color: #ff0000;\">pero ten\u00edan muy claro que con esfuerzo llegar\u00edan lejos<\/span><\/em><\/p>\n<p style=\"text-align: center;\"><span style=\"font-size: large; color: #ff0000;\">\u03b6<\/span><\/p>\n<p>\u00ab\u00bfC\u00f3mo hab\u00e9is conseguido llevaros bien todo este tiempo?\u00bb, pregunt\u00e9 intentando buscar resquicios en la historia. Pero el \u00e9xito estaba en eso, en el grupo, en que cada uno tiene su parcela de trabajo sin demasiadas intromisiones y que, al final, es la mayor\u00eda la que toma las decisiones. Eso, ser un grupo, y que quiz\u00e1, con los a\u00f1os, se han convertido m\u00e1s que en buenos amigos, en una familia. Esa que comenz\u00f3, sin saber c\u00f3mo iba a terminar, su aventura un buen d\u00eda entre pintas en Covent Garden. Ese d\u00eda en que <strong>decidieron aterrizar en Valencia con su cocina aut\u00e9nticamente italiana. Que no la t\u00edpica cocina italiana, como les gusta aclarar<\/strong>.<\/p>\n<p><a href=\"\/historiascondelantal\/wp-content\/uploads\/sites\/18\/2017\/01\/57143157.jpg\"><img loading=\"lazy\" class=\"aligncenter size-full wp-image-10343\" title=\"C\" src=\"\/historiascondelantal\/wp-content\/uploads\/sites\/18\/2017\/01\/57143157.jpg\" alt=\"\" width=\"1024\" height=\"656\" srcset=\"https:\/\/static-blogs.lasprovincias.es\/wp-content\/uploads\/sites\/18\/2017\/01\/57143157.jpg 1024w, https:\/\/static-blogs.lasprovincias.es\/wp-content\/uploads\/sites\/18\/2017\/01\/57143157-300x192.jpg 300w, https:\/\/static-blogs.lasprovincias.es\/wp-content\/uploads\/sites\/18\/2017\/01\/57143157-768x492.jpg 768w\" sizes=\"(max-width: 1024px) 100vw, 1024px\" \/><\/a><\/p>\n<p>&nbsp;<\/p>\n<p style=\"text-align: center;\"><span style=\"font-size: x-large; color: #ff0000;\">De izquierda a derecha<\/span><\/p>\n<p style=\"text-align: center;\"><span style=\"font-size: large; color: #ff0000;\">\u03b6<\/span><\/p>\n<p style=\"text-align: center;\"><strong>LAURA MOTOLESSE <span style=\"color: #ff0000;\">LA CONSTANCIA<\/span>.\u00a0<\/strong>Es la constante, la creativa, la locomotora del grupo. \u00abHemos vivido una aventura que empez\u00f3 como un juego, aunque de forma seria, y ha acabado siendo una forma de vida\u00bb.<\/p>\n<p style=\"text-align: center;\"><strong>VINCENZO CANCILLIERI <span style=\"color: #ff0000;\">VULCANO<\/span>.<\/strong> Es puro temperamento, \u00abEl ni\u00f1o\u00bb del grupo, como a \u00e9l le gusta decir. \u00abVulcano\u00bb, como ellos le llaman. \u00abSon veinte a\u00f1os brutales en los que Valencia me lo ha dado todo\u00bb, remarc\u00f3.<\/p>\n<p style=\"text-align: center;\"><strong>ALESSANDRO ROMITELLI <span style=\"color: #ff0000;\">LA PRECISI\u00d3N<\/span><\/strong>. Es el italiano del grupo que menos italiano parece. \u00abEl de los n\u00fameros, es muy meticuloso\u00bb, resaltan. \u00abMe emociona pensar el primer d\u00eda que llegu\u00e9 y vernos ahora\u00bb.<\/p>\n<p style=\"text-align: center;\"><strong>PAOLA DE VERO <span style=\"color: #ff0000;\">EMPRENDEDORA<\/span><\/strong>. Transmite pasi\u00f3n y emoci\u00f3n y es puro nervio. \u00abEs electricidad\u00bb, me dicen de ella. \u00abHe conseguido que el \u00e9xito y la felicidad que vivo aqu\u00ed se traslade a todo en mi vida\u00bb.<\/p>\n<p style=\"text-align: center;\"><strong>PAUL DOYEN <span style=\"color: #ff0000;\">LA CALMA<\/span>.<\/strong>\u00a0El \u00fanico que no procede de Italia. Quiz\u00e1s por eso tiene otra manera de procesar el negocio. Con mucha calma. \u00abHa sido una historia de amigos que se convirti\u00f3 en una experiencia fant\u00e1stica\u00bb.<\/p>\n<address style=\"text-align: right;\"><em><strong>Pappardella<\/strong> est\u00e1 en\u00a0Calle Bordadores, 5, Valencia.\u00a0<\/em><\/address>\n<address style=\"text-align: right;\"><em><strong>Al Pomodoro<\/strong> est\u00e1 en\u00a0Carrer del Mar, 22, Valencia.<\/em><\/address>\n<address style=\"text-align: right;\">\u00a0<\/address>\n<address style=\"text-align: right;\">\u00a0<\/address>\n<p style=\"text-align: center;\"><a href=\"\/historiascondelantal\/wp-content\/uploads\/sites\/18\/2017\/01\/FullSizeRender1.jpg\"><img loading=\"lazy\" class=\"aligncenter size-large wp-image-10345\" title=\"FullSizeRender\" src=\"\/historiascondelantal\/wp-content\/uploads\/sites\/18\/2017\/01\/FullSizeRender1.jpg\" alt=\"\" width=\"1024\" height=\"767\" srcset=\"https:\/\/static-blogs.lasprovincias.es\/wp-content\/uploads\/sites\/18\/2017\/01\/FullSizeRender1.jpg 3174w, https:\/\/static-blogs.lasprovincias.es\/wp-content\/uploads\/sites\/18\/2017\/01\/FullSizeRender1-300x225.jpg 300w, https:\/\/static-blogs.lasprovincias.es\/wp-content\/uploads\/sites\/18\/2017\/01\/FullSizeRender1-768x576.jpg 768w, https:\/\/static-blogs.lasprovincias.es\/wp-content\/uploads\/sites\/18\/2017\/01\/FullSizeRender1-1024x768.jpg 1024w\" sizes=\"(max-width: 1024px) 100vw, 1024px\" \/><\/a><\/p>\n<!-- AddThis Advanced Settings generic via filter on the_content --><!-- AddThis Share Buttons generic via filter on the_content -->","protected":false},"excerpt":{"rendered":"<p>&nbsp; HISTORIAS CON DELANTAL se cuela en la historia de PAPPARDELLA Y AL POMODORO EL CLAN DE LOS ITALIANOS \u00a0 Veinte a\u00f1os despu\u00e9s de desembarcar los cinco amigos en Valencia se han convertido en todo un referente por su manera de entender la cocina italiana. Sus restaurantes ya son parte de la historia gastron\u00f3mica de [&hellip;]<!-- AddThis Advanced Settings generic via filter on get_the_excerpt --><!-- AddThis Share Buttons generic via filter on get_the_excerpt --><\/p>\n","protected":false},"author":23,"featured_media":0,"comment_status":"open","ping_status":"open","sticky":false,"template":"","format":"standard","meta":[],"categories":[3,5,6],"tags":[23,823,1110],"_links":{"self":[{"href":"https:\/\/blogs.lasprovincias.es\/historiascondelantal\/wp-json\/wp\/v2\/posts\/10338"}],"collection":[{"href":"https:\/\/blogs.lasprovincias.es\/historiascondelantal\/wp-json\/wp\/v2\/posts"}],"about":[{"href":"https:\/\/blogs.lasprovincias.es\/historiascondelantal\/wp-json\/wp\/v2\/types\/post"}],"author":[{"embeddable":true,"href":"https:\/\/blogs.lasprovincias.es\/historiascondelantal\/wp-json\/wp\/v2\/users\/23"}],"replies":[{"embeddable":true,"href":"https:\/\/blogs.lasprovincias.es\/historiascondelantal\/wp-json\/wp\/v2\/comments?post=10338"}],"version-history":[{"count":0,"href":"https:\/\/blogs.lasprovincias.es\/historiascondelantal\/wp-json\/wp\/v2\/posts\/10338\/revisions"}],"wp:attachment":[{"href":"https:\/\/blogs.lasprovincias.es\/historiascondelantal\/wp-json\/wp\/v2\/media?parent=10338"}],"wp:term":[{"taxonomy":"category","embeddable":true,"href":"https:\/\/blogs.lasprovincias.es\/historiascondelantal\/wp-json\/wp\/v2\/categories?post=10338"},{"taxonomy":"post_tag","embeddable":true,"href":"https:\/\/blogs.lasprovincias.es\/historiascondelantal\/wp-json\/wp\/v2\/tags?post=10338"}],"curies":[{"name":"wp","href":"https:\/\/api.w.org\/{rel}","templated":true}]}}