{"id":10347,"date":"2017-01-21T09:32:40","date_gmt":"2017-01-21T07:32:40","guid":{"rendered":"http:\/\/blogs.lasprovincias.es\/historiascondelantal\/?p=10347"},"modified":"2017-01-21T09:32:40","modified_gmt":"2017-01-21T07:32:40","slug":"platos-contra-el-frio","status":"publish","type":"post","link":"https:\/\/blogs.lasprovincias.es\/historiascondelantal\/2017\/01\/21\/platos-contra-el-frio\/","title":{"rendered":"Doce platos infalibles para combatir el fr\u00edo"},"content":{"rendered":"<p><a href=\"\/historiascondelantal\/wp-content\/uploads\/sites\/18\/2017\/01\/IMG_2209.jpeg\"><img loading=\"lazy\" class=\"aligncenter size-full wp-image-10349\" title=\"IMG_2209\" src=\"\/historiascondelantal\/wp-content\/uploads\/sites\/18\/2017\/01\/IMG_2209.jpeg\" alt=\"\" width=\"851\" height=\"315\" srcset=\"https:\/\/static-blogs.lasprovincias.es\/wp-content\/uploads\/sites\/18\/2017\/01\/IMG_2209.jpeg 851w, https:\/\/static-blogs.lasprovincias.es\/wp-content\/uploads\/sites\/18\/2017\/01\/IMG_2209-300x111.jpeg 300w, https:\/\/static-blogs.lasprovincias.es\/wp-content\/uploads\/sites\/18\/2017\/01\/IMG_2209-768x284.jpeg 768w\" sizes=\"(max-width: 851px) 100vw, 851px\" \/><\/a><\/p>\n<p><strong>Me asom\u00e9 a la ventana y vi caer la nieve.<\/strong> Nieve, nieve y m\u00e1s nieve&#8230;&#8221;<em>Sobre el pavimento helado, los copos de nieve ca\u00edan en silencio como una lluvia de infinitas plumas<\/em>&#8220;, escribi\u00f3\u00a0<strong>Haruki Murakami<\/strong>.<\/p>\n<p><a href=\"\/historiascondelantal\/wp-content\/uploads\/sites\/18\/2017\/01\/IMG_2786.jpg\"><img loading=\"lazy\" class=\"aligncenter size-full wp-image-10384\" title=\"IMG_2786\" src=\"\/historiascondelantal\/wp-content\/uploads\/sites\/18\/2017\/01\/IMG_2786.jpg\" alt=\"\" width=\"1024\" height=\"683\" srcset=\"https:\/\/static-blogs.lasprovincias.es\/wp-content\/uploads\/sites\/18\/2017\/01\/IMG_2786.jpg 1024w, https:\/\/static-blogs.lasprovincias.es\/wp-content\/uploads\/sites\/18\/2017\/01\/IMG_2786-300x200.jpg 300w, https:\/\/static-blogs.lasprovincias.es\/wp-content\/uploads\/sites\/18\/2017\/01\/IMG_2786-768x512.jpg 768w\" sizes=\"(max-width: 1024px) 100vw, 1024px\" \/><\/a><\/p>\n<p>La nieve me da hambre. Bueno, el fr\u00edo me da hambre. Y llena mi cabeza de platos c\u00e1lidos. Reconfortantes. La verdad es que tengo en mi subconsciente grabado un buen n\u00famero de ellos. De cuchara pr\u00e1cticamente todos. ahora mismo me comer\u00eda varios. Siempre fui un glot\u00f3n.<\/p>\n<p style=\"text-align: center;\"><span style=\"font-size: large; color: #ff0000;\">PLATOS CONTRA EL FR\u00cdO<\/span><\/p>\n<div id=\"attachment_10348\" style=\"width: 1034px\" class=\"wp-caption aligncenter\"><a href=\"\/historiascondelantal\/wp-content\/uploads\/sites\/18\/2017\/01\/garbanzos.png\"><img aria-describedby=\"caption-attachment-10348\" loading=\"lazy\" class=\" wp-image-10348\" title=\"garbanzos\" src=\"\/historiascondelantal\/wp-content\/uploads\/sites\/18\/2017\/01\/garbanzos-e1484924313843.png\" alt=\"\" width=\"1024\" height=\"673\" srcset=\"https:\/\/static-blogs.lasprovincias.es\/wp-content\/uploads\/sites\/18\/2017\/01\/garbanzos-e1484924313843.png 1322w, https:\/\/static-blogs.lasprovincias.es\/wp-content\/uploads\/sites\/18\/2017\/01\/garbanzos-e1484924313843-300x197.png 300w, https:\/\/static-blogs.lasprovincias.es\/wp-content\/uploads\/sites\/18\/2017\/01\/garbanzos-e1484924313843-768x505.png 768w, https:\/\/static-blogs.lasprovincias.es\/wp-content\/uploads\/sites\/18\/2017\/01\/garbanzos-e1484924313843-1024x673.png 1024w\" sizes=\"(max-width: 1024px) 100vw, 1024px\" \/><\/a><p id=\"caption-attachment-10348\" class=\"wp-caption-text\">Foto cedida por Maribel Climent. El Cabanyal.<\/p><\/div>\n<p>Tambi\u00e9n tengo grabados algunos platos que me hablan del fr\u00edo. De hecho, muchos son nieve. O un homenaje a la nieve. El primero que me viene a la cabeza es de <strong>Kiko Moya<\/strong>. No es por casualidad. En L&#8217;Escaleta saben muy bien lo que es el tiempo g\u00e9lido y las nevadas. De hecho esta semana han tenido que cerrar por las complicaciones en la carretera. Uno de los \u00faltimos platos con nieve que he probado es de <strong>Quique Dacosta<\/strong>. De melocot\u00f3n. Hay muchos m\u00e1s. Te los voy a ir desvelando.<\/p>\n<p style=\"text-align: center;\"><span style=\"color: #ff0000; font-size: large;\">PLATOS CON NIEVE<\/span><\/p>\n<p style=\"text-align: center;\"><a href=\"\/historiascondelantal\/wp-content\/uploads\/sites\/18\/2017\/01\/IMG_9290.jpg\"><img loading=\"lazy\" class=\"aligncenter size-full wp-image-10351\" title=\"IMG_9290\" src=\"\/historiascondelantal\/wp-content\/uploads\/sites\/18\/2017\/01\/IMG_9290.jpg\" alt=\"\" width=\"1024\" height=\"683\" srcset=\"https:\/\/static-blogs.lasprovincias.es\/wp-content\/uploads\/sites\/18\/2017\/01\/IMG_9290.jpg 1024w, https:\/\/static-blogs.lasprovincias.es\/wp-content\/uploads\/sites\/18\/2017\/01\/IMG_9290-300x200.jpg 300w, https:\/\/static-blogs.lasprovincias.es\/wp-content\/uploads\/sites\/18\/2017\/01\/IMG_9290-768x512.jpg 768w\" sizes=\"(max-width: 1024px) 100vw, 1024px\" \/><\/a><\/p>\n<p>\u00a0<!--more--><\/p>\n<p>De ambas cosas, de hecho, te voy a hablar. Si te apetece encendemos la chimenea y, junto al fuego, abrimos el \u00e1lbum de fotos e invitamos a un pu\u00f1ado de amigos a que se sienten con nosotros y \u00a0nos cocinen platos contra el fr\u00edo. \u00bfQu\u00e9 tal una decena de ellos? Platos al fuego que luchen contra el invierno. Fuego, cocina, calidez&#8230;<\/p>\n<p><a href=\"\/historiascondelantal\/wp-content\/uploads\/sites\/18\/2017\/01\/IMG_2220.jpg\"><img loading=\"lazy\" class=\"aligncenter size-large wp-image-10380\" title=\"IMG_2220\" src=\"\/historiascondelantal\/wp-content\/uploads\/sites\/18\/2017\/01\/IMG_2220.jpg\" alt=\"\" width=\"1024\" height=\"767\" srcset=\"https:\/\/static-blogs.lasprovincias.es\/wp-content\/uploads\/sites\/18\/2017\/01\/IMG_2220.jpg 1043w, https:\/\/static-blogs.lasprovincias.es\/wp-content\/uploads\/sites\/18\/2017\/01\/IMG_2220-300x225.jpg 300w, https:\/\/static-blogs.lasprovincias.es\/wp-content\/uploads\/sites\/18\/2017\/01\/IMG_2220-768x576.jpg 768w, https:\/\/static-blogs.lasprovincias.es\/wp-content\/uploads\/sites\/18\/2017\/01\/IMG_2220-1024x768.jpg 1024w\" sizes=\"(max-width: 1024px) 100vw, 1024px\" \/><\/a><\/p>\n<p>&nbsp;<\/p>\n<p style=\"text-align: center;\"><span style=\"font-size: large;\">\u03b6<\/span><\/p>\n<address style=\"text-align: center;\"><strong>SERGIO SIERRA<\/strong><\/address>\n<address style=\"text-align: center;\"><strong><\/strong><span style=\"color: #808080;\">EL PORTAL. ALICANTE<\/span><strong><span style=\"color: #808080;\">.<\/span> <\/strong><\/address>\n<p style=\"text-align: center;\"><span style=\"text-decoration: underline;\"><span style=\"font-size: medium;\"><strong><span style=\"color: #ff0000; text-decoration: underline;\">GIRABOIX<\/span><\/strong><\/span><\/span><\/p>\n<p><strong><span style=\"color: #888888;\">-\u00a1Sergio! \u00bfme echas un cable?<\/span><\/strong><\/p>\n<p><strong><span style=\"color: #888888;\">-Claro, encantado de compartir mesa con otros compa\u00f1eros.<\/span><\/strong><\/p>\n<p>Le propuse a Sergio Sierra que nos cocinara su plato contra el fr\u00edo. No es casualidad que acuda a \u00e9l. El chef del restaurante El Portal \u00a0<strong>(El Portal Taberna &#038; Wines<\/strong>)\u00a0se ha convertido ya en una referencia nacional y no son pocos los que reclaman para \u00e9l un hueco en el firmamento Michelin.<\/p>\n<p>El cocinero entr\u00f3 sin dudarlo en el juego. &#8220;Te contamos como lo contamos en el Bistrot, donde trabajamos el concepto de cocina de recuperaci\u00f3n de recetas tradicionales de la provincia de Alicante y producto de todo el Mediterr\u00e1neo, sin olvidarnos del producto de temporada, sea cual sea su procedencia&#8221;, explic\u00f3.<\/p>\n<div id=\"attachment_10352\" style=\"width: 692px\" class=\"wp-caption aligncenter\"><a href=\"\/historiascondelantal\/wp-content\/uploads\/sites\/18\/2017\/01\/LF2MPVA1-1.jpg\"><img aria-describedby=\"caption-attachment-10352\" loading=\"lazy\" class=\"size-large wp-image-10352\" title=\"DOCU_LP\" src=\"\/historiascondelantal\/wp-content\/uploads\/sites\/18\/2017\/01\/LF2MPVA1-1.jpg\" alt=\"\" width=\"682\" height=\"1024\" srcset=\"https:\/\/static-blogs.lasprovincias.es\/wp-content\/uploads\/sites\/18\/2017\/01\/LF2MPVA1-1.jpg 960w, https:\/\/static-blogs.lasprovincias.es\/wp-content\/uploads\/sites\/18\/2017\/01\/LF2MPVA1-1-200x300.jpg 200w, https:\/\/static-blogs.lasprovincias.es\/wp-content\/uploads\/sites\/18\/2017\/01\/LF2MPVA1-1-768x1152.jpg 768w, https:\/\/static-blogs.lasprovincias.es\/wp-content\/uploads\/sites\/18\/2017\/01\/LF2MPVA1-1-683x1024.jpg 683w\" sizes=\"(max-width: 682px) 100vw, 682px\" \/><\/a><p id=\"caption-attachment-10352\" class=\"wp-caption-text\">Sergio con su socio, Carlos Bosch, en una imagen de archivo. LP.<\/p><\/div>\n<p>Sergio trae hasta la mesa <strong>un plato t\u00edpico de la zona de Xixona<\/strong>, que como siempre tiene esas versiones propias que existen en cada casa. Un plato de cuchara que se compone de <strong>penca, acelga, alubias blancas, bacalao y partes del cerdo, generalmente blanquet<\/strong>&#8230; &#8220;Elaboramos un caldo con todos estos ingredientes, luego lo presentamos en el plato, las alubias cocidas en el caldo, la penca salteada con el blanquet; la hoja de acelga la rellenamos de una brandada de bacalao con morcilla, ya que en algunas zonas del Vinalop\u00f3 se elabora el cocido de Pascua que es igual que el Giraboix pero con morcilla&#8221;, relat\u00f3, culminando su elaboraci\u00f3n con un all i oli de \u00f1ora y pan, &#8220;ya que el all i oli es lo que nos hace ligar ese guiso como es el Giraboix&#8221;. El plato se termina en la mesa con su caldo muy desgrasado. Y \u00e9ste es su resultado&#8230;<\/p>\n<div id=\"attachment_10354\" style=\"width: 1034px\" class=\"wp-caption aligncenter\"><a href=\"\/historiascondelantal\/wp-content\/uploads\/sites\/18\/2017\/01\/Giraboix.jpg\"><img aria-describedby=\"caption-attachment-10354\" loading=\"lazy\" class=\"size-large wp-image-10354 \" title=\"Giraboix\" src=\"\/historiascondelantal\/wp-content\/uploads\/sites\/18\/2017\/01\/Giraboix.jpg\" alt=\"\" width=\"1024\" height=\"706\" srcset=\"https:\/\/static-blogs.lasprovincias.es\/wp-content\/uploads\/sites\/18\/2017\/01\/Giraboix.jpg 2048w, https:\/\/static-blogs.lasprovincias.es\/wp-content\/uploads\/sites\/18\/2017\/01\/Giraboix-300x207.jpg 300w, https:\/\/static-blogs.lasprovincias.es\/wp-content\/uploads\/sites\/18\/2017\/01\/Giraboix-768x530.jpg 768w, https:\/\/static-blogs.lasprovincias.es\/wp-content\/uploads\/sites\/18\/2017\/01\/Giraboix-1024x706.jpg 1024w\" sizes=\"(max-width: 1024px) 100vw, 1024px\" \/><\/a><p id=\"caption-attachment-10354\" class=\"wp-caption-text\">Foto cedida por Sergio Sierra\/El Portal<\/p><\/div>\n<p>&nbsp;<\/p>\n<div id=\"attachment_10355\" style=\"width: 693px\" class=\"wp-caption aligncenter\"><a href=\"\/historiascondelantal\/wp-content\/uploads\/sites\/18\/2017\/01\/giraboix-1.jpg\"><img aria-describedby=\"caption-attachment-10355\" loading=\"lazy\" class=\"size-full wp-image-10355\" title=\"E\" src=\"\/historiascondelantal\/wp-content\/uploads\/sites\/18\/2017\/01\/giraboix-1.jpg\" alt=\"Foto cedida por Sergio Sierra\/El Portal\" width=\"683\" height=\"1024\" srcset=\"https:\/\/static-blogs.lasprovincias.es\/wp-content\/uploads\/sites\/18\/2017\/01\/giraboix-1.jpg 683w, https:\/\/static-blogs.lasprovincias.es\/wp-content\/uploads\/sites\/18\/2017\/01\/giraboix-1-200x300.jpg 200w\" sizes=\"(max-width: 683px) 100vw, 683px\" \/><\/a><p id=\"caption-attachment-10355\" class=\"wp-caption-text\">Foto cedida por Sergio Sierra\/El Portal<\/p><\/div>\n<p>Con Sergio, adem\u00e1s de compartir esta mesa, tenemos que hacer una buena historia. As\u00ed que vamos a ir poniendo a punto el delantal para volar hasta su casa.<\/p>\n<p>&nbsp;<\/p>\n<address style=\"text-align: center;\"><strong>RA\u00daL RESINO<\/strong><\/address>\n<address style=\"text-align: center;\"><strong><\/strong><span style=\"color: #808080;\">BENICARL\u00d3.<\/span><\/address>\n<p style=\"text-align: center;\"><span style=\"text-decoration: underline;\"><span style=\"font-size: large;\"><strong><span style=\"color: #ff0000; text-decoration: underline;\">CREMA DE CIGALAS<\/span><\/strong><\/span><\/span><\/p>\n<p>Ra\u00fal Resino, que hace apenas unos meses regresaba a su restaurante <strong>con una estrella Michelin en la solap<\/strong>a, se sienta tambi\u00e9n en nuestra mesa para entrar en calor. &#8220;Venga, cocina algo&#8221;, le pido.\u00a0 Con su extrema amabilidad acepta y opta por uno de sus cl\u00e1sicos. &#8220;Te voy a preparar nuestra c<strong>rema de cigalas infusionada con lemon-gras, sobre quinoa marina<\/strong>. \u00a0Lleva m\u00e1s de 10 a\u00f1os conmigo; fue el entrante que presente en la final del Concurso Cocinero del a\u00f1o&#8221;, me cont\u00f3. A m\u00ed, incluir en este men\u00fa un plato con tanta historia me emociona.<\/p>\n<p><a href=\"\/historiascondelantal\/wp-content\/uploads\/sites\/18\/2017\/01\/ra\u00fal1.jpg\"><img loading=\"lazy\" class=\"aligncenter size-full wp-image-10357\" title=\"DOCU_LP\" src=\"\/historiascondelantal\/wp-content\/uploads\/sites\/18\/2017\/01\/ra\u00fal1.jpg\" alt=\"\" width=\"960\" height=\"640\" \/><\/a><\/p>\n<p>&#8220;Es una crema concentrada y ligera, \u00a0sin l\u00e1cteos, con mucho sabor a cigalas, que sale muy caliente en jarrita, y se sirve delante del comensal sobre una corona de quinoa con diferentes algas&#8221;, me relat\u00f3..<\/p>\n<div style=\"width: 734px\" class=\"wp-caption aligncenter\"><a href=\"\/historiascondelantal\/wp-content\/uploads\/sites\/18\/2017\/01\/cremajesus.png\"><img loading=\"lazy\" title=\"cremajesus\" src=\"\/historiascondelantal\/wp-content\/uploads\/sites\/18\/2017\/01\/cremajesus.png\" alt=\"\" width=\"724\" height=\"482\" \/><\/a><p class=\"wp-caption-text\">Foto cedida por Ra\u00fal Resino.<\/p><\/div>\n<p>Resino me cuenta que han aprovechado las vacaciones para hacer cambios en el local y que han empezado las <strong>&#8216;Jornadas de la Alcachofa D.O Benicarl\u00f3 VS El mar&#8217;.<\/strong> (Por si te interesa: Un men\u00fa de 19 platos que estar\u00e1 hasta el 15 de marzo, entre ellos la crema de cigalas).<\/p>\n<div id=\"attachment_10381\" style=\"width: 970px\" class=\"wp-caption aligncenter\"><a href=\"\/historiascondelantal\/wp-content\/uploads\/sites\/18\/2017\/01\/15825834_946324398831778_7812016798854013253_n-copia.jpg\"><img aria-describedby=\"caption-attachment-10381\" loading=\"lazy\" class=\"size-full wp-image-10381\" title=\"15825834_946324398831778_7812016798854013253_n - copia\" src=\"\/historiascondelantal\/wp-content\/uploads\/sites\/18\/2017\/01\/15825834_946324398831778_7812016798854013253_n-copia.jpg\" alt=\"\" width=\"960\" height=\"960\" srcset=\"https:\/\/static-blogs.lasprovincias.es\/wp-content\/uploads\/sites\/18\/2017\/01\/15825834_946324398831778_7812016798854013253_n-copia.jpg 960w, https:\/\/static-blogs.lasprovincias.es\/wp-content\/uploads\/sites\/18\/2017\/01\/15825834_946324398831778_7812016798854013253_n-copia-150x150.jpg 150w, https:\/\/static-blogs.lasprovincias.es\/wp-content\/uploads\/sites\/18\/2017\/01\/15825834_946324398831778_7812016798854013253_n-copia-300x300.jpg 300w, https:\/\/static-blogs.lasprovincias.es\/wp-content\/uploads\/sites\/18\/2017\/01\/15825834_946324398831778_7812016798854013253_n-copia-768x768.jpg 768w\" sizes=\"(max-width: 960px) 100vw, 960px\" \/><\/a><p id=\"caption-attachment-10381\" class=\"wp-caption-text\">Foto cedida por Ra\u00fal Resino.<\/p><\/div>\n<p>&nbsp;<\/p>\n<address style=\"text-align: center;\"><strong>MARIBEL CLIMENT<\/strong><\/address>\n<address style=\"text-align: center;\"><strong><\/strong><em><span style=\"color: #808080;\">EL CABANYAL<\/span><\/em><\/address>\n<p style=\"text-align: center;\"><em><\/em><span style=\"text-decoration: underline;\"><span style=\"color: #ff0000; font-size: large; text-decoration: underline;\"><strong>MERLUZA DE PINCHO SOBRE POTAJE MARINERO<\/strong><\/span><\/span><\/p>\n<p>Como si esto fuera el mapa del temporal, hemos paseado por el mapa de sur a norte, y ahora regresamos a Valencia. Y mira, quer\u00eda invitar a alguien que hac\u00eda tiempo que no aparec\u00eda por el Pa\u00eds de las Gastrosof\u00edas y que sigue dando batalla a diario desde esa casa en la que te sientes como en el comedor de la tuya. <strong>Sabor y esencia del Cabanyal.<\/strong><\/p>\n<p><span style=\"color: #888888;\"><strong>-Maribel, \u00bfme preparas un guiso de los vuestros?<\/strong><\/span><\/p>\n<p><span style=\"color: #888888;\"><strong>-\u00a1Claro que quiero!<\/strong><\/span><\/p>\n<p>Y tanto, porque me propuso un par de platos de los que te dan ganas de salir volando hacia su casa. Uno de ellos, el <strong>sepionet encebollado con blanquet<\/strong>, que te aseguro se me antoj\u00f3 bien apetitoso para empezar.<\/p>\n<div id=\"attachment_10359\" style=\"width: 1034px\" class=\"wp-caption aligncenter\"><a href=\"\/historiascondelantal\/wp-content\/uploads\/sites\/18\/2017\/01\/sepionet.jpg\"><img aria-describedby=\"caption-attachment-10359\" loading=\"lazy\" class=\"size-large wp-image-10359\" title=\"sepionet\" src=\"\/historiascondelantal\/wp-content\/uploads\/sites\/18\/2017\/01\/sepionet.jpg\" alt=\"\" width=\"1024\" height=\"576\" srcset=\"https:\/\/static-blogs.lasprovincias.es\/wp-content\/uploads\/sites\/18\/2017\/01\/sepionet.jpg 2048w, https:\/\/static-blogs.lasprovincias.es\/wp-content\/uploads\/sites\/18\/2017\/01\/sepionet-300x169.jpg 300w, https:\/\/static-blogs.lasprovincias.es\/wp-content\/uploads\/sites\/18\/2017\/01\/sepionet-768x432.jpg 768w, https:\/\/static-blogs.lasprovincias.es\/wp-content\/uploads\/sites\/18\/2017\/01\/sepionet-1024x576.jpg 1024w\" sizes=\"(max-width: 1024px) 100vw, 1024px\" \/><\/a><p id=\"caption-attachment-10359\" class=\"wp-caption-text\">Foto cedida por Maribel Climent\/ El Cabanyal<\/p><\/div>\n<p>El otro, el que he escogido para los invitados -o sea para que juntos lo disfrutemos-, la <strong>merluza de pincho sobre potaje marinero<\/strong>. \u00a1No me digas que con ellos no se lleva mejor el invierno!<\/p>\n<p><a href=\"\/historiascondelantal\/wp-content\/uploads\/sites\/18\/2017\/01\/16144214_361845810862013_370565157_n.png\"><img loading=\"lazy\" class=\"aligncenter size-full wp-image-10360\" title=\"16144214_361845810862013_370565157_n\" src=\"\/historiascondelantal\/wp-content\/uploads\/sites\/18\/2017\/01\/16144214_361845810862013_370565157_n.png\" alt=\"\" width=\"943\" height=\"960\" srcset=\"https:\/\/static-blogs.lasprovincias.es\/wp-content\/uploads\/sites\/18\/2017\/01\/16144214_361845810862013_370565157_n.png 943w, https:\/\/static-blogs.lasprovincias.es\/wp-content\/uploads\/sites\/18\/2017\/01\/16144214_361845810862013_370565157_n-295x300.png 295w, https:\/\/static-blogs.lasprovincias.es\/wp-content\/uploads\/sites\/18\/2017\/01\/16144214_361845810862013_370565157_n-768x782.png 768w\" sizes=\"(max-width: 943px) 100vw, 943px\" \/><\/a><\/p>\n<p>Lo cierto es que Maribel es de las que a diario disfruta con su casa y su cocina. Mima el producto y defiende la tradici\u00f3n. Hace ya un buen tiempo que estuve all\u00ed. Y, entre nosotros, tengo ganas de volver. \u00a0Como no pod\u00eda ser de otra manera.<\/p>\n<p>&nbsp;<\/p>\n<address style=\"text-align: center;\"><strong>PABLO MARG\u00d3S.<\/strong><\/address>\n<address style=\"text-align: center;\"><span style=\"color: #808080;\">LAS BAIRETAS. CHIVA.<\/span><\/address>\n<p style=\"text-align: center;\"><strong><span style=\"text-decoration: underline;\"><span style=\"color: #ff0000; font-size: large; text-decoration: underline;\">ARROZ CON TROMPETILLAS<\/span><\/span><\/strong><\/p>\n<p>Hablando de tradici\u00f3n, me dije que tendr\u00eda que incluir en el men\u00fa alg\u00fan arroz meloso que nos permitiera entrar en calor a toda velocidad. Y me puse manos a la obra con un cocinero joven, Pablo Marg\u00f3s, que junto a su familia est\u00e1n haciendo una gran labor por poner en valor los arroces valencianos. Le ped\u00ed uno y me propuso&#8230; &#8220;un <strong>arroz de colmenillas, boletus, shitakes y cigalitas de tierra<\/strong>&#8220;. Oye, siento ser repetitivo, pero \u00bfqui\u00e9n se resiste a esto?<\/p>\n<div id=\"attachment_10358\" style=\"width: 737px\" class=\"wp-caption aligncenter\"><a href=\"\/historiascondelantal\/wp-content\/uploads\/sites\/18\/2017\/01\/arroz-colemnillas.jpg\"><img aria-describedby=\"caption-attachment-10358\" loading=\"lazy\" class=\" wp-image-10358\" title=\"arroz colemnillas\" src=\"\/historiascondelantal\/wp-content\/uploads\/sites\/18\/2017\/01\/arroz-colemnillas.jpg\" alt=\"\" width=\"727\" height=\"669\" srcset=\"https:\/\/static-blogs.lasprovincias.es\/wp-content\/uploads\/sites\/18\/2017\/01\/arroz-colemnillas.jpg 727w, https:\/\/static-blogs.lasprovincias.es\/wp-content\/uploads\/sites\/18\/2017\/01\/arroz-colemnillas-300x276.jpg 300w\" sizes=\"(max-width: 727px) 100vw, 727px\" \/><\/a><p id=\"caption-attachment-10358\" class=\"wp-caption-text\">Foto cedida por Pablo Marg\u00f3s.<\/p><\/div>\n<p>&nbsp;<\/p>\n<address style=\"text-align: center;\"><strong>CASA JAIME.<\/strong><\/address>\n<address style=\"text-align: center;\"><span style=\"color: #808080;\">PE\u00d1\u00cdSCOLA.<\/span><\/address>\n<p style=\"text-align: center;\"><strong><span style=\"text-decoration: underline;\"><span style=\"font-size: large; color: #ff0000; text-decoration: underline;\">ARROZ MARINERO<\/span><\/span><\/strong><\/p>\n<p>Fue una casualidad, pero buscando platos contra el fr\u00edo y pensando con los arroces, me vinieron a la cabeza ellos, como no, que ya te coment\u00e9 que este a\u00f1o cumplir\u00e1n medio siglo de historia. Te hablo de Casa Jaime. Familia con delantal.<\/p>\n<div id=\"attachment_10379\" style=\"width: 1034px\" class=\"wp-caption aligncenter\"><a href=\"\/historiascondelantal\/wp-content\/uploads\/sites\/18\/2017\/01\/casajaimefoto3.jpg\"><img aria-describedby=\"caption-attachment-10379\" loading=\"lazy\" class=\" wp-image-10379\" title=\"casajaimefoto3\" src=\"\/historiascondelantal\/wp-content\/uploads\/sites\/18\/2017\/01\/casajaimefoto3.jpg\" alt=\"\" width=\"1024\" height=\"768\" srcset=\"https:\/\/static-blogs.lasprovincias.es\/wp-content\/uploads\/sites\/18\/2017\/01\/casajaimefoto3.jpg 1200w, https:\/\/static-blogs.lasprovincias.es\/wp-content\/uploads\/sites\/18\/2017\/01\/casajaimefoto3-300x225.jpg 300w, https:\/\/static-blogs.lasprovincias.es\/wp-content\/uploads\/sites\/18\/2017\/01\/casajaimefoto3-768x576.jpg 768w, https:\/\/static-blogs.lasprovincias.es\/wp-content\/uploads\/sites\/18\/2017\/01\/casajaimefoto3-1024x768.jpg 1024w\" sizes=\"(max-width: 1024px) 100vw, 1024px\" \/><\/a><p id=\"caption-attachment-10379\" class=\"wp-caption-text\">Foto cedida por Casa Jaime.<\/p><\/div>\n<p>Pues pensando con ellos, te dec\u00eda, vi que lanzaban un tentador tuit que lo dec\u00eda todo:<\/p>\n<p style=\"text-align: center;\"><strong>Para combatir el fr\u00edo que mejor que un Arroz caldoso de Pescadores con 4 tipos de Algas, langostinos, calamar y cigalas&#8230;\u00a0<\/strong><\/p>\n<p style=\"text-align: left;\">Y claro&#8230; secuestrado qued\u00f3 y en mi mesa te lo sirvo. Otro arroz contra el fr\u00edo.<\/p>\n<div id=\"attachment_10361\" style=\"width: 970px\" class=\"wp-caption aligncenter\"><a href=\"\/historiascondelantal\/wp-content\/uploads\/sites\/18\/2017\/01\/16174687_1327808327276264_2130876272630956748_n.jpg\"><img aria-describedby=\"caption-attachment-10361\" loading=\"lazy\" class=\"size-full wp-image-10361\" title=\"16174687_1327808327276264_2130876272630956748_n\" src=\"\/historiascondelantal\/wp-content\/uploads\/sites\/18\/2017\/01\/16174687_1327808327276264_2130876272630956748_n.jpg\" alt=\"\" width=\"960\" height=\"726\" srcset=\"https:\/\/static-blogs.lasprovincias.es\/wp-content\/uploads\/sites\/18\/2017\/01\/16174687_1327808327276264_2130876272630956748_n.jpg 960w, https:\/\/static-blogs.lasprovincias.es\/wp-content\/uploads\/sites\/18\/2017\/01\/16174687_1327808327276264_2130876272630956748_n-300x227.jpg 300w, https:\/\/static-blogs.lasprovincias.es\/wp-content\/uploads\/sites\/18\/2017\/01\/16174687_1327808327276264_2130876272630956748_n-768x581.jpg 768w\" sizes=\"(max-width: 960px) 100vw, 960px\" \/><\/a><p id=\"caption-attachment-10361\" class=\"wp-caption-text\">Foto propiedad Casa Jaime<\/p><\/div>\n<p>&nbsp;<\/p>\n<address style=\"text-align: center;\"><strong>CARLOS JULI\u00c1N<\/strong><\/address>\n<address style=\"text-align: center;\"><span style=\"color: #808080;\">RESTAURANTE AMPAR. VALENCIA.<\/span><\/address>\n<p style=\"text-align: center;\"><strong><span style=\"text-decoration: underline;\"><span style=\"font-size: large; color: #ff0000; text-decoration: underline;\">CREMA CAPUCHINA<\/span><\/span><\/strong><\/p>\n<p>Buscando buena gente para que nos pospusieran sus platos contra el fr\u00edo, di con Carlos Juli\u00e1n. Ni lo conozco, ni he probado su cocina. Pero me interes\u00f3 empezar a rastrear sobre \u00e9l, que para algo soy un superagente&#8230;. y adem\u00e1s, luego me tiran de las orejas (y con raz\u00f3n) por no ir incorporando nueva gente al clan de los del Delantal. En la actualidad es el chef del restaurante Ampar, dentro del Hospes Palau de la Mar. En su curriculum le\u00ed&#8230;.<\/p>\n<ul>\n<li><em>\u00b7 Concurso Arroces Creativos de escuelas de cocina_1r premio a nivel europeo.<\/em><\/li>\n<li><em>\u00b7 Concurso Cocina Tradicional y Creativa _1r permio a nivel municipal.<\/em><\/li>\n<li><em>\u00b7 Finalista Maestro de la Tapa 2016<\/em><\/li>\n<li><em>\u00b7 Concurso Cocina Creativa Madrid Fusi\u00f3n 2016_3er puesto a nivel nacional<\/em><\/li>\n<\/ul>\n<div><em><a href=\"\/historiascondelantal\/wp-content\/uploads\/sites\/18\/2017\/01\/IMG_5424.jpg\"><img loading=\"lazy\" class=\"size-full wp-image-10364\" title=\"IMG_5424\" src=\"\/historiascondelantal\/wp-content\/uploads\/sites\/18\/2017\/01\/IMG_5424.jpg\" alt=\"\" width=\"1024\" height=\"683\" srcset=\"https:\/\/static-blogs.lasprovincias.es\/wp-content\/uploads\/sites\/18\/2017\/01\/IMG_5424.jpg 1024w, https:\/\/static-blogs.lasprovincias.es\/wp-content\/uploads\/sites\/18\/2017\/01\/IMG_5424-300x200.jpg 300w, https:\/\/static-blogs.lasprovincias.es\/wp-content\/uploads\/sites\/18\/2017\/01\/IMG_5424-768x512.jpg 768w\" sizes=\"(max-width: 1024px) 100vw, 1024px\" \/><\/a><\/em><\/div>\n<p>Me lanc\u00e9, le ped\u00ed propuesta y de all\u00ed sali\u00f3 esta &#8220;<strong>Crema capuchina de alcachofas, espuma de mostaza\u00a0 y sus contrastes<\/strong>&#8220;. Es el primer paso, cualquier d\u00eda aterrizamos en su casa y a ver qu\u00e9 pasa&#8230;.\u00a0 (Por cierto, que la crema de alcachofas me fascina; de hecho siempre me viene a la cabeza la de Eneko Atxa).<\/p>\n<div id=\"attachment_10362\" style=\"width: 1034px\" class=\"wp-caption aligncenter\"><a href=\"\/historiascondelantal\/wp-content\/uploads\/sites\/18\/2017\/01\/d76d4563-0d33-4312-b449-6bc011d05dd3.jpg\"><img aria-describedby=\"caption-attachment-10362\" loading=\"lazy\" class=\"size-large wp-image-10362\" title=\"d76d4563-0d33-4312-b449-6bc011d05dd3\" src=\"\/historiascondelantal\/wp-content\/uploads\/sites\/18\/2017\/01\/d76d4563-0d33-4312-b449-6bc011d05dd3.jpg\" alt=\"\" width=\"1024\" height=\"768\" srcset=\"https:\/\/static-blogs.lasprovincias.es\/wp-content\/uploads\/sites\/18\/2017\/01\/d76d4563-0d33-4312-b449-6bc011d05dd3.jpg 1600w, https:\/\/static-blogs.lasprovincias.es\/wp-content\/uploads\/sites\/18\/2017\/01\/d76d4563-0d33-4312-b449-6bc011d05dd3-300x225.jpg 300w, https:\/\/static-blogs.lasprovincias.es\/wp-content\/uploads\/sites\/18\/2017\/01\/d76d4563-0d33-4312-b449-6bc011d05dd3-768x576.jpg 768w, https:\/\/static-blogs.lasprovincias.es\/wp-content\/uploads\/sites\/18\/2017\/01\/d76d4563-0d33-4312-b449-6bc011d05dd3-1024x768.jpg 1024w\" sizes=\"(max-width: 1024px) 100vw, 1024px\" \/><\/a><p id=\"caption-attachment-10362\" class=\"wp-caption-text\">Foto cedida por Carlos Juli\u00e1n.<\/p><\/div>\n<p>&nbsp;<\/p>\n<address style=\"text-align: center;\"><strong><span style=\"color: #000000;\">PABLO MINISTRO<\/span><\/strong><\/address>\n<address style=\"text-align: center;\"><span style=\"color: #808080;\">LITTLE QUEEN Y CONTRAPUNTO. VALENCIA<\/span><\/address>\n<p style=\"text-align: center;\"><span style=\"text-decoration: underline;\"><span style=\"font-size: large;\"><strong><span style=\"color: #ff0000; text-decoration: underline;\">OLE MIS HUEVOS<\/span><\/strong><\/span><\/span><\/p>\n<p>Carlos Juli\u00e1n tiene 32 a\u00f1os. Pablo Ministro es algo m\u00e1s joven. Unos 28, si no me mienten mis informes. Ya lo conocer\u00e1s porque lo inclu\u00ed en la lista de J\u00d3VENES PROMESAS de los fogones valencianos. \u00bfQu\u00e9 puede proponer un cocinero como \u00e9l para combatir el fr\u00edo?&#8221;. Le invit\u00e9 a sumarse al banquete invernal y me contest\u00f3, imagino que cuando termin\u00f3 el servicio, a eso de la una y media de la ma\u00f1ana con un contundente:<\/p>\n<p style=\"text-align: center;\"><strong>OLE MIS HUEVOS<\/strong><\/p>\n<div id=\"attachment_10365\" style=\"width: 1034px\" class=\"wp-caption aligncenter\"><a href=\"\/historiascondelantal\/wp-content\/uploads\/sites\/18\/2017\/01\/C2THpyOWIAAvTQQ.jpg\"><img aria-describedby=\"caption-attachment-10365\" loading=\"lazy\" class=\"size-large wp-image-10365\" title=\"C2THpyOWIAAvTQQ\" src=\"\/historiascondelantal\/wp-content\/uploads\/sites\/18\/2017\/01\/C2THpyOWIAAvTQQ.jpg\" alt=\"\" width=\"1024\" height=\"681\" srcset=\"https:\/\/static-blogs.lasprovincias.es\/wp-content\/uploads\/sites\/18\/2017\/01\/C2THpyOWIAAvTQQ.jpg 1199w, https:\/\/static-blogs.lasprovincias.es\/wp-content\/uploads\/sites\/18\/2017\/01\/C2THpyOWIAAvTQQ-300x200.jpg 300w, https:\/\/static-blogs.lasprovincias.es\/wp-content\/uploads\/sites\/18\/2017\/01\/C2THpyOWIAAvTQQ-768x511.jpg 768w, https:\/\/static-blogs.lasprovincias.es\/wp-content\/uploads\/sites\/18\/2017\/01\/C2THpyOWIAAvTQQ-1024x682.jpg 1024w\" sizes=\"(max-width: 1024px) 100vw, 1024px\" \/><\/a><p id=\"caption-attachment-10365\" class=\"wp-caption-text\">Foto cedida por Pablo Ministro\/TheLittleQueen.<\/p><\/div>\n<p>Este fue el plato, que desde luego tiene todas para fascinar. Y es que el huevo en s\u00ed, su yema, tiene una calidez en boca que es extraordinaria. Me fascinan esos platos en los que la yema acaba envolvi\u00e9ndolo todo&#8230;. Y s\u00ed, no olvido<a href=\"https:\/\/blogs.lasprovincias.es\/historiascondelantal\/2017\/01\/07\/manuel-alonso-la-cocina-del-sentimiento\/\" target=\"_blank\"> las angulas de Manuelo Alonso<\/a> servidas con su yema que prob\u00e9 a\u00fan no hace un mes y tengo tatuadas en la memoria.<\/p>\n<p><a href=\"\/historiascondelantal\/wp-content\/uploads\/sites\/18\/2017\/01\/huevos.jpg\"><img loading=\"lazy\" class=\"aligncenter size-full wp-image-10363\" title=\"huevos\" src=\"\/historiascondelantal\/wp-content\/uploads\/sites\/18\/2017\/01\/huevos.jpg\" alt=\"\" width=\"720\" height=\"540\" srcset=\"https:\/\/static-blogs.lasprovincias.es\/wp-content\/uploads\/sites\/18\/2017\/01\/huevos.jpg 720w, https:\/\/static-blogs.lasprovincias.es\/wp-content\/uploads\/sites\/18\/2017\/01\/huevos-300x225.jpg 300w\" sizes=\"(max-width: 720px) 100vw, 720px\" \/><\/a><\/p>\n<address style=\"text-align: center;\">\u00a0<\/address>\n<address style=\"text-align: center;\"><strong>DIEGO LASO.<\/strong><\/address>\n<address style=\"text-align: center;\"><span style=\"color: #999999;\">MOMIJI, VALENCIA<\/span><\/address>\n<p style=\"text-align: center;\"><span style=\"text-decoration: underline; color: #ff0000;\"><strong><span style=\"font-size: large;\">KARE RAISU<\/span><\/strong><\/span><\/p>\n<p>Pensando con esto del fr\u00edo, me pregunt\u00e9 qu\u00e9 servir\u00e1 un restaurante japon\u00e9s como<strong> Momiji<\/strong> (ya sabes, en los bajos de Col\u00f3n) para combatir el fr\u00edo. Porque a veces somos tan simples -Mister Cooking en estado puro- que no vamos m\u00e1s all\u00e1 de los sushis, niguiris y todo eso&#8230; Pues Diego, el gran Diego Laso, respondi\u00f3 con un plato contundente:\u00a0<strong> Kare raisu, curry al estilo japon\u00e9s (la versi\u00f3n japonesa del plato indio<\/strong>).<\/p>\n<div id=\"attachment_10367\" style=\"width: 1034px\" class=\"wp-caption aligncenter\"><a href=\"\/historiascondelantal\/wp-content\/uploads\/sites\/18\/2017\/01\/LF2KXE61.jpg\"><img aria-describedby=\"caption-attachment-10367\" loading=\"lazy\" class=\" wp-image-10367\" title=\"C\" src=\"\/historiascondelantal\/wp-content\/uploads\/sites\/18\/2017\/01\/LF2KXE61.jpg\" alt=\"\" width=\"1024\" height=\"683\" srcset=\"https:\/\/static-blogs.lasprovincias.es\/wp-content\/uploads\/sites\/18\/2017\/01\/LF2KXE61.jpg 1024w, https:\/\/static-blogs.lasprovincias.es\/wp-content\/uploads\/sites\/18\/2017\/01\/LF2KXE61-300x200.jpg 300w, https:\/\/static-blogs.lasprovincias.es\/wp-content\/uploads\/sites\/18\/2017\/01\/LF2KXE61-768x512.jpg 768w\" sizes=\"(max-width: 1024px) 100vw, 1024px\" \/><\/a><p id=\"caption-attachment-10367\" class=\"wp-caption-text\">Foto Irene Marsilla\/LP<\/p><\/div>\n<p>&#8220;Es uno de los platos m\u00e1s populares y consumidos en invierno en Jap\u00f3n. Un plato muy completo con <strong>arroz, verduras y carne, sano y con todos los nutrientes necesarios para luchar contra las bajas temperaturas<\/strong>&#8220;, me hicieron llegar desde la barra de este local que es pura energ\u00eda nipona en las entra\u00f1as del emblem\u00e1tico mercado modernista.<\/p>\n<div id=\"attachment_10366\" style=\"width: 778px\" class=\"wp-caption aligncenter\"><a href=\"\/historiascondelantal\/wp-content\/uploads\/sites\/18\/2017\/01\/Momiji.jpeg\"><img aria-describedby=\"caption-attachment-10366\" loading=\"lazy\" class=\" wp-image-10366\" title=\"Momiji\" src=\"\/historiascondelantal\/wp-content\/uploads\/sites\/18\/2017\/01\/Momiji.jpg\" alt=\"\" width=\"768\" height=\"1024\" \/><\/a><p id=\"caption-attachment-10366\" class=\"wp-caption-text\">Foto cedida por Momiji.<\/p><\/div>\n<p>Por cierto, decirte que Momiji renueva su imagen y, lo que es m\u00e1s importante, que empieza a ofrecer<strong> comida para lleva<\/strong>r. Lujazo, \u00bfverdad?<\/p>\n<p>&nbsp;<\/p>\n<address style=\"text-align: center;\"><strong>MAR\u00cdA JOS\u00c9 MART\u00cdNEZ.<\/strong><\/address>\n<address style=\"text-align: center;\"><span style=\"color: #999999;\">LIENZO<\/span><\/address>\n<p style=\"text-align: center;\"><span style=\"text-decoration: underline; font-size: large;\"><strong><span style=\"color: #ff0000; text-decoration: underline;\">GUISO DE MOLLEJAS<\/span><\/strong><\/span><\/p>\n<p>Vi el panorama culinario y me dije&#8230; me falta algo de intensidad. Potencia. Pens\u00e9, sin dudarlo, con el guiso de manitas de Mar\u00eda Jos\u00e9 Mart\u00ednez de Lienzo. Del que ya te he hablado en m\u00e1s de una ocasi\u00f3n.\u00a0 Y me dije&#8230; \u00bfa ver si nos sorprende?<\/p>\n<p><a href=\"\/historiascondelantal\/wp-content\/uploads\/sites\/18\/2017\/01\/IMG_11641.jpg\"><img loading=\"lazy\" class=\"aligncenter size-full wp-image-10369\" title=\"IMG_11641\" src=\"\/historiascondelantal\/wp-content\/uploads\/sites\/18\/2017\/01\/IMG_11641.jpg\" alt=\"\" width=\"1024\" height=\"768\" srcset=\"https:\/\/static-blogs.lasprovincias.es\/wp-content\/uploads\/sites\/18\/2017\/01\/IMG_11641.jpg 1024w, https:\/\/static-blogs.lasprovincias.es\/wp-content\/uploads\/sites\/18\/2017\/01\/IMG_11641-300x225.jpg 300w, https:\/\/static-blogs.lasprovincias.es\/wp-content\/uploads\/sites\/18\/2017\/01\/IMG_11641-768x576.jpg 768w\" sizes=\"(max-width: 1024px) 100vw, 1024px\" \/><\/a><\/p>\n<p>Y la joven murciana, que va haciendo camino -te he hablado en varias ocasiones de ella- me propuso un plato que debe estar bien rico.<strong> Guiso de mollejas de ternera con tub\u00e9rculo<\/strong>.<\/p>\n<div id=\"attachment_10368\" style=\"width: 970px\" class=\"wp-caption aligncenter\"><a href=\"\/historiascondelantal\/wp-content\/uploads\/sites\/18\/2017\/01\/46b4ba6d-70df-4250-a551-af863d02b30b.jpg\"><img aria-describedby=\"caption-attachment-10368\" loading=\"lazy\" class=\"size-full wp-image-10368\" title=\"46b4ba6d-70df-4250-a551-af863d02b30b\" src=\"\/historiascondelantal\/wp-content\/uploads\/sites\/18\/2017\/01\/46b4ba6d-70df-4250-a551-af863d02b30b.jpg\" alt=\"\" width=\"960\" height=\"720\" srcset=\"https:\/\/static-blogs.lasprovincias.es\/wp-content\/uploads\/sites\/18\/2017\/01\/46b4ba6d-70df-4250-a551-af863d02b30b.jpg 960w, https:\/\/static-blogs.lasprovincias.es\/wp-content\/uploads\/sites\/18\/2017\/01\/46b4ba6d-70df-4250-a551-af863d02b30b-300x225.jpg 300w, https:\/\/static-blogs.lasprovincias.es\/wp-content\/uploads\/sites\/18\/2017\/01\/46b4ba6d-70df-4250-a551-af863d02b30b-768x576.jpg 768w\" sizes=\"(max-width: 960px) 100vw, 960px\" \/><\/a><p id=\"caption-attachment-10368\" class=\"wp-caption-text\">Foto cedida por Lienzo.<\/p><\/div>\n<p>Uno de los cocineros invitados a este banquete solt\u00f3 al ver su aspecto:<\/p>\n<p style=\"text-align: center;\"><span style=\"color: #888888;\"><em><span style=\"font-size: large;\">&#8220;yo me tomar\u00eda uno de esos ahora; o dos&#8221;<\/span><\/em><\/span><\/p>\n<p style=\"text-align: right;\">Y yo, pens\u00e9.<\/p>\n<p>&nbsp;<\/p>\n<address style=\"text-align: center;\"><strong>RAKEL CERNICHARO<\/strong><\/address>\n<address style=\"text-align: center;\"><span style=\"color: #888888;\">KARAK. VALENCIA<\/span><\/address>\n<p style=\"text-align: center;\"><span style=\"text-decoration: underline;\"><span style=\"font-size: large; color: #ff0000; text-decoration: underline;\">CUELLO DE CORDERO<\/span><\/span><\/p>\n<p>Para finiquitar este paseo me fui de la tradici\u00f3n reinventada de Lienzo a la fusi\u00f3n apasionada de Rakel Cernicharo, por quien ya sabes proceso cierto cari\u00f1o desde que la conoc\u00ed. Y eso que tengo pendiente volver. Siempre tengo cosas pendientes&#8230;<\/p>\n<div id=\"attachment_10378\" style=\"width: 1034px\" class=\"wp-caption aligncenter\"><a href=\"\/historiascondelantal\/wp-content\/uploads\/sites\/18\/2017\/01\/54854491.jpg\"><img aria-describedby=\"caption-attachment-10378\" loading=\"lazy\" class=\" wp-image-10378\" title=\"C\" src=\"\/historiascondelantal\/wp-content\/uploads\/sites\/18\/2017\/01\/54854491.jpg\" alt=\"\" width=\"1024\" height=\"683\" srcset=\"https:\/\/static-blogs.lasprovincias.es\/wp-content\/uploads\/sites\/18\/2017\/01\/54854491.jpg 1024w, https:\/\/static-blogs.lasprovincias.es\/wp-content\/uploads\/sites\/18\/2017\/01\/54854491-300x200.jpg 300w, https:\/\/static-blogs.lasprovincias.es\/wp-content\/uploads\/sites\/18\/2017\/01\/54854491-768x512.jpg 768w\" sizes=\"(max-width: 1024px) 100vw, 1024px\" \/><\/a><p id=\"caption-attachment-10378\" class=\"wp-caption-text\">Foto Jes\u00fas Signes\/LP<\/p><\/div>\n<p>Me propuso la joven cocinera que reparte anarqu\u00eda bien llevada, un <strong>Cuello de cordero al curry tika masala con pan naan casero<\/strong>.\u00a0 La foto no es muy de all\u00e1, pero tiene buena pinta&#8230; y seguro que cumple con el objetivo.<\/p>\n<p><a href=\"\/historiascondelantal\/wp-content\/uploads\/sites\/18\/2017\/01\/55195e82-bee3-4686-bb1f-5c1c3a158c12.jpg\"><img loading=\"lazy\" class=\"aligncenter size-full wp-image-10370\" title=\"55195e82-bee3-4686-bb1f-5c1c3a158c12\" src=\"\/historiascondelantal\/wp-content\/uploads\/sites\/18\/2017\/01\/55195e82-bee3-4686-bb1f-5c1c3a158c12.jpg\" alt=\"\" width=\"862\" height=\"716\" srcset=\"https:\/\/static-blogs.lasprovincias.es\/wp-content\/uploads\/sites\/18\/2017\/01\/55195e82-bee3-4686-bb1f-5c1c3a158c12.jpg 862w, https:\/\/static-blogs.lasprovincias.es\/wp-content\/uploads\/sites\/18\/2017\/01\/55195e82-bee3-4686-bb1f-5c1c3a158c12-300x249.jpg 300w, https:\/\/static-blogs.lasprovincias.es\/wp-content\/uploads\/sites\/18\/2017\/01\/55195e82-bee3-4686-bb1f-5c1c3a158c12-768x638.jpg 768w\" sizes=\"(max-width: 862px) 100vw, 862px\" \/><\/a>Me envi\u00f3 un plato, por cierto, con nieve. S\u00ed, porque le pregunt\u00e9 tambi\u00e9n si ten\u00eda alg\u00fan plato con nieve&#8230; Y me propuso una ensalada de inverno:\u00a0Cebolla a la llama con espuma de mayonesa ahumada, agua de remolacha, coca de tomate en conserva y romero, granada, sardina confitada, uva, brotes de invierno, <strong>nieve de arbequina<\/strong> y agua de remolacha con jengibre.<\/p>\n<p><a href=\"\/historiascondelantal\/wp-content\/uploads\/sites\/18\/2017\/01\/9bc625f0-0ee0-4b44-b3a5-5b656e602938-e1484935185256.jpg\"><img loading=\"lazy\" class=\"aligncenter size-large wp-image-10371\" title=\"9bc625f0-0ee0-4b44-b3a5-5b656e602938\" src=\"\/historiascondelantal\/wp-content\/uploads\/sites\/18\/2017\/01\/9bc625f0-0ee0-4b44-b3a5-5b656e602938-e1484935185256.jpg\" alt=\"\" width=\"1024\" height=\"470\" srcset=\"https:\/\/static-blogs.lasprovincias.es\/wp-content\/uploads\/sites\/18\/2017\/01\/9bc625f0-0ee0-4b44-b3a5-5b656e602938-e1484935185256.jpg 1503w, https:\/\/static-blogs.lasprovincias.es\/wp-content\/uploads\/sites\/18\/2017\/01\/9bc625f0-0ee0-4b44-b3a5-5b656e602938-e1484935185256-300x138.jpg 300w, https:\/\/static-blogs.lasprovincias.es\/wp-content\/uploads\/sites\/18\/2017\/01\/9bc625f0-0ee0-4b44-b3a5-5b656e602938-e1484935185256-768x353.jpg 768w, https:\/\/static-blogs.lasprovincias.es\/wp-content\/uploads\/sites\/18\/2017\/01\/9bc625f0-0ee0-4b44-b3a5-5b656e602938-e1484935185256-1024x471.jpg 1024w\" sizes=\"(max-width: 1024px) 100vw, 1024px\" \/><\/a><\/p>\n<p>Eso me hizo recordar lo que ya te coment\u00e9, que hay muchos cocineros que ven en la nieve una fuente de inspiraci\u00f3n. Y en una b\u00fasqueda r\u00e1pida por mi \u00e1lbum de fotos di con varios.<\/p>\n<p style=\"text-align: center;\"><span style=\"font-size: x-large;\"><strong><span style=\"color: #ff0000;\">PLATOS CON NIEVE<\/span><\/strong><\/span><\/p>\n<p>Mi plato con nieve por excelencia lo serv\u00eda el chef con dos estrellas Michelin. Le llam\u00e9 el nevero. Creo que \u00e9l, lo denomin\u00f3 pasaje por la nieve. Y era eso. Un plato en el que una especie de sorbete hac\u00eda las veces de la nevada e iba acompa\u00f1ada de un sinf\u00edn de productos repletos de gui\u00f1os que te hablan de las monta\u00f1as alicantinas. De la Sierra de Mariola. Moras, hierbas encurtidas, bocados que te conectan cien por cien con el lugar. <a href=\"https:\/\/blogs.lasprovincias.es\/historiascondelantal\/2016\/03\/12\/lescaleta-viaje-a-la-gloria\/\" target=\"_blank\">Como toda su cocina<\/a>.<\/p>\n<p><a href=\"\/historiascondelantal\/wp-content\/uploads\/sites\/18\/2017\/01\/IMG_2788.jpg\"><img loading=\"lazy\" class=\"aligncenter size-full wp-image-10372\" title=\"IMG_2788\" src=\"\/historiascondelantal\/wp-content\/uploads\/sites\/18\/2017\/01\/IMG_2788.jpg\" alt=\"\" width=\"1024\" height=\"683\" srcset=\"https:\/\/static-blogs.lasprovincias.es\/wp-content\/uploads\/sites\/18\/2017\/01\/IMG_2788.jpg 1024w, https:\/\/static-blogs.lasprovincias.es\/wp-content\/uploads\/sites\/18\/2017\/01\/IMG_2788-300x200.jpg 300w, https:\/\/static-blogs.lasprovincias.es\/wp-content\/uploads\/sites\/18\/2017\/01\/IMG_2788-768x512.jpg 768w\" sizes=\"(max-width: 1024px) 100vw, 1024px\" \/><\/a><\/p>\n<p>No es el \u00fanico. Recuerdo, de mis \u00faltimas expediciones:<\/p>\n<p>&#8211;<strong>Nieve de rosa e hibiscos<\/strong> de Manuel Alonso. Que es como si nevara en un jard\u00edn y te lo comieras.<\/p>\n<p><a href=\"\/historiascondelantal\/wp-content\/uploads\/sites\/18\/2017\/01\/Nueve-hibisco-Manolo-Alonso.jpg\"><img loading=\"lazy\" class=\"aligncenter size-full wp-image-10373\" title=\"Nueve hibisco Manolo Alonso\" src=\"\/historiascondelantal\/wp-content\/uploads\/sites\/18\/2017\/01\/Nueve-hibisco-Manolo-Alonso.jpg\" alt=\"\" width=\"1024\" height=\"683\" srcset=\"https:\/\/static-blogs.lasprovincias.es\/wp-content\/uploads\/sites\/18\/2017\/01\/Nueve-hibisco-Manolo-Alonso.jpg 1024w, https:\/\/static-blogs.lasprovincias.es\/wp-content\/uploads\/sites\/18\/2017\/01\/Nueve-hibisco-Manolo-Alonso-300x200.jpg 300w, https:\/\/static-blogs.lasprovincias.es\/wp-content\/uploads\/sites\/18\/2017\/01\/Nueve-hibisco-Manolo-Alonso-768x512.jpg 768w\" sizes=\"(max-width: 1024px) 100vw, 1024px\" \/><\/a><\/p>\n<p>&#8211;<strong>Nieve de melocot\u00f3n<\/strong> de Quique Dacosta, que es un juego de sabores que te limpia y te divierte.<\/p>\n<p><a href=\"\/historiascondelantal\/wp-content\/uploads\/sites\/18\/2017\/01\/IMG-20161209-WA0052.jpg\"><img loading=\"lazy\" class=\"aligncenter size-large wp-image-10374\" title=\"IMG-20161209-WA0052\" src=\"\/historiascondelantal\/wp-content\/uploads\/sites\/18\/2017\/01\/IMG-20161209-WA0052.jpg\" alt=\"\" width=\"1024\" height=\"576\" srcset=\"https:\/\/static-blogs.lasprovincias.es\/wp-content\/uploads\/sites\/18\/2017\/01\/IMG-20161209-WA0052.jpg 1328w, https:\/\/static-blogs.lasprovincias.es\/wp-content\/uploads\/sites\/18\/2017\/01\/IMG-20161209-WA0052-300x169.jpg 300w, https:\/\/static-blogs.lasprovincias.es\/wp-content\/uploads\/sites\/18\/2017\/01\/IMG-20161209-WA0052-768x432.jpg 768w, https:\/\/static-blogs.lasprovincias.es\/wp-content\/uploads\/sites\/18\/2017\/01\/IMG-20161209-WA0052-1024x576.jpg 1024w\" sizes=\"(max-width: 1024px) 100vw, 1024px\" \/><\/a><\/p>\n<p>&#8211;<strong>Nieve de jengibre<\/strong> que acompa\u00f1a una ensalada que me sirvi\u00f3 Sergio Giraldo en su \u00e9poca de Q&#8217;Tomas.<\/p>\n<p><a href=\"\/historiascondelantal\/wp-content\/uploads\/sites\/18\/2017\/01\/IMG_09191.jpg\"><img loading=\"lazy\" class=\"aligncenter size-full wp-image-10375\" title=\"IMG_09191\" src=\"\/historiascondelantal\/wp-content\/uploads\/sites\/18\/2017\/01\/IMG_09191.jpg\" alt=\"\" width=\"640\" height=\"480\" srcset=\"https:\/\/static-blogs.lasprovincias.es\/wp-content\/uploads\/sites\/18\/2017\/01\/IMG_09191.jpg 640w, https:\/\/static-blogs.lasprovincias.es\/wp-content\/uploads\/sites\/18\/2017\/01\/IMG_09191-300x225.jpg 300w\" sizes=\"(max-width: 640px) 100vw, 640px\" \/><\/a><\/p>\n<p>-O la <strong>nieve de Turr\u00f3n<\/strong>, aunque quiz\u00e1 el lo vea m\u00e1s como tierra, de Brel, que elabora Gregory Rome. Que por cierto es el pr\u00f3ximo protagonista de Historias Con Delantal, ahora que anda batallando por ser el cocinero revelaci\u00f3n de 2017 en Madrid Fusi\u00f3n.<\/p>\n<p><a href=\"\/historiascondelantal\/wp-content\/uploads\/sites\/18\/2017\/01\/IMG_9461.jpg\"><img loading=\"lazy\" class=\"aligncenter size-full wp-image-10376\" title=\"IMG_9461\" src=\"\/historiascondelantal\/wp-content\/uploads\/sites\/18\/2017\/01\/IMG_9461.jpg\" alt=\"\" width=\"1024\" height=\"683\" srcset=\"https:\/\/static-blogs.lasprovincias.es\/wp-content\/uploads\/sites\/18\/2017\/01\/IMG_9461.jpg 1024w, https:\/\/static-blogs.lasprovincias.es\/wp-content\/uploads\/sites\/18\/2017\/01\/IMG_9461-300x200.jpg 300w, https:\/\/static-blogs.lasprovincias.es\/wp-content\/uploads\/sites\/18\/2017\/01\/IMG_9461-768x512.jpg 768w\" sizes=\"(max-width: 1024px) 100vw, 1024px\" \/><\/a><\/p>\n<p>En cualquier caso, nada como<strong> las lentejas de mi madre<\/strong>, que antes fueron de mi abuela y hasta yo intento copiar (con poco \u00e9xito). Igual las he mitificado. O no. Pero cuando hace fr\u00edo&#8230;. Eso s\u00ed, como no las tengo, me conformo con las de<strong> La Pitanza<\/strong>. Ya sabes que son amigos de la casa.<a href=\"https:\/\/blogs.lasprovincias.es\/historiascondelantal\/2016\/10\/23\/lapitanza\/\" target=\"_blank\"> De sus platos de cuchara ya te habl\u00e9<\/a>. Mi top, en cualquier caso, es el arroz meloso con cocochas.<\/p>\n<div id=\"attachment_10383\" style=\"width: 1034px\" class=\"wp-caption aligncenter\"><a href=\"\/historiascondelantal\/wp-content\/uploads\/sites\/18\/2017\/01\/IMG_2221.jpg\"><img aria-describedby=\"caption-attachment-10383\" loading=\"lazy\" class=\" wp-image-10383\" title=\"IMG_2221\" src=\"\/historiascondelantal\/wp-content\/uploads\/sites\/18\/2017\/01\/IMG_2221.jpg\" alt=\"\" width=\"1024\" height=\"682\" srcset=\"https:\/\/static-blogs.lasprovincias.es\/wp-content\/uploads\/sites\/18\/2017\/01\/IMG_2221.jpg 1600w, https:\/\/static-blogs.lasprovincias.es\/wp-content\/uploads\/sites\/18\/2017\/01\/IMG_2221-300x200.jpg 300w, https:\/\/static-blogs.lasprovincias.es\/wp-content\/uploads\/sites\/18\/2017\/01\/IMG_2221-768x512.jpg 768w, https:\/\/static-blogs.lasprovincias.es\/wp-content\/uploads\/sites\/18\/2017\/01\/IMG_2221-1024x683.jpg 1024w\" sizes=\"(max-width: 1024px) 100vw, 1024px\" \/><\/a><p id=\"caption-attachment-10383\" class=\"wp-caption-text\">Foto cedida por La Pitanza.<\/p><\/div>\n<p>Con esto me despido. Os dejo frente a la chimenea. Bien servidos y con un platito de <strong>nieve real, canela y az\u00facar<\/strong> (en este caso moreno) que me dice una amiga que est\u00e1 muy rico y que es un cl\u00e1sico de su abuela&#8230; Yo no s\u00e9 la verdad&#8230; pero me gustan estas cosas. \u00a1Viva la gastrosof\u00eda!<\/p>\n<p><a href=\"\/historiascondelantal\/wp-content\/uploads\/sites\/18\/2017\/01\/3f580c47-5951-494d-afba-e129a517cdbe.jpg\"><img loading=\"lazy\" class=\"aligncenter size-large wp-image-10377\" title=\"3f580c47-5951-494d-afba-e129a517cdbe\" src=\"\/historiascondelantal\/wp-content\/uploads\/sites\/18\/2017\/01\/3f580c47-5951-494d-afba-e129a517cdbe.jpg\" alt=\"\" width=\"1024\" height=\"614\" srcset=\"https:\/\/static-blogs.lasprovincias.es\/wp-content\/uploads\/sites\/18\/2017\/01\/3f580c47-5951-494d-afba-e129a517cdbe.jpg 1600w, https:\/\/static-blogs.lasprovincias.es\/wp-content\/uploads\/sites\/18\/2017\/01\/3f580c47-5951-494d-afba-e129a517cdbe-300x180.jpg 300w, https:\/\/static-blogs.lasprovincias.es\/wp-content\/uploads\/sites\/18\/2017\/01\/3f580c47-5951-494d-afba-e129a517cdbe-768x461.jpg 768w, https:\/\/static-blogs.lasprovincias.es\/wp-content\/uploads\/sites\/18\/2017\/01\/3f580c47-5951-494d-afba-e129a517cdbe-1024x614.jpg 1024w\" sizes=\"(max-width: 1024px) 100vw, 1024px\" \/><\/a><\/p>\n<p>&nbsp;<\/p>\n<p>Y atenci\u00f3n, que la pr\u00f3xima semana va a venir cargada. Madrid Fusi\u00f3n y una intensa hoja de ruta de investigaciones marcar\u00e1 <span style=\"font-size: large; color: #ffcc00;\"><strong>#ElDiariodeMrCooking<\/strong><\/span><span style=\"font-size: large; color: #999999;\">2017<\/span>. Ya sabes, donde la gastronom\u00eda se cuenta de otra manera.<\/p>\n<p><a href=\"\/historiascondelantal\/wp-content\/uploads\/sites\/18\/2017\/01\/FullSizeRender2.jpg\"><img loading=\"lazy\" class=\"aligncenter size-large wp-image-10382\" title=\"FullSizeRender\" src=\"\/historiascondelantal\/wp-content\/uploads\/sites\/18\/2017\/01\/FullSizeRender2.jpg\" alt=\"\" width=\"1024\" height=\"910\" srcset=\"https:\/\/static-blogs.lasprovincias.es\/wp-content\/uploads\/sites\/18\/2017\/01\/FullSizeRender2.jpg 2820w, https:\/\/static-blogs.lasprovincias.es\/wp-content\/uploads\/sites\/18\/2017\/01\/FullSizeRender2-300x267.jpg 300w, https:\/\/static-blogs.lasprovincias.es\/wp-content\/uploads\/sites\/18\/2017\/01\/FullSizeRender2-768x683.jpg 768w, https:\/\/static-blogs.lasprovincias.es\/wp-content\/uploads\/sites\/18\/2017\/01\/FullSizeRender2-1024x910.jpg 1024w\" sizes=\"(max-width: 1024px) 100vw, 1024px\" \/><\/a><\/p>\n<p>&nbsp;<\/p>\n<!-- AddThis Advanced Settings generic via filter on the_content --><!-- AddThis Share Buttons generic via filter on the_content -->","protected":false},"excerpt":{"rendered":"<p>Me asom\u00e9 a la ventana y vi caer la nieve. Nieve, nieve y m\u00e1s nieve&#8230;&#8221;Sobre el pavimento helado, los copos de nieve ca\u00edan en silencio como una lluvia de infinitas plumas&#8220;, escribi\u00f3\u00a0Haruki Murakami. La nieve me da hambre. Bueno, el fr\u00edo me da hambre. Y llena mi cabeza de platos c\u00e1lidos. Reconfortantes. La verdad es [&hellip;]<!-- AddThis Advanced Settings generic via filter on get_the_excerpt --><!-- AddThis Share Buttons generic via filter on get_the_excerpt --><\/p>\n","protected":false},"author":23,"featured_media":0,"comment_status":"open","ping_status":"open","sticky":false,"template":"","format":"standard","meta":[],"categories":[3,5,6],"tags":[196,208,332,577,639,686,742,795,797,901,921,1007],"_links":{"self":[{"href":"https:\/\/blogs.lasprovincias.es\/historiascondelantal\/wp-json\/wp\/v2\/posts\/10347"}],"collection":[{"href":"https:\/\/blogs.lasprovincias.es\/historiascondelantal\/wp-json\/wp\/v2\/posts"}],"about":[{"href":"https:\/\/blogs.lasprovincias.es\/historiascondelantal\/wp-json\/wp\/v2\/types\/post"}],"author":[{"embeddable":true,"href":"https:\/\/blogs.lasprovincias.es\/historiascondelantal\/wp-json\/wp\/v2\/users\/23"}],"replies":[{"embeddable":true,"href":"https:\/\/blogs.lasprovincias.es\/historiascondelantal\/wp-json\/wp\/v2\/comments?post=10347"}],"version-history":[{"count":0,"href":"https:\/\/blogs.lasprovincias.es\/historiascondelantal\/wp-json\/wp\/v2\/posts\/10347\/revisions"}],"wp:attachment":[{"href":"https:\/\/blogs.lasprovincias.es\/historiascondelantal\/wp-json\/wp\/v2\/media?parent=10347"}],"wp:term":[{"taxonomy":"category","embeddable":true,"href":"https:\/\/blogs.lasprovincias.es\/historiascondelantal\/wp-json\/wp\/v2\/categories?post=10347"},{"taxonomy":"post_tag","embeddable":true,"href":"https:\/\/blogs.lasprovincias.es\/historiascondelantal\/wp-json\/wp\/v2\/tags?post=10347"}],"curies":[{"name":"wp","href":"https:\/\/api.w.org\/{rel}","templated":true}]}}