{"id":11350,"date":"2017-04-21T21:51:48","date_gmt":"2017-04-21T19:51:48","guid":{"rendered":"http:\/\/blogs.lasprovincias.es\/historiascondelantal\/?p=11350"},"modified":"2017-04-21T21:51:48","modified_gmt":"2017-04-21T19:51:48","slug":"seu-xerea-se-reencarna-en-la-cocina-de-toshi-kai","status":"publish","type":"post","link":"https:\/\/blogs.lasprovincias.es\/historiascondelantal\/2017\/04\/21\/seu-xerea-se-reencarna-en-la-cocina-de-toshi-kai\/","title":{"rendered":"Seu Xerea se reencarna en la cocina de Toshi Kai"},"content":{"rendered":"<p style=\"text-align: left;\">Se define como<span style=\"color: #888888;\"><strong> LOCAL y GLOBAL <\/strong><\/span>y, aunque parezca contradictorio, ambas cosas casan en este jard\u00edn mediterr\u00e1neo por el que vuelan aromas orientales y sabores asi\u00e1ticos. S\u00ed, porque Seu Xerea es como un jard\u00edn. Un jard\u00edn gastron\u00f3mico en el que han ido aflorando en sus veinte a\u00f1os de historia -veinte y un pel\u00edn m\u00e1s- cientos de vivencias alrededor de sus mesas.<\/p>\n<p style=\"text-align: center;\"><span style=\"color: #888888; font-size: large;\">\u00a0un jard\u00edn mediterr\u00e1neo<\/span><\/p>\n<p><strong>Steve Anderson ha sido siempre su alma.<\/strong> Y Toshi Kai, el cocinero por el que ha apostado para reencarnar en \u00e9l las esencias de este restaurante emblem\u00e1tico. De momento, en este paseo por la mesa del Seu Xerea vengo a mostrarte sus platos -como quien ense\u00f1a su jard\u00edn a los invitados-. Y vengo a contarte c\u00f3mo el restaurante sigue creciendo con br\u00edo en elegancia, en coherencia. Siempre avanzando para no quedar estancado. Con TOSHI ha avanzado el Seu y gana Valencia. En \u00e9l hay un gran cocinero y de sus manos brotan platos con alquimia y personalidad. Como las plantas de un jard\u00edn&#8230;<\/p>\n<p style=\"text-align: center;\"><span style=\"color: #888888; font-size: large;\">LA <span style=\"color: #ff0000;\">SEMILLA<\/span> DE UN NUEVO TIEMPO\u00a0<\/span><\/p>\n<div id=\"attachment_11399\" style=\"width: 1034px\" class=\"wp-caption aligncenter\"><a href=\"\/historiascondelantal\/wp-content\/uploads\/sites\/18\/2017\/04\/12010634801.jpg\"><img aria-describedby=\"caption-attachment-11399\" loading=\"lazy\" class=\"size-large wp-image-11399\" title=\"A1-1201063480.jpg\" src=\"\/historiascondelantal\/wp-content\/uploads\/sites\/18\/2017\/04\/12010634801.jpg\" alt=\"\" width=\"1024\" height=\"688\" srcset=\"https:\/\/static-blogs.lasprovincias.es\/wp-content\/uploads\/sites\/18\/2017\/04\/12010634801.jpg 3880w, https:\/\/static-blogs.lasprovincias.es\/wp-content\/uploads\/sites\/18\/2017\/04\/12010634801-300x202.jpg 300w, https:\/\/static-blogs.lasprovincias.es\/wp-content\/uploads\/sites\/18\/2017\/04\/12010634801-768x516.jpg 768w, https:\/\/static-blogs.lasprovincias.es\/wp-content\/uploads\/sites\/18\/2017\/04\/12010634801-1024x688.jpg 1024w\" sizes=\"(max-width: 1024px) 100vw, 1024px\" \/><\/a><p id=\"caption-attachment-11399\" class=\"wp-caption-text\">Foto Dami\u00e1n Torres<\/p><\/div>\n<p style=\"text-align: center;\"><span style=\"font-size: large; color: #888888;\">EL <span style=\"color: #ff0000;\">ALMA<\/span> DE UN CL\u00c1SICO<\/span><\/p>\n<div id=\"attachment_11400\" style=\"width: 1034px\" class=\"wp-caption aligncenter\"><a href=\"\/historiascondelantal\/wp-content\/uploads\/sites\/18\/2017\/04\/LF2IM0N1-1.jpg\"><img aria-describedby=\"caption-attachment-11400\" loading=\"lazy\" class=\"size-full wp-image-11400\" title=\"E\" src=\"\/historiascondelantal\/wp-content\/uploads\/sites\/18\/2017\/04\/LF2IM0N1-1.jpg\" alt=\"\" width=\"1024\" height=\"467\" srcset=\"https:\/\/static-blogs.lasprovincias.es\/wp-content\/uploads\/sites\/18\/2017\/04\/LF2IM0N1-1.jpg 1024w, https:\/\/static-blogs.lasprovincias.es\/wp-content\/uploads\/sites\/18\/2017\/04\/LF2IM0N1-1-300x137.jpg 300w, https:\/\/static-blogs.lasprovincias.es\/wp-content\/uploads\/sites\/18\/2017\/04\/LF2IM0N1-1-768x350.jpg 768w\" sizes=\"(max-width: 1024px) 100vw, 1024px\" \/><\/a><p id=\"caption-attachment-11400\" class=\"wp-caption-text\">Foto Jes\u00fas Signes\/LP<\/p><\/div>\n<p style=\"text-align: center;\"><a href=\"\/historiascondelantal\/wp-content\/uploads\/sites\/18\/2017\/04\/IMG_3122.jpeg\"><img loading=\"lazy\" title=\"IMG_3122\" src=\"\/historiascondelantal\/wp-content\/uploads\/sites\/18\/2017\/04\/IMG_3122.jpg\" alt=\"\" width=\"1024\" height=\"576\" \/><\/a><\/p>\n<p style=\"text-align: center;\"><a href=\"\/historiascondelantal\/wp-content\/uploads\/sites\/18\/2017\/04\/IMG_39181.jpg\"><img loading=\"lazy\" class=\"aligncenter size-full wp-image-11402\" title=\"IMG_3918\" src=\"\/historiascondelantal\/wp-content\/uploads\/sites\/18\/2017\/04\/IMG_39181.jpg\" alt=\"\" width=\"1024\" height=\"768\" srcset=\"https:\/\/static-blogs.lasprovincias.es\/wp-content\/uploads\/sites\/18\/2017\/04\/IMG_39181.jpg 1024w, https:\/\/static-blogs.lasprovincias.es\/wp-content\/uploads\/sites\/18\/2017\/04\/IMG_39181-300x225.jpg 300w, https:\/\/static-blogs.lasprovincias.es\/wp-content\/uploads\/sites\/18\/2017\/04\/IMG_39181-768x576.jpg 768w\" sizes=\"(max-width: 1024px) 100vw, 1024px\" \/><\/a><\/p>\n<p style=\"text-align: center;\"><span style=\"font-size: xx-large; color: #888888;\">\u00a1<\/span><\/p>\n<p style=\"text-align: center;\"><!--more--><\/p>\n<p>Volver a Seu Xerea siempre es un placer. <strong>Alg\u00fan d\u00eda os contar\u00e9 su historia.<\/strong> Ya van dos d\u00e9cadas desde que abri\u00f3 sus puertas. 1991. Cuando en los cines triunfaba &#8216;El silencio de los Corderos&#8217; y un jovenc\u00edsimo Alejandro Sanz emerg\u00eda con su \u00e1lbum &#8216;Viviendo deprisa&#8217;. Este esp\u00eda a\u00fan ten\u00eda pelo en su cabezota por aquellos tiempos. Pero claro, 21 a\u00f1os son un pu\u00f1ado, aunque parece mentira que el restaurante que puso en marcha <strong><span style=\"color: #ff0000;\">S<\/span><span style=\"color: #ff0000;\">teve Anderson<\/span><\/strong> perviva casi impoluto, habi\u00e9ndose adaptado al tiempo pero manteniendo sus esencias. Eso, como ya te coment\u00e9, lo reservo para una Historia Con delantal no muy lejana&#8230;<\/p>\n<p>De momento <strong>quiero hablarte de su presente m\u00e1s inmediato<\/strong><strong>.<\/strong> Porque el otro d\u00eda, dej\u00e1ndome caer con mi delantal y mis ganas de saber y conocer, me encontr\u00e9 con su nueva y muy grata realidad. Esa que pasa por su cocina: cada d\u00eda m\u00e1s asentada, sutil y mimada. En parte, por que la visi\u00f3n de Steve ha hecho que \u00e9l mismo sepa llevar su restaurante hacia donde los nuevos tiempos le marcan. En todo esto de lo que te hablo hay un nombre detr\u00e1s: <strong><span style=\"color: #ff0000;\">Toshiya Kai<\/span><\/strong>, que hace ya casi medio a\u00f1o que desembarc\u00f3 en el proyecto de Steve para impregnar de aire fresco la cocina y que ha conseguido llenarla de sutilidades. Casi dir\u00eda que de caricias.<\/p>\n<p><a href=\"\/historiascondelantal\/wp-content\/uploads\/sites\/18\/2017\/04\/1201063504.jpg\"><img loading=\"lazy\" class=\"aligncenter size-large wp-image-11398\" title=\"A1-1201063504.jpg\" src=\"\/historiascondelantal\/wp-content\/uploads\/sites\/18\/2017\/04\/1201063504.jpg\" alt=\"\" width=\"679\" height=\"1024\" srcset=\"https:\/\/static-blogs.lasprovincias.es\/wp-content\/uploads\/sites\/18\/2017\/04\/1201063504.jpg 2430w, https:\/\/static-blogs.lasprovincias.es\/wp-content\/uploads\/sites\/18\/2017\/04\/1201063504-199x300.jpg 199w, https:\/\/static-blogs.lasprovincias.es\/wp-content\/uploads\/sites\/18\/2017\/04\/1201063504-768x1157.jpg 768w\" sizes=\"(max-width: 679px) 100vw, 679px\" \/><\/a><\/p>\n<p>La cocina que el Seu Xerea te ofrece ahora -y que creo que injustamente hace tiempo que la mantenemos casi silenciada- te habla de seducci\u00f3n, de delicadeza, de coherencia, de mesura, de la ciudad en la que habita. Un poco lo que ha hecho siempre, pero quiz\u00e1<strong> reafirmando con m\u00e1s contundencia su condici\u00f3n Mediterr\u00e1nea<\/strong>, vista en este caso por un cocinero japon\u00e9s (enamorado de esta tierra; como lo est\u00e1 el que ha sido hasta ahora su maestro, <strong><span style=\"color: #ff0000;\">Bernd H. Kn\u00f6ller<\/span><\/strong>, y como lo est\u00e1 su actual jefe, Steve Anderson).<\/p>\n<p><a href=\"\/historiascondelantal\/wp-content\/uploads\/sites\/18\/2017\/04\/IMG_39091.jpg\"><img loading=\"lazy\" class=\"aligncenter size-large wp-image-11401\" title=\"IMG_3909\" src=\"\/historiascondelantal\/wp-content\/uploads\/sites\/18\/2017\/04\/IMG_39091.jpg\" alt=\"\" width=\"1024\" height=\"768\" srcset=\"https:\/\/static-blogs.lasprovincias.es\/wp-content\/uploads\/sites\/18\/2017\/04\/IMG_39091.jpg 3264w, https:\/\/static-blogs.lasprovincias.es\/wp-content\/uploads\/sites\/18\/2017\/04\/IMG_39091-300x225.jpg 300w, https:\/\/static-blogs.lasprovincias.es\/wp-content\/uploads\/sites\/18\/2017\/04\/IMG_39091-768x576.jpg 768w, https:\/\/static-blogs.lasprovincias.es\/wp-content\/uploads\/sites\/18\/2017\/04\/IMG_39091-1024x768.jpg 1024w\" sizes=\"(max-width: 1024px) 100vw, 1024px\" \/><\/a><\/p>\n<p>Una cocina aparentemente sencilla pero que lleva tras de si el siempre tortuoso trabajo de aplicar con coherencia el menos es m\u00e1s. \u00a0Serena, pero presente; luminosa, con alg\u00fan destello potente; y refrescante, porque deambula libre por los cauces que Toshi, junto al propio Steve Anderson, deciden. <strong>Al margen de modas e imperativos.<\/strong> (Como puedes comprobar con la panceta que te he puesto en la imagen de arriba).<\/p>\n<p>De hecho, voy a jugar contigo y contarte al detalle qu\u00e9 hay detr\u00e1s de su alquimia. A pasear por la mesa del Seu Xerea en la que pude descubrir lo que Toshi y los suyos cocinan (de todos ellos ya te hablar\u00e9). Cierra los ojos y vamos. Imagina un lugar (casi \u00edntimo) con los dos sentados. Cara a cara. Y <strong>entre nosotros, un hermoso jard\u00edn de platos.<\/strong> Burbujas de nivel te propondr\u00e1, discreto como siempre, Fernando. Y tras ellas un festival de platos que empez\u00f3 a desfilar.<\/p>\n<div id=\"attachment_11403\" style=\"width: 727px\" class=\"wp-caption aligncenter\"><a href=\"\/historiascondelantal\/wp-content\/uploads\/sites\/18\/2017\/04\/1201063487.jpg\"><img aria-describedby=\"caption-attachment-11403\" loading=\"lazy\" class=\"size-large wp-image-11403\" title=\"A1-1201063487.jpg\" src=\"\/historiascondelantal\/wp-content\/uploads\/sites\/18\/2017\/04\/1201063487.jpg\" alt=\"\" width=\"717\" height=\"1024\" srcset=\"https:\/\/static-blogs.lasprovincias.es\/wp-content\/uploads\/sites\/18\/2017\/04\/1201063487.jpg 2332w, https:\/\/static-blogs.lasprovincias.es\/wp-content\/uploads\/sites\/18\/2017\/04\/1201063487-210x300.jpg 210w, https:\/\/static-blogs.lasprovincias.es\/wp-content\/uploads\/sites\/18\/2017\/04\/1201063487-768x1097.jpg 768w, https:\/\/static-blogs.lasprovincias.es\/wp-content\/uploads\/sites\/18\/2017\/04\/1201063487-717x1024.jpg 717w\" sizes=\"(max-width: 717px) 100vw, 717px\" \/><\/a><p id=\"caption-attachment-11403\" class=\"wp-caption-text\">Foto Dami\u00e1n Torres\/LP<\/p><\/div>\n<p>Toshi nos abri\u00f3 las puertas de su jard\u00edn gastron\u00f3mico con una especie de <strong>briouat de morcilla<\/strong>. No prest\u00e9 en ese instante demasiada atenci\u00f3n. Ten\u00eda todav\u00eda la emoci\u00f3n en el cuerpo de verme all\u00ed sentado: descubriendo la nueva cocina del Seu Xerea, rastreando por \u00a0los detalles, conversando con Steve \u00a0que me acompa\u00f1aba en la mesa y dejando fluir los recuerdos. Di mi primer bocado casi sin darme cuenta de lo que hac\u00eda. Pero el gusto fino de la morcilla, jurar\u00eda de las especies, me fue cogiendo, estirando hacia su lado para decirme:<strong><span style=\"color: #ff0000;\"> \u201cbienvenido, disfruta\u201d.<\/span><\/strong><\/p>\n<p>Brot\u00f3 en medio de esas primeras sensaciones placenteras una refrescante ensalada. O m\u00e1s que ensalada, chapuz\u00f3n de clotxinas con tomate. <strong>Una mouse de tomate, en concreto, con sus mejillones y su bot\u00e1nica.<\/strong> Dulzona, fresca, agradecida\u2026 Era como si alguien te soplara en la nuca y te produjera ese regusto placentero que da tener la sensaci\u00f3n de que alguien te est\u00e1 mimando. Un plato con armon\u00eda, ligera, como la propia mouse, para asentarse, hacer que est\u00e9s bien, que olvides las prisas, que saborees las burbujas, que desconectes, que te dejes llevar. (Perd\u00f3n, pero las fotos no son muy de all\u00e1 y no hacen honor, ni de lejos al plato\u00a0 :-?)<\/p>\n<p><a href=\"\/historiascondelantal\/wp-content\/uploads\/sites\/18\/2017\/04\/IMG_3889.jpg\"><img loading=\"lazy\" class=\"aligncenter size-large wp-image-11352\" title=\"IMG_3889\" src=\"\/historiascondelantal\/wp-content\/uploads\/sites\/18\/2017\/04\/IMG_3889.jpg\" alt=\"\" width=\"1024\" height=\"768\" srcset=\"https:\/\/static-blogs.lasprovincias.es\/wp-content\/uploads\/sites\/18\/2017\/04\/IMG_3889.jpg 3264w, https:\/\/static-blogs.lasprovincias.es\/wp-content\/uploads\/sites\/18\/2017\/04\/IMG_3889-300x225.jpg 300w, https:\/\/static-blogs.lasprovincias.es\/wp-content\/uploads\/sites\/18\/2017\/04\/IMG_3889-768x576.jpg 768w, https:\/\/static-blogs.lasprovincias.es\/wp-content\/uploads\/sites\/18\/2017\/04\/IMG_3889-1024x768.jpg 1024w\" sizes=\"(max-width: 1024px) 100vw, 1024px\" \/><\/a><\/p>\n<p><a href=\"\/historiascondelantal\/wp-content\/uploads\/sites\/18\/2017\/04\/IMG_38881.jpg\"><img loading=\"lazy\" class=\"aligncenter size-full wp-image-11404\" title=\"IMG_3888\" src=\"\/historiascondelantal\/wp-content\/uploads\/sites\/18\/2017\/04\/IMG_38881.jpg\" alt=\"\" width=\"1024\" height=\"768\" srcset=\"https:\/\/static-blogs.lasprovincias.es\/wp-content\/uploads\/sites\/18\/2017\/04\/IMG_38881.jpg 1024w, https:\/\/static-blogs.lasprovincias.es\/wp-content\/uploads\/sites\/18\/2017\/04\/IMG_38881-300x225.jpg 300w, https:\/\/static-blogs.lasprovincias.es\/wp-content\/uploads\/sites\/18\/2017\/04\/IMG_38881-768x576.jpg 768w\" sizes=\"(max-width: 1024px) 100vw, 1024px\" \/><\/a><\/p>\n<p>Toshi, con este plato, ya me hab\u00eda atado a su jard\u00edn. Y en ese instante mi concentraci\u00f3n por sus platos empez\u00f3 a acrecentarse. Me estaba perdiendo, de manera intencionada, por su laberinto que me hablaba del Mediterr\u00e1neo. Muy acorde con lo que Seu Xerea quiere (y siempre ha querido ser).<\/p>\n<p style=\"text-align: center;\"><span style=\"font-size: large;\"><span style=\"color: #ff0000;\">GLOBAL<\/span><span>&#038;<\/span><span style=\"color: #808080;\">LOCAL<\/span><\/span><\/p>\n<p>Lleg\u00f3 entonces, seductora ella, la <strong>caballa encurtida<\/strong>. Tratada suavemente con sal durante una hora (m\u00e1s o menos), acariciada por la personal t\u00e9cnica de Toshi y acompa\u00f1ada por un muy sugerente brebaje (ll\u00e1malo <strong>gazpacho<\/strong> para redundar en la idea Mediterr\u00e1nea) \u00a0hecho, entre otras cosas, con <strong>manzana<\/strong> (que era lo que en realidad le pon\u00eda alma al bebedizo). Me dej\u00f3 simplemente encantado, por divertido y por guardar tanto las esencias de lo que busca Steve, el Seu \u00a0Xerea y el propio chef y su equipo.<\/p>\n<p><a href=\"\/historiascondelantal\/wp-content\/uploads\/sites\/18\/2017\/04\/IMG_3897.jpg\"><img loading=\"lazy\" class=\"aligncenter size-full wp-image-11360\" title=\"IMG_3897\" src=\"\/historiascondelantal\/wp-content\/uploads\/sites\/18\/2017\/04\/IMG_3897.jpg\" alt=\"\" width=\"1024\" height=\"768\" srcset=\"https:\/\/static-blogs.lasprovincias.es\/wp-content\/uploads\/sites\/18\/2017\/04\/IMG_3897.jpg 1024w, https:\/\/static-blogs.lasprovincias.es\/wp-content\/uploads\/sites\/18\/2017\/04\/IMG_3897-300x225.jpg 300w, https:\/\/static-blogs.lasprovincias.es\/wp-content\/uploads\/sites\/18\/2017\/04\/IMG_3897-768x576.jpg 768w\" sizes=\"(max-width: 1024px) 100vw, 1024px\" \/><\/a><\/p>\n<p><a href=\"\/historiascondelantal\/wp-content\/uploads\/sites\/18\/2017\/04\/IMG_3892.jpg\"><img loading=\"lazy\" class=\"aligncenter size-large wp-image-11355\" title=\"IMG_3892\" src=\"\/historiascondelantal\/wp-content\/uploads\/sites\/18\/2017\/04\/IMG_3892.jpg\" alt=\"\" width=\"1024\" height=\"768\" srcset=\"https:\/\/static-blogs.lasprovincias.es\/wp-content\/uploads\/sites\/18\/2017\/04\/IMG_3892.jpg 3264w, https:\/\/static-blogs.lasprovincias.es\/wp-content\/uploads\/sites\/18\/2017\/04\/IMG_3892-300x225.jpg 300w, https:\/\/static-blogs.lasprovincias.es\/wp-content\/uploads\/sites\/18\/2017\/04\/IMG_3892-768x576.jpg 768w, https:\/\/static-blogs.lasprovincias.es\/wp-content\/uploads\/sites\/18\/2017\/04\/IMG_3892-1024x768.jpg 1024w\" sizes=\"(max-width: 1024px) 100vw, 1024px\" \/><\/a><\/p>\n<p>&nbsp;<\/p>\n<p>Un plato que hablaba a la perfecci\u00f3n de todo ello y que en boca era como una hermosa sirena que se te aparece de pronto en el surtidor de un jard\u00edn (ya estamos de nuevo con el jard\u00edn), te gui\u00f1a el ojo y se te pone a cantar algo de <strong>DionneWarwick<\/strong>. <em>Walk on by<\/em>, por ejemplo.<\/p>\n<p style=\"text-align: center;\"><span style=\"color: #808080; font-size: medium;\">(aviso: un poquito de ida de perola)<\/span><\/p>\n<p>&#8220;\u00bfPero t\u00fa me quieres, bobo?&#8221;, me dijo la sirena Dionne. &#8220;Bueno&#8230; me gustas&#8230; pero estoy comiendo en Seu Xerea, me coges en mitad del jard\u00edn&#8230; y aqu\u00ed se est\u00e1 muy bien&#8221;, le contest\u00e9 mientras gozaba d\u00e1ndole vida al gazpacho. Mir\u00e9 de pronto a Steve, griposo \u00e9l, y con una sonrisa le insinu\u00e9 que a veces se me va la pinza. Y <strong>dej\u00e9 que Dionne siguiera cantando en mi interior al son del gazpacho.<\/strong><\/p>\n<p>&nbsp;<\/p>\n<p><iframe loading=\"lazy\" src=\"https:\/\/www.youtube.com\/embed\/wjYAsVfJE8c\" frameborder=\"0\" width=\"560\" height=\"315\"><\/iframe><\/p>\n<p>Se me eriz\u00f3 la piel en ese instante, como si una brisa de pronto nos hubiese abrazado, cuando lleg\u00f3 hasta a la mesa algo tan poco po\u00e9tico como una <strong>panceta,<\/strong> pero tan delicioso. Ll\u00e1meme &#8216;esp\u00eda de pueblo&#8217;, &#8216;personaje de campo, &#8216;zampagrullas de tres cuartos&#8217;, &#8216;notario gastron\u00f3mico que mete-la-pata de vez en cuando&#8217;, advenedizo&#8230; o como a mi me gustar\u00eda: &#8220;un Peter Pan con delantal que so\u00f1\u00f3 con ser Lewis Carroll y escribir Alicia en el Pa\u00eds de las Gastrosof\u00edas&#8221;. Ll\u00e1mame como quieras, pero cada vez me gusta m\u00e1s la panceta&#8230; \u00a1s\u00ed! Quiz\u00e1 porque he descubierto que pueden hacer con ella ciertas maravillas que suspiran a alquimia.<\/p>\n<p>&nbsp;<\/p>\n<p><a href=\"\/historiascondelantal\/wp-content\/uploads\/sites\/18\/2017\/04\/IMG_39031.jpg\"><img loading=\"lazy\" class=\"aligncenter size-full wp-image-11409\" title=\"IMG_3903\" src=\"\/historiascondelantal\/wp-content\/uploads\/sites\/18\/2017\/04\/IMG_39031.jpg\" alt=\"\" width=\"1024\" height=\"635\" srcset=\"https:\/\/static-blogs.lasprovincias.es\/wp-content\/uploads\/sites\/18\/2017\/04\/IMG_39031.jpg 1024w, https:\/\/static-blogs.lasprovincias.es\/wp-content\/uploads\/sites\/18\/2017\/04\/IMG_39031-300x186.jpg 300w, https:\/\/static-blogs.lasprovincias.es\/wp-content\/uploads\/sites\/18\/2017\/04\/IMG_39031-768x476.jpg 768w\" sizes=\"(max-width: 1024px) 100vw, 1024px\" \/><\/a><\/p>\n<p><a href=\"\/historiascondelantal\/wp-content\/uploads\/sites\/18\/2017\/04\/IMG_39141.jpg\"><img loading=\"lazy\" class=\"aligncenter size-full wp-image-11410\" title=\"IMG_3914\" src=\"\/historiascondelantal\/wp-content\/uploads\/sites\/18\/2017\/04\/IMG_39141.jpg\" alt=\"\" width=\"1024\" height=\"768\" srcset=\"https:\/\/static-blogs.lasprovincias.es\/wp-content\/uploads\/sites\/18\/2017\/04\/IMG_39141.jpg 1024w, https:\/\/static-blogs.lasprovincias.es\/wp-content\/uploads\/sites\/18\/2017\/04\/IMG_39141-300x225.jpg 300w, https:\/\/static-blogs.lasprovincias.es\/wp-content\/uploads\/sites\/18\/2017\/04\/IMG_39141-768x576.jpg 768w\" sizes=\"(max-width: 1024px) 100vw, 1024px\" \/><\/a><\/p>\n<p>Lo hizo Toshi con la suya. <strong>Asada, dir\u00eda que lacada, con mostaza casera acompa\u00f1ada de unos bimis<\/strong> (ya sabes, una especie de criatura que va de los esp\u00e1rragos trigueros al br\u00f3coli). Una maravilla que \u00e9l sirve en su men\u00fa de tapas pero col\u00f3 en el paseo que est\u00e1bamos dando para que lo probara. Y s\u00ed, se lo agradezco. Con un abrazo desde aqu\u00ed, desde la pantalla, col\u00e1ndome entre las letras y d\u00e1ndotelo. Que todo es posible si cierras los ojos y los aprietas: <strong><span style=\"color: #ff0000;\">abrazo, abrazo, abrazo<\/span><\/strong>. Esta panceta lo vale.<\/p>\n<p>M\u00e1s que abrazo, una pastoril (de <strong>Miguel Hern\u00e1ndez<\/strong>, por ejemplo) merecer\u00eda el <strong>salmonete de lonja<\/strong> que lleg\u00f3 chapoteando entre emociones, con sus escamas rosadas amenazando con deslumbrarnos. <strong>Setas<\/strong> y algo llamado de manera tan maravillosa como <strong>trufas del desierto<\/strong> acompa\u00f1aban a su majestad en ese plato, que para m\u00ed fue un espect\u00e1culo. Y ya me sabe mal (o no) ser tan ben\u00e9volo, pero que critiquen los que sepan&#8230;. D\u00e9jenme a mi disfrutarlo. Y si se tercia, llorar sabore\u00e1ndolo. &#8220;Qu\u00e9 bueno est\u00e1, Toshi&#8221;, creo que le dije. &#8220;Qu\u00e9 salmonete&#8221;, le coment\u00e9 a Steve, que me cont\u00f3 que lo hab\u00eda comprado la tarde anterior en la lonja. Y que s\u00ed, que era un espect\u00e1culo.<\/p>\n<p><a href=\"\/historiascondelantal\/wp-content\/uploads\/sites\/18\/2017\/04\/IMG_39171.jpg\"><img loading=\"lazy\" class=\"aligncenter\" title=\"IMG_3917\" src=\"\/historiascondelantal\/wp-content\/uploads\/sites\/18\/2017\/04\/IMG_39171.jpg\" alt=\"\" width=\"1024\" height=\"768\" \/><\/a><\/p>\n<p><a href=\"\/historiascondelantal\/wp-content\/uploads\/sites\/18\/2017\/04\/IMG_39211.jpg\"><img loading=\"lazy\" class=\"aligncenter size-large wp-image-11405\" title=\"IMG_3921\" src=\"\/historiascondelantal\/wp-content\/uploads\/sites\/18\/2017\/04\/IMG_39211.jpg\" alt=\"\" width=\"1024\" height=\"768\" srcset=\"https:\/\/static-blogs.lasprovincias.es\/wp-content\/uploads\/sites\/18\/2017\/04\/IMG_39211.jpg 3264w, https:\/\/static-blogs.lasprovincias.es\/wp-content\/uploads\/sites\/18\/2017\/04\/IMG_39211-300x225.jpg 300w, https:\/\/static-blogs.lasprovincias.es\/wp-content\/uploads\/sites\/18\/2017\/04\/IMG_39211-768x576.jpg 768w, https:\/\/static-blogs.lasprovincias.es\/wp-content\/uploads\/sites\/18\/2017\/04\/IMG_39211-1024x768.jpg 1024w\" sizes=\"(max-width: 1024px) 100vw, 1024px\" \/><\/a><\/p>\n<p>&nbsp;<\/p>\n<p>Una pastoril, te dije. Bien buc\u00f3lica&#8230;<\/p>\n<p style=\"text-align: center;\"><em>\u00a0<\/em><em>\u00bfPor qu\u00e9, pastor descastado,<\/em><em><br \/>\nabandonas tu pastora<br \/>\nque sin ti llora y m\u00e1s llora<br \/>\na la vera del ganado?<\/em><\/p>\n<p>Ten\u00edamos a\u00fan pendiente, el redoble de tambores final. Un<strong> pato con su canel\u00f3n, entre zumo de naranja y pasi\u00f3n desbordada.<\/strong> Dir\u00eda que m\u00e1s rico imposible. Con el magret d\u00e1ndolo todo y el interior del canel\u00f3n con el muslo desmigado, calabaza y un buen n\u00famero de especias bailando, convirtiendo el bocado en algo que es simplemente incontestable. Rico hasta desesperarse. Punto de cocci\u00f3n exacto, te lo digo de verdad. Y un equilibrio perfecto, con el dulce de la salsa de naranja y la calabaza, d\u00e1ndole un ritmo envidiable al plato, que se muestra, como todo el men\u00fa, sereno, tranquilo, enamoradizo, relajado&#8230;<\/p>\n<p><a href=\"\/historiascondelantal\/wp-content\/uploads\/sites\/18\/2017\/04\/IMG_39271.jpg\"><img loading=\"lazy\" class=\"aligncenter size-full wp-image-11407\" title=\"IMG_3927\" src=\"\/historiascondelantal\/wp-content\/uploads\/sites\/18\/2017\/04\/IMG_39271.jpg\" alt=\"\" width=\"1024\" height=\"768\" srcset=\"https:\/\/static-blogs.lasprovincias.es\/wp-content\/uploads\/sites\/18\/2017\/04\/IMG_39271.jpg 1024w, https:\/\/static-blogs.lasprovincias.es\/wp-content\/uploads\/sites\/18\/2017\/04\/IMG_39271-300x225.jpg 300w, https:\/\/static-blogs.lasprovincias.es\/wp-content\/uploads\/sites\/18\/2017\/04\/IMG_39271-768x576.jpg 768w\" sizes=\"(max-width: 1024px) 100vw, 1024px\" \/><\/a><\/p>\n<p><a href=\"\/historiascondelantal\/wp-content\/uploads\/sites\/18\/2017\/04\/IMG_39241.jpg\"><img loading=\"lazy\" class=\"aligncenter size-large wp-image-11411\" title=\"IMG_3924\" src=\"\/historiascondelantal\/wp-content\/uploads\/sites\/18\/2017\/04\/IMG_39241.jpg\" alt=\"\" width=\"1024\" height=\"768\" srcset=\"https:\/\/static-blogs.lasprovincias.es\/wp-content\/uploads\/sites\/18\/2017\/04\/IMG_39241.jpg 3264w, https:\/\/static-blogs.lasprovincias.es\/wp-content\/uploads\/sites\/18\/2017\/04\/IMG_39241-300x225.jpg 300w, https:\/\/static-blogs.lasprovincias.es\/wp-content\/uploads\/sites\/18\/2017\/04\/IMG_39241-768x576.jpg 768w, https:\/\/static-blogs.lasprovincias.es\/wp-content\/uploads\/sites\/18\/2017\/04\/IMG_39241-1024x768.jpg 1024w\" sizes=\"(max-width: 1024px) 100vw, 1024px\" \/><\/a><\/p>\n<p>&nbsp;<\/p>\n<p><strong><span style=\"color: #ff0000;\">&#8220;Me gusta este Toshi&#8221;, le dije a Steve. Y a \u00e9l, se le dibuj\u00f3 la sonrisa.<\/span><\/strong> No en vano, en \u00e9l se estaba reencarnando la nueva cocina y al tiempo eterna del Seu Xerea.<\/p>\n<p>La fiesta por el jard\u00edn acab\u00f3 con <strong>unas fresas en su espuma de cava<\/strong>, como en las pel\u00edculas buenas. Por si la pasi\u00f3n por la cocina del chef de Miyazaki a\u00fan no se hab\u00eda desbordado lo suficiente. Y acab\u00f3 de manera repentina. Como siempre nos pasa a los esp\u00edas, que parecemos La Cenicienta. Desaparecemos cuando el reloj marca la hora, no sea que esfume el hechizo que nos mantiene audaces y se descubra que s\u00f3lo somos unos locos por la <strong>Gastrosof\u00eda<\/strong>, que nos gusta devorarla y pensarla con el objetivo de no olvidar jam\u00e1s su hermosa silueta. Locos por esa cosa bendita de las mesas y sus diatribas.<\/p>\n<p><a href=\"\/historiascondelantal\/wp-content\/uploads\/sites\/18\/2017\/04\/IMG_39351.jpg\"><img loading=\"lazy\" class=\"aligncenter size-full wp-image-11408\" title=\"IMG_3935\" src=\"\/historiascondelantal\/wp-content\/uploads\/sites\/18\/2017\/04\/IMG_39351.jpg\" alt=\"\" width=\"1024\" height=\"768\" srcset=\"https:\/\/static-blogs.lasprovincias.es\/wp-content\/uploads\/sites\/18\/2017\/04\/IMG_39351.jpg 1024w, https:\/\/static-blogs.lasprovincias.es\/wp-content\/uploads\/sites\/18\/2017\/04\/IMG_39351-300x225.jpg 300w, https:\/\/static-blogs.lasprovincias.es\/wp-content\/uploads\/sites\/18\/2017\/04\/IMG_39351-768x576.jpg 768w\" sizes=\"(max-width: 1024px) 100vw, 1024px\" \/><\/a><\/p>\n<p><a href=\"\/historiascondelantal\/wp-content\/uploads\/sites\/18\/2017\/04\/IMG_39371.jpg\"><img loading=\"lazy\" class=\"aligncenter size-full wp-image-11412\" title=\"IMG_3937\" src=\"\/historiascondelantal\/wp-content\/uploads\/sites\/18\/2017\/04\/IMG_39371.jpg\" alt=\"\" width=\"1024\" height=\"768\" srcset=\"https:\/\/static-blogs.lasprovincias.es\/wp-content\/uploads\/sites\/18\/2017\/04\/IMG_39371.jpg 1024w, https:\/\/static-blogs.lasprovincias.es\/wp-content\/uploads\/sites\/18\/2017\/04\/IMG_39371-300x225.jpg 300w, https:\/\/static-blogs.lasprovincias.es\/wp-content\/uploads\/sites\/18\/2017\/04\/IMG_39371-768x576.jpg 768w\" sizes=\"(max-width: 1024px) 100vw, 1024px\" \/><\/a><\/p>\n<p><strong>La gastrosof\u00eda de Toshi ya no la olvido. Ni la de Seu Xerea, al que siempre le he tenido un respeto tremendo. Pero eso ya te anuncio que pronto te lo contar\u00e9 en otra historia. Su historia. O de la gente que all\u00ed habita. Ser\u00e1, ya lo sabes, en otra <span style=\"color: #ff0000;\">HISTORIA CON DELANTAL. Cosa de esp\u00edas.<\/span><\/strong><\/p>\n<p>&nbsp;<\/p>\n<!-- AddThis Advanced Settings generic via filter on the_content --><!-- AddThis Share Buttons generic via filter on the_content -->","protected":false},"excerpt":{"rendered":"<p>Se define como LOCAL y GLOBAL y, aunque parezca contradictorio, ambas cosas casan en este jard\u00edn mediterr\u00e1neo por el que vuelan aromas orientales y sabores asi\u00e1ticos. S\u00ed, porque Seu Xerea es como un jard\u00edn. Un jard\u00edn gastron\u00f3mico en el que han ido aflorando en sus veinte a\u00f1os de historia -veinte y un pel\u00edn m\u00e1s- cientos [&hellip;]<!-- AddThis Advanced Settings generic via filter on get_the_excerpt --><!-- AddThis Share Buttons generic via filter on get_the_excerpt --><\/p>\n","protected":false},"author":23,"featured_media":0,"comment_status":"open","ping_status":"open","sticky":false,"template":"","format":"standard","meta":[],"categories":[3,5,6],"tags":[702,1008,1023,1074],"_links":{"self":[{"href":"https:\/\/blogs.lasprovincias.es\/historiascondelantal\/wp-json\/wp\/v2\/posts\/11350"}],"collection":[{"href":"https:\/\/blogs.lasprovincias.es\/historiascondelantal\/wp-json\/wp\/v2\/posts"}],"about":[{"href":"https:\/\/blogs.lasprovincias.es\/historiascondelantal\/wp-json\/wp\/v2\/types\/post"}],"author":[{"embeddable":true,"href":"https:\/\/blogs.lasprovincias.es\/historiascondelantal\/wp-json\/wp\/v2\/users\/23"}],"replies":[{"embeddable":true,"href":"https:\/\/blogs.lasprovincias.es\/historiascondelantal\/wp-json\/wp\/v2\/comments?post=11350"}],"version-history":[{"count":0,"href":"https:\/\/blogs.lasprovincias.es\/historiascondelantal\/wp-json\/wp\/v2\/posts\/11350\/revisions"}],"wp:attachment":[{"href":"https:\/\/blogs.lasprovincias.es\/historiascondelantal\/wp-json\/wp\/v2\/media?parent=11350"}],"wp:term":[{"taxonomy":"category","embeddable":true,"href":"https:\/\/blogs.lasprovincias.es\/historiascondelantal\/wp-json\/wp\/v2\/categories?post=11350"},{"taxonomy":"post_tag","embeddable":true,"href":"https:\/\/blogs.lasprovincias.es\/historiascondelantal\/wp-json\/wp\/v2\/tags?post=11350"}],"curies":[{"name":"wp","href":"https:\/\/api.w.org\/{rel}","templated":true}]}}