{"id":11590,"date":"2017-05-09T18:02:45","date_gmt":"2017-05-09T16:02:45","guid":{"rendered":"http:\/\/blogs.lasprovincias.es\/historiascondelantal\/?p=11590"},"modified":"2017-05-09T18:02:45","modified_gmt":"2017-05-09T16:02:45","slug":"el-rodat-el-portentoso-mundo-de-nazario-cano","status":"publish","type":"post","link":"https:\/\/blogs.lasprovincias.es\/historiascondelantal\/2017\/05\/09\/el-rodat-el-portentoso-mundo-de-nazario-cano\/","title":{"rendered":"El Rodat: el portentoso mundo de Nazario Cano"},"content":{"rendered":"<p>&#8220;<em>Navegando diez e siete millas de Java<\/em> (que bien podr\u00eda ser X\u00e0bia)<em> entre medio d\u00eda e solano, vi\u00e9nse a dos islas que llaman Sondur e otra Condur. E allende destas dos islas casi dozientas millas, est\u00e1 una provincia que dicen Jocath, grande e rica, e hablan persiano e adornan \u00eddolos<\/em>\u00bb. La descripci\u00f3n la hace <strong>Marco Polo<\/strong> en \u2018<strong><span style=\"color: #666600;\">El libro de las cosas maravillosas\u2019<\/span><\/strong>. En ella, remarca que en esa provincia \u00abse falla oro en gran cantidad e muchos elefantes e caracolitos del mar sin cuento, que se usan por moneda en algunos lugares\u00bb.<\/p>\n<p><a href=\"\/historiascondelantal\/wp-content\/uploads\/sites\/18\/2017\/05\/IMG_5071.jpg\"><img loading=\"lazy\" class=\"aligncenter size-full wp-image-11602\" title=\"IMG_5071\" src=\"\/historiascondelantal\/wp-content\/uploads\/sites\/18\/2017\/05\/IMG_5071.jpg\" alt=\"\" width=\"1024\" height=\"726\" srcset=\"https:\/\/static-blogs.lasprovincias.es\/wp-content\/uploads\/sites\/18\/2017\/05\/IMG_5071.jpg 1024w, https:\/\/static-blogs.lasprovincias.es\/wp-content\/uploads\/sites\/18\/2017\/05\/IMG_5071-300x213.jpg 300w, https:\/\/static-blogs.lasprovincias.es\/wp-content\/uploads\/sites\/18\/2017\/05\/IMG_5071-768x545.jpg 768w\" sizes=\"(max-width: 1024px) 100vw, 1024px\" \/><\/a><\/p>\n<p><strong>Nazario Cano<\/strong> es como un Marco Polo con delantal que<span style=\"color: #8a8a14;\"> <strong>se ha empe\u00f1ado en hacer su particular viaje por la gastronom\u00eda, lejos de imposiciones y dejando navegar su fantas\u00eda<\/strong>.<\/span> Su isla, esa que le ha acogido despu\u00e9s de muchos periplos, de muchas idas y venidas, es un lugar llamado<strong> El Rodat<\/strong>. Est\u00e1 a pocas millas del mar de X\u00e0bia, donde, como en Jocath, tambi\u00e9n habitan caracolitos. Son como un tesoro.<\/p>\n<p><a href=\"\/historiascondelantal\/wp-content\/uploads\/sites\/18\/2017\/05\/IMG_3446.jpeg\"><img loading=\"lazy\" class=\"aligncenter size-large wp-image-11601\" title=\"IMG_3446\" src=\"\/historiascondelantal\/wp-content\/uploads\/sites\/18\/2017\/05\/IMG_3446.jpg\" alt=\"\" width=\"1024\" height=\"899\" \/><\/a><\/p>\n<p><a href=\"\/historiascondelantal\/wp-content\/uploads\/sites\/18\/2017\/05\/IMG_3445.jpeg\"><img loading=\"lazy\" class=\"aligncenter size-large wp-image-11600\" title=\"IMG_3445\" src=\"\/historiascondelantal\/wp-content\/uploads\/sites\/18\/2017\/05\/IMG_3445.jpg\" alt=\"\" width=\"1024\" height=\"768\" \/><\/a><\/p>\n<p>&nbsp;<\/p>\n<p style=\"text-align: right;\"><!--more--><span style=\"color: #ff9900;\">Reportaje fotogr\u00e1fico\u00a0\u00a9Jes\u00fas Trelis<\/span><\/p>\n<p style=\"text-align: left;\">Adentrarse en ese particular mundo, a donde <span style=\"color: #8a8a14;\">el chef de la imaginaci\u00f3n desbordada vive de lleno su aventura con un equipo que entiende y comparte su filosof\u00eda<\/span>, es una experiencia inolvidable. Quiz\u00e1 porque este cocinero tiene un genio dentro, como el de la l\u00e1mpara de Aladino, y cuando lo deja suelto te puede hacer volar. Y a la vez, so\u00f1ar, imaginar, creer en una gastronom\u00eda que te habla de honestidad, de experiencia, de producto y de magia.<\/p>\n<p><a href=\"\/historiascondelantal\/wp-content\/uploads\/sites\/18\/2017\/05\/IMG_4882.jpg\"><img loading=\"lazy\" class=\"aligncenter size-full wp-image-11604\" title=\"IMG_4882\" src=\"\/historiascondelantal\/wp-content\/uploads\/sites\/18\/2017\/05\/IMG_4882.jpg\" alt=\"\" width=\"1024\" height=\"683\" srcset=\"https:\/\/static-blogs.lasprovincias.es\/wp-content\/uploads\/sites\/18\/2017\/05\/IMG_4882.jpg 1024w, https:\/\/static-blogs.lasprovincias.es\/wp-content\/uploads\/sites\/18\/2017\/05\/IMG_4882-300x200.jpg 300w, https:\/\/static-blogs.lasprovincias.es\/wp-content\/uploads\/sites\/18\/2017\/05\/IMG_4882-768x512.jpg 768w\" sizes=\"(max-width: 1024px) 100vw, 1024px\" \/><\/a><\/p>\n<p><a href=\"\/historiascondelantal\/wp-content\/uploads\/sites\/18\/2017\/05\/IMG_4990.jpg\"><img loading=\"lazy\" class=\"aligncenter size-full wp-image-11605\" title=\"IMG_4990\" src=\"\/historiascondelantal\/wp-content\/uploads\/sites\/18\/2017\/05\/IMG_4990.jpg\" alt=\"\" width=\"1024\" height=\"649\" srcset=\"https:\/\/static-blogs.lasprovincias.es\/wp-content\/uploads\/sites\/18\/2017\/05\/IMG_4990.jpg 1024w, https:\/\/static-blogs.lasprovincias.es\/wp-content\/uploads\/sites\/18\/2017\/05\/IMG_4990-300x190.jpg 300w, https:\/\/static-blogs.lasprovincias.es\/wp-content\/uploads\/sites\/18\/2017\/05\/IMG_4990-768x487.jpg 768w\" sizes=\"(max-width: 1024px) 100vw, 1024px\" \/><\/a><\/p>\n<p>As\u00ed es el mundo de Nazario Cano (y su equipo). Ese que, si tienes fe en \u00e9l, te permite ver unicornios.<strong><span style=\"color: #8a8a14;\"> Unicornios marinos. Y sirenas rosadas, que te dicen con la mirada que te aman.<\/span><\/strong> Y pescados a la sal, que crujen entre sus escamas. All\u00ed, en su mundo, <span style=\"color: #8a8a14;\"><strong>ver\u00e1s humo que recorre las mesas, oler\u00e1s perfumes que te llevan a la primavera y escuchar\u00e1s el sonido del mar<\/strong><\/span>. No es \u00e9sta una utop\u00eda. Es una realidad. Sentado ante la mesa, como si te hubiesen embarcado en la nave de las alquimias, una especie de embrujo te conquistar\u00e1. Una bruma tomar\u00e1 el mantel de lino y tu mente se trasladar\u00e1 al Mediterr\u00e1neo cuando toca a sus puertas el amanecer; un aroma profundo a azahar se extender\u00e1 por el lugar; flores de naranjo decorar\u00e1n esa isla particular; una inmensa caracola, helada, apuntar\u00e1 hacia ti invit\u00e1ndote a beber un brebaje que habita en su interior y es puro mar, y el sonido de las olas (con unos auriculares, no estoy contando mentiras) te acompa\u00f1ar\u00e1n hasta hacerte bucear por ese oc\u00e9ano m\u00e1gico que el cocinero de El Rodat ha construido frente al Mediterr\u00e1neo.<\/p>\n<p><a href=\"\/historiascondelantal\/wp-content\/uploads\/sites\/18\/2017\/05\/IMG_4494.jpg\"><img loading=\"lazy\" class=\"aligncenter size-full wp-image-11603\" title=\"IMG_4494\" src=\"\/historiascondelantal\/wp-content\/uploads\/sites\/18\/2017\/05\/IMG_4494.jpg\" alt=\"\" width=\"1024\" height=\"716\" srcset=\"https:\/\/static-blogs.lasprovincias.es\/wp-content\/uploads\/sites\/18\/2017\/05\/IMG_4494.jpg 1024w, https:\/\/static-blogs.lasprovincias.es\/wp-content\/uploads\/sites\/18\/2017\/05\/IMG_4494-300x210.jpg 300w, https:\/\/static-blogs.lasprovincias.es\/wp-content\/uploads\/sites\/18\/2017\/05\/IMG_4494-768x537.jpg 768w\" sizes=\"(max-width: 1024px) 100vw, 1024px\" \/><\/a><\/p>\n<p><a href=\"\/historiascondelantal\/wp-content\/uploads\/sites\/18\/2017\/05\/IMG_4491.jpg\"><img loading=\"lazy\" class=\"aligncenter size-full wp-image-11616\" title=\"IMG_4491\" src=\"\/historiascondelantal\/wp-content\/uploads\/sites\/18\/2017\/05\/IMG_4491.jpg\" alt=\"\" width=\"901\" height=\"768\" srcset=\"https:\/\/static-blogs.lasprovincias.es\/wp-content\/uploads\/sites\/18\/2017\/05\/IMG_4491.jpg 901w, https:\/\/static-blogs.lasprovincias.es\/wp-content\/uploads\/sites\/18\/2017\/05\/IMG_4491-300x256.jpg 300w, https:\/\/static-blogs.lasprovincias.es\/wp-content\/uploads\/sites\/18\/2017\/05\/IMG_4491-768x655.jpg 768w\" sizes=\"(max-width: 901px) 100vw, 901px\" \/><\/a><\/p>\n<p>&nbsp;<\/p>\n<p><span style=\"color: #8a8a14; font-size: large;\">BOMBONES DE OSTRA<\/span><br \/>\nPrimero atravesar\u00e1s un archipi\u00e9lago de peque\u00f1\u00edsimas islas, llam\u00e9moslas snacks: <strong><span style=\"color: #ff9900;\">bombones de ostra con chocolate blanco, brazo de gitano de manteca de mar, peque\u00f1os bocados de algas y almendras de huevas de m\u00fajol<\/span><\/strong> (que son para hacer de pirata y llevarse un cofre a casa). En la cubierta, con el ingenio de Nazario empezando a eclosionar, llegar\u00e1 lo que<strong> Edurne Mart\u00edn<\/strong>, jefa de sala que trabaja de manera exquisita, llama el men\u00fa del d\u00eda (necesario para empezar la traves\u00eda): una versi\u00f3n (divina) de <strong><span style=\"color: #ff9900;\">s<\/span><span style=\"color: #ff9900;\">epia a la plancha con su ajillo<\/span><\/strong>; otra, de <strong><span style=\"color: #ff9900;\">arroz a banda<\/span><\/strong> (riqu\u00edsima) y un particular <span style=\"color: #ff9900;\"><strong>pollo al ajillo<\/strong><\/span>. Tres bocados divertidos, de est\u00e9tica ingeniosa (pura arquitectura gastron\u00f3mica), que desembocar\u00e1n en una versi\u00f3n del <strong><span style=\"color: #ff9900;\">gazpacho de Tabarca<\/span><\/strong> (denso, con toques de lim\u00f3n y ese crujiente de la torta natural que lo envuelve). A esas alturas ya sabr\u00e1s que el genio anda suelto y que aquello no es un men\u00fa gourmet m\u00e1s.<\/p>\n<p><a href=\"\/historiascondelantal\/wp-content\/uploads\/sites\/18\/2017\/05\/IMG_4497.jpg\"><img loading=\"lazy\" class=\"aligncenter size-full wp-image-11606\" title=\"IMG_4497\" src=\"\/historiascondelantal\/wp-content\/uploads\/sites\/18\/2017\/05\/IMG_4497.jpg\" alt=\"\" width=\"1024\" height=\"683\" srcset=\"https:\/\/static-blogs.lasprovincias.es\/wp-content\/uploads\/sites\/18\/2017\/05\/IMG_4497.jpg 1024w, https:\/\/static-blogs.lasprovincias.es\/wp-content\/uploads\/sites\/18\/2017\/05\/IMG_4497-300x200.jpg 300w, https:\/\/static-blogs.lasprovincias.es\/wp-content\/uploads\/sites\/18\/2017\/05\/IMG_4497-768x512.jpg 768w\" sizes=\"(max-width: 1024px) 100vw, 1024px\" \/><\/a><\/p>\n<p><a href=\"\/historiascondelantal\/wp-content\/uploads\/sites\/18\/2017\/05\/IMG_4532.jpg\"><img loading=\"lazy\" class=\"aligncenter size-full wp-image-11612\" title=\"IMG_4532\" src=\"\/historiascondelantal\/wp-content\/uploads\/sites\/18\/2017\/05\/IMG_4532.jpg\" alt=\"\" width=\"825\" height=\"609\" srcset=\"https:\/\/static-blogs.lasprovincias.es\/wp-content\/uploads\/sites\/18\/2017\/05\/IMG_4532.jpg 825w, https:\/\/static-blogs.lasprovincias.es\/wp-content\/uploads\/sites\/18\/2017\/05\/IMG_4532-300x221.jpg 300w, https:\/\/static-blogs.lasprovincias.es\/wp-content\/uploads\/sites\/18\/2017\/05\/IMG_4532-768x567.jpg 768w\" sizes=\"(max-width: 825px) 100vw, 825px\" \/><\/a><\/p>\n<p><a href=\"\/historiascondelantal\/wp-content\/uploads\/sites\/18\/2017\/05\/IMG_4514.jpg\"><img loading=\"lazy\" class=\"aligncenter size-full wp-image-11609\" title=\"IMG_4514\" src=\"\/historiascondelantal\/wp-content\/uploads\/sites\/18\/2017\/05\/IMG_4514.jpg\" alt=\"\" width=\"1024\" height=\"683\" srcset=\"https:\/\/static-blogs.lasprovincias.es\/wp-content\/uploads\/sites\/18\/2017\/05\/IMG_4514.jpg 1024w, https:\/\/static-blogs.lasprovincias.es\/wp-content\/uploads\/sites\/18\/2017\/05\/IMG_4514-300x200.jpg 300w, https:\/\/static-blogs.lasprovincias.es\/wp-content\/uploads\/sites\/18\/2017\/05\/IMG_4514-768x512.jpg 768w\" sizes=\"(max-width: 1024px) 100vw, 1024px\" \/><\/a><\/p>\n<p><a href=\"\/historiascondelantal\/wp-content\/uploads\/sites\/18\/2017\/05\/IMG_4523.jpg\"><img loading=\"lazy\" class=\"aligncenter size-full wp-image-11611\" title=\"IMG_4523\" src=\"\/historiascondelantal\/wp-content\/uploads\/sites\/18\/2017\/05\/IMG_4523.jpg\" alt=\"\" width=\"1024\" height=\"683\" srcset=\"https:\/\/static-blogs.lasprovincias.es\/wp-content\/uploads\/sites\/18\/2017\/05\/IMG_4523.jpg 1024w, https:\/\/static-blogs.lasprovincias.es\/wp-content\/uploads\/sites\/18\/2017\/05\/IMG_4523-300x200.jpg 300w, https:\/\/static-blogs.lasprovincias.es\/wp-content\/uploads\/sites\/18\/2017\/05\/IMG_4523-768x512.jpg 768w\" sizes=\"(max-width: 1024px) 100vw, 1024px\" \/><\/a><\/p>\n<div id=\"attachment_11615\" style=\"width: 1034px\" class=\"wp-caption aligncenter\"><a href=\"\/historiascondelantal\/wp-content\/uploads\/sites\/18\/2017\/05\/IMG_4543.jpg\"><img aria-describedby=\"caption-attachment-11615\" loading=\"lazy\" class=\"size-full wp-image-11615\" title=\"IMG_4543\" src=\"\/historiascondelantal\/wp-content\/uploads\/sites\/18\/2017\/05\/IMG_4543.jpg\" alt=\"\" width=\"1024\" height=\"683\" srcset=\"https:\/\/static-blogs.lasprovincias.es\/wp-content\/uploads\/sites\/18\/2017\/05\/IMG_4543.jpg 1024w, https:\/\/static-blogs.lasprovincias.es\/wp-content\/uploads\/sites\/18\/2017\/05\/IMG_4543-300x200.jpg 300w, https:\/\/static-blogs.lasprovincias.es\/wp-content\/uploads\/sites\/18\/2017\/05\/IMG_4543-768x512.jpg 768w\" sizes=\"(max-width: 1024px) 100vw, 1024px\" \/><\/a><p id=\"caption-attachment-11615\" class=\"wp-caption-text\">El gazpacho de Tabarca.<\/p><\/div>\n<p>&nbsp;<\/p>\n<p><span style=\"color: #8a8a14; font-size: large;\">LA BALLENA BLANCA<\/span><br \/>\nEse genio que anda suelto es Nazario y lo demuestra cuando, ante ti, aparece el tu\u00e9tano marino: un <strong><span style=\"color: #ff9900;\">medall\u00f3n de vieira<\/span><\/strong> que ha tenido sometido durante horas al goteo de grasa de vaca vieja, infiltrando de manera natural en su interior toda su esencia y dot\u00e1ndole de una curiosa melosidad. Ser\u00e1 como si, en mitad del Mediterr\u00e1neo, una ballena blanca apareciera y te sobrecogiera. En ese instante, estar\u00e1s ya tan engullido en su historia que, posiblemente, confundir\u00e1s <strong><span style=\"color: #ff9900;\">un hermoso (y fresqu\u00edsimo) salmonete<\/span><\/strong> con una sirena. Te lo servir\u00e1n en un lecho de hielo y t\u00fa mismo jugar\u00e1s con \u00e9l, cocinando sus carnes rosadas en un caldo hecho con sus espinas y especias y acompa\u00f1\u00e1ndolo con una emulsi\u00f3n de marisco y algas que llenar\u00e1 el paladar de sutiles sensaciones.<\/p>\n<div id=\"attachment_11617\" style=\"width: 1034px\" class=\"wp-caption aligncenter\"><a href=\"\/historiascondelantal\/wp-content\/uploads\/sites\/18\/2017\/05\/IMG_4563.jpg\"><img aria-describedby=\"caption-attachment-11617\" loading=\"lazy\" class=\"size-full wp-image-11617\" title=\"IMG_4563\" src=\"\/historiascondelantal\/wp-content\/uploads\/sites\/18\/2017\/05\/IMG_4563.jpg\" alt=\"\" width=\"1024\" height=\"704\" srcset=\"https:\/\/static-blogs.lasprovincias.es\/wp-content\/uploads\/sites\/18\/2017\/05\/IMG_4563.jpg 1024w, https:\/\/static-blogs.lasprovincias.es\/wp-content\/uploads\/sites\/18\/2017\/05\/IMG_4563-300x206.jpg 300w, https:\/\/static-blogs.lasprovincias.es\/wp-content\/uploads\/sites\/18\/2017\/05\/IMG_4563-768x528.jpg 768w\" sizes=\"(max-width: 1024px) 100vw, 1024px\" \/><\/a><p id=\"caption-attachment-11617\" class=\"wp-caption-text\">La vieira y la vaca. Una f\u00e1bula extraordinaria. La ballena blanca.<\/p><\/div>\n<div id=\"attachment_11619\" style=\"width: 1034px\" class=\"wp-caption aligncenter\"><a href=\"\/historiascondelantal\/wp-content\/uploads\/sites\/18\/2017\/05\/IMG_4570.jpg\"><img aria-describedby=\"caption-attachment-11619\" loading=\"lazy\" class=\"size-full wp-image-11619\" title=\"IMG_4570\" src=\"\/historiascondelantal\/wp-content\/uploads\/sites\/18\/2017\/05\/IMG_4570.jpg\" alt=\"\" width=\"1024\" height=\"683\" srcset=\"https:\/\/static-blogs.lasprovincias.es\/wp-content\/uploads\/sites\/18\/2017\/05\/IMG_4570.jpg 1024w, https:\/\/static-blogs.lasprovincias.es\/wp-content\/uploads\/sites\/18\/2017\/05\/IMG_4570-300x200.jpg 300w, https:\/\/static-blogs.lasprovincias.es\/wp-content\/uploads\/sites\/18\/2017\/05\/IMG_4570-768x512.jpg 768w\" sizes=\"(max-width: 1024px) 100vw, 1024px\" \/><\/a><p id=\"caption-attachment-11619\" class=\"wp-caption-text\">El salmonete (o sirena) lista para el espect\u00e1culo.<\/p><\/div>\n<div id=\"attachment_11620\" style=\"width: 1034px\" class=\"wp-caption aligncenter\"><a href=\"\/historiascondelantal\/wp-content\/uploads\/sites\/18\/2017\/05\/IMG_4571.jpg\"><img aria-describedby=\"caption-attachment-11620\" loading=\"lazy\" class=\"size-full wp-image-11620\" title=\"IMG_4571\" src=\"\/historiascondelantal\/wp-content\/uploads\/sites\/18\/2017\/05\/IMG_4571.jpg\" alt=\"\" width=\"1024\" height=\"683\" srcset=\"https:\/\/static-blogs.lasprovincias.es\/wp-content\/uploads\/sites\/18\/2017\/05\/IMG_4571.jpg 1024w, https:\/\/static-blogs.lasprovincias.es\/wp-content\/uploads\/sites\/18\/2017\/05\/IMG_4571-300x200.jpg 300w, https:\/\/static-blogs.lasprovincias.es\/wp-content\/uploads\/sites\/18\/2017\/05\/IMG_4571-768x512.jpg 768w\" sizes=\"(max-width: 1024px) 100vw, 1024px\" \/><\/a><p id=\"caption-attachment-11620\" class=\"wp-caption-text\">El salmonete en todo su esplendor.<\/p><\/div>\n<p>&nbsp;<\/p>\n<p><span style=\"color: #8a8a14; font-size: large;\">LUJURIA MARINA<\/span><br \/>\n<strong>Paco Garc\u00eda<\/strong>, uno del tr\u00edo de cocineros de El Rodat, se acercar\u00e1 hasta ti, cuando ya empieces a flotar y te traer\u00e1 de vuelta a la realidad. Un peque\u00f1o regalo envuelto en celof\u00e1n te dir\u00e1 que todo se puede reducir a<strong><span style=\"color: #ff9900;\"> caracoles<\/span><\/strong>. Caracoles de verdad que parecen \u00fanicos, como aquellos que Marco Polo cita en el cap\u00edtulo CIX y se utilizaban como moneda. Pura lujuria marina, carnosa y seductora.<strong> \u00abQueremos poner en valor el producto y respetarlo, y homenajear a nuestra tierra\u00bb<\/strong>, coment\u00f3. Y eso transmiti\u00f3. \u00c9l, los caracoles, lo que estaba pasando en El Rodat y lo que iba a pasar en ese trepidante viaje por la imaginaci\u00f3n de un cocinero que, como la propia directora del complejo tur\u00edstico de X\u00e0bia me confes\u00f3, \u00abes un genio\u00bb. Un loco genio, para lo bueno y lo malo, que ahora anda con la creatividad a toda vela, jugando contigo y haci\u00e9ndote vibrar.<\/p>\n<p><a href=\"\/historiascondelantal\/wp-content\/uploads\/sites\/18\/2017\/05\/IMG_4584.jpg\"><img loading=\"lazy\" class=\"aligncenter size-full wp-image-11621\" title=\"IMG_4584\" src=\"\/historiascondelantal\/wp-content\/uploads\/sites\/18\/2017\/05\/IMG_4584.jpg\" alt=\"\" width=\"1024\" height=\"703\" \/><\/a><\/p>\n<div id=\"attachment_11622\" style=\"width: 1034px\" class=\"wp-caption aligncenter\"><a href=\"\/historiascondelantal\/wp-content\/uploads\/sites\/18\/2017\/05\/IMG_4595.jpg\"><img aria-describedby=\"caption-attachment-11622\" loading=\"lazy\" class=\"size-full wp-image-11622\" title=\"IMG_4595\" src=\"\/historiascondelantal\/wp-content\/uploads\/sites\/18\/2017\/05\/IMG_4595.jpg\" alt=\"\" width=\"1024\" height=\"683\" srcset=\"https:\/\/static-blogs.lasprovincias.es\/wp-content\/uploads\/sites\/18\/2017\/05\/IMG_4595.jpg 1024w, https:\/\/static-blogs.lasprovincias.es\/wp-content\/uploads\/sites\/18\/2017\/05\/IMG_4595-300x200.jpg 300w, https:\/\/static-blogs.lasprovincias.es\/wp-content\/uploads\/sites\/18\/2017\/05\/IMG_4595-768x512.jpg 768w\" sizes=\"(max-width: 1024px) 100vw, 1024px\" \/><\/a><p id=\"caption-attachment-11622\" class=\"wp-caption-text\">Esto es un regalo. Como bien sab\u00eda Marco Polo.<\/p><\/div>\n<p>&nbsp;<\/p>\n<p><span style=\"color: #8a8a14; font-size: large;\">CARB\u00d3N DE MORCILLA<\/span><br \/>\n<strong><span style=\"color: #ff9900;\">At\u00fan marinado hecho con carb\u00f3n de morcilla d\u2019 Ontinyent<\/span><\/strong>\u00bb, anunci\u00f3 Edurne con un extra\u00f1o artilugio de metal entre sus manos. En \u00e9l, dos morcillas abrasadas y colacadas sobre un cubo met\u00e1lico emanaban un denso humo que a su vez abrazaba a dos tacos de at\u00fan suspendidos en el aire por una peque\u00f1a estaca de metal. \u00abEst\u00e1 desatado\u00bb, reiter\u00e9 en ese instante mientras daba un bocado al pescado y mi cabeza se llenaba de sensaciones que transmit\u00edan recuerdos y hablaban de ra\u00edces, de fantas\u00eda, de la vida. \u00abLa morcilla hace lo suyo\u00bb, me dije sonriendo incr\u00e9dulo.<\/p>\n<p><a href=\"\/historiascondelantal\/wp-content\/uploads\/sites\/18\/2017\/05\/IMG_4634.jpg\"><img loading=\"lazy\" class=\"aligncenter size-full wp-image-11625\" title=\"IMG_4634\" src=\"\/historiascondelantal\/wp-content\/uploads\/sites\/18\/2017\/05\/IMG_4634.jpg\" alt=\"\" width=\"683\" height=\"1024\" srcset=\"https:\/\/static-blogs.lasprovincias.es\/wp-content\/uploads\/sites\/18\/2017\/05\/IMG_4634.jpg 683w, https:\/\/static-blogs.lasprovincias.es\/wp-content\/uploads\/sites\/18\/2017\/05\/IMG_4634-200x300.jpg 200w\" sizes=\"(max-width: 683px) 100vw, 683px\" \/><\/a><\/p>\n<div id=\"attachment_11624\" style=\"width: 1034px\" class=\"wp-caption aligncenter\"><a href=\"\/historiascondelantal\/wp-content\/uploads\/sites\/18\/2017\/05\/IMG_4640.jpg\"><img aria-describedby=\"caption-attachment-11624\" loading=\"lazy\" class=\"size-full wp-image-11624\" title=\"IMG_4640\" src=\"\/historiascondelantal\/wp-content\/uploads\/sites\/18\/2017\/05\/IMG_4640.jpg\" alt=\"\" width=\"1024\" height=\"683\" srcset=\"https:\/\/static-blogs.lasprovincias.es\/wp-content\/uploads\/sites\/18\/2017\/05\/IMG_4640.jpg 1024w, https:\/\/static-blogs.lasprovincias.es\/wp-content\/uploads\/sites\/18\/2017\/05\/IMG_4640-300x200.jpg 300w, https:\/\/static-blogs.lasprovincias.es\/wp-content\/uploads\/sites\/18\/2017\/05\/IMG_4640-768x512.jpg 768w\" sizes=\"(max-width: 1024px) 100vw, 1024px\" \/><\/a><p id=\"caption-attachment-11624\" class=\"wp-caption-text\">Los tacos de at\u00fan.<\/p><\/div>\n<div id=\"attachment_11623\" style=\"width: 816px\" class=\"wp-caption aligncenter\"><a href=\"\/historiascondelantal\/wp-content\/uploads\/sites\/18\/2017\/05\/IMG_4636.jpg\"><img aria-describedby=\"caption-attachment-11623\" loading=\"lazy\" class=\"size-full wp-image-11623\" title=\"IMG_4636\" src=\"\/historiascondelantal\/wp-content\/uploads\/sites\/18\/2017\/05\/IMG_4636.jpg\" alt=\"\" width=\"806\" height=\"768\" srcset=\"https:\/\/static-blogs.lasprovincias.es\/wp-content\/uploads\/sites\/18\/2017\/05\/IMG_4636.jpg 806w, https:\/\/static-blogs.lasprovincias.es\/wp-content\/uploads\/sites\/18\/2017\/05\/IMG_4636-300x286.jpg 300w, https:\/\/static-blogs.lasprovincias.es\/wp-content\/uploads\/sites\/18\/2017\/05\/IMG_4636-768x732.jpg 768w\" sizes=\"(max-width: 806px) 100vw, 806px\" \/><\/a><p id=\"caption-attachment-11623\" class=\"wp-caption-text\">El carb\u00f3n de morcilla.<\/p><\/div>\n<p>En una isla imaginada, un<strong><span style=\"color: #ff9900;\"> pez mantequilla<\/span><\/strong> con forma de hoja, chapoteaba en un lago de jugo de acelga con toques de manzana y jengibre; en otra, <span style=\"color: #ff9900;\"><strong>pulpitos frescos<\/strong><\/span> buceaban en un caldo thai y acrecentaban el entusiasmo del paladar. Una<strong><span style=\"color: #ff9900;\"> lubina a la sal<\/span><\/strong>, sazonada con las escamas del mismo pescado, se convert\u00eda en un verso m\u00e1s de este poema \u00e9pico a la cocina del Mediterr\u00e1neo; mientras, de las profundidades marinas, afloraba un complejo y admirable sue\u00f1o culinario llamado <strong><span style=\"color: #ff9900;\">fondo marino (TOP)<\/span><\/strong>. Su est\u00e9tica era espectacular \u2013verdes brillantes, tierra de musgo y crujientes delicados\u2013 y su sabor sencillamente extraordinario.<\/p>\n<p><a href=\"\/historiascondelantal\/wp-content\/uploads\/sites\/18\/2017\/05\/IMG_4666.jpg\"><img loading=\"lazy\" class=\"aligncenter size-full wp-image-11626\" title=\"IMG_4666\" src=\"\/historiascondelantal\/wp-content\/uploads\/sites\/18\/2017\/05\/IMG_4666.jpg\" alt=\"\" width=\"1024\" height=\"683\" srcset=\"https:\/\/static-blogs.lasprovincias.es\/wp-content\/uploads\/sites\/18\/2017\/05\/IMG_4666.jpg 1024w, https:\/\/static-blogs.lasprovincias.es\/wp-content\/uploads\/sites\/18\/2017\/05\/IMG_4666-300x200.jpg 300w, https:\/\/static-blogs.lasprovincias.es\/wp-content\/uploads\/sites\/18\/2017\/05\/IMG_4666-768x512.jpg 768w\" sizes=\"(max-width: 1024px) 100vw, 1024px\" \/><\/a><\/p>\n<div id=\"attachment_11629\" style=\"width: 1034px\" class=\"wp-caption aligncenter\"><a href=\"\/historiascondelantal\/wp-content\/uploads\/sites\/18\/2017\/05\/IMG_4714.jpg\"><img aria-describedby=\"caption-attachment-11629\" loading=\"lazy\" class=\"size-full wp-image-11629\" title=\"IMG_4714\" src=\"\/historiascondelantal\/wp-content\/uploads\/sites\/18\/2017\/05\/IMG_4714.jpg\" alt=\"\" width=\"1024\" height=\"683\" srcset=\"https:\/\/static-blogs.lasprovincias.es\/wp-content\/uploads\/sites\/18\/2017\/05\/IMG_4714.jpg 1024w, https:\/\/static-blogs.lasprovincias.es\/wp-content\/uploads\/sites\/18\/2017\/05\/IMG_4714-300x200.jpg 300w, https:\/\/static-blogs.lasprovincias.es\/wp-content\/uploads\/sites\/18\/2017\/05\/IMG_4714-768x512.jpg 768w\" sizes=\"(max-width: 1024px) 100vw, 1024px\" \/><\/a><p id=\"caption-attachment-11629\" class=\"wp-caption-text\">Los pulpitos con caldo thai.<\/p><\/div>\n<p><a href=\"\/historiascondelantal\/wp-content\/uploads\/sites\/18\/2017\/05\/IMG_4610.jpg\"><img loading=\"lazy\" class=\"aligncenter size-full wp-image-11627\" title=\"IMG_4610\" src=\"\/historiascondelantal\/wp-content\/uploads\/sites\/18\/2017\/05\/IMG_4610.jpg\" alt=\"\" width=\"1024\" height=\"683\" srcset=\"https:\/\/static-blogs.lasprovincias.es\/wp-content\/uploads\/sites\/18\/2017\/05\/IMG_4610.jpg 1024w, https:\/\/static-blogs.lasprovincias.es\/wp-content\/uploads\/sites\/18\/2017\/05\/IMG_4610-300x200.jpg 300w, https:\/\/static-blogs.lasprovincias.es\/wp-content\/uploads\/sites\/18\/2017\/05\/IMG_4610-768x512.jpg 768w\" sizes=\"(max-width: 1024px) 100vw, 1024px\" \/><\/a><\/p>\n<div id=\"attachment_11631\" style=\"width: 1034px\" class=\"wp-caption aligncenter\"><a href=\"\/historiascondelantal\/wp-content\/uploads\/sites\/18\/2017\/05\/IMG_4681.jpg\"><img aria-describedby=\"caption-attachment-11631\" loading=\"lazy\" class=\"size-full wp-image-11631\" title=\"IMG_4681\" src=\"\/historiascondelantal\/wp-content\/uploads\/sites\/18\/2017\/05\/IMG_4681.jpg\" alt=\"\" width=\"1024\" height=\"683\" srcset=\"https:\/\/static-blogs.lasprovincias.es\/wp-content\/uploads\/sites\/18\/2017\/05\/IMG_4681.jpg 1024w, https:\/\/static-blogs.lasprovincias.es\/wp-content\/uploads\/sites\/18\/2017\/05\/IMG_4681-300x200.jpg 300w, https:\/\/static-blogs.lasprovincias.es\/wp-content\/uploads\/sites\/18\/2017\/05\/IMG_4681-768x512.jpg 768w\" sizes=\"(max-width: 1024px) 100vw, 1024px\" \/><\/a><p id=\"caption-attachment-11631\" class=\"wp-caption-text\">El maravilloso fondo marino de Nazario.<\/p><\/div>\n<p>&nbsp;<\/p>\n<p><span style=\"color: #8a8a14; font-size: large;\">UNA PLAYA DE CRISTAL<\/span><br \/>\nIrrumpi\u00f3 sobre una roca un <strong><span style=\"color: #ff9900;\">guacamole<\/span><\/strong> muy personal; en una barcaza, un<strong><span style=\"color: #ff9900;\"> jugo fr\u00edo de zanahoria y quisquilla<\/span><\/strong> (jurar\u00eda tambi\u00e9n que calabaza) que estaba magistral, y en una playa de cristal, <strong><span style=\"color: #ff9900;\">caballas y tomates al sol<\/span><\/strong> con jugos variados que daban pie a un plato genial en el que reinaba un bocado de tomate helado. Imborrable en la memoria. Hubo <strong><span style=\"color: #ff9900;\">cocochas<\/span><\/strong> soberbias con un pseudo caviar \u2018Made in Nazario\u2019; y hubo<span style=\"color: #ff9900;\"><strong> gamba roja<\/strong><\/span> mimada \u2013aunque a mi me gusta casi sin tocar\u2013 con hojas fritas de naranjo. Hubo<strong><span style=\"color: #ff9900;\"> galeras y alcachofas<\/span><\/strong>, delicado y estudiado juego de crujientes y melosidad; y hubo lo que para ellos es el chiringuito, un plato magistral hecho con <span style=\"color: #ff9900;\"><strong>ortiguilla frita y un escabeche de perdiz<\/strong><\/span> que estaba para mojar y no parar. Otro derroche de fantas\u00eda al que me entregu\u00e9 feliz. (Ayudado, eso s\u00ed, por el maridaje de <strong>Joan Coll)<\/strong>.<\/p>\n<div id=\"attachment_11634\" style=\"width: 1034px\" class=\"wp-caption aligncenter\"><a href=\"\/historiascondelantal\/wp-content\/uploads\/sites\/18\/2017\/05\/IMG_4731.jpg\"><img aria-describedby=\"caption-attachment-11634\" loading=\"lazy\" class=\"size-full wp-image-11634\" title=\"IMG_4731\" src=\"\/historiascondelantal\/wp-content\/uploads\/sites\/18\/2017\/05\/IMG_4731.jpg\" alt=\"\" width=\"1024\" height=\"683\" srcset=\"https:\/\/static-blogs.lasprovincias.es\/wp-content\/uploads\/sites\/18\/2017\/05\/IMG_4731.jpg 1024w, https:\/\/static-blogs.lasprovincias.es\/wp-content\/uploads\/sites\/18\/2017\/05\/IMG_4731-300x200.jpg 300w, https:\/\/static-blogs.lasprovincias.es\/wp-content\/uploads\/sites\/18\/2017\/05\/IMG_4731-768x512.jpg 768w\" sizes=\"(max-width: 1024px) 100vw, 1024px\" \/><\/a><p id=\"caption-attachment-11634\" class=\"wp-caption-text\">Su guacamole. Un bocado bien rico.<\/p><\/div>\n<div id=\"attachment_11635\" style=\"width: 1034px\" class=\"wp-caption aligncenter\"><a href=\"\/historiascondelantal\/wp-content\/uploads\/sites\/18\/2017\/05\/IMG_4769.jpg\"><img aria-describedby=\"caption-attachment-11635\" loading=\"lazy\" class=\"size-full wp-image-11635\" title=\"IMG_4769\" src=\"\/historiascondelantal\/wp-content\/uploads\/sites\/18\/2017\/05\/IMG_4769.jpg\" alt=\"\" width=\"1024\" height=\"683\" srcset=\"https:\/\/static-blogs.lasprovincias.es\/wp-content\/uploads\/sites\/18\/2017\/05\/IMG_4769.jpg 1024w, https:\/\/static-blogs.lasprovincias.es\/wp-content\/uploads\/sites\/18\/2017\/05\/IMG_4769-300x200.jpg 300w, https:\/\/static-blogs.lasprovincias.es\/wp-content\/uploads\/sites\/18\/2017\/05\/IMG_4769-768x512.jpg 768w\" sizes=\"(max-width: 1024px) 100vw, 1024px\" \/><\/a><p id=\"caption-attachment-11635\" class=\"wp-caption-text\">La quisquilla y la calabaza jugando en El Rodat.<\/p><\/div>\n<div id=\"attachment_11637\" style=\"width: 1034px\" class=\"wp-caption aligncenter\"><a href=\"\/historiascondelantal\/wp-content\/uploads\/sites\/18\/2017\/05\/IMG_4790.jpg\"><img aria-describedby=\"caption-attachment-11637\" loading=\"lazy\" class=\"size-full wp-image-11637\" title=\"IMG_4790\" src=\"\/historiascondelantal\/wp-content\/uploads\/sites\/18\/2017\/05\/IMG_4790.jpg\" alt=\"\" width=\"1024\" height=\"693\" srcset=\"https:\/\/static-blogs.lasprovincias.es\/wp-content\/uploads\/sites\/18\/2017\/05\/IMG_4790.jpg 1024w, https:\/\/static-blogs.lasprovincias.es\/wp-content\/uploads\/sites\/18\/2017\/05\/IMG_4790-300x203.jpg 300w, https:\/\/static-blogs.lasprovincias.es\/wp-content\/uploads\/sites\/18\/2017\/05\/IMG_4790-768x520.jpg 768w\" sizes=\"(max-width: 1024px) 100vw, 1024px\" \/><\/a><p id=\"caption-attachment-11637\" class=\"wp-caption-text\">El tomate helado que hay en el centro es para llorar.<\/p><\/div>\n<div id=\"attachment_11638\" style=\"width: 1034px\" class=\"wp-caption aligncenter\"><a href=\"\/historiascondelantal\/wp-content\/uploads\/sites\/18\/2017\/05\/IMG_4806.jpg\"><img aria-describedby=\"caption-attachment-11638\" loading=\"lazy\" class=\"size-full wp-image-11638\" title=\"IMG_4806\" src=\"\/historiascondelantal\/wp-content\/uploads\/sites\/18\/2017\/05\/IMG_4806.jpg\" alt=\"\" width=\"1024\" height=\"683\" srcset=\"https:\/\/static-blogs.lasprovincias.es\/wp-content\/uploads\/sites\/18\/2017\/05\/IMG_4806.jpg 1024w, https:\/\/static-blogs.lasprovincias.es\/wp-content\/uploads\/sites\/18\/2017\/05\/IMG_4806-300x200.jpg 300w, https:\/\/static-blogs.lasprovincias.es\/wp-content\/uploads\/sites\/18\/2017\/05\/IMG_4806-768x512.jpg 768w\" sizes=\"(max-width: 1024px) 100vw, 1024px\" \/><\/a><p id=\"caption-attachment-11638\" class=\"wp-caption-text\">Las maravillosas (siempre) cocochas.<\/p><\/div>\n<p>&nbsp;<\/p>\n<div id=\"attachment_11646\" style=\"width: 1034px\" class=\"wp-caption aligncenter\"><a href=\"\/historiascondelantal\/wp-content\/uploads\/sites\/18\/2017\/05\/IMG_4892.jpg\"><img aria-describedby=\"caption-attachment-11646\" loading=\"lazy\" class=\"size-full wp-image-11646\" title=\"IMG_4892\" src=\"\/historiascondelantal\/wp-content\/uploads\/sites\/18\/2017\/05\/IMG_4892.jpg\" alt=\"\" width=\"1024\" height=\"683\" srcset=\"https:\/\/static-blogs.lasprovincias.es\/wp-content\/uploads\/sites\/18\/2017\/05\/IMG_4892.jpg 1024w, https:\/\/static-blogs.lasprovincias.es\/wp-content\/uploads\/sites\/18\/2017\/05\/IMG_4892-300x200.jpg 300w, https:\/\/static-blogs.lasprovincias.es\/wp-content\/uploads\/sites\/18\/2017\/05\/IMG_4892-768x512.jpg 768w\" sizes=\"(max-width: 1024px) 100vw, 1024px\" \/><\/a><p id=\"caption-attachment-11646\" class=\"wp-caption-text\">Galera con su alcachofa.<\/p><\/div>\n<div id=\"attachment_11641\" style=\"width: 1034px\" class=\"wp-caption aligncenter\"><a href=\"\/historiascondelantal\/wp-content\/uploads\/sites\/18\/2017\/05\/IMG_4836.jpg\"><img aria-describedby=\"caption-attachment-11641\" loading=\"lazy\" class=\"size-full wp-image-11641\" title=\"IMG_4836\" src=\"\/historiascondelantal\/wp-content\/uploads\/sites\/18\/2017\/05\/IMG_4836.jpg\" alt=\"\" width=\"1024\" height=\"683\" srcset=\"https:\/\/static-blogs.lasprovincias.es\/wp-content\/uploads\/sites\/18\/2017\/05\/IMG_4836.jpg 1024w, https:\/\/static-blogs.lasprovincias.es\/wp-content\/uploads\/sites\/18\/2017\/05\/IMG_4836-300x200.jpg 300w, https:\/\/static-blogs.lasprovincias.es\/wp-content\/uploads\/sites\/18\/2017\/05\/IMG_4836-768x512.jpg 768w\" sizes=\"(max-width: 1024px) 100vw, 1024px\" \/><\/a><p id=\"caption-attachment-11641\" class=\"wp-caption-text\">Otiguillas para mojar. El chiringuito.<\/p><\/div>\n<div id=\"attachment_11642\" style=\"width: 1034px\" class=\"wp-caption aligncenter\"><a href=\"\/historiascondelantal\/wp-content\/uploads\/sites\/18\/2017\/05\/IMG_4856.jpg\"><img aria-describedby=\"caption-attachment-11642\" loading=\"lazy\" class=\"size-full wp-image-11642\" title=\"IMG_4856\" src=\"\/historiascondelantal\/wp-content\/uploads\/sites\/18\/2017\/05\/IMG_4856.jpg\" alt=\"\" width=\"1024\" height=\"683\" srcset=\"https:\/\/static-blogs.lasprovincias.es\/wp-content\/uploads\/sites\/18\/2017\/05\/IMG_4856.jpg 1024w, https:\/\/static-blogs.lasprovincias.es\/wp-content\/uploads\/sites\/18\/2017\/05\/IMG_4856-300x200.jpg 300w, https:\/\/static-blogs.lasprovincias.es\/wp-content\/uploads\/sites\/18\/2017\/05\/IMG_4856-768x512.jpg 768w\" sizes=\"(max-width: 1024px) 100vw, 1024px\" \/><\/a><p id=\"caption-attachment-11642\" class=\"wp-caption-text\">Gamba roja con hojas de naranjo en flor.<\/p><\/div>\n<p style=\"text-align: center;\"><span style=\"font-size: medium;\">&#8230; el maridaje de Joan tiene tintes de espectacular. Un gozo!<\/span><\/p>\n<p style=\"text-align: center;\"><a href=\"\/historiascondelantal\/wp-content\/uploads\/sites\/18\/2017\/05\/IMG_4956.jpg\"><img loading=\"lazy\" class=\"aligncenter size-full wp-image-11643\" title=\"IMG_4956\" src=\"\/historiascondelantal\/wp-content\/uploads\/sites\/18\/2017\/05\/IMG_4956.jpg\" alt=\"\" width=\"683\" height=\"1024\" srcset=\"https:\/\/static-blogs.lasprovincias.es\/wp-content\/uploads\/sites\/18\/2017\/05\/IMG_4956.jpg 683w, https:\/\/static-blogs.lasprovincias.es\/wp-content\/uploads\/sites\/18\/2017\/05\/IMG_4956-200x300.jpg 200w\" sizes=\"(max-width: 683px) 100vw, 683px\" \/><\/a><\/p>\n<p>&nbsp;<\/p>\n<p><span style=\"color: #8a8a14; font-size: large;\">TINTA DE CALAMAR<\/span><br \/>\nTodo parec\u00eda suficiente. Pero el alquimista estaba exultante. Desbocado. Apareci\u00f3 en un lienzo una<strong><span style=\"color: #ff9900;\"> sepia encebollada<\/span><\/strong> narrada a su manera, que era como un calamar gigante que hac\u00eda con su tinta una salsa exquisita. Casi junto a ella, movi\u00e9ndose por un singular fango de<strong><span style=\"color: #ff9900;\"> all i pebre<\/span><\/strong>, lleg\u00f3 la anguila que fue como disparar en mitad de un imposible mar un hermoso y provocador castillo de fuegos artificiales que fueran firmando el final del viaje. Hubo postres y algunas sorpresas m\u00e1s, pero los destellos del ingenio del cocinero ya me hab\u00edan cegado. En ese instante, en tu cabeza ya s\u00f3lo tienes la sensaci\u00f3n de que<strong><span style=\"color: #999933;\"> Nazario Cano est\u00e1 en un gran momento. Un momento especial<\/span><\/strong>.<\/p>\n<div id=\"attachment_11644\" style=\"width: 1034px\" class=\"wp-caption aligncenter\"><a href=\"\/historiascondelantal\/wp-content\/uploads\/sites\/18\/2017\/05\/IMG_48821.jpg\"><img aria-describedby=\"caption-attachment-11644\" loading=\"lazy\" class=\"size-full wp-image-11644\" title=\"IMG_4882\" src=\"\/historiascondelantal\/wp-content\/uploads\/sites\/18\/2017\/05\/IMG_48821.jpg\" alt=\"\" width=\"1024\" height=\"683\" srcset=\"https:\/\/static-blogs.lasprovincias.es\/wp-content\/uploads\/sites\/18\/2017\/05\/IMG_48821.jpg 1024w, https:\/\/static-blogs.lasprovincias.es\/wp-content\/uploads\/sites\/18\/2017\/05\/IMG_48821-300x200.jpg 300w, https:\/\/static-blogs.lasprovincias.es\/wp-content\/uploads\/sites\/18\/2017\/05\/IMG_48821-768x512.jpg 768w\" sizes=\"(max-width: 1024px) 100vw, 1024px\" \/><\/a><p id=\"caption-attachment-11644\" class=\"wp-caption-text\">Un detalle de su sepia encebollada... sobre lienzo.<\/p><\/div>\n<div id=\"attachment_11647\" style=\"width: 1034px\" class=\"wp-caption aligncenter\"><a href=\"\/historiascondelantal\/wp-content\/uploads\/sites\/18\/2017\/05\/IMG_4941.jpg\"><img aria-describedby=\"caption-attachment-11647\" loading=\"lazy\" class=\"size-full wp-image-11647\" title=\"IMG_4941\" src=\"\/historiascondelantal\/wp-content\/uploads\/sites\/18\/2017\/05\/IMG_4941.jpg\" alt=\"\" width=\"1024\" height=\"683\" srcset=\"https:\/\/static-blogs.lasprovincias.es\/wp-content\/uploads\/sites\/18\/2017\/05\/IMG_4941.jpg 1024w, https:\/\/static-blogs.lasprovincias.es\/wp-content\/uploads\/sites\/18\/2017\/05\/IMG_4941-300x200.jpg 300w, https:\/\/static-blogs.lasprovincias.es\/wp-content\/uploads\/sites\/18\/2017\/05\/IMG_4941-768x512.jpg 768w\" sizes=\"(max-width: 1024px) 100vw, 1024px\" \/><\/a><p id=\"caption-attachment-11647\" class=\"wp-caption-text\">Su anguila... en su fango de all i pebre.<\/p><\/div>\n<p style=\"text-align: center;\"><span style=\"font-size: medium;\">&#8230;sus postres son, como todo en \u00e9l, libres. \u00c9ste est\u00e1 hecho con berenjena.<\/span><\/p>\n<p style=\"text-align: center;\"><a href=\"\/historiascondelantal\/wp-content\/uploads\/sites\/18\/2017\/05\/IMG_4980.jpg\"><img loading=\"lazy\" class=\"aligncenter size-full wp-image-11650\" title=\"IMG_4980\" src=\"\/historiascondelantal\/wp-content\/uploads\/sites\/18\/2017\/05\/IMG_4980.jpg\" alt=\"\" width=\"1024\" height=\"683\" srcset=\"https:\/\/static-blogs.lasprovincias.es\/wp-content\/uploads\/sites\/18\/2017\/05\/IMG_4980.jpg 1024w, https:\/\/static-blogs.lasprovincias.es\/wp-content\/uploads\/sites\/18\/2017\/05\/IMG_4980-300x200.jpg 300w, https:\/\/static-blogs.lasprovincias.es\/wp-content\/uploads\/sites\/18\/2017\/05\/IMG_4980-768x512.jpg 768w\" sizes=\"(max-width: 1024px) 100vw, 1024px\" \/><\/a><\/p>\n<p>&nbsp;<\/p>\n<p>El cocinero y su equipo han creado un sue\u00f1o. <span style=\"color: #999933;\"><strong>Paco, H\u00e9ctor y Josep<\/strong><\/span>, en la cocina; <strong><span style=\"color: #999933;\">Edurne y Joan<\/span><\/strong>, en la sala. Y <span style=\"color: #999933;\"><strong>Elena<\/strong><\/span>, en la direcci\u00f3n. Ella tiene parte de culpa de todo esto. En El Rodat han dejado que la quimera salga a navegar. Y<strong> han dejado que, como Marco Polo, Nazario se pase\u00e9 por el reino de Bassina<\/strong>. All\u00ed donde, si crees, los ves: <em>\u00abtienen la cabe\u00e7a semejante al puerco, e siempre la tiene abaxada a la tierra y est\u00e1n de buena gana en el cieno, e tienen un cuerno en la frente e por esto solamente se dizen unicornios\u00bb.<\/em><\/p>\n<p><a href=\"\/historiascondelantal\/wp-content\/uploads\/sites\/18\/2017\/05\/IMG_5007.jpg\"><img loading=\"lazy\" class=\"aligncenter size-full wp-image-11654\" title=\"IMG_5007\" src=\"\/historiascondelantal\/wp-content\/uploads\/sites\/18\/2017\/05\/IMG_5007.jpg\" alt=\"\" width=\"1024\" height=\"683\" srcset=\"https:\/\/static-blogs.lasprovincias.es\/wp-content\/uploads\/sites\/18\/2017\/05\/IMG_5007.jpg 1024w, https:\/\/static-blogs.lasprovincias.es\/wp-content\/uploads\/sites\/18\/2017\/05\/IMG_5007-300x200.jpg 300w, https:\/\/static-blogs.lasprovincias.es\/wp-content\/uploads\/sites\/18\/2017\/05\/IMG_5007-768x512.jpg 768w\" sizes=\"(max-width: 1024px) 100vw, 1024px\" \/><\/a><\/p>\n<p><a href=\"\/historiascondelantal\/wp-content\/uploads\/sites\/18\/2017\/05\/IMG_5072.jpg\"><img loading=\"lazy\" class=\"aligncenter size-full wp-image-11656\" title=\"IMG_5072\" src=\"\/historiascondelantal\/wp-content\/uploads\/sites\/18\/2017\/05\/IMG_5072.jpg\" alt=\"\" width=\"1024\" height=\"704\" srcset=\"https:\/\/static-blogs.lasprovincias.es\/wp-content\/uploads\/sites\/18\/2017\/05\/IMG_5072.jpg 1024w, https:\/\/static-blogs.lasprovincias.es\/wp-content\/uploads\/sites\/18\/2017\/05\/IMG_5072-300x206.jpg 300w, https:\/\/static-blogs.lasprovincias.es\/wp-content\/uploads\/sites\/18\/2017\/05\/IMG_5072-768x528.jpg 768w\" sizes=\"(max-width: 1024px) 100vw, 1024px\" \/><\/a><\/p>\n<p><a href=\"\/historiascondelantal\/wp-content\/uploads\/sites\/18\/2017\/05\/IMG_4982.jpg\"><img loading=\"lazy\" class=\"aligncenter size-full wp-image-11651\" title=\"IMG_4982\" src=\"\/historiascondelantal\/wp-content\/uploads\/sites\/18\/2017\/05\/IMG_4982.jpg\" alt=\"\" width=\"981\" height=\"485\" srcset=\"https:\/\/static-blogs.lasprovincias.es\/wp-content\/uploads\/sites\/18\/2017\/05\/IMG_4982.jpg 981w, https:\/\/static-blogs.lasprovincias.es\/wp-content\/uploads\/sites\/18\/2017\/05\/IMG_4982-300x148.jpg 300w, https:\/\/static-blogs.lasprovincias.es\/wp-content\/uploads\/sites\/18\/2017\/05\/IMG_4982-768x380.jpg 768w\" sizes=\"(max-width: 981px) 100vw, 981px\" \/><\/a><\/p>\n<p><a href=\"\/historiascondelantal\/wp-content\/uploads\/sites\/18\/2017\/05\/IMG_5004.jpg\"><img loading=\"lazy\" class=\"aligncenter size-full wp-image-11653\" title=\"IMG_5004\" src=\"\/historiascondelantal\/wp-content\/uploads\/sites\/18\/2017\/05\/IMG_5004.jpg\" alt=\"\" width=\"934\" height=\"617\" srcset=\"https:\/\/static-blogs.lasprovincias.es\/wp-content\/uploads\/sites\/18\/2017\/05\/IMG_5004.jpg 934w, https:\/\/static-blogs.lasprovincias.es\/wp-content\/uploads\/sites\/18\/2017\/05\/IMG_5004-300x198.jpg 300w, https:\/\/static-blogs.lasprovincias.es\/wp-content\/uploads\/sites\/18\/2017\/05\/IMG_5004-768x507.jpg 768w\" sizes=\"(max-width: 934px) 100vw, 934px\" \/><\/a><\/p>\n<p><a href=\"\/historiascondelantal\/wp-content\/uploads\/sites\/18\/2017\/05\/IMG_3459.jpeg\"><img loading=\"lazy\" class=\"aligncenter size-large wp-image-11657\" title=\"IMG_3459\" src=\"\/historiascondelantal\/wp-content\/uploads\/sites\/18\/2017\/05\/IMG_3459.jpg\" alt=\"\" width=\"1024\" height=\"768\" \/><\/a><\/p>\n<!-- AddThis Advanced Settings generic via filter on the_content --><!-- AddThis Share Buttons generic via filter on the_content -->","protected":false},"excerpt":{"rendered":"<p>&#8220;Navegando diez e siete millas de Java (que bien podr\u00eda ser X\u00e0bia) entre medio d\u00eda e solano, vi\u00e9nse a dos islas que llaman Sondur e otra Condur. E allende destas dos islas casi dozientas millas, est\u00e1 una provincia que dicen Jocath, grande e rica, e hablan persiano e adornan \u00eddolos\u00bb. La descripci\u00f3n la hace Marco [&hellip;]<!-- AddThis Advanced Settings generic via filter on get_the_excerpt --><!-- AddThis Share Buttons generic via filter on get_the_excerpt --><\/p>\n","protected":false},"author":23,"featured_media":0,"comment_status":"open","ping_status":"open","sticky":false,"template":"","format":"standard","meta":[],"categories":[3,4,5,6,7],"tags":[371,772,1168],"_links":{"self":[{"href":"https:\/\/blogs.lasprovincias.es\/historiascondelantal\/wp-json\/wp\/v2\/posts\/11590"}],"collection":[{"href":"https:\/\/blogs.lasprovincias.es\/historiascondelantal\/wp-json\/wp\/v2\/posts"}],"about":[{"href":"https:\/\/blogs.lasprovincias.es\/historiascondelantal\/wp-json\/wp\/v2\/types\/post"}],"author":[{"embeddable":true,"href":"https:\/\/blogs.lasprovincias.es\/historiascondelantal\/wp-json\/wp\/v2\/users\/23"}],"replies":[{"embeddable":true,"href":"https:\/\/blogs.lasprovincias.es\/historiascondelantal\/wp-json\/wp\/v2\/comments?post=11590"}],"version-history":[{"count":0,"href":"https:\/\/blogs.lasprovincias.es\/historiascondelantal\/wp-json\/wp\/v2\/posts\/11590\/revisions"}],"wp:attachment":[{"href":"https:\/\/blogs.lasprovincias.es\/historiascondelantal\/wp-json\/wp\/v2\/media?parent=11590"}],"wp:term":[{"taxonomy":"category","embeddable":true,"href":"https:\/\/blogs.lasprovincias.es\/historiascondelantal\/wp-json\/wp\/v2\/categories?post=11590"},{"taxonomy":"post_tag","embeddable":true,"href":"https:\/\/blogs.lasprovincias.es\/historiascondelantal\/wp-json\/wp\/v2\/tags?post=11590"}],"curies":[{"name":"wp","href":"https:\/\/api.w.org\/{rel}","templated":true}]}}