{"id":11659,"date":"2017-05-13T07:48:03","date_gmt":"2017-05-13T05:48:03","guid":{"rendered":"http:\/\/blogs.lasprovincias.es\/historiascondelantal\/?p=11659"},"modified":"2017-05-13T07:48:03","modified_gmt":"2017-05-13T05:48:03","slug":"maestros-en-la-sala-sin-ellos-los-chefs-no-son-nada","status":"publish","type":"post","link":"https:\/\/blogs.lasprovincias.es\/historiascondelantal\/2017\/05\/13\/maestros-en-la-sala-sin-ellos-los-chefs-no-son-nada\/","title":{"rendered":"Maestros en la sala: sin ellos los chefs no son nada"},"content":{"rendered":"<p><a href=\"\/historiascondelantal\/wp-content\/uploads\/sites\/18\/2017\/05\/IMG_3504.jpeg\"><img loading=\"lazy\" class=\"aligncenter size-full wp-image-11665\" title=\"IMG_3504\" src=\"\/historiascondelantal\/wp-content\/uploads\/sites\/18\/2017\/05\/IMG_3504.jpeg\" alt=\"\" width=\"851\" height=\"315\" srcset=\"https:\/\/static-blogs.lasprovincias.es\/wp-content\/uploads\/sites\/18\/2017\/05\/IMG_3504.jpeg 851w, https:\/\/static-blogs.lasprovincias.es\/wp-content\/uploads\/sites\/18\/2017\/05\/IMG_3504-300x111.jpeg 300w, https:\/\/static-blogs.lasprovincias.es\/wp-content\/uploads\/sites\/18\/2017\/05\/IMG_3504-768x284.jpeg 768w\" sizes=\"(max-width: 851px) 100vw, 851px\" \/><\/a><span style=\"color: #999933;\"><strong>Javier, Yvonne, Juanjo, Raquel, Ricardo, Edurne, Abel, Manuel, Miguel, Alberto, Guille, Jos\u00e9 Antonio&#8230; Didier. \u00a0<\/strong><\/span>La<em> mise en place<\/em>, las reservas, saber c\u00f3mo reaccionar ante la llegada de un cliente, torear una mala cara, ofrecer el aperitivo, las cartas, apuntar bien una comanda,<span style=\"color: #7a7a51;\"> <strong><span style=\"color: #999933;\">moverse sin ser visto pero siempre estar presente<\/span>,<\/strong><\/span> bucear por los platos s\u00f3lo hasta donde reclaman, saber qui\u00e9n es qui\u00e9n pero tratar a todos bien, mimar sin acariciar, confraternizar sin exagerar, coordinar tiempos, servir en tiempo, olvidarte del tiempo, ser un genio de los gestos y quitar y poner cubiertos, copas, restos&#8230;. como si fueran hijos del viento.<strong><span style=\"color: #999933;\"> SON LOS MAESTROS DE LA SALA y\u00a0 los que con ellos bailan.<\/span><\/strong> Ese ballet diario que es el servicio de un restaurante de alta gama (o no tanto).<\/p>\n<p><a href=\"\/historiascondelantal\/wp-content\/uploads\/sites\/18\/2017\/05\/IMG_3518.jpg\"><img loading=\"lazy\" class=\"aligncenter size-full wp-image-11725\" title=\"IMG_3518\" src=\"\/historiascondelantal\/wp-content\/uploads\/sites\/18\/2017\/05\/IMG_3518.jpg\" alt=\"\" width=\"817\" height=\"748\" srcset=\"https:\/\/static-blogs.lasprovincias.es\/wp-content\/uploads\/sites\/18\/2017\/05\/IMG_3518.jpg 817w, https:\/\/static-blogs.lasprovincias.es\/wp-content\/uploads\/sites\/18\/2017\/05\/IMG_3518-300x275.jpg 300w, https:\/\/static-blogs.lasprovincias.es\/wp-content\/uploads\/sites\/18\/2017\/05\/IMG_3518-768x703.jpg 768w\" sizes=\"(max-width: 817px) 100vw, 817px\" \/><\/a><\/p>\n<p>&nbsp;<\/p>\n<address style=\"text-align: right;\"><span style=\"color: #999933;\">&#8220;El ballet del comedor se mov\u00eda com habilidad al ritmo de la sala, mientras los bailarines de la cocina hac\u00edan lo propio acompas\u00e1ndose a sus directrices&#8221;<\/span><\/address>\n<address style=\"text-align: right;\"><span style=\"color: #999933;\"><strong>&#8216;El aroma del crimen&#8217;. Xabier Guti\u00e9rrez<\/strong><\/span><\/address>\n<p><!--more--><\/p>\n<p>Son los ojos del cocinero, el que narra lo que pasa. <span style=\"color: #999933;\"><strong>Las manos que acercan los platos<\/strong><\/span>, los que deben saber defenderlos y, si cabe, sazonarlos con elogios, sin parecer \u00a0un cuenta cuentos, ni un trilero, ni un vendedor de crece pelo. Ellos son la parte del equipo silenciosa, pero al tiempo una parte vital. La que da la cara, la que enmienda la plana, la que pone pasi\u00f3n y ayuda a convertir la experiencia gastron\u00f3mica en eso que los clientes reclaman: una vivencia de las que calan (por dichosa).<\/p>\n<p style=\"text-align: center;\"><span style=\"font-size: x-large; color: #999933;\">ELLOS\u00a0<\/span><\/p>\n<address style=\"text-align: center;\"><span style=\"font-size: medium;\"><strong>Camareros<\/strong><\/span><\/address>\n<address style=\"text-align: center;\"><span style=\"font-size: medium;\">ayudantes de sala<\/span><\/address>\n<address style=\"text-align: center;\"><strong><span style=\"font-size: medium;\">ma\u00eetre<\/span><\/strong><\/address>\n<address style=\"text-align: center;\"><span style=\"font-size: medium;\">segundo ma\u00eetre<\/span><\/address>\n<address style=\"text-align: center;\"><strong><span style=\"font-size: medium;\">jefe de sala <\/span><\/strong><\/address>\n<address style=\"text-align: center;\"><span style=\"font-size: medium;\">su segundo<\/span><\/address>\n<address style=\"text-align: center;\"><strong><span style=\"font-size: medium;\">sumillers <\/span><\/strong><\/address>\n<address style=\"text-align: center;\"><span style=\"font-size: medium;\">aprendices y&#8230;<\/span><\/address>\n<address style=\"text-align: center;\"><span style=\"font-size: medium;\">directores de toda la parafernalia<\/span><\/address>\n<address style=\"text-align: center;\">\u00a0<\/address>\n<address style=\"text-align: center;\">(profesionales de la sala, que dir\u00eda <strong>Rafael Ans\u00f3n<\/strong>).<\/address>\n<address style=\"text-align: center;\">\u00a0<\/address>\n<address style=\"text-align: center;\"><a href=\"\/historiascondelantal\/wp-content\/uploads\/sites\/18\/2017\/05\/IMG_9202.jpg\"><img loading=\"lazy\" class=\" wp-image-11666\" title=\"IMG_9202\" src=\"\/historiascondelantal\/wp-content\/uploads\/sites\/18\/2017\/05\/IMG_9202.jpg\" alt=\"\" width=\"1024\" height=\"482\" srcset=\"https:\/\/static-blogs.lasprovincias.es\/wp-content\/uploads\/sites\/18\/2017\/05\/IMG_9202.jpg 1024w, https:\/\/static-blogs.lasprovincias.es\/wp-content\/uploads\/sites\/18\/2017\/05\/IMG_9202-300x141.jpg 300w, https:\/\/static-blogs.lasprovincias.es\/wp-content\/uploads\/sites\/18\/2017\/05\/IMG_9202-768x362.jpg 768w\" sizes=\"(max-width: 1024px) 100vw, 1024px\" \/><\/a><\/address>\n<address style=\"text-align: center;\">\u00a0<\/address>\n<p style=\"text-align: center;\"><span style=\"font-size: large; color: #999933;\">&#8220;<em>El arte de servir consiste en que <strong>un plato se magnifique ante <\/strong><\/em><\/span><\/p>\n<p style=\"text-align: center;\"><span style=\"color: #999933;\"><span style=\"font-size: large;\"><em><strong>nuestro buen servicio<\/strong>.\u00a0<\/em><\/span><em style=\"font-size: large;\">Si se sirve con rapidez pierde todo el valor<\/em><span style=\"font-size: large;\">&#8220;.<\/span><\/span><\/p>\n<p>\u00c9sta es una de las sentencias -verdades a discreci\u00f3n- que<span style=\"color: #cc0000;\"><strong> Abel Valverde<\/strong><\/span> desliza en su libro <em>Host<\/em> (Editado por<strong> Planeta Gastro<\/strong>). \u00a0Abel es uno de los ma\u00eetre de referencia de este pa\u00eds (Pa\u00eds de las Gastrosof\u00edas). Basta visitar su <a href=\"https:\/\/blogs.lasprovincias.es\/historiascondelantal\/2017\/02\/04\/restaurante-santceloni-obra-maestra\/\" target=\"_blank\"><strong>Santceloni<\/strong> <\/a>para entender por qu\u00e9. Su manual, como \u00e9l, es impecable. Un ba\u00f1o de realidad que te pone cara a cara ante <span style=\"color: #999933;\"><strong>&#8220;la importancia del servicio de sala&#8221;<\/strong><\/span>. La sala y sus gentes. Esos profesionales que forman parte de un todo (llamado restaurante) y que, injustamente, son casi ignorados en medio de tanta gloria gastron\u00f3mica como la que hemos vivido en los \u00faltimos a\u00f1os. Injustamente tratados, insisto, a pesar de que sin ellos todo lo dem\u00e1s no se entender\u00eda. Ni la experiencia ser\u00eda jam\u00e1s la misma.<\/p>\n<p style=\"text-align: center;\">LA <strong>SALA<\/strong> ES EL GRAN ESCENARIO,<\/p>\n<p style=\"text-align: center;\">LA<strong> COCINA<\/strong> SON LAS BAMBALINAS<\/p>\n<p style=\"text-align: center;\"><strong><span style=\"color: #999933;\">UNA COSA SIN OTRA NO EXISTIR\u00cdA<\/span><\/strong><\/p>\n<p><a href=\"\/historiascondelantal\/wp-content\/uploads\/sites\/18\/2017\/05\/IMG_0378.jpg\"><img loading=\"lazy\" class=\"aligncenter size-full wp-image-11667\" title=\"IMG_0378\" src=\"\/historiascondelantal\/wp-content\/uploads\/sites\/18\/2017\/05\/IMG_0378.jpg\" alt=\"\" width=\"1024\" height=\"683\" srcset=\"https:\/\/static-blogs.lasprovincias.es\/wp-content\/uploads\/sites\/18\/2017\/05\/IMG_0378.jpg 1024w, https:\/\/static-blogs.lasprovincias.es\/wp-content\/uploads\/sites\/18\/2017\/05\/IMG_0378-300x200.jpg 300w, https:\/\/static-blogs.lasprovincias.es\/wp-content\/uploads\/sites\/18\/2017\/05\/IMG_0378-768x512.jpg 768w\" sizes=\"(max-width: 1024px) 100vw, 1024px\" \/><\/a><a href=\"\/historiascondelantal\/wp-content\/uploads\/sites\/18\/2017\/05\/IMG_35141.jpeg\"><img loading=\"lazy\" class=\"aligncenter size-large wp-image-11711\" title=\"IMG_3514\" src=\"\/historiascondelantal\/wp-content\/uploads\/sites\/18\/2017\/05\/IMG_35141.jpg\" alt=\"\" width=\"1024\" height=\"256\" \/><\/a><\/p>\n<p>Quiz\u00e1 ha llegado el momento, y creo que esa tendencia se va a acentuar con los a\u00f1os, de que el mundo de la sala vaya alcanzando las cuotas de popularidad que merece. O mejor, equipar\u00e1ndose y valor\u00e1ndose por igual al resto de piezas de un restaurante. Quiz\u00e1 ha llegado el momento de pedir un top ma\u00eetre, <a href=\"https:\/\/blogs.lasprovincias.es\/historiascondelantal\/2017\/04\/09\/no-dispares-al-camarero\/\" target=\"_blank\">un altar al camarero<\/a>, una oda al sumiller&#8230;<\/p>\n<p>Despu\u00e9s de todo,<strong><span style=\"color: #999933;\"> su trato es el que al final hace que t\u00fa seas feliz<\/span><\/strong>. O que no lo seas. Pero ojo, sin confundir. <strong><span style=\"color: #999933;\">No hay que separar la sala de la cocina. Todo va en el mismo saco.<\/span><\/strong> Me lo dijo Didier, que \u00e9l lo tiene claro. Eso tambi\u00e9n.<\/p>\n<address style=\"text-align: center;\"><strong><span style=\"font-size: medium; color: #999933;\">&#8220;<em>El problema ha sido siempre que era la cocina o la sala, la sala o la cocina, cuando\u00a0<\/em><\/span><\/strong><strong style=\"font-style: normal;\"><span style=\"font-size: medium; color: #999933;\"><em>lo importante es que todo el mundo trabaje en un mismo objetivo: la felicidad del cliente<\/em>&#8220;.<\/span><\/strong><\/address>\n<p style=\"text-align: center;\">(<strong><span style=\"color: #cc0000;\">Didier Fertilati<\/span><\/strong> de quien te hablo en<strong> mi pr\u00f3xima Historia Con Delantal<\/strong>)<\/p>\n<p style=\"text-align: center;\"><span style=\"color: #999933;\">Las manos vuelan en el restaurante de Quique Dacosta <\/span><\/p>\n<p style=\"text-align: center;\"><span style=\"color: #999933;\">#pensandoenvolver<br \/>\n<\/span><\/p>\n<p style=\"text-align: center;\"><a href=\"\/historiascondelantal\/wp-content\/uploads\/sites\/18\/2017\/05\/IMG_9081.jpg\"><img loading=\"lazy\" class=\"aligncenter size-full wp-image-11690\" title=\"IMG_9081\" src=\"\/historiascondelantal\/wp-content\/uploads\/sites\/18\/2017\/05\/IMG_9081.jpg\" alt=\"\" width=\"1024\" height=\"683\" srcset=\"https:\/\/static-blogs.lasprovincias.es\/wp-content\/uploads\/sites\/18\/2017\/05\/IMG_9081.jpg 1024w, https:\/\/static-blogs.lasprovincias.es\/wp-content\/uploads\/sites\/18\/2017\/05\/IMG_9081-300x200.jpg 300w, https:\/\/static-blogs.lasprovincias.es\/wp-content\/uploads\/sites\/18\/2017\/05\/IMG_9081-768x512.jpg 768w\" sizes=\"(max-width: 1024px) 100vw, 1024px\" \/><\/a><\/p>\n<p style=\"text-align: center;\"><a href=\"\/historiascondelantal\/wp-content\/uploads\/sites\/18\/2017\/05\/IMG_90821.jpg\"><img loading=\"lazy\" class=\"aligncenter size-full wp-image-11694\" title=\"IMG_9082\" src=\"\/historiascondelantal\/wp-content\/uploads\/sites\/18\/2017\/05\/IMG_90821.jpg\" alt=\"\" width=\"1024\" height=\"683\" srcset=\"https:\/\/static-blogs.lasprovincias.es\/wp-content\/uploads\/sites\/18\/2017\/05\/IMG_90821.jpg 1024w, https:\/\/static-blogs.lasprovincias.es\/wp-content\/uploads\/sites\/18\/2017\/05\/IMG_90821-300x200.jpg 300w, https:\/\/static-blogs.lasprovincias.es\/wp-content\/uploads\/sites\/18\/2017\/05\/IMG_90821-768x512.jpg 768w\" sizes=\"(max-width: 1024px) 100vw, 1024px\" \/><\/a><\/p>\n<p><a href=\"\/historiascondelantal\/wp-content\/uploads\/sites\/18\/2017\/05\/IMG_9149.jpg\"><img loading=\"lazy\" class=\"aligncenter size-full wp-image-11693\" title=\"IMG_9149\" src=\"\/historiascondelantal\/wp-content\/uploads\/sites\/18\/2017\/05\/IMG_9149.jpg\" alt=\"\" width=\"1024\" height=\"615\" srcset=\"https:\/\/static-blogs.lasprovincias.es\/wp-content\/uploads\/sites\/18\/2017\/05\/IMG_9149.jpg 1024w, https:\/\/static-blogs.lasprovincias.es\/wp-content\/uploads\/sites\/18\/2017\/05\/IMG_9149-300x180.jpg 300w, https:\/\/static-blogs.lasprovincias.es\/wp-content\/uploads\/sites\/18\/2017\/05\/IMG_9149-768x461.jpg 768w\" sizes=\"(max-width: 1024px) 100vw, 1024px\" \/><\/a><\/p>\n<p><a href=\"\/historiascondelantal\/wp-content\/uploads\/sites\/18\/2017\/05\/IMG_91171.jpg\"><img loading=\"lazy\" class=\"aligncenter size-full wp-image-11695\" title=\"IMG_9117\" src=\"\/historiascondelantal\/wp-content\/uploads\/sites\/18\/2017\/05\/IMG_91171.jpg\" alt=\"\" width=\"1024\" height=\"683\" srcset=\"https:\/\/static-blogs.lasprovincias.es\/wp-content\/uploads\/sites\/18\/2017\/05\/IMG_91171.jpg 1024w, https:\/\/static-blogs.lasprovincias.es\/wp-content\/uploads\/sites\/18\/2017\/05\/IMG_91171-300x200.jpg 300w, https:\/\/static-blogs.lasprovincias.es\/wp-content\/uploads\/sites\/18\/2017\/05\/IMG_91171-768x512.jpg 768w\" sizes=\"(max-width: 1024px) 100vw, 1024px\" \/><\/a><\/p>\n<p>La realidad es que, sin\u00a0 ellos, el cocinero estar\u00eda hu\u00e9rfano. Estar\u00eda hu\u00e9rfano y ciego, alejado de la realidad de las mesas (aunque con los a\u00f1os ha ido cada vez m\u00e1s saliendo de su cocina y tonteando con los clientes). El cocinero sin la sala es como un genio que no tiene a nadie que airee a los cuatro vientos su ingenio. Si el chef es el que habita en la l\u00e1mpara maravillosa, el ma\u00eetre es Aladino que la frota para que el genio salga&#8230;<\/p>\n<p style=\"text-align: center;\">EL MA\u00ceTRE Y LOS SUYOS HACEN QUE SUENE EL<\/p>\n<p style=\"text-align: center;\"><span style=\"font-size: xx-large; color: #999966;\">A<\/span><span style=\"font-size: xx-large; color: #808000;\">BRA<\/span><span style=\"font-size: xx-large; color: #999966;\"><span style=\"color: #999933;\"><strong>CA<\/strong><\/span>DA<strong><span style=\"color: #999933;\">BRA<\/span><\/strong><\/span><\/p>\n<p style=\"text-align: center;\"><span style=\"font-size: xx-large; color: #999966;\"><a href=\"\/historiascondelantal\/wp-content\/uploads\/sites\/18\/2017\/05\/IMG_34781.jpeg\"><img loading=\"lazy\" title=\"IMG_3478\" src=\"\/historiascondelantal\/wp-content\/uploads\/sites\/18\/2017\/05\/IMG_34781-e1494503998203.jpg\" alt=\"\" width=\"1024\" height=\"637\" \/><\/a><\/span><\/p>\n<p style=\"text-align: center;\"><a href=\"\/historiascondelantal\/wp-content\/uploads\/sites\/18\/2017\/05\/IMG_9183.jpg\"><img loading=\"lazy\" title=\"IMG_9183\" src=\"\/historiascondelantal\/wp-content\/uploads\/sites\/18\/2017\/05\/IMG_9183.jpg\" alt=\"\" width=\"1024\" height=\"623\" \/><\/a><\/p>\n<p style=\"text-align: center;\"><span style=\"font-size: x-large; color: #999966;\">(no est\u00e1n<strong><span style=\"color: #808000;\"> todos, <\/span><\/strong>lo s\u00e9<\/span><\/p>\n<p style=\"text-align: center;\"><span style=\"font-size: x-large; color: #999966;\">&#8230; pero los que est\u00e1n representan <\/span><\/p>\n<p style=\"text-align: center;\"><span style=\"font-size: x-large; color: #999966;\">a <strong>todos<\/strong>)<\/span><\/p>\n<p style=\"text-align: center;\"><span style=\"font-size: xx-large; color: #999966;\"><br \/>\n<\/span><\/p>\n<p><span style=\"color: #cc0000;\"><strong>Javier Andr\u00e9s<\/strong><\/span> (<strong>Grupo La Sucursa<\/strong>l) es uno de los referentes indiscutibles. De los que lo hacen todo f\u00e1cil. <span style=\"color: #999933;\"><strong>Correcci\u00f3n, experiencia, presencia, familiaridad y mucha solvencia<\/strong><\/span>. No le faltan recursos ni labia para hacer de una comida una fiesta. Su hermana <span style=\"color: #cc0000;\"><strong>Cristina<\/strong><\/span>, en<strong> La Mar\u00edtima<\/strong>, deja tambi\u00e9n su huella con una personalidad arrolladora y llena de sensibilidad que acaba fluyendo por la mesa. Dos maneras de hacer del servicio una historia, en una familia que tiene mucha. Mucha historia gastron\u00f3mica.<\/p>\n<div id=\"attachment_11703\" style=\"width: 1034px\" class=\"wp-caption aligncenter\"><a href=\"\/historiascondelantal\/wp-content\/uploads\/sites\/18\/2017\/05\/LF2GZFV1.jpg\"><img aria-describedby=\"caption-attachment-11703\" loading=\"lazy\" class=\"size-large wp-image-11703\" title=\"DOCU_LP Javier de Andres.\" src=\"\/historiascondelantal\/wp-content\/uploads\/sites\/18\/2017\/05\/LF2GZFV1.jpg\" alt=\"\" width=\"1024\" height=\"666\" srcset=\"https:\/\/static-blogs.lasprovincias.es\/wp-content\/uploads\/sites\/18\/2017\/05\/LF2GZFV1.jpg 4844w, https:\/\/static-blogs.lasprovincias.es\/wp-content\/uploads\/sites\/18\/2017\/05\/LF2GZFV1-300x195.jpg 300w, https:\/\/static-blogs.lasprovincias.es\/wp-content\/uploads\/sites\/18\/2017\/05\/LF2GZFV1-768x500.jpg 768w, https:\/\/static-blogs.lasprovincias.es\/wp-content\/uploads\/sites\/18\/2017\/05\/LF2GZFV1-1024x666.jpg 1024w\" sizes=\"(max-width: 1024px) 100vw, 1024px\" \/><\/a><p id=\"caption-attachment-11703\" class=\"wp-caption-text\">Foto Irene Marsilla\/LP<\/p><\/div>\n<p>Hablando de Cristina Andr\u00e9s, <strong><span style=\"color: #999933;\">abramos la brecha de las mujeres y la sala<\/span><\/strong>, que me parece algo m\u00e1s que interesante por esas tierras. Empezaremos por alguien a quien, de nuevo injustamente, se olvida de forma recurrente. Quiz\u00e1 porque su nivel de discreci\u00f3n es tan alto, que pasa desapercibida (sin dejar nunca de estar a tu lado). Tengo absoluta debilidad por<span style=\"color: #cc0000;\"><strong> Paquita Pozo<\/strong><\/span>, que se maneja en el <strong>Riff<\/strong> con una contundencia y una rectitud ejemplar. Paquita transmite <span style=\"color: #999933;\"><strong>lealtad, rectitud, profesionalidad sin mesura y&#8230; ternura.<\/strong><\/span> Te dir\u00eda que es de las mejores profesionales de sala que he conocido en esta vida m\u00eda de esp\u00eda del Pa\u00eds de las Gastrosof\u00edas<span style=\"color: #cc0000;\">.<\/span><\/p>\n<div id=\"attachment_11712\" style=\"width: 1034px\" class=\"wp-caption aligncenter\"><a href=\"\/historiascondelantal\/wp-content\/uploads\/sites\/18\/2017\/05\/52143492.jpg\"><img aria-describedby=\"caption-attachment-11712\" loading=\"lazy\" class=\"size-full wp-image-11712\" title=\"r\" src=\"\/historiascondelantal\/wp-content\/uploads\/sites\/18\/2017\/05\/52143492.jpg\" alt=\"\" width=\"1024\" height=\"683\" srcset=\"https:\/\/static-blogs.lasprovincias.es\/wp-content\/uploads\/sites\/18\/2017\/05\/52143492.jpg 1024w, https:\/\/static-blogs.lasprovincias.es\/wp-content\/uploads\/sites\/18\/2017\/05\/52143492-300x200.jpg 300w, https:\/\/static-blogs.lasprovincias.es\/wp-content\/uploads\/sites\/18\/2017\/05\/52143492-768x512.jpg 768w\" sizes=\"(max-width: 1024px) 100vw, 1024px\" \/><\/a><p id=\"caption-attachment-11712\" class=\"wp-caption-text\">Foto Manuel Molines\/LP<\/p><\/div>\n<p>No olvido, no creas, a<span style=\"color: #cc0000;\"> <strong>Yvonne Arcidiacono:<\/strong><\/span>\u00a0otra mujer de bandera en la sala, adem\u00e1s en un lugar tan extremadamente seductor como <strong>Apicius<\/strong>. Yvonne le aporta al comedor\u00a0<strong><span><span style=\"color: #999933;\">calidez, confianza, \u00a0cordialidad, gui\u00f1os casi maternos y, de nuevo, mucha verdad.<\/span><\/span><\/strong> Una mujer diez coordinando un servicio que siempre que he ido a Apicius he de decirte que ha sido casi prefecto. Por no ser grandilocuente.<\/p>\n<p><a href=\"\/historiascondelantal\/wp-content\/uploads\/sites\/18\/2017\/05\/LF2JW3U1.jpg\"><img loading=\"lazy\" class=\"aligncenter size-full wp-image-11731\" title=\"C\" src=\"\/historiascondelantal\/wp-content\/uploads\/sites\/18\/2017\/05\/LF2JW3U1.jpg\" alt=\"\" width=\"1024\" height=\"649\" srcset=\"https:\/\/static-blogs.lasprovincias.es\/wp-content\/uploads\/sites\/18\/2017\/05\/LF2JW3U1.jpg 1024w, https:\/\/static-blogs.lasprovincias.es\/wp-content\/uploads\/sites\/18\/2017\/05\/LF2JW3U1-300x190.jpg 300w, https:\/\/static-blogs.lasprovincias.es\/wp-content\/uploads\/sites\/18\/2017\/05\/LF2JW3U1-768x487.jpg 768w\" sizes=\"(max-width: 1024px) 100vw, 1024px\" \/><\/a><\/p>\n<p>Me gusta mucho tambi\u00e9n el trabajo de <strong><span style=\"color: #cc0000;\">Teresa P\u00e9rez<\/span><\/strong> en<strong> El Poblet<\/strong>. Me transmite profesionalidad sin aspavientos. Y\u00a0<strong><span style=\"color: #cc0000;\">Luj\u00e1n Carnicer<\/span><\/strong> en <strong>Vuelve Carolina, a<\/strong>unque los formatos son evidentemente distintos. Las dos coordinan la sala de sendos locales de<strong> Quique Dacosta<\/strong> en la calle Correos (Valencia). Aunque all\u00ed, la cosa es cuesti\u00f3n rotundamente de equipo.<span style=\"color: #999933;\"> <strong>Equipo y mucha coordinaci\u00f3n<\/strong>.<\/span> Se ve detr\u00e1s, eso es as\u00ed, la mano siempre diestra de alguien como <span style=\"color: #cc0000;\"><strong>Manuela Romeralo<\/strong><\/span>.<\/p>\n<div id=\"attachment_11732\" style=\"width: 610px\" class=\"wp-caption aligncenter\"><a href=\"\/historiascondelantal\/wp-content\/uploads\/sites\/18\/2017\/05\/IMG_3507-21.png\"><img aria-describedby=\"caption-attachment-11732\" loading=\"lazy\" class=\"size-full wp-image-11732\" title=\"IMG_3507 (2)\" src=\"\/historiascondelantal\/wp-content\/uploads\/sites\/18\/2017\/05\/IMG_3507-21.png\" alt=\"\" width=\"600\" height=\"800\" srcset=\"https:\/\/static-blogs.lasprovincias.es\/wp-content\/uploads\/sites\/18\/2017\/05\/IMG_3507-21.png 600w, https:\/\/static-blogs.lasprovincias.es\/wp-content\/uploads\/sites\/18\/2017\/05\/IMG_3507-21-225x300.png 225w\" sizes=\"(max-width: 600px) 100vw, 600px\" \/><\/a><p id=\"caption-attachment-11732\" class=\"wp-caption-text\">C\u00e9sar y Tono Pastor (Bouet); Luj\u00e1n (Vuelve Carolina), Manuel Jes\u00fas (Acanthum), los hermanos Gadea (Askuabarra), Teresa P\u00e9rez (El Poblet) y Juanjo Soria (Lienzo)<\/p><\/div>\n<p>Profesionalidad transmite <span style=\"color: #cc0000;\"><strong>Eva Pizarro<\/strong><\/span> en <strong>Fierro. <\/strong>Algo que sucede,\u00a0curiosamente, en un lugar sin sala como es este restaurante de una sola mesa. All\u00ed logra convertir aquello, junto a\u00a0<strong>Germ\u00e1n y Carito,<\/strong> en\u00a0toda una fiesta. Me pasa igual con <span style=\"color: #cc0000;\"><strong>Edurne Mart\u00edn<\/strong> <\/span>en <strong>El Rodat,<\/strong> porque tiene un nivel de integraci\u00f3n con las siempre efervescentes propuestas de <strong>Nazario Cano<\/strong> que cautiva.<span style=\"color: #999933;\"><strong> Lo vive, lo disfruta y hace que lo vivas y lo disfrutes.<\/strong><\/span> Y no olvido a<span style=\"color: #cc0000;\"><strong> Raquel Bernal<\/strong>,<\/span> viviendo de lleno la gastronom\u00eda junto a <strong>Alejandro Platero<\/strong> (tendremos que ir pronto en <strong>Macel.lum<\/strong>) o de <strong><span style=\"color: #cc0000;\">In\u00e9s Manzanera<\/span><\/strong> en <strong>Ciro<\/strong> (tambi\u00e9n\u00a0 hay que volver&#8230; <em>volver, volver, volverrrrr a tu lado otra vez<\/em>).<\/p>\n<div id=\"attachment_11733\" style=\"width: 1034px\" class=\"wp-caption aligncenter\"><a href=\"\/historiascondelantal\/wp-content\/uploads\/sites\/18\/2017\/05\/CzK8oSPWEAA8W3w1.jpg\"><img aria-describedby=\"caption-attachment-11733\" loading=\"lazy\" class=\"size-full wp-image-11733\" title=\"CzK8oSPWEAA8W3w\" src=\"\/historiascondelantal\/wp-content\/uploads\/sites\/18\/2017\/05\/CzK8oSPWEAA8W3w1.jpg\" alt=\"\" width=\"1024\" height=\"682\" srcset=\"https:\/\/static-blogs.lasprovincias.es\/wp-content\/uploads\/sites\/18\/2017\/05\/CzK8oSPWEAA8W3w1.jpg 1024w, https:\/\/static-blogs.lasprovincias.es\/wp-content\/uploads\/sites\/18\/2017\/05\/CzK8oSPWEAA8W3w1-300x200.jpg 300w, https:\/\/static-blogs.lasprovincias.es\/wp-content\/uploads\/sites\/18\/2017\/05\/CzK8oSPWEAA8W3w1-768x512.jpg 768w\" sizes=\"(max-width: 1024px) 100vw, 1024px\" \/><\/a><p id=\"caption-attachment-11733\" class=\"wp-caption-text\">Foto cortes\u00eda de Fierro.<\/p><\/div>\n<p>Ya que estamos hablando de mujeres, aunque me aburren esas distinciones cada vez m\u00e1s, \u00a0te remarco el trabajo de\u00a0<span style=\"color: #cc0000;\"><strong>Yazmina<\/strong><\/span> en BonAmb, que es quien me atendi\u00f3 en mi misi\u00f3n en el restaurante de X\u00e0bia. Y en general, el del resto del equipo de sala, con<span style=\"color: #cc0000;\"> <strong>Pablo Catal\u00e1<\/strong><\/span> dirigiendo los mandos de lo que all\u00ed pasa. La sala de Bon Amb es una delicia. All\u00ed la coordinaci\u00f3n es algo primordial. El men\u00fa lo requiere: igual les toca preparar ante ti un c\u00f3ctel que rallar, guante en mano, una lima kefir. Como en el caso de Edurne (de la que te habl\u00e9 antes) y <span style=\"color: #cc0000;\"><strong>Joan Coll<\/strong><\/span> (sumilier de <strong>El Rodat<\/strong>) donde les puede tocar desde colocarte unos cascos para que escuches el mar hasta montarte un artefacto en el que dos morcillas abrasadas perfuman un trozo de at\u00fan.<\/p>\n<div id=\"attachment_11718\" style=\"width: 650px\" class=\"wp-caption aligncenter\"><a href=\"\/historiascondelantal\/wp-content\/uploads\/sites\/18\/2017\/05\/IMG_35081.png\"><img aria-describedby=\"caption-attachment-11718\" loading=\"lazy\" class=\"size-full wp-image-11718\" title=\"IMG_3508\" src=\"\/historiascondelantal\/wp-content\/uploads\/sites\/18\/2017\/05\/IMG_35081.png\" alt=\"\" width=\"640\" height=\"480\" srcset=\"https:\/\/static-blogs.lasprovincias.es\/wp-content\/uploads\/sites\/18\/2017\/05\/IMG_35081.png 640w, https:\/\/static-blogs.lasprovincias.es\/wp-content\/uploads\/sites\/18\/2017\/05\/IMG_35081-300x225.png 300w\" sizes=\"(max-width: 640px) 100vw, 640px\" \/><\/a><p id=\"caption-attachment-11718\" class=\"wp-caption-text\">Joan Coll (EL Rodat); Didier, en una imagen que le he cogido prestada (Quique Dacosta); Yazmina (Bon Amb); Manuel Romeralo (QD); y Javier (El Portal)<\/p><\/div>\n<p style=\"text-align: left;\">En el mundo de la sala hay mil maneras de actuar, de trabajar, pero siempre un mismo objetivo que es el que apuntaba al principio Abel:\u00a0<span style=\"color: #999933;\"><strong>hacer feliz al comensal<\/strong>.<\/span> Cada uno, ya te digo, a su manera. Por ejemplo, <span style=\"color: #cc0000;\"><strong>Ricardo Gadea<\/strong><\/span> es el gentleman absoluto, que a\u00fana, a su impecable porte, un toque de sabidur\u00eda muy especial. Ese que hace que, cuando visitas <strong>Askua<\/strong>, te vayas de all\u00ed con un poco de sabidur\u00eda m\u00e1s. Sus recomendaciones literarias, sus aportes culturales, sus experiencias personales y sus consejos gastron\u00f3micos son para guardarlos en un cofre. Por cierto, su hijo, <span style=\"color: #cc0000;\"><strong>Nacho Gadea<\/strong><\/span>, ya pone en pr\u00e1ctica con acierto las ense\u00f1anzas adquiridas en <strong>Askuabarra<\/strong> en Madrid. \u00a0Muchos gestos y muchas formas de hacer recuerdan a \u00e9l.<\/p>\n<div id=\"attachment_11730\" style=\"width: 778px\" class=\"wp-caption aligncenter\"><a href=\"\/historiascondelantal\/wp-content\/uploads\/sites\/18\/2017\/05\/chefff.jpg\"><img aria-describedby=\"caption-attachment-11730\" loading=\"lazy\" class=\"size-full wp-image-11730\" title=\"chefff\" src=\"\/historiascondelantal\/wp-content\/uploads\/sites\/18\/2017\/05\/chefff.jpg\" alt=\"\" width=\"768\" height=\"768\" srcset=\"https:\/\/static-blogs.lasprovincias.es\/wp-content\/uploads\/sites\/18\/2017\/05\/chefff.jpg 768w, https:\/\/static-blogs.lasprovincias.es\/wp-content\/uploads\/sites\/18\/2017\/05\/chefff-150x150.jpg 150w, https:\/\/static-blogs.lasprovincias.es\/wp-content\/uploads\/sites\/18\/2017\/05\/chefff-300x300.jpg 300w\" sizes=\"(max-width: 768px) 100vw, 768px\" \/><\/a><p id=\"caption-attachment-11730\" class=\"wp-caption-text\">Andr\u00e9s (L&#39;Escaleta), Paquita con Bernd; Alberto Redrado; Nacho Honrubia, un camarero en paz, Jos\u00e9 Miguel (Nozomi), y Ricardo Gadea (Askua).<\/p><\/div>\n<p><span style=\"color: #cc0000;\"><strong>Jos\u00e9 Miguel Bartual<\/strong><\/span>, por ejemplo, en<strong> Vin\u00edcolas,<\/strong> es el sin\u00f3nimo de la discreci\u00f3n absoluta. <strong><span style=\"color: #999933;\">Podr\u00eda ser uno de esos jefes de sala de manual<\/span><\/strong>, porque siempre esconde en la manga un gui\u00f1o de confidencialidad, de complicidad con el comensal, que hace que, la m\u00e1s que maravillosa cocina de Ra\u00fal gane a\u00fan m\u00e1s enteros con sus cuidados.<\/p>\n<p><span style=\"color: #cc0000;\"><strong>C\u00e9sar Lopo<\/strong><\/span> es otro formato de jefe de sala. Es el que <strong><span style=\"color: #999933;\">a\u00f1ade a la atenci\u00f3n del cliente un plus de cercan\u00eda<\/span><\/strong> muy interesante. Proximidad absoluta, toques divertidos, complicidad al m\u00e1ximo, ni una mala cara y un buen n\u00famero de buenos gestos. C\u00e9sar tiene un algo especial que transmite en<strong> Bouet<\/strong> y que se complementa a la perfecci\u00f3n con <strong>Tono Pastor.<\/strong> Como le pasa a <span style=\"color: #cc0000;\"><strong>Jos\u00e9<\/strong>\u00a0<strong>Miguel<\/strong><\/span> en <strong>Nozomi,<\/strong> que es como una especie de director de orquesta, al que se le nota -como por otra parte debe ser- su obsesi\u00f3n por la perfecci\u00f3n en el servicio. Todo tiene que ir con \u00e9l rodado. Y los tiempos son prioritarios.<\/p>\n<div id=\"attachment_11721\" style=\"width: 1034px\" class=\"wp-caption aligncenter\"><a href=\"\/historiascondelantal\/wp-content\/uploads\/sites\/18\/2017\/05\/519505391.jpg\"><img aria-describedby=\"caption-attachment-11721\" loading=\"lazy\" class=\"size-full wp-image-11721\" title=\"C\" src=\"\/historiascondelantal\/wp-content\/uploads\/sites\/18\/2017\/05\/519505391.jpg\" alt=\"\" width=\"1024\" height=\"665\" srcset=\"https:\/\/static-blogs.lasprovincias.es\/wp-content\/uploads\/sites\/18\/2017\/05\/519505391.jpg 1024w, https:\/\/static-blogs.lasprovincias.es\/wp-content\/uploads\/sites\/18\/2017\/05\/519505391-300x195.jpg 300w, https:\/\/static-blogs.lasprovincias.es\/wp-content\/uploads\/sites\/18\/2017\/05\/519505391-768x499.jpg 768w\" sizes=\"(max-width: 1024px) 100vw, 1024px\" \/><\/a><p id=\"caption-attachment-11721\" class=\"wp-caption-text\">Jos\u00e9 Miguel, coordinando una cena con chefs de restaurantes japoneses que organiz\u00f3 la Academia de Gastronom\u00eda.<\/p><\/div>\n<p>En pleno crecimiento est\u00e1, por ejemplo, <span style=\"color: #cc0000;\"><strong>Juanjo Soria<\/strong><\/span> que ha ido haci\u00e9ndose suya la sala de <strong>Lienzo<\/strong>, mientras <strong>Mar\u00eda Jos\u00e9 Mart\u00ednez<\/strong> ha marcado el paso en su cocina. Juanjo (reci\u00e9n licenciado, por cierto) empieza a chapotear c\u00f3modo por la sala y eso se nota. Es importante tener un equipo hecho a medida&#8230;<\/p>\n<div id=\"attachment_11722\" style=\"width: 1034px\" class=\"wp-caption aligncenter\"><a href=\"\/historiascondelantal\/wp-content\/uploads\/sites\/18\/2017\/05\/564833911.jpg\"><img aria-describedby=\"caption-attachment-11722\" loading=\"lazy\" class=\"size-full wp-image-11722\" title=\"R\" src=\"\/historiascondelantal\/wp-content\/uploads\/sites\/18\/2017\/05\/564833911.jpg\" alt=\"\" width=\"1024\" height=\"683\" srcset=\"https:\/\/static-blogs.lasprovincias.es\/wp-content\/uploads\/sites\/18\/2017\/05\/564833911.jpg 1024w, https:\/\/static-blogs.lasprovincias.es\/wp-content\/uploads\/sites\/18\/2017\/05\/564833911-300x200.jpg 300w, https:\/\/static-blogs.lasprovincias.es\/wp-content\/uploads\/sites\/18\/2017\/05\/564833911-768x512.jpg 768w\" sizes=\"(max-width: 1024px) 100vw, 1024px\" \/><\/a><p id=\"caption-attachment-11722\" class=\"wp-caption-text\">Foto Dami\u00e1n Torres\/LP<\/p><\/div>\n<p>Eso es lo que le pasa a <strong>Ricard Camarena<\/strong> en todos sus proyectos. El personal de <strong>Canalla, Habitual<\/strong> y, por supuesto, de su restaurante de alta gastronom\u00eda, son un clar\u00edsimo ejemplo a seguir: cada uno con el perfil adecuado al local en el que est\u00e1 trabajando, pero <strong><span style=\"color: #999933;\">todos con una amabilidad desbordante. Adecuada a cada circunstancia.<\/span><\/strong> Equipos de esos que hacen agradable la visita m\u00e1s all\u00e1 de la bendita cocina que firma el chef y los suyos.<\/p>\n<p><a href=\"\/historiascondelantal\/wp-content\/uploads\/sites\/18\/2017\/05\/IMG_1399.jpg\"><img loading=\"lazy\" class=\"aligncenter size-large wp-image-11736\" title=\"IMG_1399\" src=\"\/historiascondelantal\/wp-content\/uploads\/sites\/18\/2017\/05\/IMG_1399.jpg\" alt=\"\" width=\"768\" height=\"1024\" srcset=\"https:\/\/static-blogs.lasprovincias.es\/wp-content\/uploads\/sites\/18\/2017\/05\/IMG_1399.jpg 1200w, https:\/\/static-blogs.lasprovincias.es\/wp-content\/uploads\/sites\/18\/2017\/05\/IMG_1399-225x300.jpg 225w, https:\/\/static-blogs.lasprovincias.es\/wp-content\/uploads\/sites\/18\/2017\/05\/IMG_1399-768x1024.jpg 768w\" sizes=\"(max-width: 768px) 100vw, 768px\" \/><\/a><\/p>\n<p>Algo similar ocurre en\u00a0<strong>Noor<\/strong>, donde <strong><span style=\"color: #999933;\">el servicio de sala es sencillamente espectacular:<\/span><\/strong>\u00a0una maquinaria de gente alrededor de la cocina de <strong>Paco Morales<\/strong>, que adem\u00e1s est\u00e1 totalmente inyectada en la historia que el chef quiere transmitir.<\/p>\n<p><a href=\"\/historiascondelantal\/wp-content\/uploads\/sites\/18\/2017\/05\/IMG_91891.jpg\"><img loading=\"lazy\" class=\"aligncenter size-full wp-image-11723\" title=\"IMG_9189\" src=\"\/historiascondelantal\/wp-content\/uploads\/sites\/18\/2017\/05\/IMG_91891.jpg\" alt=\"\" width=\"1024\" height=\"683\" srcset=\"https:\/\/static-blogs.lasprovincias.es\/wp-content\/uploads\/sites\/18\/2017\/05\/IMG_91891.jpg 1024w, https:\/\/static-blogs.lasprovincias.es\/wp-content\/uploads\/sites\/18\/2017\/05\/IMG_91891-300x200.jpg 300w, https:\/\/static-blogs.lasprovincias.es\/wp-content\/uploads\/sites\/18\/2017\/05\/IMG_91891-768x512.jpg 768w\" sizes=\"(max-width: 1024px) 100vw, 1024px\" \/><\/a><\/p>\n<p>M\u00e1s de lo mismo, aunque interpretando una historia diferente en un escenario distinto, ocurre en el\u00a0<strong>Acanthum<\/strong>. All\u00ed,\u00a0<strong><span style=\"color: #cc0000;\">Manuel y Manuel Jes\u00fas<\/span><\/strong>\u00a0 (son los que conozco por mi paso por Huelva) lo dan todo para lograr que tu experiencia sea magia. Un viaje con la cocina de<strong> Xanty El\u00edas<\/strong> como base pero con el servicio como tabla sobre la que navegar.<\/p>\n<p>Ejemplos, en cualquier caso, te pondr\u00eda muchos. Un sinf\u00edn. Se hacen verdaderos esfuerzos y se consiguen resultados fant\u00e1sticos. A directores de restautantes, como <span style=\"color: #cc0000;\"><strong>Nacho Honrubia<\/strong><\/span> en su <strong>Komori,<\/strong> valdr\u00eda la pena dedicarles un par de p\u00e1rrafos largos; hablar de la sala de <strong><span style=\"color: #cc0000;\">Javier Guindo<\/span><\/strong> en el <strong>Teatro Bistrot<\/strong>, ese peque\u00f1o restaurante en el Teatro Principal de Alicante, ser\u00eda tambi\u00e9n de justicia porque tiene un m\u00e9rito muy especial por las caracter\u00edsticas del local; hablar de casos como <strong>el de <span style=\"color: #cc0000;\">Paco Teuler<\/span><\/strong> en <strong>Ca L&#8217;\u00c0ngeles<\/strong>: un mundo en el que<strong><span style=\"color: #999933;\"> la sala se convierte en una extensi\u00f3n de las ra\u00edces, de la autenticidad, de la verdad.<\/span><\/strong>..<span style=\"color: #cc0000;\"> <strong>Alberto Redrado <\/strong><\/span>y<strong><\/strong><span style=\"color: #cc0000;\"><strong> Andr\u00e9s<\/strong><\/span> en <strong>L&#8217;Escaleta<\/strong>, <span style=\"color: #cc0000;\"><strong>Cristina<\/strong><\/span> en<strong> Julio Verne,<\/strong> <span style=\"color: #cc0000;\"><strong>Cristina Prado<\/strong><\/span> en <strong>Sucede&#8230;\u00a0 ufff&#8230;. <\/strong>esto ser\u00eda interminable.<strong> \ud83d\ude44<br \/>\n<\/strong><\/p>\n<p>&nbsp;<\/p>\n<div id=\"attachment_11727\" style=\"width: 1034px\" class=\"wp-caption aligncenter\"><a href=\"\/historiascondelantal\/wp-content\/uploads\/sites\/18\/2017\/05\/LF2I4D01-11.jpg\"><img aria-describedby=\"caption-attachment-11727\" loading=\"lazy\" class=\"size-large wp-image-11727\" title=\"DOCU_LP A1-40734274.jpg\" src=\"\/historiascondelantal\/wp-content\/uploads\/sites\/18\/2017\/05\/LF2I4D01-11.jpg\" alt=\"\" width=\"1024\" height=\"777\" srcset=\"https:\/\/static-blogs.lasprovincias.es\/wp-content\/uploads\/sites\/18\/2017\/05\/LF2I4D01-11.jpg 4724w, https:\/\/static-blogs.lasprovincias.es\/wp-content\/uploads\/sites\/18\/2017\/05\/LF2I4D01-11-300x228.jpg 300w, https:\/\/static-blogs.lasprovincias.es\/wp-content\/uploads\/sites\/18\/2017\/05\/LF2I4D01-11-768x583.jpg 768w, https:\/\/static-blogs.lasprovincias.es\/wp-content\/uploads\/sites\/18\/2017\/05\/LF2I4D01-11-1024x778.jpg 1024w\" sizes=\"(max-width: 1024px) 100vw, 1024px\" \/><\/a><p id=\"caption-attachment-11727\" class=\"wp-caption-text\">Foto Juanjo Monz\u00f3.<\/p><\/div>\n<p>La sala, con sus miles de peculiaridades, est\u00e1 repleta de gente que merece tener un lugar preferente en las cr\u00f3nicas gastron\u00f3micas. Lo merecen porque, sin ellas, nada ser\u00eda igual y esos \u00e9xitos de los que tanto se hablan y tantas emociones levantan (a Mr Cooking el primero) se hubiesen quedado en nada.<\/p>\n<p><a href=\"\/historiascondelantal\/wp-content\/uploads\/sites\/18\/2017\/05\/IMG_35151.jpeg\"><img loading=\"lazy\" class=\"aligncenter size-large wp-image-11726\" title=\"IMG_3515\" src=\"\/historiascondelantal\/wp-content\/uploads\/sites\/18\/2017\/05\/IMG_35151.jpg\" alt=\"\" width=\"1024\" height=\"1024\" \/><\/a><\/p>\n<p><span style=\"color: #999966;\"><strong>ACABAMOS:<\/strong><\/span><\/p>\n<p><span style=\"color: #999966;\">&#8220;<em>Personalizar cada rango, cada mesa, cada pareja, cada comensal&#8230; No he olvidado esta ense\u00f1anza y a diario intento dar este trato personalizado a los clientes y, al tiempo hacerlo de modo que tanto mi equipo como yo podamos pasar desapercibidos. Porque ese es <strong>el mejor servicio, aquel en el que el cliente no echa de menos ni de m\u00e1s al camarero.<\/strong> Y ah\u00ed andamos, a\u00fan perfeccionando este punto.&#8221;<\/em><\/span><\/p>\n<p>Lo escribe<span style=\"color: #cc0000;\"> <strong>Juan Ru\u00edz<\/strong><\/span>, jefe de sala y sumiller de <strong>Aponiente<\/strong> en \u00a0&#8216;<strong><em>Host&#8217;<\/em><\/strong> de Abel Valverde. Su filosof\u00eda lo dice todo.<\/p>\n<p style=\"text-align: center;\"><span style=\"color: #cc0000; font-size: x-large;\"><span style=\"color: #999966;\">LO MEJOR DE<\/span> LA SALA EST\u00c1 POR VENIR<\/span><\/p>\n<p><a href=\"\/historiascondelantal\/wp-content\/uploads\/sites\/18\/2017\/05\/IMG_34681.jpeg\"><img loading=\"lazy\" title=\"IMG_3468\" src=\"\/historiascondelantal\/wp-content\/uploads\/sites\/18\/2017\/05\/IMG_34681.jpg\" alt=\"\" width=\"1024\" height=\"794\" \/><\/a><\/p>\n<p style=\"text-align: center;\"><span style=\"color: #808080;\">(*) <strong>DEL MUNDO DE LOS SUMILLERS<\/strong> he pasado muy de puntillas, porque eso merece una reflexi\u00f3n aparte. Muy intensa, muy cuidada, muy elaborada&#8230; y en ello estamos&#8230; #prontoharemosalgo<\/span><\/p>\n<p>&nbsp;<\/p>\n<!-- AddThis Advanced Settings generic via filter on the_content --><!-- AddThis Share Buttons generic via filter on the_content -->","protected":false},"excerpt":{"rendered":"<p>Javier, Yvonne, Juanjo, Raquel, Ricardo, Edurne, Abel, Manuel, Miguel, Alberto, Guille, Jos\u00e9 Antonio&#8230; Didier. \u00a0La mise en place, las reservas, saber c\u00f3mo reaccionar ante la llegada de un cliente, torear una mala cara, ofrecer el aperitivo, las cartas, apuntar bien una comanda, moverse sin ser visto pero siempre estar presente, bucear por los platos s\u00f3lo [&hellip;]<!-- AddThis Advanced Settings generic via filter on get_the_excerpt --><!-- AddThis Share Buttons generic via filter on get_the_excerpt --><\/p>\n","protected":false},"author":23,"featured_media":0,"comment_status":"open","ping_status":"open","sticky":false,"template":"","format":"standard","meta":[],"categories":[3,4,5,6],"tags":[12,237,1147,327,1149,398,490,507,1155,1157,550,568,1160,1161,673,1163,779,1164,806,824,961,981,1165,1169],"_links":{"self":[{"href":"https:\/\/blogs.lasprovincias.es\/historiascondelantal\/wp-json\/wp\/v2\/posts\/11659"}],"collection":[{"href":"https:\/\/blogs.lasprovincias.es\/historiascondelantal\/wp-json\/wp\/v2\/posts"}],"about":[{"href":"https:\/\/blogs.lasprovincias.es\/historiascondelantal\/wp-json\/wp\/v2\/types\/post"}],"author":[{"embeddable":true,"href":"https:\/\/blogs.lasprovincias.es\/historiascondelantal\/wp-json\/wp\/v2\/users\/23"}],"replies":[{"embeddable":true,"href":"https:\/\/blogs.lasprovincias.es\/historiascondelantal\/wp-json\/wp\/v2\/comments?post=11659"}],"version-history":[{"count":0,"href":"https:\/\/blogs.lasprovincias.es\/historiascondelantal\/wp-json\/wp\/v2\/posts\/11659\/revisions"}],"wp:attachment":[{"href":"https:\/\/blogs.lasprovincias.es\/historiascondelantal\/wp-json\/wp\/v2\/media?parent=11659"}],"wp:term":[{"taxonomy":"category","embeddable":true,"href":"https:\/\/blogs.lasprovincias.es\/historiascondelantal\/wp-json\/wp\/v2\/categories?post=11659"},{"taxonomy":"post_tag","embeddable":true,"href":"https:\/\/blogs.lasprovincias.es\/historiascondelantal\/wp-json\/wp\/v2\/tags?post=11659"}],"curies":[{"name":"wp","href":"https:\/\/api.w.org\/{rel}","templated":true}]}}